{"id":79,"date":"2024-02-20T18:02:00","date_gmt":"2024-02-20T17:02:00","guid":{"rendered":"http:\/\/demo.themegrill.com\/ample\/?p=79"},"modified":"2025-04-25T17:32:59","modified_gmt":"2025-04-25T15:32:59","slug":"mauris-eu-mollis","status":"publish","type":"post","link":"http:\/\/grupo.us.es\/rethinking\/?p=79","title":{"rendered":"Que la muerte no nos coja bailando"},"content":{"rendered":"\n<p>Los romanos se tomaban la muerte muy en serio y los poemas epigr\u00e1ficos permit\u00edan reflejar una gran variedad de sentimientos respecto a este momento inevitable. Pero, adem\u00e1s de llorar y lamentarse, la muerte era algo que muchos preparaban en vida, para que su \u00faltimo d\u00eda no les sorprendiera compuestos y sin tumba para enterrarse.<\/p>\n\n\n\n<p>Una parodia del exceso con el que muchos abordaban estos preparativos es el pasaje del Satiric\u00f3n en el que Trimalci\u00f3n le cuenta al marmolista c\u00f3mo quiere su tumba (la descripci\u00f3n no tiene desperdicio). Y luego hab\u00eda otros que le dejaban el marr\u00f3n a sus herederos y ordenaban en su testamento c\u00f3mo ten\u00edan que ser enterrados. Hoy os traigo el caso de S\u00f3crates, que nos cuenta en su epitafio en verso lo que se gast\u00f3 en su mausoleo:<\/p>\n\n\n\n<blockquote class=\"wp-block-quote is-layout-flow wp-block-quote-is-layout-flow\">\n<p>&#8216;Aqu\u00ed estoy yo, que sin voz hablo desde el m\u00e1rmol esculpido. Nacido en la egregia Tralles de Asia. Recorr\u00ed a menudo las murallas de Bayas por sus c\u00e1lidas aguas y las delicias de su mar. Y, sin olvidar mi heredero esta vida honorable, con 50mil sestercios m\u00edos, como yo dispuse, me construy\u00f3 esta morada y puso despu\u00e9s un templo en honor de mis manes, para mis cenizas y las de mis descendientes. Pero t\u00fa que lees estos versos, solo te ruego que me digas: &#8216;que no te pese la tierra, S\u00f3crates, hijo de Ast\u00f3maco&#8217; <\/p>\n<\/blockquote>\n\n\n\n<p>No s\u00e9 qu\u00e9 me parece m\u00e1s alucinante, que tuviera el buen gusto de contar su testamento en un poema, o que se gastara en su tumba m\u00e1s de 100 mil euros. Siendo realistas, tanto lo uno como lo otro eran cosas bastante habituales en su mundo.<\/p>\n\n\n\n<p>Lo de Trimalci\u00f3n, aunque parodia, no deja de ser un retrato de un h\u00e1bito real que los romanos practicaban. Muchos invert\u00edan para enterrarse entre todo lujo de detalles porque, ya sab\u00e9is, su inmortalidad t\u00e9cnicamente depend\u00eda de la permanencia en el recuerdo de las generaciones venideras. Cuanto m\u00e1s llamativa y extravagante fuera la tumba, mejor para atraer las miradas de los curiosos que por all\u00ed pasaban y que, adem\u00e1s de leer tu nombre, pod\u00edan desearte un liviano descanso eterno.<\/p>\n\n\n\n<p>Es del siglo I d.C. y se conserva en Roma, en el monasterio de Roma, <em>S. Paolo fuori le mura<\/em>.<\/p>\n\n\n\n<p>Bibliograf\u00eda: <em>CIL<\/em> 14, 00480, <em>CLE<\/em> 1255, G. Filippi,<em> Indice della raccolta epigrafica di S. Paolo fuori le mura<\/em>, Citt\u00e0 del Vaticano 1998, p. 95, fig. 199, n. 1867, con foto.<\/p>\n\n\n\n<p>\ud83d\udcf8 Mausoleos romanos de Pompeya, Aquileia y Ostia Antica<\/p>\n\n\n\n<figure class=\"wp-block-gallery has-nested-images columns-default is-cropped wp-block-gallery-1 is-layout-flex wp-block-gallery-is-layout-flex\">\n<figure class=\"wp-block-image size-large\"><img loading=\"lazy\" decoding=\"async\" width=\"1024\" height=\"670\" data-id=\"426\" src=\"http:\/\/grupo.us.es\/rethinking\/wp-content\/uploads\/2015\/02\/necropoli_di_porto_3-1024x670.jpg\" alt=\"\" class=\"wp-image-426\" srcset=\"http:\/\/grupo.us.es\/rethinking\/wp-content\/uploads\/2015\/02\/necropoli_di_porto_3-1024x670.jpg 1024w, http:\/\/grupo.us.es\/rethinking\/wp-content\/uploads\/2015\/02\/necropoli_di_porto_3-300x196.jpg 300w, http:\/\/grupo.us.es\/rethinking\/wp-content\/uploads\/2015\/02\/necropoli_di_porto_3-768x503.jpg 768w, http:\/\/grupo.us.es\/rethinking\/wp-content\/uploads\/2015\/02\/necropoli_di_porto_3-600x393.jpg 600w, http:\/\/grupo.us.es\/rethinking\/wp-content\/uploads\/2015\/02\/necropoli_di_porto_3.jpg 1416w\" sizes=\"auto, (max-width: 1024px) 100vw, 1024px\" \/><figcaption class=\"wp-element-caption\">Ostia Antica<\/figcaption><\/figure>\n\n\n\n<figure class=\"wp-block-image size-large\"><img loading=\"lazy\" decoding=\"async\" width=\"800\" height=\"533\" data-id=\"424\" src=\"http:\/\/grupo.us.es\/rethinking\/wp-content\/uploads\/2015\/02\/001604_cd109-29-img000414.jpg\" alt=\"\" class=\"wp-image-424\" srcset=\"http:\/\/grupo.us.es\/rethinking\/wp-content\/uploads\/2015\/02\/001604_cd109-29-img000414.jpg 800w, http:\/\/grupo.us.es\/rethinking\/wp-content\/uploads\/2015\/02\/001604_cd109-29-img000414-300x200.jpg 300w, http:\/\/grupo.us.es\/rethinking\/wp-content\/uploads\/2015\/02\/001604_cd109-29-img000414-768x512.jpg 768w, http:\/\/grupo.us.es\/rethinking\/wp-content\/uploads\/2015\/02\/001604_cd109-29-img000414-600x400.jpg 600w\" sizes=\"auto, (max-width: 800px) 100vw, 800px\" \/><figcaption class=\"wp-element-caption\">Ostia Antica<\/figcaption><\/figure>\n\n\n\n<figure class=\"wp-block-image size-large\"><img loading=\"lazy\" decoding=\"async\" width=\"1024\" height=\"678\" data-id=\"427\" src=\"http:\/\/grupo.us.es\/rethinking\/wp-content\/uploads\/2015\/02\/The_Roman_necropolis_dating_between_the_1st_and_the_3rd_century_AD_it_comprises_of_five_burial_enclosures_containing_numerous_cremation_and_inhumation_burials_Aquileia_Italy_20742395698-1024x678.jpg\" alt=\"\" class=\"wp-image-427\" srcset=\"http:\/\/grupo.us.es\/rethinking\/wp-content\/uploads\/2015\/02\/The_Roman_necropolis_dating_between_the_1st_and_the_3rd_century_AD_it_comprises_of_five_burial_enclosures_containing_numerous_cremation_and_inhumation_burials_Aquileia_Italy_20742395698-1024x678.jpg 1024w, http:\/\/grupo.us.es\/rethinking\/wp-content\/uploads\/2015\/02\/The_Roman_necropolis_dating_between_the_1st_and_the_3rd_century_AD_it_comprises_of_five_burial_enclosures_containing_numerous_cremation_and_inhumation_burials_Aquileia_Italy_20742395698-300x199.jpg 300w, http:\/\/grupo.us.es\/rethinking\/wp-content\/uploads\/2015\/02\/The_Roman_necropolis_dating_between_the_1st_and_the_3rd_century_AD_it_comprises_of_five_burial_enclosures_containing_numerous_cremation_and_inhumation_burials_Aquileia_Italy_20742395698-768x509.jpg 768w, http:\/\/grupo.us.es\/rethinking\/wp-content\/uploads\/2015\/02\/The_Roman_necropolis_dating_between_the_1st_and_the_3rd_century_AD_it_comprises_of_five_burial_enclosures_containing_numerous_cremation_and_inhumation_burials_Aquileia_Italy_20742395698-1536x1018.jpg 1536w, http:\/\/grupo.us.es\/rethinking\/wp-content\/uploads\/2015\/02\/The_Roman_necropolis_dating_between_the_1st_and_the_3rd_century_AD_it_comprises_of_five_burial_enclosures_containing_numerous_cremation_and_inhumation_burials_Aquileia_Italy_20742395698-2048x1357.jpg 2048w, http:\/\/grupo.us.es\/rethinking\/wp-content\/uploads\/2015\/02\/The_Roman_necropolis_dating_between_the_1st_and_the_3rd_century_AD_it_comprises_of_five_burial_enclosures_containing_numerous_cremation_and_inhumation_burials_Aquileia_Italy_20742395698-600x398.jpg 600w\" sizes=\"auto, (max-width: 1024px) 100vw, 1024px\" \/><figcaption class=\"wp-element-caption\">Aquileia<\/figcaption><\/figure>\n\n\n\n<figure class=\"wp-block-image size-full\"><img loading=\"lazy\" decoding=\"async\" width=\"270\" height=\"186\" data-id=\"422\" src=\"http:\/\/grupo.us.es\/rethinking\/wp-content\/uploads\/2015\/02\/images-1.jpg\" alt=\"\" class=\"wp-image-422\"\/><figcaption class=\"wp-element-caption\">Aquileia<\/figcaption><\/figure>\n\n\n\n<figure class=\"wp-block-image size-large\"><img loading=\"lazy\" decoding=\"async\" width=\"1024\" height=\"681\" data-id=\"425\" src=\"http:\/\/grupo.us.es\/rethinking\/wp-content\/uploads\/2015\/02\/23225815520_7ea2a351a2_b.jpg\" alt=\"\" class=\"wp-image-425\" srcset=\"http:\/\/grupo.us.es\/rethinking\/wp-content\/uploads\/2015\/02\/23225815520_7ea2a351a2_b.jpg 1024w, http:\/\/grupo.us.es\/rethinking\/wp-content\/uploads\/2015\/02\/23225815520_7ea2a351a2_b-300x200.jpg 300w, http:\/\/grupo.us.es\/rethinking\/wp-content\/uploads\/2015\/02\/23225815520_7ea2a351a2_b-768x511.jpg 768w, http:\/\/grupo.us.es\/rethinking\/wp-content\/uploads\/2015\/02\/23225815520_7ea2a351a2_b-600x399.jpg 600w\" sizes=\"auto, (max-width: 1024px) 100vw, 1024px\" \/><figcaption class=\"wp-element-caption\">Pompeya<\/figcaption><\/figure>\n\n\n\n<figure class=\"wp-block-image size-full\"><img loading=\"lazy\" decoding=\"async\" width=\"275\" height=\"183\" data-id=\"423\" src=\"http:\/\/grupo.us.es\/rethinking\/wp-content\/uploads\/2015\/02\/images.jpg\" alt=\"\" class=\"wp-image-423\"\/><figcaption class=\"wp-element-caption\">Pompeya<\/figcaption><\/figure>\n<\/figure>\n","protected":false},"excerpt":{"rendered":"<p>Los romanos se tomaban la muerte muy en serio y los poemas epigr\u00e1ficos permit\u00edan reflejar una gran variedad de sentimientos respecto a este momento inevitable. Pero, adem\u00e1s de llorar y lamentarse, la muerte era algo que muchos preparaban en vida,<\/p>\n","protected":false},"author":1,"featured_media":421,"comment_status":"closed","ping_status":"closed","sticky":false,"template":"","format":"standard","meta":{"footnotes":""},"categories":[5],"tags":[7,21,12,13,14,15,22,20,17,16],"class_list":["post-79","post","type-post","status-publish","format-standard","has-post-thumbnail","hentry","category-blog","tag-arqueologia","tag-carminalatinaepigraphica","tag-epigrafia","tag-epigraphy","tag-latin","tag-latinepigraphy","tag-literatura","tag-poesiaepigrafica","tag-roman","tag-antiguaroma"],"_links":{"self":[{"href":"http:\/\/grupo.us.es\/rethinking\/index.php?rest_route=\/wp\/v2\/posts\/79","targetHints":{"allow":["GET"]}}],"collection":[{"href":"http:\/\/grupo.us.es\/rethinking\/index.php?rest_route=\/wp\/v2\/posts"}],"about":[{"href":"http:\/\/grupo.us.es\/rethinking\/index.php?rest_route=\/wp\/v2\/types\/post"}],"author":[{"embeddable":true,"href":"http:\/\/grupo.us.es\/rethinking\/index.php?rest_route=\/wp\/v2\/users\/1"}],"replies":[{"embeddable":true,"href":"http:\/\/grupo.us.es\/rethinking\/index.php?rest_route=%2Fwp%2Fv2%2Fcomments&post=79"}],"version-history":[{"count":2,"href":"http:\/\/grupo.us.es\/rethinking\/index.php?rest_route=\/wp\/v2\/posts\/79\/revisions"}],"predecessor-version":[{"id":474,"href":"http:\/\/grupo.us.es\/rethinking\/index.php?rest_route=\/wp\/v2\/posts\/79\/revisions\/474"}],"wp:featuredmedia":[{"embeddable":true,"href":"http:\/\/grupo.us.es\/rethinking\/index.php?rest_route=\/wp\/v2\/media\/421"}],"wp:attachment":[{"href":"http:\/\/grupo.us.es\/rethinking\/index.php?rest_route=%2Fwp%2Fv2%2Fmedia&parent=79"}],"wp:term":[{"taxonomy":"category","embeddable":true,"href":"http:\/\/grupo.us.es\/rethinking\/index.php?rest_route=%2Fwp%2Fv2%2Fcategories&post=79"},{"taxonomy":"post_tag","embeddable":true,"href":"http:\/\/grupo.us.es\/rethinking\/index.php?rest_route=%2Fwp%2Fv2%2Ftags&post=79"}],"curies":[{"name":"wp","href":"https:\/\/api.w.org\/{rel}","templated":true}]}}