{"id":604,"date":"2026-01-24T20:08:00","date_gmt":"2026-01-24T19:08:00","guid":{"rendered":"http:\/\/grupo.us.es\/rethinking\/?p=604"},"modified":"2026-02-01T20:13:54","modified_gmt":"2026-02-01T19:13:54","slug":"el-maestro-de-pompeya","status":"publish","type":"post","link":"http:\/\/grupo.us.es\/rethinking\/?p=604","title":{"rendered":"El maestro de Pompeya"},"content":{"rendered":"\n<p>La docencia, aunque muy gratificante, no siempre es f\u00e1cil. Muchos docentes probablemente habr\u00e1n dicho m\u00e1s de una vez aquello de \u00abesto no est\u00e1 pagado\u00bb.<\/p>\n\n\n\n<p>Y si se quiere hablar de falta de pago, basta con recordar al maestro del que se hablar\u00e1 hoy. Su inscripci\u00f3n, que est\u00e1 en verso, no es funeraria. Es m\u00e1s bien una queja, algo que no sorprende a quien conoce el mundo de la educaci\u00f3n.<\/p>\n\n\n\n<p>En la antigua Roma, muchos maestros daban lecciones bajo los p\u00f3rticos de diversos edificios p\u00fablicos, como el foro o la palestra. Ofrec\u00edan clases particulares a grupos de estudiantes, lo que hoy en d\u00eda se conoce como profesor particular. Estos espacios no solo serv\u00edan para ense\u00f1ar, sino tambi\u00e9n para resguardarse del sol, la lluvia y el viento.<\/p>\n\n\n\n<p>La inscripci\u00f3n que se presenta hoy es un grafito que un maestro grab\u00f3 en una de las columnas de la palestra grande de Pompeya, cerca del anfiteatro. Seg\u00fan lo que cuenta, el maestro ten\u00eda algunas deudas de clases por cobrar. Y lo m\u00e1s curioso es que est\u00e1 en verso. A veces, las quejas tambi\u00e9n se hacen con estilo.<\/p>\n\n\n\n<p>El texto dice:<\/p>\n\n\n\n<blockquote class=\"wp-block-quote is-layout-flow wp-block-quote-is-layout-flow\">\n<p>\u2018Qui mihi docendi dederit mercedem, (h)abeat quod petit a superis\u2019<\/p>\n\n\n\n<p>Quien me pague mi sueldo de docente, que tenga todo lo que le pida a los dioses<\/p>\n<\/blockquote>\n\n\n\n<p>Es f\u00e1cil imaginarse al maestro, pasando fr\u00edo en la palestra, dando clases y pensando en c\u00f3mo iba a llegar a fin de mes con semejante clientela. El grafito, que data del siglo I d. C., solo ha llegado hasta nosotros en forma de dibujo (algo com\u00fan en este tipo de inscripciones, que suelen ser muy perecederas).<\/p>\n\n\n\n<p>Tambi\u00e9n se incluyen im\u00e1genes de la palestra donde estuvo y de un fresco precioso de la casa de Julia F\u00e9lix, ubicada justo enfrente de la palestra. El fresco se interpreta como una clase entre los p\u00f3rticos del foro, donde los alumnos sentados observan c\u00f3mo uno de sus compa\u00f1eros recibe una lecci\u00f3n un tanto peculiar. Algo habr\u00eda hecho&#8230;<\/p>\n\n\n\n<figure class=\"wp-block-gallery has-nested-images columns-default is-cropped wp-block-gallery-1 is-layout-flex wp-block-gallery-is-layout-flex\">\n<figure class=\"wp-block-image size-medium\"><img loading=\"lazy\" decoding=\"async\" width=\"300\" height=\"245\" data-id=\"605\" src=\"http:\/\/grupo.us.es\/rethinking\/wp-content\/uploads\/2026\/02\/Captura-de-pantalla-2026-02-01-201140-300x245.png\" alt=\"\" class=\"wp-image-605\" srcset=\"http:\/\/grupo.us.es\/rethinking\/wp-content\/uploads\/2026\/02\/Captura-de-pantalla-2026-02-01-201140-300x245.png 300w, http:\/\/grupo.us.es\/rethinking\/wp-content\/uploads\/2026\/02\/Captura-de-pantalla-2026-02-01-201140-768x626.png 768w, http:\/\/grupo.us.es\/rethinking\/wp-content\/uploads\/2026\/02\/Captura-de-pantalla-2026-02-01-201140.png 856w\" sizes=\"auto, (max-width: 300px) 100vw, 300px\" \/><\/figure>\n\n\n\n<figure class=\"wp-block-image size-medium\"><img loading=\"lazy\" decoding=\"async\" width=\"300\" height=\"270\" data-id=\"607\" src=\"http:\/\/grupo.us.es\/rethinking\/wp-content\/uploads\/2026\/02\/Captura-de-pantalla-2026-02-01-201148-300x270.png\" alt=\"\" class=\"wp-image-607\" srcset=\"http:\/\/grupo.us.es\/rethinking\/wp-content\/uploads\/2026\/02\/Captura-de-pantalla-2026-02-01-201148-300x270.png 300w, http:\/\/grupo.us.es\/rethinking\/wp-content\/uploads\/2026\/02\/Captura-de-pantalla-2026-02-01-201148-768x692.png 768w, http:\/\/grupo.us.es\/rethinking\/wp-content\/uploads\/2026\/02\/Captura-de-pantalla-2026-02-01-201148.png 785w\" sizes=\"auto, (max-width: 300px) 100vw, 300px\" \/><\/figure>\n\n\n\n<figure class=\"wp-block-image size-medium\"><img loading=\"lazy\" decoding=\"async\" width=\"300\" height=\"278\" data-id=\"608\" src=\"http:\/\/grupo.us.es\/rethinking\/wp-content\/uploads\/2026\/02\/Captura-de-pantalla-2026-02-01-201155-300x278.png\" alt=\"\" class=\"wp-image-608\" srcset=\"http:\/\/grupo.us.es\/rethinking\/wp-content\/uploads\/2026\/02\/Captura-de-pantalla-2026-02-01-201155-300x278.png 300w, http:\/\/grupo.us.es\/rethinking\/wp-content\/uploads\/2026\/02\/Captura-de-pantalla-2026-02-01-201155-768x711.png 768w, http:\/\/grupo.us.es\/rethinking\/wp-content\/uploads\/2026\/02\/Captura-de-pantalla-2026-02-01-201155.png 775w\" sizes=\"auto, (max-width: 300px) 100vw, 300px\" \/><\/figure>\n\n\n\n<figure class=\"wp-block-image size-medium\"><img loading=\"lazy\" decoding=\"async\" width=\"300\" height=\"253\" data-id=\"606\" src=\"http:\/\/grupo.us.es\/rethinking\/wp-content\/uploads\/2026\/02\/Captura-de-pantalla-2026-02-01-201203-300x253.png\" alt=\"\" class=\"wp-image-606\" srcset=\"http:\/\/grupo.us.es\/rethinking\/wp-content\/uploads\/2026\/02\/Captura-de-pantalla-2026-02-01-201203-300x253.png 300w, http:\/\/grupo.us.es\/rethinking\/wp-content\/uploads\/2026\/02\/Captura-de-pantalla-2026-02-01-201203-768x648.png 768w, http:\/\/grupo.us.es\/rethinking\/wp-content\/uploads\/2026\/02\/Captura-de-pantalla-2026-02-01-201203.png 820w\" sizes=\"auto, (max-width: 300px) 100vw, 300px\" \/><\/figure>\n<\/figure>\n","protected":false},"excerpt":{"rendered":"<p>La docencia, aunque muy gratificante, no siempre es f\u00e1cil. Muchos docentes probablemente habr\u00e1n dicho m\u00e1s de una vez aquello de \u00abesto no est\u00e1 pagado\u00bb. Y si se quiere hablar de falta de pago, basta con recordar al maestro del que<\/p>\n","protected":false},"author":1,"featured_media":608,"comment_status":"open","ping_status":"open","sticky":false,"template":"","format":"standard","meta":{"footnotes":""},"categories":[5],"tags":[7,21,12,13,15,22,20,16],"class_list":["post-604","post","type-post","status-publish","format-standard","has-post-thumbnail","hentry","category-blog","tag-arqueologia","tag-carminalatinaepigraphica","tag-epigrafia","tag-epigraphy","tag-latinepigraphy","tag-literatura","tag-poesiaepigrafica","tag-antiguaroma"],"_links":{"self":[{"href":"http:\/\/grupo.us.es\/rethinking\/index.php?rest_route=\/wp\/v2\/posts\/604","targetHints":{"allow":["GET"]}}],"collection":[{"href":"http:\/\/grupo.us.es\/rethinking\/index.php?rest_route=\/wp\/v2\/posts"}],"about":[{"href":"http:\/\/grupo.us.es\/rethinking\/index.php?rest_route=\/wp\/v2\/types\/post"}],"author":[{"embeddable":true,"href":"http:\/\/grupo.us.es\/rethinking\/index.php?rest_route=\/wp\/v2\/users\/1"}],"replies":[{"embeddable":true,"href":"http:\/\/grupo.us.es\/rethinking\/index.php?rest_route=%2Fwp%2Fv2%2Fcomments&post=604"}],"version-history":[{"count":1,"href":"http:\/\/grupo.us.es\/rethinking\/index.php?rest_route=\/wp\/v2\/posts\/604\/revisions"}],"predecessor-version":[{"id":609,"href":"http:\/\/grupo.us.es\/rethinking\/index.php?rest_route=\/wp\/v2\/posts\/604\/revisions\/609"}],"wp:featuredmedia":[{"embeddable":true,"href":"http:\/\/grupo.us.es\/rethinking\/index.php?rest_route=\/wp\/v2\/media\/608"}],"wp:attachment":[{"href":"http:\/\/grupo.us.es\/rethinking\/index.php?rest_route=%2Fwp%2Fv2%2Fmedia&parent=604"}],"wp:term":[{"taxonomy":"category","embeddable":true,"href":"http:\/\/grupo.us.es\/rethinking\/index.php?rest_route=%2Fwp%2Fv2%2Fcategories&post=604"},{"taxonomy":"post_tag","embeddable":true,"href":"http:\/\/grupo.us.es\/rethinking\/index.php?rest_route=%2Fwp%2Fv2%2Ftags&post=604"}],"curies":[{"name":"wp","href":"https:\/\/api.w.org\/{rel}","templated":true}]}}