{"id":592,"date":"2025-05-13T21:59:00","date_gmt":"2025-05-13T19:59:00","guid":{"rendered":"http:\/\/grupo.us.es\/rethinking\/?p=592"},"modified":"2026-02-01T19:02:41","modified_gmt":"2026-02-01T18:02:41","slug":"un-epitafio-en-verso-para-los-docentes-de-ayer-y-hoy","status":"publish","type":"post","link":"http:\/\/grupo.us.es\/rethinking\/?p=592","title":{"rendered":"Un epitafio en verso para los docentes de ayer y hoy"},"content":{"rendered":"\n<p>Es cierto que, aunque el curso ha pasado r\u00e1pido, los docentes, de todos los niveles, nos sentimos muy agotados por la intensidad que ha marcado este a\u00f1o. Nos hemos adaptado a las nuevas circunstancias con pocos recursos, hemos dado clases y realizado ex\u00e1menes tanto online como presenciales, y hemos soportado el fr\u00edo con esas ventanas abiertas #toelrato\u2026 Hoy, compa\u00f1eros, quiero dedicaros el epitafio en verso de un maestro romano del siglo II d. C.<\/p>\n\n\n\n<blockquote class=\"wp-block-quote is-layout-flow wp-block-quote-is-layout-flow\">\n<p>\u2018El que mientras estuvo entre los vivos tuvo su alma inmortal encerrada en su prisi\u00f3n, vivi\u00f3 siempre con parquedad y honestidad. De Aurunca era, Fusio Fil\u00f3calo era su nombre, maestro de ense\u00f1anza elemental, con el mayor respeto hacia sus disc\u00edpulos, tambi\u00e9n su testamento escribi\u00f3 con lealtad: a ninguno le escatim\u00f3, a nadie perjudic\u00f3. Recorri\u00f3 su vida sin miedo. Sus huesos ahora descansan aqu\u00ed, depositados por su centuria\u2019 <\/p>\n<\/blockquote>\n\n\n\n<p>Ser maestro en Roma era una profesi\u00f3n aut\u00f3noma. Los profesores ofrec\u00edan clases particulares de forma privada, y su salario depend\u00eda de la clientela que contratara sus servicios. Fil\u00f3calo era originario de un pueblo de la Campania italiana. Aunque no sabemos cu\u00e1ntos a\u00f1os vivi\u00f3, s\u00ed sabemos que era de condici\u00f3n libre y de origen griego, algo com\u00fan en esta zona de la Magna Grecia, colonizada desde el siglo VIII a. C.<\/p>\n\n\n\n<p>En su estela (de la que no tengo mejores fotos ) aparece representado en relieve junto a dos alumnos, un chico y una chica, lo que nos recuerda que, al menos en la educaci\u00f3n elemental, las ni\u00f1as tambi\u00e9n recib\u00edan formaci\u00f3n. La inscripci\u00f3n menciona, adem\u00e1s, a su \u00abcenturia\u00bb, una especie de seguro de entierro que muchos romanos pagaban para asegurarse un funeral digno, algo muy importante en la Roma antigua. Aunque el maestro llevaba una vida modesta, cuidaba de todo, incluso de su propio final.<\/p>\n\n\n\n<figure class=\"wp-block-gallery has-nested-images columns-default is-cropped wp-block-gallery-1 is-layout-flex wp-block-gallery-is-layout-flex\">\n<figure class=\"wp-block-image size-medium\"><img loading=\"lazy\" decoding=\"async\" width=\"244\" height=\"300\" data-id=\"593\" src=\"http:\/\/grupo.us.es\/rethinking\/wp-content\/uploads\/2026\/02\/Captura-de-pantalla-2026-02-01-190107-244x300.png\" alt=\"\" class=\"wp-image-593\" srcset=\"http:\/\/grupo.us.es\/rethinking\/wp-content\/uploads\/2026\/02\/Captura-de-pantalla-2026-02-01-190107-244x300.png 244w, http:\/\/grupo.us.es\/rethinking\/wp-content\/uploads\/2026\/02\/Captura-de-pantalla-2026-02-01-190107.png 643w\" sizes=\"auto, (max-width: 244px) 100vw, 244px\" \/><\/figure>\n\n\n\n<figure class=\"wp-block-image size-medium\"><img loading=\"lazy\" decoding=\"async\" width=\"285\" height=\"300\" data-id=\"596\" src=\"http:\/\/grupo.us.es\/rethinking\/wp-content\/uploads\/2026\/02\/Captura-de-pantalla-2026-02-01-190115-285x300.png\" alt=\"\" class=\"wp-image-596\" srcset=\"http:\/\/grupo.us.es\/rethinking\/wp-content\/uploads\/2026\/02\/Captura-de-pantalla-2026-02-01-190115-285x300.png 285w, http:\/\/grupo.us.es\/rethinking\/wp-content\/uploads\/2026\/02\/Captura-de-pantalla-2026-02-01-190115-768x809.png 768w, http:\/\/grupo.us.es\/rethinking\/wp-content\/uploads\/2026\/02\/Captura-de-pantalla-2026-02-01-190115.png 789w\" sizes=\"auto, (max-width: 285px) 100vw, 285px\" \/><\/figure>\n\n\n\n<figure class=\"wp-block-image size-medium\"><img loading=\"lazy\" decoding=\"async\" width=\"278\" height=\"300\" data-id=\"595\" src=\"http:\/\/grupo.us.es\/rethinking\/wp-content\/uploads\/2026\/02\/Captura-de-pantalla-2026-02-01-190123-278x300.png\" alt=\"\" class=\"wp-image-595\" srcset=\"http:\/\/grupo.us.es\/rethinking\/wp-content\/uploads\/2026\/02\/Captura-de-pantalla-2026-02-01-190123-278x300.png 278w, http:\/\/grupo.us.es\/rethinking\/wp-content\/uploads\/2026\/02\/Captura-de-pantalla-2026-02-01-190123-768x829.png 768w, http:\/\/grupo.us.es\/rethinking\/wp-content\/uploads\/2026\/02\/Captura-de-pantalla-2026-02-01-190123.png 783w\" sizes=\"auto, (max-width: 278px) 100vw, 278px\" \/><\/figure>\n\n\n\n<figure class=\"wp-block-image size-medium\"><img loading=\"lazy\" decoding=\"async\" width=\"276\" height=\"300\" data-id=\"594\" src=\"http:\/\/grupo.us.es\/rethinking\/wp-content\/uploads\/2026\/02\/Captura-de-pantalla-2026-02-01-190131-276x300.png\" alt=\"\" class=\"wp-image-594\" srcset=\"http:\/\/grupo.us.es\/rethinking\/wp-content\/uploads\/2026\/02\/Captura-de-pantalla-2026-02-01-190131-276x300.png 276w, http:\/\/grupo.us.es\/rethinking\/wp-content\/uploads\/2026\/02\/Captura-de-pantalla-2026-02-01-190131-768x834.png 768w, http:\/\/grupo.us.es\/rethinking\/wp-content\/uploads\/2026\/02\/Captura-de-pantalla-2026-02-01-190131.png 785w\" sizes=\"auto, (max-width: 276px) 100vw, 276px\" \/><\/figure>\n<\/figure>\n","protected":false},"excerpt":{"rendered":"<p>Es cierto que, aunque el curso ha pasado r\u00e1pido, los docentes, de todos los niveles, nos sentimos muy agotados por la intensidad que ha marcado este a\u00f1o. Nos hemos adaptado a las nuevas circunstancias con pocos recursos, hemos dado clases<\/p>\n","protected":false},"author":1,"featured_media":594,"comment_status":"open","ping_status":"open","sticky":false,"template":"","format":"standard","meta":{"footnotes":""},"categories":[5],"tags":[7,21,12,13,14,15,22,17,16],"class_list":["post-592","post","type-post","status-publish","format-standard","has-post-thumbnail","hentry","category-blog","tag-arqueologia","tag-carminalatinaepigraphica","tag-epigrafia","tag-epigraphy","tag-latin","tag-latinepigraphy","tag-literatura","tag-roman","tag-antiguaroma"],"_links":{"self":[{"href":"http:\/\/grupo.us.es\/rethinking\/index.php?rest_route=\/wp\/v2\/posts\/592","targetHints":{"allow":["GET"]}}],"collection":[{"href":"http:\/\/grupo.us.es\/rethinking\/index.php?rest_route=\/wp\/v2\/posts"}],"about":[{"href":"http:\/\/grupo.us.es\/rethinking\/index.php?rest_route=\/wp\/v2\/types\/post"}],"author":[{"embeddable":true,"href":"http:\/\/grupo.us.es\/rethinking\/index.php?rest_route=\/wp\/v2\/users\/1"}],"replies":[{"embeddable":true,"href":"http:\/\/grupo.us.es\/rethinking\/index.php?rest_route=%2Fwp%2Fv2%2Fcomments&post=592"}],"version-history":[{"count":1,"href":"http:\/\/grupo.us.es\/rethinking\/index.php?rest_route=\/wp\/v2\/posts\/592\/revisions"}],"predecessor-version":[{"id":597,"href":"http:\/\/grupo.us.es\/rethinking\/index.php?rest_route=\/wp\/v2\/posts\/592\/revisions\/597"}],"wp:featuredmedia":[{"embeddable":true,"href":"http:\/\/grupo.us.es\/rethinking\/index.php?rest_route=\/wp\/v2\/media\/594"}],"wp:attachment":[{"href":"http:\/\/grupo.us.es\/rethinking\/index.php?rest_route=%2Fwp%2Fv2%2Fmedia&parent=592"}],"wp:term":[{"taxonomy":"category","embeddable":true,"href":"http:\/\/grupo.us.es\/rethinking\/index.php?rest_route=%2Fwp%2Fv2%2Fcategories&post=592"},{"taxonomy":"post_tag","embeddable":true,"href":"http:\/\/grupo.us.es\/rethinking\/index.php?rest_route=%2Fwp%2Fv2%2Ftags&post=592"}],"curies":[{"name":"wp","href":"https:\/\/api.w.org\/{rel}","templated":true}]}}