{"id":582,"date":"2025-10-24T14:32:00","date_gmt":"2025-10-24T12:32:00","guid":{"rendered":"http:\/\/grupo.us.es\/rethinking\/?p=582"},"modified":"2026-02-01T19:03:37","modified_gmt":"2026-02-01T18:03:37","slug":"estaciones-amorcillos-y-vendimia","status":"publish","type":"post","link":"http:\/\/grupo.us.es\/rethinking\/?p=582","title":{"rendered":"Estaciones, amorcillos y vendimia"},"content":{"rendered":"\n<p>Las semanas pasan r\u00e1pidamente y pronto todos regresaremos al trabajo, dejando atr\u00e1s el verano. Es lo que tiene el tiempo, que no se detiene.<\/p>\n\n\n\n<p>La imagen de las estaciones sucedi\u00e9ndose como reflejo del imparable ciclo de la vida era un motivo habitual en Roma, especialmente en los contextos funerarios. A menudo, se representan amorcillos relacionados con las tareas del campo que se repiten a lo largo del a\u00f1o, especialmente aquellas relacionadas con la vid y la vendimia.<\/p>\n\n\n\n<p>Hoy os presentamos a Vera, a quien su esposo dedic\u00f3 un precioso epitafio que refleja de forma literaria esta misma idea:<\/p>\n\n\n\n<blockquote class=\"wp-block-quote is-layout-flow wp-block-quote-is-layout-flow\">\n<p>\u2018Consagrado a los Dioses Manes. A Marcana Vera, hija de Gayo. Tito Cesio Lis\u00edmaco se lo hizo, estando vivos, a su muy dulce esposa.<\/p>\n\n\n\n<p>Ver\u00e1s la primavera regalarte sus bonitas flores.<br>El verano te rondar\u00e1 con dulce complacencia.<br>Restituir\u00e1 el oto\u00f1o en ti siempre los regalos de Baco.<br>Al invierno le ped\u00ed que la tierra te sea leve\u2019<\/p>\n<\/blockquote>\n\n\n\n<p><\/p>\n\n\n\n<p>Como otros epitafios que ya hemos visto, este <em>carmen<\/em> presenta un acr\u00f3stico con el nombre de VERA. Sin embargo, el soporte era muy estrecho, y el lapidario no pudo respetar adecuadamente la distribuci\u00f3n del texto, por lo que se perdi\u00f3 visualmente el bonito juego de palabras. Los datos de Vera y su esposo van antes del poema, en prosa y con letras m\u00e1s grandes.<\/p>\n\n\n\n<p>El tema de los amorcillos y la vendimia, de origen pagano, fue adaptado por los cristianos, simbolizando no solo el ciclo de la vida, sino tambi\u00e9n la Resurrecci\u00f3n (las flores mueren y renacen, igual que las almas).<\/p>\n\n\n\n<p>De esta forma, llegamos al mausoleo de Constanza (siglo IV d. C.), hija del emperador Constantino, cuyo enorme sarc\u00f3fago de valioso p\u00f3rfido se guarda en el Vaticano. Todo \u00e9l es un despliegue de amorcillos recolectando uvas y convirti\u00e9ndolas en vino. La misma imagen decora una de las b\u00f3vedas del pasillo circular del mausoleo, que hoy en d\u00eda es una iglesia.<\/p>\n\n\n\n<p>Otra costumbre que los cristianos perpetuaron fue la epigraf\u00eda en verso, utilizando muchos de los t\u00f3picos que ya empleaban los paganos. <\/p>\n\n\n\n<figure class=\"wp-block-gallery has-nested-images columns-default is-cropped wp-block-gallery-1 is-layout-flex wp-block-gallery-is-layout-flex\">\n<figure class=\"wp-block-image size-medium\"><img loading=\"lazy\" decoding=\"async\" width=\"300\" height=\"199\" data-id=\"588\" src=\"http:\/\/grupo.us.es\/rethinking\/wp-content\/uploads\/2026\/02\/0_Sarcofago_di_Costantina_-_Museo_Pio-Clementino_-_Vatican_1-300x199.jpg\" alt=\"\" class=\"wp-image-588\" srcset=\"http:\/\/grupo.us.es\/rethinking\/wp-content\/uploads\/2026\/02\/0_Sarcofago_di_Costantina_-_Museo_Pio-Clementino_-_Vatican_1-300x199.jpg 300w, http:\/\/grupo.us.es\/rethinking\/wp-content\/uploads\/2026\/02\/0_Sarcofago_di_Costantina_-_Museo_Pio-Clementino_-_Vatican_1-1024x680.jpg 1024w, http:\/\/grupo.us.es\/rethinking\/wp-content\/uploads\/2026\/02\/0_Sarcofago_di_Costantina_-_Museo_Pio-Clementino_-_Vatican_1-768x510.jpg 768w, http:\/\/grupo.us.es\/rethinking\/wp-content\/uploads\/2026\/02\/0_Sarcofago_di_Costantina_-_Museo_Pio-Clementino_-_Vatican_1-1536x1019.jpg 1536w, http:\/\/grupo.us.es\/rethinking\/wp-content\/uploads\/2026\/02\/0_Sarcofago_di_Costantina_-_Museo_Pio-Clementino_-_Vatican_1-2048x1359.jpg 2048w\" sizes=\"auto, (max-width: 300px) 100vw, 300px\" \/><\/figure>\n\n\n\n<figure class=\"wp-block-image size-large\"><img loading=\"lazy\" decoding=\"async\" width=\"241\" height=\"209\" data-id=\"584\" src=\"http:\/\/grupo.us.es\/rethinking\/wp-content\/uploads\/2026\/02\/images-7.jpg\" alt=\"\" class=\"wp-image-584\"\/><\/figure>\n\n\n\n<figure class=\"wp-block-image size-large\"><img loading=\"lazy\" decoding=\"async\" width=\"247\" height=\"204\" data-id=\"586\" src=\"http:\/\/grupo.us.es\/rethinking\/wp-content\/uploads\/2026\/02\/images-5.jpg\" alt=\"\" class=\"wp-image-586\"\/><\/figure>\n\n\n\n<figure class=\"wp-block-image size-medium\"><img loading=\"lazy\" decoding=\"async\" width=\"232\" height=\"300\" data-id=\"589\" src=\"http:\/\/grupo.us.es\/rethinking\/wp-content\/uploads\/2026\/02\/Captura-de-pantalla-2026-02-01-185318-1-232x300.png\" alt=\"\" class=\"wp-image-589\" srcset=\"http:\/\/grupo.us.es\/rethinking\/wp-content\/uploads\/2026\/02\/Captura-de-pantalla-2026-02-01-185318-1-232x300.png 232w, http:\/\/grupo.us.es\/rethinking\/wp-content\/uploads\/2026\/02\/Captura-de-pantalla-2026-02-01-185318-1.png 626w\" sizes=\"auto, (max-width: 232px) 100vw, 232px\" \/><\/figure>\n<\/figure>\n","protected":false},"excerpt":{"rendered":"<p>Las semanas pasan r\u00e1pidamente y pronto todos regresaremos al trabajo, dejando atr\u00e1s el verano. Es lo que tiene el tiempo, que no se detiene. La imagen de las estaciones sucedi\u00e9ndose como reflejo del imparable ciclo de la vida era un<\/p>\n","protected":false},"author":1,"featured_media":589,"comment_status":"open","ping_status":"open","sticky":false,"template":"","format":"standard","meta":{"footnotes":""},"categories":[5],"tags":[7,21,12,13,14,15,20,17,16],"class_list":["post-582","post","type-post","status-publish","format-standard","has-post-thumbnail","hentry","category-blog","tag-arqueologia","tag-carminalatinaepigraphica","tag-epigrafia","tag-epigraphy","tag-latin","tag-latinepigraphy","tag-poesiaepigrafica","tag-roman","tag-antiguaroma"],"_links":{"self":[{"href":"http:\/\/grupo.us.es\/rethinking\/index.php?rest_route=\/wp\/v2\/posts\/582","targetHints":{"allow":["GET"]}}],"collection":[{"href":"http:\/\/grupo.us.es\/rethinking\/index.php?rest_route=\/wp\/v2\/posts"}],"about":[{"href":"http:\/\/grupo.us.es\/rethinking\/index.php?rest_route=\/wp\/v2\/types\/post"}],"author":[{"embeddable":true,"href":"http:\/\/grupo.us.es\/rethinking\/index.php?rest_route=\/wp\/v2\/users\/1"}],"replies":[{"embeddable":true,"href":"http:\/\/grupo.us.es\/rethinking\/index.php?rest_route=%2Fwp%2Fv2%2Fcomments&post=582"}],"version-history":[{"count":1,"href":"http:\/\/grupo.us.es\/rethinking\/index.php?rest_route=\/wp\/v2\/posts\/582\/revisions"}],"predecessor-version":[{"id":590,"href":"http:\/\/grupo.us.es\/rethinking\/index.php?rest_route=\/wp\/v2\/posts\/582\/revisions\/590"}],"wp:featuredmedia":[{"embeddable":true,"href":"http:\/\/grupo.us.es\/rethinking\/index.php?rest_route=\/wp\/v2\/media\/589"}],"wp:attachment":[{"href":"http:\/\/grupo.us.es\/rethinking\/index.php?rest_route=%2Fwp%2Fv2%2Fmedia&parent=582"}],"wp:term":[{"taxonomy":"category","embeddable":true,"href":"http:\/\/grupo.us.es\/rethinking\/index.php?rest_route=%2Fwp%2Fv2%2Fcategories&post=582"},{"taxonomy":"post_tag","embeddable":true,"href":"http:\/\/grupo.us.es\/rethinking\/index.php?rest_route=%2Fwp%2Fv2%2Ftags&post=582"}],"curies":[{"name":"wp","href":"https:\/\/api.w.org\/{rel}","templated":true}]}}