{"id":564,"date":"2025-06-23T18:39:00","date_gmt":"2025-06-23T16:39:00","guid":{"rendered":"http:\/\/grupo.us.es\/rethinking\/?p=564"},"modified":"2026-02-01T18:44:27","modified_gmt":"2026-02-01T17:44:27","slug":"una-melodia-desde-la-roma-antigua","status":"publish","type":"post","link":"http:\/\/grupo.us.es\/rethinking\/?p=564","title":{"rendered":"Una melod\u00eda desde la Roma antigua"},"content":{"rendered":"\n<p>En la antigua Roma, la m\u00fasica formaba parte de muchos de los espect\u00e1culos p\u00fablicos que se celebraban, y los gladiadores no eran una excepci\u00f3n. Entre los m\u00fasicos que amenizaban estos combates, se encontraba Justo, un flautista que, seg\u00fan su epitafio, acompa\u00f1aba con su m\u00fasica los intensos momentos de lucha.<\/p>\n\n\n\n<p>Su epitafio, aunque incompleto, ha llegado hasta nosotros, d\u00e1ndonos una peque\u00f1a ventana al pasado:<\/p>\n\n\n\n<blockquote class=\"wp-block-quote is-layout-flow wp-block-quote-is-layout-flow\">\n<p>\u00abCaminante que tienes prisa en marcharte, por favor, detente un momento y escucha estas palabras. Yo, llamado Justo, he vivido con un padre pobre en hacienda pero rico en buena reputaci\u00f3n. Anim\u00e9 a los gladiadores marciales con el son de mi flauta, acuciando con mi palabra. Viv\u00ed 21 a\u00f1os, 11 meses, 29 d\u00edas. Yo, Justo, dej\u00e9 de vivir a manos de una muerte prematura\u00bb \ud83e\udea6<\/p>\n<\/blockquote>\n\n\n\n<p>El recuerdo de Justo se mezcla con los ecos de los combates de gladiadores, tal como se refleja en un grafito de Pompeya, que muestra una banda de m\u00fasicos tocando tubas, cuernos y flautas durante una lucha. La m\u00fasica y el ruido de la arena se entrelazaban, creando una atm\u00f3sfera \u00fanica que, en su momento, debi\u00f3 ser tan vibrante como cualquier espect\u00e1culo actual.<\/p>\n\n\n\n<figure class=\"wp-block-gallery has-nested-images columns-default is-cropped wp-block-gallery-1 is-layout-flex wp-block-gallery-is-layout-flex\">\n<figure class=\"wp-block-image size-large\"><img loading=\"lazy\" decoding=\"async\" width=\"500\" height=\"448\" data-id=\"567\" src=\"http:\/\/grupo.us.es\/rethinking\/wp-content\/uploads\/2026\/02\/4_12m3.jpg\" alt=\"\" class=\"wp-image-567\" srcset=\"http:\/\/grupo.us.es\/rethinking\/wp-content\/uploads\/2026\/02\/4_12m3.jpg 500w, http:\/\/grupo.us.es\/rethinking\/wp-content\/uploads\/2026\/02\/4_12m3-300x269.jpg 300w\" sizes=\"auto, (max-width: 500px) 100vw, 500px\" \/><\/figure>\n\n\n\n<figure class=\"wp-block-image size-large\"><img loading=\"lazy\" decoding=\"async\" width=\"270\" height=\"187\" data-id=\"566\" src=\"http:\/\/grupo.us.es\/rethinking\/wp-content\/uploads\/2026\/02\/images-1.jpg\" alt=\"\" class=\"wp-image-566\"\/><\/figure>\n\n\n\n<figure class=\"wp-block-image size-large\"><img loading=\"lazy\" decoding=\"async\" width=\"211\" height=\"170\" data-id=\"565\" src=\"http:\/\/grupo.us.es\/rethinking\/wp-content\/uploads\/2026\/02\/synaulia_clip_image007_0000.jpg\" alt=\"\" class=\"wp-image-565\"\/><\/figure>\n\n\n\n<figure class=\"wp-block-image size-large\"><img loading=\"lazy\" decoding=\"async\" width=\"1024\" height=\"391\" data-id=\"568\" src=\"http:\/\/grupo.us.es\/rethinking\/wp-content\/uploads\/2026\/02\/arc-009-1024x391.jpg\" alt=\"\" class=\"wp-image-568\" srcset=\"http:\/\/grupo.us.es\/rethinking\/wp-content\/uploads\/2026\/02\/arc-009-1024x391.jpg 1024w, http:\/\/grupo.us.es\/rethinking\/wp-content\/uploads\/2026\/02\/arc-009-300x114.jpg 300w, http:\/\/grupo.us.es\/rethinking\/wp-content\/uploads\/2026\/02\/arc-009-768x293.jpg 768w, http:\/\/grupo.us.es\/rethinking\/wp-content\/uploads\/2026\/02\/arc-009-1536x586.jpg 1536w, http:\/\/grupo.us.es\/rethinking\/wp-content\/uploads\/2026\/02\/arc-009-2048x782.jpg 2048w\" sizes=\"auto, (max-width: 1024px) 100vw, 1024px\" \/><\/figure>\n<\/figure>\n","protected":false},"excerpt":{"rendered":"<p>En la antigua Roma, la m\u00fasica formaba parte de muchos de los espect\u00e1culos p\u00fablicos que se celebraban, y los gladiadores no eran una excepci\u00f3n. Entre los m\u00fasicos que amenizaban estos combates, se encontraba Justo, un flautista que, seg\u00fan su epitafio,<\/p>\n","protected":false},"author":1,"featured_media":567,"comment_status":"open","ping_status":"open","sticky":false,"template":"","format":"standard","meta":{"footnotes":""},"categories":[5],"tags":[7,12,13,14,15,22,20,17,16],"class_list":["post-564","post","type-post","status-publish","format-standard","has-post-thumbnail","hentry","category-blog","tag-arqueologia","tag-epigrafia","tag-epigraphy","tag-latin","tag-latinepigraphy","tag-literatura","tag-poesiaepigrafica","tag-roman","tag-antiguaroma"],"_links":{"self":[{"href":"http:\/\/grupo.us.es\/rethinking\/index.php?rest_route=\/wp\/v2\/posts\/564","targetHints":{"allow":["GET"]}}],"collection":[{"href":"http:\/\/grupo.us.es\/rethinking\/index.php?rest_route=\/wp\/v2\/posts"}],"about":[{"href":"http:\/\/grupo.us.es\/rethinking\/index.php?rest_route=\/wp\/v2\/types\/post"}],"author":[{"embeddable":true,"href":"http:\/\/grupo.us.es\/rethinking\/index.php?rest_route=\/wp\/v2\/users\/1"}],"replies":[{"embeddable":true,"href":"http:\/\/grupo.us.es\/rethinking\/index.php?rest_route=%2Fwp%2Fv2%2Fcomments&post=564"}],"version-history":[{"count":1,"href":"http:\/\/grupo.us.es\/rethinking\/index.php?rest_route=\/wp\/v2\/posts\/564\/revisions"}],"predecessor-version":[{"id":569,"href":"http:\/\/grupo.us.es\/rethinking\/index.php?rest_route=\/wp\/v2\/posts\/564\/revisions\/569"}],"wp:featuredmedia":[{"embeddable":true,"href":"http:\/\/grupo.us.es\/rethinking\/index.php?rest_route=\/wp\/v2\/media\/567"}],"wp:attachment":[{"href":"http:\/\/grupo.us.es\/rethinking\/index.php?rest_route=%2Fwp%2Fv2%2Fmedia&parent=564"}],"wp:term":[{"taxonomy":"category","embeddable":true,"href":"http:\/\/grupo.us.es\/rethinking\/index.php?rest_route=%2Fwp%2Fv2%2Fcategories&post=564"},{"taxonomy":"post_tag","embeddable":true,"href":"http:\/\/grupo.us.es\/rethinking\/index.php?rest_route=%2Fwp%2Fv2%2Ftags&post=564"}],"curies":[{"name":"wp","href":"https:\/\/api.w.org\/{rel}","templated":true}]}}