{"id":555,"date":"2025-11-26T10:57:00","date_gmt":"2025-11-26T09:57:00","guid":{"rendered":"http:\/\/grupo.us.es\/rethinking\/?p=555"},"modified":"2026-02-01T18:59:28","modified_gmt":"2026-02-01T17:59:28","slug":"555","status":"publish","type":"post","link":"http:\/\/grupo.us.es\/rethinking\/?p=555","title":{"rendered":"Refugiados, hambre y el valor de la solidaridad"},"content":{"rendered":"\n<p>Tengo una amiga que \u00a0trabaja en el Parlamento Europeo. A menudo va de misi\u00f3n a fronteras de pa\u00edses en conflicto, como Ucrania, conociendo los centros para la acogida de refugiados y los pocos recursos con los que cuentan. En esta sociedad del bienestar en la que vivimos olvidamos que ese \u2018bienestar\u2019 es un privilegio del que disfruta una peque\u00f1a \u00e9lite a la que pertenecemos y que cada d\u00eda hay mucha gente que pasa hambre y necesidades.<\/p>\n\n\n\n<p><br>En la antigua Roma la subsistencia de gran parte de la poblaci\u00f3n depend\u00eda de los repartos de alimento del gobierno y de ricos que buscaban as\u00ed el favor de la gente (como el que ten\u00e9is en la foto 2). Hab\u00eda hambre y hab\u00eda quien mor\u00eda de hambre. Este podr\u00eda ser el caso de Bassa, sobre cuyo epitafio en verso algunos autores han opinado indica que falleci\u00f3 a causa de una famina, una epidemia de carest\u00eda generalizada:<\/p>\n\n\n\n<blockquote class=\"wp-block-quote is-layout-flow wp-block-quote-is-layout-flow\">\n<p>\u201cAqu\u00ed estoy enterrada, Bassa, hija afectuosa, muchacha pudorosa, sobrepasando a todas mis semejantes en talento. Cuando el destino me hab\u00eda concedido diez a\u00f1os, no me fue permitido continuar el und\u00e9cimo y, aunque mi padre y mi madre adulasen a los dioses por m\u00ed, sin embargo, el cruel Plut\u00f3n me arrastr\u00f3 a las regiones infernales. Parece que las Parcas, siendo yo su prenda, han dispuesto mi fin, pues ya antes me arrebataron otros tres j\u00f3venes esclavos. Si por casualidad alguien se alegra de mi muerte injusta, Ceres sea injusta con \u00e9l y le haga morir de hambre. A Cecinia Bassa, hija de Sexto.\u201d\u00a0<\/p>\n<\/blockquote>\n\n\n\n<p>No podemos cambiar el mundo de un plomazo, pero s\u00ed podemos ayudar siendo conscientes de que la vida que tenemos es un regalo y agradeciendo el trabajo silencioso de personas que, como Alba, se esfuerzan para que mucha gente pueda vivir en mejores condiciones \u2764\ufe0f<\/p>\n\n\n\n<figure class=\"wp-block-gallery has-nested-images columns-default is-cropped wp-block-gallery-1 is-layout-flex wp-block-gallery-is-layout-flex\">\n<figure class=\"wp-block-image size-large\"><img loading=\"lazy\" decoding=\"async\" width=\"500\" height=\"422\" data-id=\"559\" src=\"http:\/\/grupo.us.es\/rethinking\/wp-content\/uploads\/2026\/02\/bassa.jpg\" alt=\"\" class=\"wp-image-559\" srcset=\"http:\/\/grupo.us.es\/rethinking\/wp-content\/uploads\/2026\/02\/bassa.jpg 500w, http:\/\/grupo.us.es\/rethinking\/wp-content\/uploads\/2026\/02\/bassa-300x253.jpg 300w\" sizes=\"auto, (max-width: 500px) 100vw, 500px\" \/><figcaption class=\"wp-element-caption\">Epitafio de Bassa<\/figcaption><\/figure>\n\n\n\n<figure class=\"wp-block-image size-large\"><img loading=\"lazy\" decoding=\"async\" width=\"309\" height=\"350\" data-id=\"557\" src=\"http:\/\/grupo.us.es\/rethinking\/wp-content\/uploads\/2026\/02\/gal_daily_baking.jpg\" alt=\"\" class=\"wp-image-557\" srcset=\"http:\/\/grupo.us.es\/rethinking\/wp-content\/uploads\/2026\/02\/gal_daily_baking.jpg 309w, http:\/\/grupo.us.es\/rethinking\/wp-content\/uploads\/2026\/02\/gal_daily_baking-265x300.jpg 265w\" sizes=\"auto, (max-width: 309px) 100vw, 309px\" \/><figcaption class=\"wp-element-caption\">Fresco pompeyano con reparto de pan a los pobres<\/figcaption><\/figure>\n\n\n\n<figure class=\"wp-block-image size-medium\"><img loading=\"lazy\" decoding=\"async\" width=\"300\" height=\"183\" data-id=\"560\" src=\"http:\/\/grupo.us.es\/rethinking\/wp-content\/uploads\/2026\/02\/1256291977262_Affresco_pane-300x183.jpg\" alt=\"\" class=\"wp-image-560\" srcset=\"http:\/\/grupo.us.es\/rethinking\/wp-content\/uploads\/2026\/02\/1256291977262_Affresco_pane-300x183.jpg 300w, http:\/\/grupo.us.es\/rethinking\/wp-content\/uploads\/2026\/02\/1256291977262_Affresco_pane-768x468.jpg 768w, http:\/\/grupo.us.es\/rethinking\/wp-content\/uploads\/2026\/02\/1256291977262_Affresco_pane.jpg 1000w\" sizes=\"auto, (max-width: 300px) 100vw, 300px\" \/><figcaption class=\"wp-element-caption\">Fresco pompeyano con una hogaza de pan<\/figcaption><\/figure>\n\n\n\n<figure class=\"wp-block-image size-medium\"><img loading=\"lazy\" decoding=\"async\" width=\"300\" height=\"169\" data-id=\"561\" src=\"http:\/\/grupo.us.es\/rethinking\/wp-content\/uploads\/2026\/02\/d0d87488-46b9-4b5f-b98c-aab01dcc075a_source-aspect-ratio_1600w_0-300x169.jpg\" alt=\"\" class=\"wp-image-561\" srcset=\"http:\/\/grupo.us.es\/rethinking\/wp-content\/uploads\/2026\/02\/d0d87488-46b9-4b5f-b98c-aab01dcc075a_source-aspect-ratio_1600w_0-300x169.jpg 300w, http:\/\/grupo.us.es\/rethinking\/wp-content\/uploads\/2026\/02\/d0d87488-46b9-4b5f-b98c-aab01dcc075a_source-aspect-ratio_1600w_0-1024x576.jpg 1024w, http:\/\/grupo.us.es\/rethinking\/wp-content\/uploads\/2026\/02\/d0d87488-46b9-4b5f-b98c-aab01dcc075a_source-aspect-ratio_1600w_0-768x432.jpg 768w, http:\/\/grupo.us.es\/rethinking\/wp-content\/uploads\/2026\/02\/d0d87488-46b9-4b5f-b98c-aab01dcc075a_source-aspect-ratio_1600w_0-1536x864.jpg 1536w, http:\/\/grupo.us.es\/rethinking\/wp-content\/uploads\/2026\/02\/d0d87488-46b9-4b5f-b98c-aab01dcc075a_source-aspect-ratio_1600w_0.jpg 1600w\" sizes=\"auto, (max-width: 300px) 100vw, 300px\" \/><figcaption class=\"wp-element-caption\">Hogaza de pan pompeyano carbonizada<\/figcaption><\/figure>\n<\/figure>\n","protected":false},"excerpt":{"rendered":"<p>Tengo una amiga que \u00a0trabaja en el Parlamento Europeo. A menudo va de misi\u00f3n a fronteras de pa\u00edses en conflicto, como Ucrania, conociendo los centros para la acogida de refugiados y los pocos recursos con los que cuentan. En esta<\/p>\n","protected":false},"author":1,"featured_media":557,"comment_status":"open","ping_status":"open","sticky":false,"template":"","format":"standard","meta":{"footnotes":""},"categories":[5],"tags":[],"class_list":["post-555","post","type-post","status-publish","format-standard","has-post-thumbnail","hentry","category-blog"],"_links":{"self":[{"href":"http:\/\/grupo.us.es\/rethinking\/index.php?rest_route=\/wp\/v2\/posts\/555","targetHints":{"allow":["GET"]}}],"collection":[{"href":"http:\/\/grupo.us.es\/rethinking\/index.php?rest_route=\/wp\/v2\/posts"}],"about":[{"href":"http:\/\/grupo.us.es\/rethinking\/index.php?rest_route=\/wp\/v2\/types\/post"}],"author":[{"embeddable":true,"href":"http:\/\/grupo.us.es\/rethinking\/index.php?rest_route=\/wp\/v2\/users\/1"}],"replies":[{"embeddable":true,"href":"http:\/\/grupo.us.es\/rethinking\/index.php?rest_route=%2Fwp%2Fv2%2Fcomments&post=555"}],"version-history":[{"count":2,"href":"http:\/\/grupo.us.es\/rethinking\/index.php?rest_route=\/wp\/v2\/posts\/555\/revisions"}],"predecessor-version":[{"id":591,"href":"http:\/\/grupo.us.es\/rethinking\/index.php?rest_route=\/wp\/v2\/posts\/555\/revisions\/591"}],"wp:featuredmedia":[{"embeddable":true,"href":"http:\/\/grupo.us.es\/rethinking\/index.php?rest_route=\/wp\/v2\/media\/557"}],"wp:attachment":[{"href":"http:\/\/grupo.us.es\/rethinking\/index.php?rest_route=%2Fwp%2Fv2%2Fmedia&parent=555"}],"wp:term":[{"taxonomy":"category","embeddable":true,"href":"http:\/\/grupo.us.es\/rethinking\/index.php?rest_route=%2Fwp%2Fv2%2Fcategories&post=555"},{"taxonomy":"post_tag","embeddable":true,"href":"http:\/\/grupo.us.es\/rethinking\/index.php?rest_route=%2Fwp%2Fv2%2Ftags&post=555"}],"curies":[{"name":"wp","href":"https:\/\/api.w.org\/{rel}","templated":true}]}}