{"id":269,"date":"2024-06-20T19:01:00","date_gmt":"2024-06-20T17:01:00","guid":{"rendered":"http:\/\/demo.themegrill.com\/ample\/?p=77"},"modified":"2025-04-25T17:34:26","modified_gmt":"2025-04-25T15:34:26","slug":"donec-ornare","status":"publish","type":"post","link":"http:\/\/grupo.us.es\/rethinking\/?p=269","title":{"rendered":"Amigos para siempre"},"content":{"rendered":"\n<p>Cuando muri\u00f3 la reina Isabel II de Inglaterra, comentaba con mis amigas la pena que nos daba pensar en la tristeza de sus perritos, que ahora esperar\u00edan en una eterna soledad a una due\u00f1a que ya no va a volver. Isabel tuvo a lo largo de su vida m\u00e1s de 30 corgis a los que estoy segura de que quiso con el mismo cari\u00f1o que todos les tenemos a nuestras mascotas. Para los romanos los perros eran tambi\u00e9n uno m\u00e1s de la familia. Lloraban la p\u00e9rdida de sus animalitos igual que nosotros. Conservamos bastantes epitafios de perros pero yo hoy os traigo un \u00faltimo adi\u00f3s en verso a la altura de cualquier corgi real.<\/p>\n\n\n\n<blockquote class=\"wp-block-quote is-layout-flow wp-block-quote-is-layout-flow\">\n<p>\u2018Te he tra\u00eddo, querida perrita, en mis brazos lleno de l\u00e1grimas, como hace quince a\u00f1os m\u00e1s contento yo hice. Pero ahora, Patrice, ya no me dar\u00e1s mil besos, ni en mi cuello, gozosa, podr\u00e1s echarte. Triste, te he puesto esta tumba de m\u00e1rmol y te un\u00ed para siempre a mis manes.<br>\u00a1Ay, que delicia de mascota hemos perdido! T\u00fa, dulce Patrice, sol\u00edas acercarte a mi mesa y en mi regazo, mimosa, pedir comida. Sol\u00edas lamer la copa que mis manos para ti a menudo sosten\u00edan y recibirme siempre, cansado, moviendo la cola&#8230;\u2019<\/p>\n<\/blockquote>\n\n\n\n<p>El epitafio de Patrice se ha transmitido por tradici\u00f3n manuscrita (la piedra se conserva parcialmente) pero entronca con una tradici\u00f3n de la que ya os he tra\u00eddo otros ejemplos conservados como el epitafio de Margarita o el de Myia. Que Patrice era una m\u00e1s de la familia es evidente. Pero, por si no quedaba claro, su due\u00f1o nos dice que la ha unido a sus manes, los dioses de sus parientes difuntos, de su familia de ancestros. Hab\u00eda vivido con ellos fielmente durante 15 a\u00f1os, su vida empez\u00f3 y termin\u00f3 en brazos de su due\u00f1o y no se merec\u00eda menos que el honor de descansar eternamente con el resto de su casa.<\/p>\n\n\n\n<p>Es del siglo II d.C. y se conserva en Salerno (Italia) en la iglesia de S. Marina.<\/p>\n\n\n\n<p><strong>Bibliograf\u00eda:<\/strong> <em>CIL <\/em>X, 659, <em>CLE<\/em> 1176, E. Courtney, <em>Musa Lapidaria. A Selection of Latine Verse Inscriptions<\/em>, Atlanta 1995, p. 196 sg. nr. 203 , cfr. p. 408 sg.<\/p>\n\n\n\n<div class=\"wp-block-group\"><div class=\"wp-block-group__inner-container is-layout-constrained wp-block-group-is-layout-constrained\">\n<figure class=\"wp-block-gallery has-nested-images columns-default is-cropped wp-block-gallery-1 is-layout-flex wp-block-gallery-is-layout-flex\">\n<figure class=\"wp-block-image size-large\"><img loading=\"lazy\" decoding=\"async\" width=\"474\" height=\"600\" data-id=\"432\" src=\"http:\/\/grupo.us.es\/rethinking\/wp-content\/uploads\/2015\/02\/120622.jpg\" alt=\"\" class=\"wp-image-432\" srcset=\"http:\/\/grupo.us.es\/rethinking\/wp-content\/uploads\/2015\/02\/120622.jpg 474w, http:\/\/grupo.us.es\/rethinking\/wp-content\/uploads\/2015\/02\/120622-237x300.jpg 237w\" sizes=\"auto, (max-width: 474px) 100vw, 474px\" \/><figcaption class=\"wp-element-caption\">Epitafio de Patrice<\/figcaption><\/figure>\n\n\n\n<figure class=\"wp-block-image size-large\"><img loading=\"lazy\" decoding=\"async\" width=\"1024\" height=\"683\" data-id=\"435\" src=\"http:\/\/grupo.us.es\/rethinking\/wp-content\/uploads\/2015\/02\/Casa_del_poeta_tragico_mosaico_del_cave_canem-1024x683.jpg\" alt=\"\" class=\"wp-image-435\" srcset=\"http:\/\/grupo.us.es\/rethinking\/wp-content\/uploads\/2015\/02\/Casa_del_poeta_tragico_mosaico_del_cave_canem-1024x683.jpg 1024w, http:\/\/grupo.us.es\/rethinking\/wp-content\/uploads\/2015\/02\/Casa_del_poeta_tragico_mosaico_del_cave_canem-300x200.jpg 300w, http:\/\/grupo.us.es\/rethinking\/wp-content\/uploads\/2015\/02\/Casa_del_poeta_tragico_mosaico_del_cave_canem-768x512.jpg 768w, http:\/\/grupo.us.es\/rethinking\/wp-content\/uploads\/2015\/02\/Casa_del_poeta_tragico_mosaico_del_cave_canem-600x400.jpg 600w, http:\/\/grupo.us.es\/rethinking\/wp-content\/uploads\/2015\/02\/Casa_del_poeta_tragico_mosaico_del_cave_canem.jpg 1200w\" sizes=\"auto, (max-width: 1024px) 100vw, 1024px\" \/><figcaption class=\"wp-element-caption\">Mosaico de la Casa del Poeta Tr\u00e1gico (Pompeya)<\/figcaption><\/figure>\n\n\n\n<figure class=\"wp-block-image size-large\"><img loading=\"lazy\" decoding=\"async\" width=\"645\" height=\"436\" data-id=\"434\" src=\"http:\/\/grupo.us.es\/rethinking\/wp-content\/uploads\/2015\/02\/Romans-5a.-Dog-paw-prints-on-a-Roman-roof-tile.png\" alt=\"\" class=\"wp-image-434\" srcset=\"http:\/\/grupo.us.es\/rethinking\/wp-content\/uploads\/2015\/02\/Romans-5a.-Dog-paw-prints-on-a-Roman-roof-tile.png 645w, http:\/\/grupo.us.es\/rethinking\/wp-content\/uploads\/2015\/02\/Romans-5a.-Dog-paw-prints-on-a-Roman-roof-tile-300x203.png 300w, http:\/\/grupo.us.es\/rethinking\/wp-content\/uploads\/2015\/02\/Romans-5a.-Dog-paw-prints-on-a-Roman-roof-tile-600x406.png 600w\" sizes=\"auto, (max-width: 645px) 100vw, 645px\" \/><figcaption class=\"wp-element-caption\">Huella de perro sobre teja romana<\/figcaption><\/figure>\n\n\n\n<figure class=\"wp-block-image size-large\"><img loading=\"lazy\" decoding=\"async\" width=\"640\" height=\"320\" data-id=\"441\" src=\"http:\/\/grupo.us.es\/rethinking\/wp-content\/uploads\/2024\/06\/fTN5-RPf40azAurfe5EN0bVkzBwSQUTBT4adDwCqq0k-1.webp\" alt=\"\" class=\"wp-image-441\" srcset=\"http:\/\/grupo.us.es\/rethinking\/wp-content\/uploads\/2024\/06\/fTN5-RPf40azAurfe5EN0bVkzBwSQUTBT4adDwCqq0k-1.webp 640w, http:\/\/grupo.us.es\/rethinking\/wp-content\/uploads\/2024\/06\/fTN5-RPf40azAurfe5EN0bVkzBwSQUTBT4adDwCqq0k-1-300x150.webp 300w, http:\/\/grupo.us.es\/rethinking\/wp-content\/uploads\/2024\/06\/fTN5-RPf40azAurfe5EN0bVkzBwSQUTBT4adDwCqq0k-1-600x300.webp 600w\" sizes=\"auto, (max-width: 640px) 100vw, 640px\" \/><figcaption class=\"wp-element-caption\">Mosaico con escenas de caza<\/figcaption><\/figure>\n\n\n\n<figure class=\"wp-block-image size-large\"><img loading=\"lazy\" decoding=\"async\" width=\"480\" height=\"640\" data-id=\"442\" src=\"http:\/\/grupo.us.es\/rethinking\/wp-content\/uploads\/2024\/06\/0-8-1.jpeg\" alt=\"\" class=\"wp-image-442\" srcset=\"http:\/\/grupo.us.es\/rethinking\/wp-content\/uploads\/2024\/06\/0-8-1.jpeg 480w, http:\/\/grupo.us.es\/rethinking\/wp-content\/uploads\/2024\/06\/0-8-1-225x300.jpeg 225w\" sizes=\"auto, (max-width: 480px) 100vw, 480px\" \/><figcaption class=\"wp-element-caption\">Estatua que representa un perro de raza molossus en el Museo Brit\u00e1nico<\/figcaption><\/figure>\n\n\n\n<figure class=\"wp-block-image size-large\"><img loading=\"lazy\" decoding=\"async\" width=\"683\" height=\"1024\" data-id=\"443\" src=\"http:\/\/grupo.us.es\/rethinking\/wp-content\/uploads\/2024\/06\/Molossian_Hound_British_Museum-1-683x1024.jpg\" alt=\"\" class=\"wp-image-443\" srcset=\"http:\/\/grupo.us.es\/rethinking\/wp-content\/uploads\/2024\/06\/Molossian_Hound_British_Museum-1-683x1024.jpg 683w, http:\/\/grupo.us.es\/rethinking\/wp-content\/uploads\/2024\/06\/Molossian_Hound_British_Museum-1-200x300.jpg 200w, http:\/\/grupo.us.es\/rethinking\/wp-content\/uploads\/2024\/06\/Molossian_Hound_British_Museum-1-768x1152.jpg 768w, http:\/\/grupo.us.es\/rethinking\/wp-content\/uploads\/2024\/06\/Molossian_Hound_British_Museum-1-1024x1536.jpg 1024w, http:\/\/grupo.us.es\/rethinking\/wp-content\/uploads\/2024\/06\/Molossian_Hound_British_Museum-1-600x900.jpg 600w, http:\/\/grupo.us.es\/rethinking\/wp-content\/uploads\/2024\/06\/Molossian_Hound_British_Museum-1.jpg 1200w\" sizes=\"auto, (max-width: 683px) 100vw, 683px\" \/><figcaption class=\"wp-element-caption\">Estatua que representa un perro de raza molossus en el Museo Brit\u00e1nico<\/figcaption><\/figure>\n\n\n\n<figure class=\"wp-block-image size-large\"><img loading=\"lazy\" decoding=\"async\" width=\"526\" height=\"600\" data-id=\"433\" src=\"http:\/\/grupo.us.es\/rethinking\/wp-content\/uploads\/2015\/02\/dog-mosaic-2704.jpg\" alt=\"\" class=\"wp-image-433\" srcset=\"http:\/\/grupo.us.es\/rethinking\/wp-content\/uploads\/2015\/02\/dog-mosaic-2704.jpg 526w, http:\/\/grupo.us.es\/rethinking\/wp-content\/uploads\/2015\/02\/dog-mosaic-2704-263x300.jpg 263w\" sizes=\"auto, (max-width: 526px) 100vw, 526px\" \/><figcaption class=\"wp-element-caption\">Mosaico de la casa de Paquius Proculus (Pompeya)<\/figcaption><\/figure>\n<\/figure>\n<\/div><\/div>\n","protected":false},"excerpt":{"rendered":"<p>Cuando muri\u00f3 la reina Isabel II de Inglaterra, comentaba con mis amigas la pena que nos daba pensar en la tristeza de sus perritos, que ahora esperar\u00edan en una eterna soledad a una due\u00f1a que ya no va a volver.<\/p>\n","protected":false},"author":1,"featured_media":430,"comment_status":"closed","ping_status":"closed","sticky":false,"template":"","format":"standard","meta":{"footnotes":""},"categories":[5],"tags":[7,21,12,13,14,15,22,20,17,16],"class_list":["post-269","post","type-post","status-publish","format-standard","has-post-thumbnail","hentry","category-blog","tag-arqueologia","tag-carminalatinaepigraphica","tag-epigrafia","tag-epigraphy","tag-latin","tag-latinepigraphy","tag-literatura","tag-poesiaepigrafica","tag-roman","tag-antiguaroma"],"_links":{"self":[{"href":"http:\/\/grupo.us.es\/rethinking\/index.php?rest_route=\/wp\/v2\/posts\/269","targetHints":{"allow":["GET"]}}],"collection":[{"href":"http:\/\/grupo.us.es\/rethinking\/index.php?rest_route=\/wp\/v2\/posts"}],"about":[{"href":"http:\/\/grupo.us.es\/rethinking\/index.php?rest_route=\/wp\/v2\/types\/post"}],"author":[{"embeddable":true,"href":"http:\/\/grupo.us.es\/rethinking\/index.php?rest_route=\/wp\/v2\/users\/1"}],"replies":[{"embeddable":true,"href":"http:\/\/grupo.us.es\/rethinking\/index.php?rest_route=%2Fwp%2Fv2%2Fcomments&post=269"}],"version-history":[{"count":4,"href":"http:\/\/grupo.us.es\/rethinking\/index.php?rest_route=\/wp\/v2\/posts\/269\/revisions"}],"predecessor-version":[{"id":476,"href":"http:\/\/grupo.us.es\/rethinking\/index.php?rest_route=\/wp\/v2\/posts\/269\/revisions\/476"}],"wp:featuredmedia":[{"embeddable":true,"href":"http:\/\/grupo.us.es\/rethinking\/index.php?rest_route=\/wp\/v2\/media\/430"}],"wp:attachment":[{"href":"http:\/\/grupo.us.es\/rethinking\/index.php?rest_route=%2Fwp%2Fv2%2Fmedia&parent=269"}],"wp:term":[{"taxonomy":"category","embeddable":true,"href":"http:\/\/grupo.us.es\/rethinking\/index.php?rest_route=%2Fwp%2Fv2%2Fcategories&post=269"},{"taxonomy":"post_tag","embeddable":true,"href":"http:\/\/grupo.us.es\/rethinking\/index.php?rest_route=%2Fwp%2Fv2%2Ftags&post=269"}],"curies":[{"name":"wp","href":"https:\/\/api.w.org\/{rel}","templated":true}]}}