{"id":24,"date":"2024-09-20T11:58:24","date_gmt":"2024-09-20T09:58:24","guid":{"rendered":"http:\/\/grupo.us.es\/rethinking\/?p=24"},"modified":"2024-09-24T18:22:45","modified_gmt":"2024-09-24T16:22:45","slug":"nothing-breaks-new-york","status":"publish","type":"post","link":"http:\/\/grupo.us.es\/rethinking\/?p=24","title":{"rendered":"Una imagen para el recuerdo"},"content":{"rendered":"\n<p>Estos d\u00edas hablo en clase de las costumbres funerarias romanas. Me gusta compararlas con las nuestras y en esto, amigos, siento decir que tampoco hemos cambiado gran cosa. Llegado el momento, y para estupefacci\u00f3n de mis alumnos, ense\u00f1\u00e9 algunas de esas l\u00e1pidas en las que la gente hoy pone la foto del difunto.  <\/p>\n\n\n\n<p>Retrocediendo mucho en el tiempo, es lo mismo que hizo Cornelia Gala con su marido. Nos lo cuenta en esta inscripci\u00f3n en verso:<\/p>\n\n\n\n<blockquote class=\"wp-block-quote is-layout-flow wp-block-quote-is-layout-flow\">\n<p>\u2018Aqu\u00ed yace Vario, de nombre Frontoniano. Lo enterr\u00f3 su dulce esposa. Para evocar los dulces placeres de la vida pasada mand\u00f3 grabar su rostro, sus ojos y su alma en m\u00e1rmol, para que por mucho tiempo pudiera saciarse de su querida imagen. Su contemplaci\u00f3n la aliviar\u00e1 pues esta prueba palpable de su amor se guarda en su pecho con la dulzura de su coraz\u00f3n incapaz de olvidar y no podr\u00e1, con un olvido f\u00e1cil, desaparecer de sus labios, sino que mientras viva, su marido llenar\u00e1 todo su coraz\u00f3n.\u2019<\/p>\n\n\n\n<p><\/p>\n<\/blockquote>\n\n\n\n<figure class=\"wp-block-gallery has-nested-images columns-default is-cropped wp-block-gallery-1 is-layout-flex wp-block-gallery-is-layout-flex\">\n<figure class=\"wp-block-image size-large\"><img loading=\"lazy\" decoding=\"async\" width=\"886\" height=\"886\" data-id=\"131\" src=\"http:\/\/grupo.us.es\/rethinking\/wp-content\/uploads\/2024\/09\/relieve-funerario-romano-s-iii-dc.jpg\" alt=\"\" class=\"wp-image-131\" srcset=\"http:\/\/grupo.us.es\/rethinking\/wp-content\/uploads\/2024\/09\/relieve-funerario-romano-s-iii-dc.jpg 886w, http:\/\/grupo.us.es\/rethinking\/wp-content\/uploads\/2024\/09\/relieve-funerario-romano-s-iii-dc-300x300.jpg 300w, http:\/\/grupo.us.es\/rethinking\/wp-content\/uploads\/2024\/09\/relieve-funerario-romano-s-iii-dc-150x150.jpg 150w, http:\/\/grupo.us.es\/rethinking\/wp-content\/uploads\/2024\/09\/relieve-funerario-romano-s-iii-dc-768x768.jpg 768w, http:\/\/grupo.us.es\/rethinking\/wp-content\/uploads\/2024\/09\/relieve-funerario-romano-s-iii-dc-130x130.jpg 130w, http:\/\/grupo.us.es\/rethinking\/wp-content\/uploads\/2024\/09\/relieve-funerario-romano-s-iii-dc-106x106.jpg 106w\" sizes=\"auto, (max-width: 886px) 100vw, 886px\" \/><\/figure>\n\n\n\n<figure class=\"wp-block-image size-large\"><img loading=\"lazy\" decoding=\"async\" width=\"300\" height=\"200\" data-id=\"130\" src=\"http:\/\/grupo.us.es\/rethinking\/wp-content\/uploads\/2024\/09\/0030_Grabrelief_Publius_Aiedius_Amphio_und_Frau_Aiedia_Altes_Museum_anagoria.jpg\" alt=\"\" class=\"wp-image-130\"\/><\/figure>\n\n\n\n<figure class=\"wp-block-image size-large\"><img loading=\"lazy\" decoding=\"async\" width=\"680\" height=\"540\" data-id=\"132\" src=\"http:\/\/grupo.us.es\/rethinking\/wp-content\/uploads\/2024\/09\/il_680x540.2322664492_ruvm-3.webp\" alt=\"\" class=\"wp-image-132\" srcset=\"http:\/\/grupo.us.es\/rethinking\/wp-content\/uploads\/2024\/09\/il_680x540.2322664492_ruvm-3.webp 680w, http:\/\/grupo.us.es\/rethinking\/wp-content\/uploads\/2024\/09\/il_680x540.2322664492_ruvm-3-300x238.webp 300w\" sizes=\"auto, (max-width: 680px) 100vw, 680px\" \/><\/figure>\n<\/figure>\n\n\n\n<p>Para un romano era muy importante seguir siendo recordado tras la muerte. Igual que los difuntos en la pel\u00edcula Coco, ellos segu\u00edan vivos mientras alguien les rememorase. Cornelia quer\u00eda tener presente la imagen de su marido, no solo para sentir que a\u00fan quedaba un poco de \u00e9l en este mundo, sino para que su recuerdo nunca muriera.<\/p>\n\n\n\n<p>Lo que nos mueve a nosotros a poner la foto de nuestros muertos en las l\u00e1pidas es el mismo principio: recordar tal como era a alguien que ya no est\u00e1, perpetuando as\u00ed su memoria a trav\u00e9s de los a\u00f1os y regal\u00e1ndole una vida eterna.<\/p>\n\n\n\n<p>La inscripci\u00f3n es del siglo II d. C. y se encontr\u00f3 en <a href=\"https:\/\/es.wikipedia.org\/wiki\/Yacimiento_arqueol%C3%B3gico_de_Ha%C3%AFdra\">Ha\u00efdra<\/a> (T\u00fanez).<\/p>\n\n\n\n<p><strong>Bibliograf\u00eda: <\/strong><em>CIL <\/em>VIII, 434, <em>CLE<\/em> 480.<\/p>\n","protected":false},"excerpt":{"rendered":"<p>Estos d\u00edas hablo en clase de las costumbres funerarias romanas. Me gusta compararlas con las nuestras y en esto, amigos, siento decir que tampoco hemos cambiado gran cosa. Llegado el momento, y para estupefacci\u00f3n de mis alumnos, ense\u00f1\u00e9 algunas de esas l\u00e1pidas en las que la gente hoy pone la foto del difunto.<\/p>\n","protected":false},"author":1,"featured_media":128,"comment_status":"closed","ping_status":"open","sticky":false,"template":"","format":"aside","meta":{"footnotes":""},"categories":[5],"tags":[10,11,7,21,12,13,14,15,22,20,8,17,9,16],"class_list":["post-24","post","type-post","status-publish","format-aside","has-post-thumbnail","hentry","category-blog","tag-ancient","tag-ancientruins","tag-arqueologia","tag-carminalatinaepigraphica","tag-epigrafia","tag-epigraphy","tag-latin","tag-latinepigraphy","tag-literatura","tag-poesiaepigrafica","tag-roma","tag-roman","tag-rome","tag-antiguaroma","post_format-post-format-aside"],"_links":{"self":[{"href":"http:\/\/grupo.us.es\/rethinking\/index.php?rest_route=\/wp\/v2\/posts\/24","targetHints":{"allow":["GET"]}}],"collection":[{"href":"http:\/\/grupo.us.es\/rethinking\/index.php?rest_route=\/wp\/v2\/posts"}],"about":[{"href":"http:\/\/grupo.us.es\/rethinking\/index.php?rest_route=\/wp\/v2\/types\/post"}],"author":[{"embeddable":true,"href":"http:\/\/grupo.us.es\/rethinking\/index.php?rest_route=\/wp\/v2\/users\/1"}],"replies":[{"embeddable":true,"href":"http:\/\/grupo.us.es\/rethinking\/index.php?rest_route=%2Fwp%2Fv2%2Fcomments&post=24"}],"version-history":[{"count":10,"href":"http:\/\/grupo.us.es\/rethinking\/index.php?rest_route=\/wp\/v2\/posts\/24\/revisions"}],"predecessor-version":[{"id":469,"href":"http:\/\/grupo.us.es\/rethinking\/index.php?rest_route=\/wp\/v2\/posts\/24\/revisions\/469"}],"wp:featuredmedia":[{"embeddable":true,"href":"http:\/\/grupo.us.es\/rethinking\/index.php?rest_route=\/wp\/v2\/media\/128"}],"wp:attachment":[{"href":"http:\/\/grupo.us.es\/rethinking\/index.php?rest_route=%2Fwp%2Fv2%2Fmedia&parent=24"}],"wp:term":[{"taxonomy":"category","embeddable":true,"href":"http:\/\/grupo.us.es\/rethinking\/index.php?rest_route=%2Fwp%2Fv2%2Fcategories&post=24"},{"taxonomy":"post_tag","embeddable":true,"href":"http:\/\/grupo.us.es\/rethinking\/index.php?rest_route=%2Fwp%2Fv2%2Ftags&post=24"}],"curies":[{"name":"wp","href":"https:\/\/api.w.org\/{rel}","templated":true}]}}