{"id":3856,"date":"2024-02-10T09:07:31","date_gmt":"2024-02-10T09:07:31","guid":{"rendered":"https:\/\/grupo.us.es\/redlectin\/?p=3856"},"modified":"2024-02-22T10:33:42","modified_gmt":"2024-02-22T10:33:42","slug":"jure-2024","status":"publish","type":"post","link":"https:\/\/grupo.us.es\/redlectin\/jure-2024\/","title":{"rendered":"JURE 2024"},"content":{"rendered":"\t\t<div data-elementor-type=\"wp-post\" data-elementor-id=\"3856\" class=\"elementor elementor-3856\" data-elementor-post-type=\"post\">\n\t\t\t\t<div class=\"elementor-element elementor-element-8f3a325 e-flex e-con-boxed e-con e-child\" data-id=\"8f3a325\" data-element_type=\"container\">\n\t\t\t\t\t<div class=\"e-con-inner\">\n\t\t<div class=\"elementor-element elementor-element-23d64d9 e-con-full e-flex e-con e-child\" data-id=\"23d64d9\" data-element_type=\"container\">\n\t\t\t\t<div class=\"elementor-element elementor-element-a5adbe1 elementor-widget elementor-widget-heading\" data-id=\"a5adbe1\" data-element_type=\"widget\" data-widget_type=\"heading.default\">\n\t\t\t\t<div class=\"elementor-widget-container\">\n\t\t\t\t\t<h2 class=\"elementor-heading-title elementor-size-default\">JURE 2024<\/h2>\t\t\t\t<\/div>\n\t\t\t\t<\/div>\n\t\t\t\t<\/div>\n\t\t<div class=\"elementor-element elementor-element-f00356e e-con-full e-flex e-con e-child\" data-id=\"f00356e\" data-element_type=\"container\">\n\t\t\t\t<div class=\"elementor-element elementor-element-789f1c5 elementor-widget__width-initial elementor-widget elementor-widget-image\" data-id=\"789f1c5\" data-element_type=\"widget\" data-widget_type=\"image.default\">\n\t\t\t\t<div class=\"elementor-widget-container\">\n\t\t\t\t\t\t\t\t\t\t\t\t\t\t\t<img decoding=\"async\" width=\"300\" height=\"107\" src=\"https:\/\/grupo.us.es\/redlectin\/wp-content\/uploads\/2024\/02\/Evento-JURE2024-300x107.png\" class=\"attachment-medium size-medium wp-image-3822\" alt=\"Cartel del evento JURE2024 del 24 al 28 de junio en la Universidad de Sevilla\" srcset=\"https:\/\/grupo.us.es\/redlectin\/wp-content\/uploads\/2024\/02\/Evento-JURE2024-300x107.png 300w, https:\/\/grupo.us.es\/redlectin\/wp-content\/uploads\/2024\/02\/Evento-JURE2024-1024x364.png 1024w, https:\/\/grupo.us.es\/redlectin\/wp-content\/uploads\/2024\/02\/Evento-JURE2024-768x273.png 768w, https:\/\/grupo.us.es\/redlectin\/wp-content\/uploads\/2024\/02\/Evento-JURE2024.png 1137w\" sizes=\"(max-width: 300px) 100vw, 300px\" \/>\t\t\t\t\t\t\t\t\t\t\t\t\t\t\t<\/div>\n\t\t\t\t<\/div>\n\t\t\t\t<div class=\"elementor-element elementor-element-f5246cf elementor-widget__width-initial elementor-icon-list--layout-traditional elementor-list-item-link-full_width elementor-widget elementor-widget-icon-list\" data-id=\"f5246cf\" data-element_type=\"widget\" data-widget_type=\"icon-list.default\">\n\t\t\t\t<div class=\"elementor-widget-container\">\n\t\t\t\t\t\t\t<ul class=\"elementor-icon-list-items\">\n\t\t\t\t\t\t\t<li class=\"elementor-icon-list-item\">\n\t\t\t\t\t\t\t\t\t\t\t<span class=\"elementor-icon-list-icon\">\n\t\t\t\t\t\t\t<i aria-hidden=\"true\" class=\"far fa-calendar-alt\"><\/i>\t\t\t\t\t\t<\/span>\n\t\t\t\t\t\t\t\t\t\t<span class=\"elementor-icon-list-text\">Del 24 al 28 de junio de 2024 <\/span>\n\t\t\t\t\t\t\t\t\t<\/li>\n\t\t\t\t\t\t\t\t<li class=\"elementor-icon-list-item\">\n\t\t\t\t\t\t\t\t\t\t\t<span class=\"elementor-icon-list-icon\">\n\t\t\t\t\t\t\t<i aria-hidden=\"true\" class=\"fas fa-map-marker-alt\"><\/i>\t\t\t\t\t\t<\/span>\n\t\t\t\t\t\t\t\t\t\t<span class=\"elementor-icon-list-text\">Facultad de Psicolog\u00eda de la Universidad de Sevilla <\/span>\n\t\t\t\t\t\t\t\t\t<\/li>\n\t\t\t\t\t\t\t\t<li class=\"elementor-icon-list-item\">\n\t\t\t\t\t\t\t\t\t\t\t<a href=\"https:\/\/www.earli.org\/events\/jure2024\" target=\"_blank\">\n\n\t\t\t\t\t\t\t\t\t\t\t\t<span class=\"elementor-icon-list-icon\">\n\t\t\t\t\t\t\t<i aria-hidden=\"true\" class=\"fas fa-link\"><\/i>\t\t\t\t\t\t<\/span>\n\t\t\t\t\t\t\t\t\t\t<span class=\"elementor-icon-list-text\">Sitio Web<\/span>\n\t\t\t\t\t\t\t\t\t\t\t<\/a>\n\t\t\t\t\t\t\t\t\t<\/li>\n\t\t\t\t\t\t<\/ul>\n\t\t\t\t\t\t<\/div>\n\t\t\t\t<\/div>\n\t\t\t\t<\/div>\n\t\t\t\t\t<\/div>\n\t\t\t\t<\/div>\n\t\t\t\t<\/div>\n\t\t","protected":false},"excerpt":{"rendered":"<p>Del 24 al 28 de junio de 2024 Facultad de Psicolog\u00eda de la Universidad de Sevilla Sitio Web<\/p>\n","protected":false},"author":9,"featured_media":0,"comment_status":"closed","ping_status":"open","sticky":false,"template":"","format":"standard","meta":{"footnotes":""},"categories":[51],"tags":[],"class_list":["post-3856","post","type-post","status-publish","format-standard","hentry","category-evento"],"yoast_head":"<!-- This site is optimized with the Yoast SEO plugin v27.5 - https:\/\/yoast.com\/product\/yoast-seo-wordpress\/ -->\n<title>JURE 2024 - Red Lectin<\/title>\n<meta name=\"robots\" content=\"index, follow, max-snippet:-1, max-image-preview:large, max-video-preview:-1\" \/>\n<link rel=\"canonical\" href=\"https:\/\/grupo.us.es\/redlectin\/jure-2024\/\" \/>\n<meta property=\"og:locale\" content=\"es_ES\" \/>\n<meta property=\"og:type\" content=\"article\" \/>\n<meta property=\"og:title\" content=\"JURE 2024 - Red Lectin\" \/>\n<meta property=\"og:description\" content=\"Del 24 al 28 de junio de 2024 Facultad de Psicolog\u00eda de la Universidad de Sevilla Sitio Web\" \/>\n<meta property=\"og:url\" content=\"https:\/\/grupo.us.es\/redlectin\/jure-2024\/\" \/>\n<meta property=\"og:site_name\" content=\"Red Lectin\" \/>\n<meta property=\"article:published_time\" content=\"2024-02-10T09:07:31+00:00\" \/>\n<meta property=\"article:modified_time\" content=\"2024-02-22T10:33:42+00:00\" \/>\n<meta property=\"og:image\" content=\"https:\/\/grupo.us.es\/redlectin\/wp-content\/uploads\/2024\/02\/Evento-JURE2024-300x107.png\" \/>\n<meta name=\"author\" content=\"juanma munoz roque\" \/>\n<meta name=\"twitter:card\" content=\"summary_large_image\" \/>\n<meta name=\"twitter:label1\" content=\"Escrito por\" \/>\n\t<meta name=\"twitter:data1\" content=\"juanma munoz roque\" \/>\n\t<meta name=\"twitter:label2\" content=\"Tiempo de lectura\" \/>\n\t<meta name=\"twitter:data2\" content=\"1 minuto\" \/>\n<script type=\"application\/ld+json\" class=\"yoast-schema-graph\">{\"@context\":\"https:\\\/\\\/schema.org\",\"@graph\":[{\"@type\":\"Article\",\"@id\":\"https:\\\/\\\/grupo.us.es\\\/redlectin\\\/jure-2024\\\/#article\",\"isPartOf\":{\"@id\":\"https:\\\/\\\/grupo.us.es\\\/redlectin\\\/jure-2024\\\/\"},\"author\":{\"name\":\"juanma munoz roque\",\"@id\":\"https:\\\/\\\/grupo.us.es\\\/redlectin\\\/#\\\/schema\\\/person\\\/8b01d94da0c21eeca2ed2905b68d4936\"},\"headline\":\"JURE 2024\",\"datePublished\":\"2024-02-10T09:07:31+00:00\",\"dateModified\":\"2024-02-22T10:33:42+00:00\",\"mainEntityOfPage\":{\"@id\":\"https:\\\/\\\/grupo.us.es\\\/redlectin\\\/jure-2024\\\/\"},\"wordCount\":17,\"publisher\":{\"@id\":\"https:\\\/\\\/grupo.us.es\\\/redlectin\\\/#organization\"},\"image\":{\"@id\":\"https:\\\/\\\/grupo.us.es\\\/redlectin\\\/jure-2024\\\/#primaryimage\"},\"thumbnailUrl\":\"https:\\\/\\\/grupo.us.es\\\/redlectin\\\/wp-content\\\/uploads\\\/2024\\\/02\\\/Evento-JURE2024-300x107.png\",\"articleSection\":[\"Evento\"],\"inLanguage\":\"es\"},{\"@type\":\"WebPage\",\"@id\":\"https:\\\/\\\/grupo.us.es\\\/redlectin\\\/jure-2024\\\/\",\"url\":\"https:\\\/\\\/grupo.us.es\\\/redlectin\\\/jure-2024\\\/\",\"name\":\"JURE 2024 - Red Lectin\",\"isPartOf\":{\"@id\":\"https:\\\/\\\/grupo.us.es\\\/redlectin\\\/#website\"},\"primaryImageOfPage\":{\"@id\":\"https:\\\/\\\/grupo.us.es\\\/redlectin\\\/jure-2024\\\/#primaryimage\"},\"image\":{\"@id\":\"https:\\\/\\\/grupo.us.es\\\/redlectin\\\/jure-2024\\\/#primaryimage\"},\"thumbnailUrl\":\"https:\\\/\\\/grupo.us.es\\\/redlectin\\\/wp-content\\\/uploads\\\/2024\\\/02\\\/Evento-JURE2024-300x107.png\",\"datePublished\":\"2024-02-10T09:07:31+00:00\",\"dateModified\":\"2024-02-22T10:33:42+00:00\",\"inLanguage\":\"es\",\"potentialAction\":[{\"@type\":\"ReadAction\",\"target\":[\"https:\\\/\\\/grupo.us.es\\\/redlectin\\\/jure-2024\\\/\"]}]},{\"@type\":\"ImageObject\",\"inLanguage\":\"es\",\"@id\":\"https:\\\/\\\/grupo.us.es\\\/redlectin\\\/jure-2024\\\/#primaryimage\",\"url\":\"https:\\\/\\\/grupo.us.es\\\/redlectin\\\/wp-content\\\/uploads\\\/2024\\\/02\\\/Evento-JURE2024.png\",\"contentUrl\":\"https:\\\/\\\/grupo.us.es\\\/redlectin\\\/wp-content\\\/uploads\\\/2024\\\/02\\\/Evento-JURE2024.png\",\"width\":1137,\"height\":404,\"caption\":\"Cartel del evento JURE2024 del 24 al 28 de junio en la Universidad de Sevilla\"},{\"@type\":\"WebSite\",\"@id\":\"https:\\\/\\\/grupo.us.es\\\/redlectin\\\/#website\",\"url\":\"https:\\\/\\\/grupo.us.es\\\/redlectin\\\/\",\"name\":\"Red Lectin\",\"description\":\"Red Lectura inclusiva: Red para la investigaci\u00f3n e innovaci\u00f3n en lectura at\u00edpica\",\"publisher\":{\"@id\":\"https:\\\/\\\/grupo.us.es\\\/redlectin\\\/#organization\"},\"potentialAction\":[{\"@type\":\"SearchAction\",\"target\":{\"@type\":\"EntryPoint\",\"urlTemplate\":\"https:\\\/\\\/grupo.us.es\\\/redlectin\\\/?s={search_term_string}\"},\"query-input\":{\"@type\":\"PropertyValueSpecification\",\"valueRequired\":true,\"valueName\":\"search_term_string\"}}],\"inLanguage\":\"es\"},{\"@type\":\"Organization\",\"@id\":\"https:\\\/\\\/grupo.us.es\\\/redlectin\\\/#organization\",\"name\":\"Red Lectin\",\"url\":\"https:\\\/\\\/grupo.us.es\\\/redlectin\\\/\",\"logo\":{\"@type\":\"ImageObject\",\"inLanguage\":\"es\",\"@id\":\"https:\\\/\\\/grupo.us.es\\\/redlectin\\\/#\\\/schema\\\/logo\\\/image\\\/\",\"url\":\"https:\\\/\\\/grupo.us.es\\\/redlectin\\\/wp-content\\\/uploads\\\/2022\\\/03\\\/logo_us.png\",\"contentUrl\":\"https:\\\/\\\/grupo.us.es\\\/redlectin\\\/wp-content\\\/uploads\\\/2022\\\/03\\\/logo_us.png\",\"width\":300,\"height\":307,\"caption\":\"Red Lectin\"},\"image\":{\"@id\":\"https:\\\/\\\/grupo.us.es\\\/redlectin\\\/#\\\/schema\\\/logo\\\/image\\\/\"}},{\"@type\":\"Person\",\"@id\":\"https:\\\/\\\/grupo.us.es\\\/redlectin\\\/#\\\/schema\\\/person\\\/8b01d94da0c21eeca2ed2905b68d4936\",\"name\":\"juanma munoz roque\",\"image\":{\"@type\":\"ImageObject\",\"inLanguage\":\"es\",\"@id\":\"https:\\\/\\\/secure.gravatar.com\\\/avatar\\\/dd73ffad71eb26656563e9e7c38e8a1b487e29888c1550d631b4e9fd1dbd600d?s=96&d=mm&r=g\",\"url\":\"https:\\\/\\\/secure.gravatar.com\\\/avatar\\\/dd73ffad71eb26656563e9e7c38e8a1b487e29888c1550d631b4e9fd1dbd600d?s=96&d=mm&r=g\",\"contentUrl\":\"https:\\\/\\\/secure.gravatar.com\\\/avatar\\\/dd73ffad71eb26656563e9e7c38e8a1b487e29888c1550d631b4e9fd1dbd600d?s=96&d=mm&r=g\",\"caption\":\"juanma munoz roque\"},\"url\":\"https:\\\/\\\/grupo.us.es\\\/redlectin\\\/author\\\/jmunoz\\\/\"}]}<\/script>\n<!-- \/ Yoast SEO plugin. -->","yoast_head_json":{"title":"JURE 2024 - Red Lectin","robots":{"index":"index","follow":"follow","max-snippet":"max-snippet:-1","max-image-preview":"max-image-preview:large","max-video-preview":"max-video-preview:-1"},"canonical":"https:\/\/grupo.us.es\/redlectin\/jure-2024\/","og_locale":"es_ES","og_type":"article","og_title":"JURE 2024 - Red Lectin","og_description":"Del 24 al 28 de junio de 2024 Facultad de Psicolog\u00eda de la Universidad de Sevilla Sitio Web","og_url":"https:\/\/grupo.us.es\/redlectin\/jure-2024\/","og_site_name":"Red Lectin","article_published_time":"2024-02-10T09:07:31+00:00","article_modified_time":"2024-02-22T10:33:42+00:00","og_image":[{"url":"https:\/\/grupo.us.es\/redlectin\/wp-content\/uploads\/2024\/02\/Evento-JURE2024-300x107.png","type":"","width":"","height":""}],"author":"juanma munoz roque","twitter_card":"summary_large_image","twitter_misc":{"Escrito por":"juanma munoz roque","Tiempo de lectura":"1 minuto"},"schema":{"@context":"https:\/\/schema.org","@graph":[{"@type":"Article","@id":"https:\/\/grupo.us.es\/redlectin\/jure-2024\/#article","isPartOf":{"@id":"https:\/\/grupo.us.es\/redlectin\/jure-2024\/"},"author":{"name":"juanma munoz roque","@id":"https:\/\/grupo.us.es\/redlectin\/#\/schema\/person\/8b01d94da0c21eeca2ed2905b68d4936"},"headline":"JURE 2024","datePublished":"2024-02-10T09:07:31+00:00","dateModified":"2024-02-22T10:33:42+00:00","mainEntityOfPage":{"@id":"https:\/\/grupo.us.es\/redlectin\/jure-2024\/"},"wordCount":17,"publisher":{"@id":"https:\/\/grupo.us.es\/redlectin\/#organization"},"image":{"@id":"https:\/\/grupo.us.es\/redlectin\/jure-2024\/#primaryimage"},"thumbnailUrl":"https:\/\/grupo.us.es\/redlectin\/wp-content\/uploads\/2024\/02\/Evento-JURE2024-300x107.png","articleSection":["Evento"],"inLanguage":"es"},{"@type":"WebPage","@id":"https:\/\/grupo.us.es\/redlectin\/jure-2024\/","url":"https:\/\/grupo.us.es\/redlectin\/jure-2024\/","name":"JURE 2024 - Red Lectin","isPartOf":{"@id":"https:\/\/grupo.us.es\/redlectin\/#website"},"primaryImageOfPage":{"@id":"https:\/\/grupo.us.es\/redlectin\/jure-2024\/#primaryimage"},"image":{"@id":"https:\/\/grupo.us.es\/redlectin\/jure-2024\/#primaryimage"},"thumbnailUrl":"https:\/\/grupo.us.es\/redlectin\/wp-content\/uploads\/2024\/02\/Evento-JURE2024-300x107.png","datePublished":"2024-02-10T09:07:31+00:00","dateModified":"2024-02-22T10:33:42+00:00","inLanguage":"es","potentialAction":[{"@type":"ReadAction","target":["https:\/\/grupo.us.es\/redlectin\/jure-2024\/"]}]},{"@type":"ImageObject","inLanguage":"es","@id":"https:\/\/grupo.us.es\/redlectin\/jure-2024\/#primaryimage","url":"https:\/\/grupo.us.es\/redlectin\/wp-content\/uploads\/2024\/02\/Evento-JURE2024.png","contentUrl":"https:\/\/grupo.us.es\/redlectin\/wp-content\/uploads\/2024\/02\/Evento-JURE2024.png","width":1137,"height":404,"caption":"Cartel del evento JURE2024 del 24 al 28 de junio en la Universidad de Sevilla"},{"@type":"WebSite","@id":"https:\/\/grupo.us.es\/redlectin\/#website","url":"https:\/\/grupo.us.es\/redlectin\/","name":"Red Lectin","description":"Red Lectura inclusiva: Red para la investigaci\u00f3n e innovaci\u00f3n en lectura at\u00edpica","publisher":{"@id":"https:\/\/grupo.us.es\/redlectin\/#organization"},"potentialAction":[{"@type":"SearchAction","target":{"@type":"EntryPoint","urlTemplate":"https:\/\/grupo.us.es\/redlectin\/?s={search_term_string}"},"query-input":{"@type":"PropertyValueSpecification","valueRequired":true,"valueName":"search_term_string"}}],"inLanguage":"es"},{"@type":"Organization","@id":"https:\/\/grupo.us.es\/redlectin\/#organization","name":"Red Lectin","url":"https:\/\/grupo.us.es\/redlectin\/","logo":{"@type":"ImageObject","inLanguage":"es","@id":"https:\/\/grupo.us.es\/redlectin\/#\/schema\/logo\/image\/","url":"https:\/\/grupo.us.es\/redlectin\/wp-content\/uploads\/2022\/03\/logo_us.png","contentUrl":"https:\/\/grupo.us.es\/redlectin\/wp-content\/uploads\/2022\/03\/logo_us.png","width":300,"height":307,"caption":"Red Lectin"},"image":{"@id":"https:\/\/grupo.us.es\/redlectin\/#\/schema\/logo\/image\/"}},{"@type":"Person","@id":"https:\/\/grupo.us.es\/redlectin\/#\/schema\/person\/8b01d94da0c21eeca2ed2905b68d4936","name":"juanma munoz roque","image":{"@type":"ImageObject","inLanguage":"es","@id":"https:\/\/secure.gravatar.com\/avatar\/dd73ffad71eb26656563e9e7c38e8a1b487e29888c1550d631b4e9fd1dbd600d?s=96&d=mm&r=g","url":"https:\/\/secure.gravatar.com\/avatar\/dd73ffad71eb26656563e9e7c38e8a1b487e29888c1550d631b4e9fd1dbd600d?s=96&d=mm&r=g","contentUrl":"https:\/\/secure.gravatar.com\/avatar\/dd73ffad71eb26656563e9e7c38e8a1b487e29888c1550d631b4e9fd1dbd600d?s=96&d=mm&r=g","caption":"juanma munoz roque"},"url":"https:\/\/grupo.us.es\/redlectin\/author\/jmunoz\/"}]}},"_links":{"self":[{"href":"https:\/\/grupo.us.es\/redlectin\/wp-json\/wp\/v2\/posts\/3856","targetHints":{"allow":["GET"]}}],"collection":[{"href":"https:\/\/grupo.us.es\/redlectin\/wp-json\/wp\/v2\/posts"}],"about":[{"href":"https:\/\/grupo.us.es\/redlectin\/wp-json\/wp\/v2\/types\/post"}],"author":[{"embeddable":true,"href":"https:\/\/grupo.us.es\/redlectin\/wp-json\/wp\/v2\/users\/9"}],"replies":[{"embeddable":true,"href":"https:\/\/grupo.us.es\/redlectin\/wp-json\/wp\/v2\/comments?post=3856"}],"version-history":[{"count":0,"href":"https:\/\/grupo.us.es\/redlectin\/wp-json\/wp\/v2\/posts\/3856\/revisions"}],"wp:attachment":[{"href":"https:\/\/grupo.us.es\/redlectin\/wp-json\/wp\/v2\/media?parent=3856"}],"wp:term":[{"taxonomy":"category","embeddable":true,"href":"https:\/\/grupo.us.es\/redlectin\/wp-json\/wp\/v2\/categories?post=3856"},{"taxonomy":"post_tag","embeddable":true,"href":"https:\/\/grupo.us.es\/redlectin\/wp-json\/wp\/v2\/tags?post=3856"}],"curies":[{"name":"wp","href":"https:\/\/api.w.org\/{rel}","templated":true}]}}