{"id":410,"date":"2022-03-24T12:54:53","date_gmt":"2022-03-24T12:54:53","guid":{"rendered":"https:\/\/grupo.us.es\/labhtlnet\/?p=410"},"modified":"2022-03-24T12:54:53","modified_gmt":"2022-03-24T12:54:53","slug":"proyecto-de-paisaje","status":"publish","type":"post","link":"https:\/\/grupo.us.es\/labhtlnet\/proyecto-de-paisaje\/","title":{"rendered":"Proyecto de paisaje"},"content":{"rendered":"<p>Esta l\u00ednea de investigaci\u00f3n se centra en el ejercicio proyectual arquitect\u00f3nico sobre el paisaje. Explora, a trav\u00e9s de casos de estudio concretos, metodolog\u00edas de proyecto arquitect\u00f3nico para transmitir a la poblaci\u00f3n los hitos, fen\u00f3menos, procesos y relaciones que manifiesta el paisaje y que recuperan la memoria del lugar. La l\u00ednea desarrolla t\u00e9cnicas proyectuales para que la arquitectura sea capaz de articular \u2018lo patrimonial\u2019 con las formas de aprovechamiento del tiempo libre y uso social del espacio urbano o el territorio propias de la sociedad contempor\u00e1nea, reflexionando sobre c\u00f3mo desde la arquitectura se puede fortalecer la relaci\u00f3n subyacente entre ciudadan\u00eda, patrimonio y paisaje. De este modo, se investiga c\u00f3mo el dise\u00f1o arquitect\u00f3nico puede mostrar los bienes patrimoniales y sus relaciones como una capa de significado del paisaje, ya sea urbano o territorial, y dar a dichas capas un uso que responda a las necesidades del presente<strong>.<\/strong><\/p>\n","protected":false},"excerpt":{"rendered":"<p>Esta l\u00ednea de investigaci\u00f3n se centra en el ejercicio proyectual arquitect\u00f3nico sobre el paisaje. Explora, a trav\u00e9s de casos de estudio concretos, metodolog\u00edas de proyecto arquitect\u00f3nico para transmitir a la poblaci\u00f3n los hitos, fen\u00f3menos, procesos y relaciones que manifiesta el paisaje y que recuperan la memoria del lugar. La l\u00ednea desarrolla t\u00e9cnicas proyectuales para que [&hellip;]<\/p>\n","protected":false},"author":1,"featured_media":400,"comment_status":"open","ping_status":"open","sticky":false,"template":"","format":"standard","meta":{"footnotes":""},"categories":[11],"tags":[],"class_list":["post-410","post","type-post","status-publish","format-standard","has-post-thumbnail","hentry","category-lineas-de-investigacion"],"yoast_head":"<!-- This site is optimized with the Yoast SEO plugin v26.2 - https:\/\/yoast.com\/wordpress\/plugins\/seo\/ -->\n<title>Proyecto de paisaje - Laboratorio de Redes de Patrimonio Turismo y Paisaje<\/title>\n<meta name=\"robots\" content=\"index, follow, max-snippet:-1, max-image-preview:large, max-video-preview:-1\" \/>\n<link rel=\"canonical\" href=\"https:\/\/grupo.us.es\/labhtlnet\/proyecto-de-paisaje\/\" \/>\n<meta property=\"og:locale\" content=\"es_ES\" \/>\n<meta property=\"og:type\" content=\"article\" \/>\n<meta property=\"og:title\" content=\"Proyecto de paisaje - Laboratorio de Redes de Patrimonio Turismo y Paisaje\" \/>\n<meta property=\"og:description\" content=\"Esta l\u00ednea de investigaci\u00f3n se centra en el ejercicio proyectual arquitect\u00f3nico sobre el paisaje. Explora, a trav\u00e9s de casos de estudio concretos, metodolog\u00edas de proyecto arquitect\u00f3nico para transmitir a la poblaci\u00f3n los hitos, fen\u00f3menos, procesos y relaciones que manifiesta el paisaje y que recuperan la memoria del lugar. La l\u00ednea desarrolla t\u00e9cnicas proyectuales para que [&hellip;]\" \/>\n<meta property=\"og:url\" content=\"https:\/\/grupo.us.es\/labhtlnet\/proyecto-de-paisaje\/\" \/>\n<meta property=\"og:site_name\" content=\"Laboratorio de Redes de Patrimonio Turismo y Paisaje\" \/>\n<meta property=\"article:published_time\" content=\"2022-03-24T12:54:53+00:00\" \/>\n<meta property=\"og:image\" content=\"https:\/\/grupo.us.es\/labhtlnet\/wp-content\/uploads\/2022\/03\/imagen-destacada-sin.jpg\" \/>\n\t<meta property=\"og:image:width\" content=\"1200\" \/>\n\t<meta property=\"og:image:height\" content=\"200\" \/>\n\t<meta property=\"og:image:type\" content=\"image\/jpeg\" \/>\n<meta name=\"author\" content=\"dartigas\" \/>\n<meta name=\"twitter:card\" content=\"summary_large_image\" \/>\n<meta name=\"twitter:label1\" content=\"Escrito por\" \/>\n\t<meta name=\"twitter:data1\" content=\"dartigas\" \/>\n\t<meta name=\"twitter:label2\" content=\"Tiempo de lectura\" \/>\n\t<meta name=\"twitter:data2\" content=\"1 minuto\" \/>\n<script type=\"application\/ld+json\" class=\"yoast-schema-graph\">{\"@context\":\"https:\/\/schema.org\",\"@graph\":[{\"@type\":\"Article\",\"@id\":\"https:\/\/grupo.us.es\/labhtlnet\/proyecto-de-paisaje\/#article\",\"isPartOf\":{\"@id\":\"https:\/\/grupo.us.es\/labhtlnet\/proyecto-de-paisaje\/\"},\"author\":{\"name\":\"dartigas\",\"@id\":\"https:\/\/grupo.us.es\/labhtlnet\/#\/schema\/person\/0ea34c2b21369a26d6e7e2c04265baed\"},\"headline\":\"Proyecto de paisaje\",\"datePublished\":\"2022-03-24T12:54:53+00:00\",\"mainEntityOfPage\":{\"@id\":\"https:\/\/grupo.us.es\/labhtlnet\/proyecto-de-paisaje\/\"},\"wordCount\":165,\"commentCount\":0,\"publisher\":{\"@id\":\"https:\/\/grupo.us.es\/labhtlnet\/#organization\"},\"image\":{\"@id\":\"https:\/\/grupo.us.es\/labhtlnet\/proyecto-de-paisaje\/#primaryimage\"},\"thumbnailUrl\":\"https:\/\/grupo.us.es\/labhtlnet\/wp-content\/uploads\/2022\/03\/imagen-destacada-sin.jpg\",\"articleSection\":[\"L\u00edneas de Investigaci\u00f3n\"],\"inLanguage\":\"es\",\"potentialAction\":[{\"@type\":\"CommentAction\",\"name\":\"Comment\",\"target\":[\"https:\/\/grupo.us.es\/labhtlnet\/proyecto-de-paisaje\/#respond\"]}]},{\"@type\":\"WebPage\",\"@id\":\"https:\/\/grupo.us.es\/labhtlnet\/proyecto-de-paisaje\/\",\"url\":\"https:\/\/grupo.us.es\/labhtlnet\/proyecto-de-paisaje\/\",\"name\":\"Proyecto de paisaje - Laboratorio de Redes de Patrimonio Turismo y Paisaje\",\"isPartOf\":{\"@id\":\"https:\/\/grupo.us.es\/labhtlnet\/#website\"},\"primaryImageOfPage\":{\"@id\":\"https:\/\/grupo.us.es\/labhtlnet\/proyecto-de-paisaje\/#primaryimage\"},\"image\":{\"@id\":\"https:\/\/grupo.us.es\/labhtlnet\/proyecto-de-paisaje\/#primaryimage\"},\"thumbnailUrl\":\"https:\/\/grupo.us.es\/labhtlnet\/wp-content\/uploads\/2022\/03\/imagen-destacada-sin.jpg\",\"datePublished\":\"2022-03-24T12:54:53+00:00\",\"inLanguage\":\"es\",\"potentialAction\":[{\"@type\":\"ReadAction\",\"target\":[\"https:\/\/grupo.us.es\/labhtlnet\/proyecto-de-paisaje\/\"]}]},{\"@type\":\"ImageObject\",\"inLanguage\":\"es\",\"@id\":\"https:\/\/grupo.us.es\/labhtlnet\/proyecto-de-paisaje\/#primaryimage\",\"url\":\"https:\/\/grupo.us.es\/labhtlnet\/wp-content\/uploads\/2022\/03\/imagen-destacada-sin.jpg\",\"contentUrl\":\"https:\/\/grupo.us.es\/labhtlnet\/wp-content\/uploads\/2022\/03\/imagen-destacada-sin.jpg\",\"width\":1200,\"height\":200},{\"@type\":\"WebSite\",\"@id\":\"https:\/\/grupo.us.es\/labhtlnet\/#website\",\"url\":\"https:\/\/grupo.us.es\/labhtlnet\/\",\"name\":\"Laboratorio de Redes de Patrimonio Turismo y Paisaje\",\"description\":\"\",\"publisher\":{\"@id\":\"https:\/\/grupo.us.es\/labhtlnet\/#organization\"},\"potentialAction\":[{\"@type\":\"SearchAction\",\"target\":{\"@type\":\"EntryPoint\",\"urlTemplate\":\"https:\/\/grupo.us.es\/labhtlnet\/?s={search_term_string}\"},\"query-input\":{\"@type\":\"PropertyValueSpecification\",\"valueRequired\":true,\"valueName\":\"search_term_string\"}}],\"inLanguage\":\"es\"},{\"@type\":\"Organization\",\"@id\":\"https:\/\/grupo.us.es\/labhtlnet\/#organization\",\"name\":\"Laboratorio de Redes de Patrimonio Turismo y Paisaje\",\"url\":\"https:\/\/grupo.us.es\/labhtlnet\/\",\"logo\":{\"@type\":\"ImageObject\",\"inLanguage\":\"es\",\"@id\":\"https:\/\/grupo.us.es\/labhtlnet\/#\/schema\/logo\/image\/\",\"url\":\"https:\/\/grupo.us.es\/labhtlnet\/wp-content\/uploads\/2022\/06\/cropped-Logo-LAB-1.jpg\",\"contentUrl\":\"https:\/\/grupo.us.es\/labhtlnet\/wp-content\/uploads\/2022\/06\/cropped-Logo-LAB-1.jpg\",\"width\":200,\"height\":44,\"caption\":\"Laboratorio de Redes de Patrimonio Turismo y Paisaje\"},\"image\":{\"@id\":\"https:\/\/grupo.us.es\/labhtlnet\/#\/schema\/logo\/image\/\"}},{\"@type\":\"Person\",\"@id\":\"https:\/\/grupo.us.es\/labhtlnet\/#\/schema\/person\/0ea34c2b21369a26d6e7e2c04265baed\",\"name\":\"dartigas\",\"image\":{\"@type\":\"ImageObject\",\"inLanguage\":\"es\",\"@id\":\"https:\/\/grupo.us.es\/labhtlnet\/#\/schema\/person\/image\/\",\"url\":\"https:\/\/secure.gravatar.com\/avatar\/2ef85687ff0d3d82be312d59cb72f849b0e166ba82ad9eede91d680525fa2f7b?s=96&d=mm&r=g\",\"contentUrl\":\"https:\/\/secure.gravatar.com\/avatar\/2ef85687ff0d3d82be312d59cb72f849b0e166ba82ad9eede91d680525fa2f7b?s=96&d=mm&r=g\",\"caption\":\"dartigas\"},\"sameAs\":[\"https:\/\/grupo.us.es\/labhtlnet\"],\"url\":\"https:\/\/grupo.us.es\/labhtlnet\/author\/dartigas\/\"}]}<\/script>\n<!-- \/ Yoast SEO plugin. -->","yoast_head_json":{"title":"Proyecto de paisaje - Laboratorio de Redes de Patrimonio Turismo y Paisaje","robots":{"index":"index","follow":"follow","max-snippet":"max-snippet:-1","max-image-preview":"max-image-preview:large","max-video-preview":"max-video-preview:-1"},"canonical":"https:\/\/grupo.us.es\/labhtlnet\/proyecto-de-paisaje\/","og_locale":"es_ES","og_type":"article","og_title":"Proyecto de paisaje - Laboratorio de Redes de Patrimonio Turismo y Paisaje","og_description":"Esta l\u00ednea de investigaci\u00f3n se centra en el ejercicio proyectual arquitect\u00f3nico sobre el paisaje. Explora, a trav\u00e9s de casos de estudio concretos, metodolog\u00edas de proyecto arquitect\u00f3nico para transmitir a la poblaci\u00f3n los hitos, fen\u00f3menos, procesos y relaciones que manifiesta el paisaje y que recuperan la memoria del lugar. La l\u00ednea desarrolla t\u00e9cnicas proyectuales para que [&hellip;]","og_url":"https:\/\/grupo.us.es\/labhtlnet\/proyecto-de-paisaje\/","og_site_name":"Laboratorio de Redes de Patrimonio Turismo y Paisaje","article_published_time":"2022-03-24T12:54:53+00:00","og_image":[{"width":1200,"height":200,"url":"https:\/\/grupo.us.es\/labhtlnet\/wp-content\/uploads\/2022\/03\/imagen-destacada-sin.jpg","type":"image\/jpeg"}],"author":"dartigas","twitter_card":"summary_large_image","twitter_misc":{"Escrito por":"dartigas","Tiempo de lectura":"1 minuto"},"schema":{"@context":"https:\/\/schema.org","@graph":[{"@type":"Article","@id":"https:\/\/grupo.us.es\/labhtlnet\/proyecto-de-paisaje\/#article","isPartOf":{"@id":"https:\/\/grupo.us.es\/labhtlnet\/proyecto-de-paisaje\/"},"author":{"name":"dartigas","@id":"https:\/\/grupo.us.es\/labhtlnet\/#\/schema\/person\/0ea34c2b21369a26d6e7e2c04265baed"},"headline":"Proyecto de paisaje","datePublished":"2022-03-24T12:54:53+00:00","mainEntityOfPage":{"@id":"https:\/\/grupo.us.es\/labhtlnet\/proyecto-de-paisaje\/"},"wordCount":165,"commentCount":0,"publisher":{"@id":"https:\/\/grupo.us.es\/labhtlnet\/#organization"},"image":{"@id":"https:\/\/grupo.us.es\/labhtlnet\/proyecto-de-paisaje\/#primaryimage"},"thumbnailUrl":"https:\/\/grupo.us.es\/labhtlnet\/wp-content\/uploads\/2022\/03\/imagen-destacada-sin.jpg","articleSection":["L\u00edneas de Investigaci\u00f3n"],"inLanguage":"es","potentialAction":[{"@type":"CommentAction","name":"Comment","target":["https:\/\/grupo.us.es\/labhtlnet\/proyecto-de-paisaje\/#respond"]}]},{"@type":"WebPage","@id":"https:\/\/grupo.us.es\/labhtlnet\/proyecto-de-paisaje\/","url":"https:\/\/grupo.us.es\/labhtlnet\/proyecto-de-paisaje\/","name":"Proyecto de paisaje - Laboratorio de Redes de Patrimonio Turismo y Paisaje","isPartOf":{"@id":"https:\/\/grupo.us.es\/labhtlnet\/#website"},"primaryImageOfPage":{"@id":"https:\/\/grupo.us.es\/labhtlnet\/proyecto-de-paisaje\/#primaryimage"},"image":{"@id":"https:\/\/grupo.us.es\/labhtlnet\/proyecto-de-paisaje\/#primaryimage"},"thumbnailUrl":"https:\/\/grupo.us.es\/labhtlnet\/wp-content\/uploads\/2022\/03\/imagen-destacada-sin.jpg","datePublished":"2022-03-24T12:54:53+00:00","inLanguage":"es","potentialAction":[{"@type":"ReadAction","target":["https:\/\/grupo.us.es\/labhtlnet\/proyecto-de-paisaje\/"]}]},{"@type":"ImageObject","inLanguage":"es","@id":"https:\/\/grupo.us.es\/labhtlnet\/proyecto-de-paisaje\/#primaryimage","url":"https:\/\/grupo.us.es\/labhtlnet\/wp-content\/uploads\/2022\/03\/imagen-destacada-sin.jpg","contentUrl":"https:\/\/grupo.us.es\/labhtlnet\/wp-content\/uploads\/2022\/03\/imagen-destacada-sin.jpg","width":1200,"height":200},{"@type":"WebSite","@id":"https:\/\/grupo.us.es\/labhtlnet\/#website","url":"https:\/\/grupo.us.es\/labhtlnet\/","name":"Laboratorio de Redes de Patrimonio Turismo y Paisaje","description":"","publisher":{"@id":"https:\/\/grupo.us.es\/labhtlnet\/#organization"},"potentialAction":[{"@type":"SearchAction","target":{"@type":"EntryPoint","urlTemplate":"https:\/\/grupo.us.es\/labhtlnet\/?s={search_term_string}"},"query-input":{"@type":"PropertyValueSpecification","valueRequired":true,"valueName":"search_term_string"}}],"inLanguage":"es"},{"@type":"Organization","@id":"https:\/\/grupo.us.es\/labhtlnet\/#organization","name":"Laboratorio de Redes de Patrimonio Turismo y Paisaje","url":"https:\/\/grupo.us.es\/labhtlnet\/","logo":{"@type":"ImageObject","inLanguage":"es","@id":"https:\/\/grupo.us.es\/labhtlnet\/#\/schema\/logo\/image\/","url":"https:\/\/grupo.us.es\/labhtlnet\/wp-content\/uploads\/2022\/06\/cropped-Logo-LAB-1.jpg","contentUrl":"https:\/\/grupo.us.es\/labhtlnet\/wp-content\/uploads\/2022\/06\/cropped-Logo-LAB-1.jpg","width":200,"height":44,"caption":"Laboratorio de Redes de Patrimonio Turismo y Paisaje"},"image":{"@id":"https:\/\/grupo.us.es\/labhtlnet\/#\/schema\/logo\/image\/"}},{"@type":"Person","@id":"https:\/\/grupo.us.es\/labhtlnet\/#\/schema\/person\/0ea34c2b21369a26d6e7e2c04265baed","name":"dartigas","image":{"@type":"ImageObject","inLanguage":"es","@id":"https:\/\/grupo.us.es\/labhtlnet\/#\/schema\/person\/image\/","url":"https:\/\/secure.gravatar.com\/avatar\/2ef85687ff0d3d82be312d59cb72f849b0e166ba82ad9eede91d680525fa2f7b?s=96&d=mm&r=g","contentUrl":"https:\/\/secure.gravatar.com\/avatar\/2ef85687ff0d3d82be312d59cb72f849b0e166ba82ad9eede91d680525fa2f7b?s=96&d=mm&r=g","caption":"dartigas"},"sameAs":["https:\/\/grupo.us.es\/labhtlnet"],"url":"https:\/\/grupo.us.es\/labhtlnet\/author\/dartigas\/"}]}},"_links":{"self":[{"href":"https:\/\/grupo.us.es\/labhtlnet\/wp-json\/wp\/v2\/posts\/410","targetHints":{"allow":["GET"]}}],"collection":[{"href":"https:\/\/grupo.us.es\/labhtlnet\/wp-json\/wp\/v2\/posts"}],"about":[{"href":"https:\/\/grupo.us.es\/labhtlnet\/wp-json\/wp\/v2\/types\/post"}],"author":[{"embeddable":true,"href":"https:\/\/grupo.us.es\/labhtlnet\/wp-json\/wp\/v2\/users\/1"}],"replies":[{"embeddable":true,"href":"https:\/\/grupo.us.es\/labhtlnet\/wp-json\/wp\/v2\/comments?post=410"}],"version-history":[{"count":0,"href":"https:\/\/grupo.us.es\/labhtlnet\/wp-json\/wp\/v2\/posts\/410\/revisions"}],"wp:featuredmedia":[{"embeddable":true,"href":"https:\/\/grupo.us.es\/labhtlnet\/wp-json\/wp\/v2\/media\/400"}],"wp:attachment":[{"href":"https:\/\/grupo.us.es\/labhtlnet\/wp-json\/wp\/v2\/media?parent=410"}],"wp:term":[{"taxonomy":"category","embeddable":true,"href":"https:\/\/grupo.us.es\/labhtlnet\/wp-json\/wp\/v2\/categories?post=410"},{"taxonomy":"post_tag","embeddable":true,"href":"https:\/\/grupo.us.es\/labhtlnet\/wp-json\/wp\/v2\/tags?post=410"}],"curies":[{"name":"wp","href":"https:\/\/api.w.org\/{rel}","templated":true}]}}