{"id":1606,"date":"2022-06-17T10:16:47","date_gmt":"2022-06-17T10:16:47","guid":{"rendered":"https:\/\/grupo.us.es\/labhtlnet\/carlos-plaza-copy\/"},"modified":"2023-09-28T11:32:24","modified_gmt":"2023-09-28T11:32:24","slug":"cristina-vicente-gilabert","status":"publish","type":"post","link":"https:\/\/grupo.us.es\/labhtlnet\/cristina-vicente-gilabert\/","title":{"rendered":"Cristina Vicente Gilabert"},"content":{"rendered":"\t\t<div data-elementor-type=\"wp-post\" data-elementor-id=\"1606\" class=\"elementor elementor-1606\" data-elementor-post-type=\"post\">\n\t\t\t\t\t\t<section class=\"elementor-section elementor-top-section elementor-element elementor-element-c255e72 elementor-section-boxed elementor-section-height-default elementor-section-height-default\" data-id=\"c255e72\" data-element_type=\"section\">\n\t\t\t\t\t\t<div class=\"elementor-container elementor-column-gap-default\">\n\t\t\t\t\t<div class=\"elementor-column elementor-col-50 elementor-top-column elementor-element elementor-element-e8c81a9\" data-id=\"e8c81a9\" data-element_type=\"column\">\n\t\t\t<div class=\"elementor-widget-wrap elementor-element-populated\">\n\t\t\t\t\t\t<div class=\"elementor-element elementor-element-3ac3c4e elementor-widget elementor-widget-image\" data-id=\"3ac3c4e\" data-element_type=\"widget\" data-widget_type=\"image.default\">\n\t\t\t\t<div class=\"elementor-widget-container\">\n\t\t\t\t\t\t\t\t\t\t\t\t\t\t\t<img fetchpriority=\"high\" decoding=\"async\" width=\"500\" height=\"500\" src=\"https:\/\/grupo.us.es\/labhtlnet\/wp-content\/uploads\/2022\/06\/INVESTIGADOR_CVG.jpg\" class=\"attachment-large size-large wp-image-1608\" alt=\"\" srcset=\"https:\/\/grupo.us.es\/labhtlnet\/wp-content\/uploads\/2022\/06\/INVESTIGADOR_CVG.jpg 500w, https:\/\/grupo.us.es\/labhtlnet\/wp-content\/uploads\/2022\/06\/INVESTIGADOR_CVG-300x300.jpg 300w, https:\/\/grupo.us.es\/labhtlnet\/wp-content\/uploads\/2022\/06\/INVESTIGADOR_CVG-150x150.jpg 150w\" sizes=\"(max-width: 500px) 100vw, 500px\" \/>\t\t\t\t\t\t\t\t\t\t\t\t\t\t\t<\/div>\n\t\t\t\t<\/div>\n\t\t\t\t<div class=\"elementor-element elementor-element-a3b439b elementor-icon-list--layout-traditional elementor-list-item-link-full_width elementor-widget elementor-widget-icon-list\" data-id=\"a3b439b\" data-element_type=\"widget\" data-widget_type=\"icon-list.default\">\n\t\t\t\t<div class=\"elementor-widget-container\">\n\t\t\t\t\t\t\t<ul class=\"elementor-icon-list-items\">\n\t\t\t\t\t\t\t<li class=\"elementor-icon-list-item\">\n\t\t\t\t\t\t\t\t\t\t\t<span class=\"elementor-icon-list-icon\">\n\t\t\t\t\t\t\t<i aria-hidden=\"true\" class=\"fas fa-university\"><\/i>\t\t\t\t\t\t<\/span>\n\t\t\t\t\t\t\t\t\t\t<span class=\"elementor-icon-list-text\">Personal Investigador en Formaci\u00f3n FPU, Departamento de Proyectos Arquitect\u00f3nicos, Universidad de Sevilla<\/span>\n\t\t\t\t\t\t\t\t\t<\/li>\n\t\t\t\t\t\t\t\t<li class=\"elementor-icon-list-item\">\n\t\t\t\t\t\t\t\t\t\t\t<a href=\"mailto:cvicente@us.es\">\n\n\t\t\t\t\t\t\t\t\t\t\t\t<span class=\"elementor-icon-list-icon\">\n\t\t\t\t\t\t\t<i aria-hidden=\"true\" class=\"fas fa-mail-bulk\"><\/i>\t\t\t\t\t\t<\/span>\n\t\t\t\t\t\t\t\t\t\t<span class=\"elementor-icon-list-text\">cvicente@us.es<\/span>\n\t\t\t\t\t\t\t\t\t\t\t<\/a>\n\t\t\t\t\t\t\t\t\t<\/li>\n\t\t\t\t\t\t\t\t<li class=\"elementor-icon-list-item\">\n\t\t\t\t\t\t\t\t\t\t\t<a href=\"https:\/\/orcid.org\/0000-0001-8309-0352\" target=\"_blank\" rel=\"nofollow\">\n\n\t\t\t\t\t\t\t\t\t\t\t\t<span class=\"elementor-icon-list-icon\">\n\t\t\t\t\t\t\t<i aria-hidden=\"true\" class=\"fas fa-link\"><\/i>\t\t\t\t\t\t<\/span>\n\t\t\t\t\t\t\t\t\t\t<span class=\"elementor-icon-list-text\">ORCID: 0000-0001-8309-0352<\/span>\n\t\t\t\t\t\t\t\t\t\t\t<\/a>\n\t\t\t\t\t\t\t\t\t<\/li>\n\t\t\t\t\t\t\t\t<li class=\"elementor-icon-list-item\">\n\t\t\t\t\t\t\t\t\t\t\t<a href=\"https:\/\/scholar.google.es\/citations?user=FjZ7gEgAAAAJ\" target=\"_blank\" rel=\"nofollow\">\n\n\t\t\t\t\t\t\t\t\t\t\t\t<span class=\"elementor-icon-list-icon\">\n\t\t\t\t\t\t\t<i aria-hidden=\"true\" class=\"fab fa-google\"><\/i>\t\t\t\t\t\t<\/span>\n\t\t\t\t\t\t\t\t\t\t<span class=\"elementor-icon-list-text\">Google Scholar: FjZ7gEgAAAAJ<\/span>\n\t\t\t\t\t\t\t\t\t\t\t<\/a>\n\t\t\t\t\t\t\t\t\t<\/li>\n\t\t\t\t\t\t\t\t<li class=\"elementor-icon-list-item\">\n\t\t\t\t\t\t\t\t\t\t\t<a href=\"https:\/\/www.instagram.com\/cvg.arch\/\" target=\"_blank\" rel=\"nofollow\">\n\n\t\t\t\t\t\t\t\t\t\t\t\t<span class=\"elementor-icon-list-icon\">\n\t\t\t\t\t\t\t<i aria-hidden=\"true\" class=\"fab fa-instagram\"><\/i>\t\t\t\t\t\t<\/span>\n\t\t\t\t\t\t\t\t\t\t<span class=\"elementor-icon-list-text\">@cvg.arch<\/span>\n\t\t\t\t\t\t\t\t\t\t\t<\/a>\n\t\t\t\t\t\t\t\t\t<\/li>\n\t\t\t\t\t\t<\/ul>\n\t\t\t\t\t\t<\/div>\n\t\t\t\t<\/div>\n\t\t\t\t\t<\/div>\n\t\t<\/div>\n\t\t\t\t<div class=\"elementor-column elementor-col-50 elementor-top-column elementor-element elementor-element-fe2803a\" data-id=\"fe2803a\" data-element_type=\"column\">\n\t\t\t<div class=\"elementor-widget-wrap elementor-element-populated\">\n\t\t\t\t\t\t<div class=\"elementor-element elementor-element-f106fd1 elementor-widget elementor-widget-text-editor\" data-id=\"f106fd1\" data-element_type=\"widget\" data-widget_type=\"text-editor.default\">\n\t\t\t\t<div class=\"elementor-widget-container\">\n\t\t\t\t\t\t\t\t\t<p>Arquitecta por la Universidad de Sevilla en 2019. Se inicia en la investigaci\u00f3n gracias a las becas de Iniciaci\u00f3n a la Investigaci\u00f3n y Colaboraci\u00f3n, de la Universidad de Sevilla y el Ministerio de Educaci\u00f3n, disfrutadas entre los a\u00f1os 2018 y 2019. Desde octubre de 2019 es contratada predoctoral del Ministerio de Universidades mediante una ayuda FPU (Formaci\u00f3n del Profesorado Universitario) en el departamento de Proyectos Arquitect\u00f3nicos de la ETSA de Sevilla, donde imparte docencia.<\/p><p>Actualmente realiza una tesis doctoral en cotutela con la Universit\u00e0 Sapienza di Roma, en el programa de doctorado en Paesaggio e Ambiente. La tesis doctoral en marcha sit\u00faa su punto de partida en el debate contempor\u00e1neo sobre la relaci\u00f3n entre patrimonio y su contexto a trav\u00e9s de los postulados del Paisaje Urbano Hist\u00f3rico.<\/p><p>Desde esta posici\u00f3n, propone un m\u00e9todo anal\u00edtico y proyectual encaminado a iluminar los paisajes impl\u00edcitos del patrimonio en la ciudad contempor\u00e1nea. En los \u00faltimos a\u00f1os ha obtenido varios premios y menciones en concursos de arquitectura (Solar Decathlon 2019, AR&amp;PA 2020, ASEMAS: Arquitectura para el d\u00eda despu\u00e9s 2020, y CEIT Canarias 2021). En el \u00e1mbito de la investigaci\u00f3n, ha participado en el grupo de trabajo de diferentes proyectos relacionados con el Patrimonio y el Paisaje, como el Servicio de redacci\u00f3n del Plan Director de Conservaci\u00f3n del Patrimonio Inmueble Hist\u00f3rico de Sevilla y los proyectos GISPARQ (US-1263780), MuSA (PID2020-119437RB-I00) y ViDA (PDC2021-121563-I00).<\/p>\t\t\t\t\t\t\t\t<\/div>\n\t\t\t\t<\/div>\n\t\t\t\t\t<\/div>\n\t\t<\/div>\n\t\t\t\t\t<\/div>\n\t\t<\/section>\n\t\t\t\t<\/div>\n\t\t","protected":false},"excerpt":{"rendered":"<p>Personal Investigador en Formaci\u00f3n FPU<br \/>\nDepartamento de Proyectos Arquitect\u00f3nicos.<\/p>\n","protected":false},"author":1,"featured_media":1608,"comment_status":"open","ping_status":"open","sticky":false,"template":"","format":"standard","meta":{"footnotes":""},"categories":[13],"tags":[],"class_list":["post-1606","post","type-post","status-publish","format-standard","has-post-thumbnail","hentry","category-miembro-del-equipo"],"yoast_head":"<!-- This site is optimized with the Yoast SEO plugin v26.2 - https:\/\/yoast.com\/wordpress\/plugins\/seo\/ -->\n<title>Cristina Vicente Gilabert - Laboratorio de Redes de Patrimonio Turismo y Paisaje<\/title>\n<meta name=\"robots\" content=\"index, follow, max-snippet:-1, max-image-preview:large, max-video-preview:-1\" \/>\n<link rel=\"canonical\" href=\"https:\/\/grupo.us.es\/labhtlnet\/cristina-vicente-gilabert\/\" \/>\n<meta property=\"og:locale\" content=\"es_ES\" \/>\n<meta property=\"og:type\" content=\"article\" \/>\n<meta property=\"og:title\" content=\"Cristina Vicente Gilabert - Laboratorio de Redes de Patrimonio Turismo y Paisaje\" \/>\n<meta property=\"og:description\" content=\"Personal Investigador en Formaci\u00f3n FPU Departamento de Proyectos Arquitect\u00f3nicos.\" \/>\n<meta property=\"og:url\" content=\"https:\/\/grupo.us.es\/labhtlnet\/cristina-vicente-gilabert\/\" \/>\n<meta property=\"og:site_name\" content=\"Laboratorio de Redes de Patrimonio Turismo y Paisaje\" \/>\n<meta property=\"article:published_time\" content=\"2022-06-17T10:16:47+00:00\" \/>\n<meta property=\"article:modified_time\" content=\"2023-09-28T11:32:24+00:00\" \/>\n<meta property=\"og:image\" content=\"https:\/\/grupo.us.es\/labhtlnet\/wp-content\/uploads\/2022\/06\/INVESTIGADOR_CVG.jpg\" \/>\n\t<meta property=\"og:image:width\" content=\"500\" \/>\n\t<meta property=\"og:image:height\" content=\"500\" \/>\n\t<meta property=\"og:image:type\" content=\"image\/jpeg\" \/>\n<meta name=\"author\" content=\"dartigas\" \/>\n<meta name=\"twitter:card\" content=\"summary_large_image\" \/>\n<meta name=\"twitter:label1\" content=\"Escrito por\" \/>\n\t<meta name=\"twitter:data1\" content=\"dartigas\" \/>\n\t<meta name=\"twitter:label2\" content=\"Tiempo de lectura\" \/>\n\t<meta name=\"twitter:data2\" content=\"2 minutos\" \/>\n<script type=\"application\/ld+json\" class=\"yoast-schema-graph\">{\"@context\":\"https:\/\/schema.org\",\"@graph\":[{\"@type\":\"Article\",\"@id\":\"https:\/\/grupo.us.es\/labhtlnet\/cristina-vicente-gilabert\/#article\",\"isPartOf\":{\"@id\":\"https:\/\/grupo.us.es\/labhtlnet\/cristina-vicente-gilabert\/\"},\"author\":{\"name\":\"dartigas\",\"@id\":\"https:\/\/grupo.us.es\/labhtlnet\/#\/schema\/person\/0ea34c2b21369a26d6e7e2c04265baed\"},\"headline\":\"Cristina Vicente Gilabert\",\"datePublished\":\"2022-06-17T10:16:47+00:00\",\"dateModified\":\"2023-09-28T11:32:24+00:00\",\"mainEntityOfPage\":{\"@id\":\"https:\/\/grupo.us.es\/labhtlnet\/cristina-vicente-gilabert\/\"},\"wordCount\":280,\"commentCount\":0,\"publisher\":{\"@id\":\"https:\/\/grupo.us.es\/labhtlnet\/#organization\"},\"image\":{\"@id\":\"https:\/\/grupo.us.es\/labhtlnet\/cristina-vicente-gilabert\/#primaryimage\"},\"thumbnailUrl\":\"https:\/\/grupo.us.es\/labhtlnet\/wp-content\/uploads\/2022\/06\/INVESTIGADOR_CVG.jpg\",\"articleSection\":[\"Miembro del equipo\"],\"inLanguage\":\"es\",\"potentialAction\":[{\"@type\":\"CommentAction\",\"name\":\"Comment\",\"target\":[\"https:\/\/grupo.us.es\/labhtlnet\/cristina-vicente-gilabert\/#respond\"]}]},{\"@type\":\"WebPage\",\"@id\":\"https:\/\/grupo.us.es\/labhtlnet\/cristina-vicente-gilabert\/\",\"url\":\"https:\/\/grupo.us.es\/labhtlnet\/cristina-vicente-gilabert\/\",\"name\":\"Cristina Vicente Gilabert - Laboratorio de Redes de Patrimonio Turismo y Paisaje\",\"isPartOf\":{\"@id\":\"https:\/\/grupo.us.es\/labhtlnet\/#website\"},\"primaryImageOfPage\":{\"@id\":\"https:\/\/grupo.us.es\/labhtlnet\/cristina-vicente-gilabert\/#primaryimage\"},\"image\":{\"@id\":\"https:\/\/grupo.us.es\/labhtlnet\/cristina-vicente-gilabert\/#primaryimage\"},\"thumbnailUrl\":\"https:\/\/grupo.us.es\/labhtlnet\/wp-content\/uploads\/2022\/06\/INVESTIGADOR_CVG.jpg\",\"datePublished\":\"2022-06-17T10:16:47+00:00\",\"dateModified\":\"2023-09-28T11:32:24+00:00\",\"inLanguage\":\"es\",\"potentialAction\":[{\"@type\":\"ReadAction\",\"target\":[\"https:\/\/grupo.us.es\/labhtlnet\/cristina-vicente-gilabert\/\"]}]},{\"@type\":\"ImageObject\",\"inLanguage\":\"es\",\"@id\":\"https:\/\/grupo.us.es\/labhtlnet\/cristina-vicente-gilabert\/#primaryimage\",\"url\":\"https:\/\/grupo.us.es\/labhtlnet\/wp-content\/uploads\/2022\/06\/INVESTIGADOR_CVG.jpg\",\"contentUrl\":\"https:\/\/grupo.us.es\/labhtlnet\/wp-content\/uploads\/2022\/06\/INVESTIGADOR_CVG.jpg\",\"width\":500,\"height\":500},{\"@type\":\"WebSite\",\"@id\":\"https:\/\/grupo.us.es\/labhtlnet\/#website\",\"url\":\"https:\/\/grupo.us.es\/labhtlnet\/\",\"name\":\"Laboratorio de Redes de Patrimonio Turismo y Paisaje\",\"description\":\"\",\"publisher\":{\"@id\":\"https:\/\/grupo.us.es\/labhtlnet\/#organization\"},\"potentialAction\":[{\"@type\":\"SearchAction\",\"target\":{\"@type\":\"EntryPoint\",\"urlTemplate\":\"https:\/\/grupo.us.es\/labhtlnet\/?s={search_term_string}\"},\"query-input\":{\"@type\":\"PropertyValueSpecification\",\"valueRequired\":true,\"valueName\":\"search_term_string\"}}],\"inLanguage\":\"es\"},{\"@type\":\"Organization\",\"@id\":\"https:\/\/grupo.us.es\/labhtlnet\/#organization\",\"name\":\"Laboratorio de Redes de Patrimonio Turismo y Paisaje\",\"url\":\"https:\/\/grupo.us.es\/labhtlnet\/\",\"logo\":{\"@type\":\"ImageObject\",\"inLanguage\":\"es\",\"@id\":\"https:\/\/grupo.us.es\/labhtlnet\/#\/schema\/logo\/image\/\",\"url\":\"https:\/\/grupo.us.es\/labhtlnet\/wp-content\/uploads\/2022\/06\/cropped-Logo-LAB-1.jpg\",\"contentUrl\":\"https:\/\/grupo.us.es\/labhtlnet\/wp-content\/uploads\/2022\/06\/cropped-Logo-LAB-1.jpg\",\"width\":200,\"height\":44,\"caption\":\"Laboratorio de Redes de Patrimonio Turismo y Paisaje\"},\"image\":{\"@id\":\"https:\/\/grupo.us.es\/labhtlnet\/#\/schema\/logo\/image\/\"}},{\"@type\":\"Person\",\"@id\":\"https:\/\/grupo.us.es\/labhtlnet\/#\/schema\/person\/0ea34c2b21369a26d6e7e2c04265baed\",\"name\":\"dartigas\",\"image\":{\"@type\":\"ImageObject\",\"inLanguage\":\"es\",\"@id\":\"https:\/\/grupo.us.es\/labhtlnet\/#\/schema\/person\/image\/\",\"url\":\"https:\/\/secure.gravatar.com\/avatar\/2ef85687ff0d3d82be312d59cb72f849b0e166ba82ad9eede91d680525fa2f7b?s=96&d=mm&r=g\",\"contentUrl\":\"https:\/\/secure.gravatar.com\/avatar\/2ef85687ff0d3d82be312d59cb72f849b0e166ba82ad9eede91d680525fa2f7b?s=96&d=mm&r=g\",\"caption\":\"dartigas\"},\"sameAs\":[\"https:\/\/grupo.us.es\/labhtlnet\"],\"url\":\"https:\/\/grupo.us.es\/labhtlnet\/author\/dartigas\/\"}]}<\/script>\n<!-- \/ Yoast SEO plugin. -->","yoast_head_json":{"title":"Cristina Vicente Gilabert - Laboratorio de Redes de Patrimonio Turismo y Paisaje","robots":{"index":"index","follow":"follow","max-snippet":"max-snippet:-1","max-image-preview":"max-image-preview:large","max-video-preview":"max-video-preview:-1"},"canonical":"https:\/\/grupo.us.es\/labhtlnet\/cristina-vicente-gilabert\/","og_locale":"es_ES","og_type":"article","og_title":"Cristina Vicente Gilabert - Laboratorio de Redes de Patrimonio Turismo y Paisaje","og_description":"Personal Investigador en Formaci\u00f3n FPU Departamento de Proyectos Arquitect\u00f3nicos.","og_url":"https:\/\/grupo.us.es\/labhtlnet\/cristina-vicente-gilabert\/","og_site_name":"Laboratorio de Redes de Patrimonio Turismo y Paisaje","article_published_time":"2022-06-17T10:16:47+00:00","article_modified_time":"2023-09-28T11:32:24+00:00","og_image":[{"width":500,"height":500,"url":"https:\/\/grupo.us.es\/labhtlnet\/wp-content\/uploads\/2022\/06\/INVESTIGADOR_CVG.jpg","type":"image\/jpeg"}],"author":"dartigas","twitter_card":"summary_large_image","twitter_misc":{"Escrito por":"dartigas","Tiempo de lectura":"2 minutos"},"schema":{"@context":"https:\/\/schema.org","@graph":[{"@type":"Article","@id":"https:\/\/grupo.us.es\/labhtlnet\/cristina-vicente-gilabert\/#article","isPartOf":{"@id":"https:\/\/grupo.us.es\/labhtlnet\/cristina-vicente-gilabert\/"},"author":{"name":"dartigas","@id":"https:\/\/grupo.us.es\/labhtlnet\/#\/schema\/person\/0ea34c2b21369a26d6e7e2c04265baed"},"headline":"Cristina Vicente Gilabert","datePublished":"2022-06-17T10:16:47+00:00","dateModified":"2023-09-28T11:32:24+00:00","mainEntityOfPage":{"@id":"https:\/\/grupo.us.es\/labhtlnet\/cristina-vicente-gilabert\/"},"wordCount":280,"commentCount":0,"publisher":{"@id":"https:\/\/grupo.us.es\/labhtlnet\/#organization"},"image":{"@id":"https:\/\/grupo.us.es\/labhtlnet\/cristina-vicente-gilabert\/#primaryimage"},"thumbnailUrl":"https:\/\/grupo.us.es\/labhtlnet\/wp-content\/uploads\/2022\/06\/INVESTIGADOR_CVG.jpg","articleSection":["Miembro del equipo"],"inLanguage":"es","potentialAction":[{"@type":"CommentAction","name":"Comment","target":["https:\/\/grupo.us.es\/labhtlnet\/cristina-vicente-gilabert\/#respond"]}]},{"@type":"WebPage","@id":"https:\/\/grupo.us.es\/labhtlnet\/cristina-vicente-gilabert\/","url":"https:\/\/grupo.us.es\/labhtlnet\/cristina-vicente-gilabert\/","name":"Cristina Vicente Gilabert - Laboratorio de Redes de Patrimonio Turismo y Paisaje","isPartOf":{"@id":"https:\/\/grupo.us.es\/labhtlnet\/#website"},"primaryImageOfPage":{"@id":"https:\/\/grupo.us.es\/labhtlnet\/cristina-vicente-gilabert\/#primaryimage"},"image":{"@id":"https:\/\/grupo.us.es\/labhtlnet\/cristina-vicente-gilabert\/#primaryimage"},"thumbnailUrl":"https:\/\/grupo.us.es\/labhtlnet\/wp-content\/uploads\/2022\/06\/INVESTIGADOR_CVG.jpg","datePublished":"2022-06-17T10:16:47+00:00","dateModified":"2023-09-28T11:32:24+00:00","inLanguage":"es","potentialAction":[{"@type":"ReadAction","target":["https:\/\/grupo.us.es\/labhtlnet\/cristina-vicente-gilabert\/"]}]},{"@type":"ImageObject","inLanguage":"es","@id":"https:\/\/grupo.us.es\/labhtlnet\/cristina-vicente-gilabert\/#primaryimage","url":"https:\/\/grupo.us.es\/labhtlnet\/wp-content\/uploads\/2022\/06\/INVESTIGADOR_CVG.jpg","contentUrl":"https:\/\/grupo.us.es\/labhtlnet\/wp-content\/uploads\/2022\/06\/INVESTIGADOR_CVG.jpg","width":500,"height":500},{"@type":"WebSite","@id":"https:\/\/grupo.us.es\/labhtlnet\/#website","url":"https:\/\/grupo.us.es\/labhtlnet\/","name":"Laboratorio de Redes de Patrimonio Turismo y Paisaje","description":"","publisher":{"@id":"https:\/\/grupo.us.es\/labhtlnet\/#organization"},"potentialAction":[{"@type":"SearchAction","target":{"@type":"EntryPoint","urlTemplate":"https:\/\/grupo.us.es\/labhtlnet\/?s={search_term_string}"},"query-input":{"@type":"PropertyValueSpecification","valueRequired":true,"valueName":"search_term_string"}}],"inLanguage":"es"},{"@type":"Organization","@id":"https:\/\/grupo.us.es\/labhtlnet\/#organization","name":"Laboratorio de Redes de Patrimonio Turismo y Paisaje","url":"https:\/\/grupo.us.es\/labhtlnet\/","logo":{"@type":"ImageObject","inLanguage":"es","@id":"https:\/\/grupo.us.es\/labhtlnet\/#\/schema\/logo\/image\/","url":"https:\/\/grupo.us.es\/labhtlnet\/wp-content\/uploads\/2022\/06\/cropped-Logo-LAB-1.jpg","contentUrl":"https:\/\/grupo.us.es\/labhtlnet\/wp-content\/uploads\/2022\/06\/cropped-Logo-LAB-1.jpg","width":200,"height":44,"caption":"Laboratorio de Redes de Patrimonio Turismo y Paisaje"},"image":{"@id":"https:\/\/grupo.us.es\/labhtlnet\/#\/schema\/logo\/image\/"}},{"@type":"Person","@id":"https:\/\/grupo.us.es\/labhtlnet\/#\/schema\/person\/0ea34c2b21369a26d6e7e2c04265baed","name":"dartigas","image":{"@type":"ImageObject","inLanguage":"es","@id":"https:\/\/grupo.us.es\/labhtlnet\/#\/schema\/person\/image\/","url":"https:\/\/secure.gravatar.com\/avatar\/2ef85687ff0d3d82be312d59cb72f849b0e166ba82ad9eede91d680525fa2f7b?s=96&d=mm&r=g","contentUrl":"https:\/\/secure.gravatar.com\/avatar\/2ef85687ff0d3d82be312d59cb72f849b0e166ba82ad9eede91d680525fa2f7b?s=96&d=mm&r=g","caption":"dartigas"},"sameAs":["https:\/\/grupo.us.es\/labhtlnet"],"url":"https:\/\/grupo.us.es\/labhtlnet\/author\/dartigas\/"}]}},"_links":{"self":[{"href":"https:\/\/grupo.us.es\/labhtlnet\/wp-json\/wp\/v2\/posts\/1606","targetHints":{"allow":["GET"]}}],"collection":[{"href":"https:\/\/grupo.us.es\/labhtlnet\/wp-json\/wp\/v2\/posts"}],"about":[{"href":"https:\/\/grupo.us.es\/labhtlnet\/wp-json\/wp\/v2\/types\/post"}],"author":[{"embeddable":true,"href":"https:\/\/grupo.us.es\/labhtlnet\/wp-json\/wp\/v2\/users\/1"}],"replies":[{"embeddable":true,"href":"https:\/\/grupo.us.es\/labhtlnet\/wp-json\/wp\/v2\/comments?post=1606"}],"version-history":[{"count":0,"href":"https:\/\/grupo.us.es\/labhtlnet\/wp-json\/wp\/v2\/posts\/1606\/revisions"}],"wp:featuredmedia":[{"embeddable":true,"href":"https:\/\/grupo.us.es\/labhtlnet\/wp-json\/wp\/v2\/media\/1608"}],"wp:attachment":[{"href":"https:\/\/grupo.us.es\/labhtlnet\/wp-json\/wp\/v2\/media?parent=1606"}],"wp:term":[{"taxonomy":"category","embeddable":true,"href":"https:\/\/grupo.us.es\/labhtlnet\/wp-json\/wp\/v2\/categories?post=1606"},{"taxonomy":"post_tag","embeddable":true,"href":"https:\/\/grupo.us.es\/labhtlnet\/wp-json\/wp\/v2\/tags?post=1606"}],"curies":[{"name":"wp","href":"https:\/\/api.w.org\/{rel}","templated":true}]}}