{"id":79,"date":"2025-03-02T11:47:47","date_gmt":"2025-03-02T10:47:47","guid":{"rendered":"http:\/\/grupo.us.es\/labdescyc\/?p=79"},"modified":"2025-09-02T15:59:39","modified_gmt":"2025-09-02T13:59:39","slug":"2024","status":"publish","type":"post","link":"http:\/\/grupo.us.es\/labdescyc\/?p=79","title":{"rendered":"2024"},"content":{"rendered":"\n<ul class=\"wp-block-list\">\n<li><\/li>\n<\/ul>\n\n\n\n<div class=\"wp-block-media-text is-stacked-on-mobile\" style=\"grid-template-columns:15% auto\"><figure class=\"wp-block-media-text__media\"><img fetchpriority=\"high\" decoding=\"async\" width=\"676\" height=\"1024\" src=\"http:\/\/grupo.us.es\/labdescyc\/wp-content\/uploads\/2025\/03\/Screenshot-2025-07-14-at-12.55.44\u202fPM-1-676x1024.png\" alt=\"\" class=\"wp-image-429 size-full\" srcset=\"http:\/\/grupo.us.es\/labdescyc\/wp-content\/uploads\/2025\/03\/Screenshot-2025-07-14-at-12.55.44\u202fPM-1-676x1024.png 676w, http:\/\/grupo.us.es\/labdescyc\/wp-content\/uploads\/2025\/03\/Screenshot-2025-07-14-at-12.55.44\u202fPM-1-198x300.png 198w, http:\/\/grupo.us.es\/labdescyc\/wp-content\/uploads\/2025\/03\/Screenshot-2025-07-14-at-12.55.44\u202fPM-1-768x1163.png 768w, http:\/\/grupo.us.es\/labdescyc\/wp-content\/uploads\/2025\/03\/Screenshot-2025-07-14-at-12.55.44\u202fPM-1.png 937w\" sizes=\"(max-width: 676px) 100vw, 676px\" \/><\/figure><div class=\"wp-block-media-text__content\">\n<p>Silva Uch\u00f4a, Marcela; Van Vossole, Jonas. \u201cInformal Care: Public Care Policies versus the Privatization of Family Labour.\u201d In Ethics of Care \u2013 Advancing Global Bioethics, 163\u2013176. Cham, Su\u00ed\u00e7a: Springer Nature, 2024.  <a href=\"https:\/\/link.springer.com\/chapter\/10.1007\/978-3-031-73608-7_11\">https:\/\/link.springer.com\/chapter\/10.1007\/978-3-031-73608-7_11<\/a> <br><\/p>\n<\/div><\/div>\n\n\n\n<div style=\"height:84px\" aria-hidden=\"true\" class=\"wp-block-spacer\"><\/div>\n\n\n\n<div class=\"wp-block-media-text is-stacked-on-mobile\" style=\"grid-template-columns:15% auto\"><figure class=\"wp-block-media-text__media\"><img decoding=\"async\" width=\"759\" height=\"1024\" src=\"http:\/\/grupo.us.es\/labdescyc\/wp-content\/uploads\/2025\/03\/Screenshot-2025-09-02-at-2.38.02\u202fPM-759x1024.png\" alt=\"\" class=\"wp-image-443 size-full\" srcset=\"http:\/\/grupo.us.es\/labdescyc\/wp-content\/uploads\/2025\/03\/Screenshot-2025-09-02-at-2.38.02\u202fPM-759x1024.png 759w, http:\/\/grupo.us.es\/labdescyc\/wp-content\/uploads\/2025\/03\/Screenshot-2025-09-02-at-2.38.02\u202fPM-222x300.png 222w, http:\/\/grupo.us.es\/labdescyc\/wp-content\/uploads\/2025\/03\/Screenshot-2025-09-02-at-2.38.02\u202fPM-768x1036.png 768w, http:\/\/grupo.us.es\/labdescyc\/wp-content\/uploads\/2025\/03\/Screenshot-2025-09-02-at-2.38.02\u202fPM.png 1102w\" sizes=\"(max-width: 759px) 100vw, 759px\" \/><\/figure><div class=\"wp-block-media-text__content\">\n<p>Rodriguez-Modro\u00f1o, P.; Agenjo-Calder\u00f3n, A.; L\u00f3pez-Igual, P.2024.&nbsp;A social reproduction analysis of digital care platform work. New Political Economy. ROUTLEDGE JOURNALS, TAYLOR &amp; FRANCIS LTD. 29-4, pp.616-627. ISSN 1469-9923.&nbsp;<a href=\"https:\/\/doi.org\/10.1080\/13563467.2024.2317703\">https:\/\/doi.org\/10.1080\/13563467.2024.2317703<\/a><br><\/p>\n<\/div><\/div>\n\n\n\n<div style=\"height:84px\" aria-hidden=\"true\" class=\"wp-block-spacer\"><\/div>\n\n\n\n<div class=\"wp-block-media-text is-stacked-on-mobile\" style=\"grid-template-columns:15% auto\"><figure class=\"wp-block-media-text__media\"><img decoding=\"async\" width=\"629\" height=\"925\" src=\"http:\/\/grupo.us.es\/labdescyc\/wp-content\/uploads\/2025\/03\/Screenshot-2025-06-12-at-4.21.05\u202fPM.png\" alt=\"\" class=\"wp-image-409 size-full\" srcset=\"http:\/\/grupo.us.es\/labdescyc\/wp-content\/uploads\/2025\/03\/Screenshot-2025-06-12-at-4.21.05\u202fPM.png 629w, http:\/\/grupo.us.es\/labdescyc\/wp-content\/uploads\/2025\/03\/Screenshot-2025-06-12-at-4.21.05\u202fPM-204x300.png 204w\" sizes=\"(max-width: 629px) 100vw, 629px\" \/><\/figure><div class=\"wp-block-media-text__content\">\n<p><br>Llano Alonso, F. H: (2024), Homo ex machina. \u00c9tica de la Inteligencia Artificial y Derecho Digital ante el horizonte de la singularidad tecnol\u00f3gica, Tirant lo Blanch, Valencia, 252 pp. ISBN: 978-84-1056-290-5&nbsp;<br><\/p>\n<\/div><\/div>\n\n\n\n<div style=\"height:84px\" aria-hidden=\"true\" class=\"wp-block-spacer\"><\/div>\n\n\n\n<div class=\"wp-block-media-text is-stacked-on-mobile\" style=\"grid-template-columns:15% auto\"><figure class=\"wp-block-media-text__media\"><img loading=\"lazy\" decoding=\"async\" width=\"637\" height=\"1024\" src=\"http:\/\/grupo.us.es\/labdescyc\/wp-content\/uploads\/2025\/03\/Screenshot-2025-09-02-at-3.18.29\u202fPM-637x1024.png\" alt=\"\" class=\"wp-image-456 size-full\" srcset=\"http:\/\/grupo.us.es\/labdescyc\/wp-content\/uploads\/2025\/03\/Screenshot-2025-09-02-at-3.18.29\u202fPM-637x1024.png 637w, http:\/\/grupo.us.es\/labdescyc\/wp-content\/uploads\/2025\/03\/Screenshot-2025-09-02-at-3.18.29\u202fPM-187x300.png 187w, http:\/\/grupo.us.es\/labdescyc\/wp-content\/uploads\/2025\/03\/Screenshot-2025-09-02-at-3.18.29\u202fPM.png 758w\" sizes=\"(max-width: 637px) 100vw, 637px\" \/><\/figure><div class=\"wp-block-media-text__content\">\n<p><br>Rodriguez-Modro\u00f1o, P.; Agenjo-Calder\u00f3n, A.; L\u00f3pez-Igual, P. 2024. Crisis de cuidados y ocupaciones precarizadas: Un an\u00e1lisis de las plataformas digitales de cuidados en Espa\u00f1a. Desigualdades de g\u00e9nero en las plataformas digitales de trabajo. Fundaci\u00f3n Centro de Estudios Andaluces. pp. 125-148. 978-84-10064-12-6. <a href=\"https:\/\/publicaciones.centracs.es\/fcentracs\/catalog\/view\/13\/18\/697\">https:\/\/publicaciones.centracs.es\/fcentracs\/catalog\/view\/13\/18\/697<\/a><br><\/p>\n<\/div><\/div>\n\n\n\n<div style=\"height:84px\" aria-hidden=\"true\" class=\"wp-block-spacer\"><\/div>\n\n\n\n<div class=\"wp-block-media-text is-stacked-on-mobile\" style=\"grid-template-columns:15% auto\"><figure class=\"wp-block-media-text__media\"><img loading=\"lazy\" decoding=\"async\" width=\"637\" height=\"1024\" src=\"http:\/\/grupo.us.es\/labdescyc\/wp-content\/uploads\/2025\/03\/Screenshot-2025-09-02-at-3.18.29\u202fPM-637x1024.png\" alt=\"\" class=\"wp-image-456 size-full\" srcset=\"http:\/\/grupo.us.es\/labdescyc\/wp-content\/uploads\/2025\/03\/Screenshot-2025-09-02-at-3.18.29\u202fPM-637x1024.png 637w, http:\/\/grupo.us.es\/labdescyc\/wp-content\/uploads\/2025\/03\/Screenshot-2025-09-02-at-3.18.29\u202fPM-187x300.png 187w, http:\/\/grupo.us.es\/labdescyc\/wp-content\/uploads\/2025\/03\/Screenshot-2025-09-02-at-3.18.29\u202fPM.png 758w\" sizes=\"(max-width: 637px) 100vw, 637px\" \/><\/figure><div class=\"wp-block-media-text__content\">\n<p><br>Espinosa-Fajardo, J.; Rodriguez-Modro\u00f1o, P.; L\u00f3pez-Igual, P. 2024. La agenda pol\u00edtica en materia de digitalizaci\u00f3n y trabajo: Un an\u00e1lisis feminista interseccional. Desigualdades de g\u00e9nero en las plataformas digitales de trabajo. Fundaci\u00f3n Centro de Estudios Andaluces. pp. 25-60. 978-84-10064-12-6. <a href=\"https:\/\/publicaciones.centracs.es\/fcentracs\/catalog\/view\/13\/18\/697\">https:\/\/publicaciones.centracs.es\/fcentracs\/catalog\/view\/13\/18\/697<\/a><br><\/p>\n<\/div><\/div>\n\n\n\n<div style=\"height:84px\" aria-hidden=\"true\" class=\"wp-block-spacer\"><\/div>\n\n\n\n<div class=\"wp-block-media-text is-stacked-on-mobile\" style=\"grid-template-columns:15% auto\"><figure class=\"wp-block-media-text__media\"><img loading=\"lazy\" decoding=\"async\" width=\"555\" height=\"1024\" src=\"http:\/\/grupo.us.es\/labdescyc\/wp-content\/uploads\/2025\/03\/Screenshot-2025-07-14-at-12.38.48\u202fPM-555x1024.png\" alt=\"\" class=\"wp-image-423 size-full\" srcset=\"http:\/\/grupo.us.es\/labdescyc\/wp-content\/uploads\/2025\/03\/Screenshot-2025-07-14-at-12.38.48\u202fPM-555x1024.png 555w, http:\/\/grupo.us.es\/labdescyc\/wp-content\/uploads\/2025\/03\/Screenshot-2025-07-14-at-12.38.48\u202fPM-163x300.png 163w, http:\/\/grupo.us.es\/labdescyc\/wp-content\/uploads\/2025\/03\/Screenshot-2025-07-14-at-12.38.48\u202fPM.png 649w\" sizes=\"(max-width: 555px) 100vw, 555px\" \/><\/figure><div class=\"wp-block-media-text__content\">\n<p>Soares, M\u00f3nica Catarina; Uch\u00f4a, Marcela. Autor correspondente: Soares, M\u00f3nica Catarina. \u201cIs It Just about a Renewed Conspiracy? Endorsement of a Far Right Subjectivity in Portuguese Movements against COVID-19 Sanitary Control Measures.\u201d Journal for the Study of Radicalism 18, no. 1 (2024): 179\u2013206.&nbsp;<a href=\"https:\/\/muse.jhu.edu\/pub\/26\/article\/946892\" target=\"_blank\" rel=\"noreferrer noopener\">https:\/\/muse.jhu.edu\/pub\/26\/article\/946892<\/a>.<br><\/p>\n<\/div><\/div>\n\n\n\n<div style=\"height:84px\" aria-hidden=\"true\" class=\"wp-block-spacer\"><\/div>\n\n\n\n<div class=\"wp-block-media-text is-stacked-on-mobile\" style=\"grid-template-columns:15% auto\"><figure class=\"wp-block-media-text__media\"><img loading=\"lazy\" decoding=\"async\" width=\"580\" height=\"814\" src=\"http:\/\/grupo.us.es\/labdescyc\/wp-content\/uploads\/2025\/03\/Captura-desde-2025-03-24-01-56-10.png\" alt=\"\" class=\"wp-image-171 size-full\" srcset=\"http:\/\/grupo.us.es\/labdescyc\/wp-content\/uploads\/2025\/03\/Captura-desde-2025-03-24-01-56-10.png 580w, http:\/\/grupo.us.es\/labdescyc\/wp-content\/uploads\/2025\/03\/Captura-desde-2025-03-24-01-56-10-214x300.png 214w\" sizes=\"(max-width: 580px) 100vw, 580px\" \/><\/figure><div class=\"wp-block-media-text__content\">\n<p>Vila-Vi\u00f1as, D. (2024). Derechos sociales desde la perspectiva de las camareras de piso en establecimientos tur\u00edsticos. Vulneraciones, desigualdad y estrategias de tutela y autotutela en un sector del cuidado profesional en Espa\u00f1a. Revista Derecho del Estado, 60, 393-420. <a href=\"https:\/\/doi.org\/10.18601\/01229893.n60.15\">https:\/\/doi.org\/10.18601\/01229893.n60.15<\/a><\/p>\n<\/div><\/div>\n\n\n\n<div style=\"height:84px\" aria-hidden=\"true\" class=\"wp-block-spacer\"><\/div>\n\n\n\n<div class=\"wp-block-media-text is-stacked-on-mobile\" style=\"grid-template-columns:15% auto\"><figure class=\"wp-block-media-text__media\"><img loading=\"lazy\" decoding=\"async\" width=\"734\" height=\"1024\" src=\"http:\/\/grupo.us.es\/labdescyc\/wp-content\/uploads\/2025\/03\/Screenshot-2025-05-31-at-2.54.59\u202fPM-734x1024.png\" alt=\"\" class=\"wp-image-331 size-full\" srcset=\"http:\/\/grupo.us.es\/labdescyc\/wp-content\/uploads\/2025\/03\/Screenshot-2025-05-31-at-2.54.59\u202fPM-734x1024.png 734w, http:\/\/grupo.us.es\/labdescyc\/wp-content\/uploads\/2025\/03\/Screenshot-2025-05-31-at-2.54.59\u202fPM-215x300.png 215w, http:\/\/grupo.us.es\/labdescyc\/wp-content\/uploads\/2025\/03\/Screenshot-2025-05-31-at-2.54.59\u202fPM-768x1071.png 768w, http:\/\/grupo.us.es\/labdescyc\/wp-content\/uploads\/2025\/03\/Screenshot-2025-05-31-at-2.54.59\u202fPM-1102x1536.png 1102w, http:\/\/grupo.us.es\/labdescyc\/wp-content\/uploads\/2025\/03\/Screenshot-2025-05-31-at-2.54.59\u202fPM.png 1131w\" sizes=\"(max-width: 734px) 100vw, 734px\" \/><\/figure><div class=\"wp-block-media-text__content\">\n<p>Monereo-Atienza, C.  (2024). Ciencia ficci\u00f3n y Derecho: la reconstrucci\u00f3n del concepto de ser humano a prop\u00f3sito de la novela Flores para Algernon de Daniel Keynes. In&nbsp;<em>Retos actuales de la filosof\u00eda del derecho: especial atenci\u00f3n a la inteligencia artificial<\/em>&nbsp;(pp. 67-90). Editorial Reus.<\/p>\n<\/div><\/div>\n\n\n\n<div style=\"height:84px\" aria-hidden=\"true\" class=\"wp-block-spacer\"><\/div>\n\n\n\n<div class=\"wp-block-media-text is-stacked-on-mobile\" style=\"grid-template-columns:15% auto\"><figure class=\"wp-block-media-text__media\"><img loading=\"lazy\" decoding=\"async\" width=\"862\" height=\"1024\" src=\"http:\/\/grupo.us.es\/labdescyc\/wp-content\/uploads\/2025\/03\/Screenshot-2025-05-14-at-10.18.45\u202fAM-1-862x1024.png\" alt=\"\" class=\"wp-image-307 size-full\" srcset=\"http:\/\/grupo.us.es\/labdescyc\/wp-content\/uploads\/2025\/03\/Screenshot-2025-05-14-at-10.18.45\u202fAM-1-862x1024.png 862w, http:\/\/grupo.us.es\/labdescyc\/wp-content\/uploads\/2025\/03\/Screenshot-2025-05-14-at-10.18.45\u202fAM-1-252x300.png 252w, http:\/\/grupo.us.es\/labdescyc\/wp-content\/uploads\/2025\/03\/Screenshot-2025-05-14-at-10.18.45\u202fAM-1-768x912.png 768w, http:\/\/grupo.us.es\/labdescyc\/wp-content\/uploads\/2025\/03\/Screenshot-2025-05-14-at-10.18.45\u202fAM-1-1293x1536.png 1293w, http:\/\/grupo.us.es\/labdescyc\/wp-content\/uploads\/2025\/03\/Screenshot-2025-05-14-at-10.18.45\u202fAM-1.png 1297w\" sizes=\"(max-width: 862px) 100vw, 862px\" \/><\/figure><div class=\"wp-block-media-text__content\">\n<p>Granados Dom\u00ednguez, C. (2024). Impacto de la inteligencia artificial y su relaci\u00f3n con otras tecnolog\u00edas en el modelo social de la discapacidad: un an\u00e1lisis desde un enfoque de Derechos Humanos.&nbsp;Disponible en&nbsp;<a href=\"https:\/\/e-archivo.uc3m.es\/entities\/publication\/85ba6c9e-9b3f-44a1-b3d7-8241e9697e48\">https:\/\/e-archivo.uc3m.es\/entities\/publication\/85ba6c9e-9b3f-44a1-b3d7-8241e9697e48<\/a><\/p>\n<\/div><\/div>\n\n\n\n<div style=\"height:84px\" aria-hidden=\"true\" class=\"wp-block-spacer\"><\/div>\n\n\n\n<div class=\"wp-block-media-text is-stacked-on-mobile\" style=\"grid-template-columns:15% auto\"><figure class=\"wp-block-media-text__media\"><img loading=\"lazy\" decoding=\"async\" width=\"435\" height=\"575\" src=\"http:\/\/grupo.us.es\/labdescyc\/wp-content\/uploads\/2025\/03\/Captura-desde-2025-03-24-01-40-37.png\" alt=\"\" class=\"wp-image-166 size-full\" srcset=\"http:\/\/grupo.us.es\/labdescyc\/wp-content\/uploads\/2025\/03\/Captura-desde-2025-03-24-01-40-37.png 435w, http:\/\/grupo.us.es\/labdescyc\/wp-content\/uploads\/2025\/03\/Captura-desde-2025-03-24-01-40-37-227x300.png 227w\" sizes=\"(max-width: 435px) 100vw, 435px\" \/><\/figure><div class=\"wp-block-media-text__content\">\n<p>Vila-Vi\u00f1as, D. (2024). \u201cRecetario tradicional para la inclusi\u00f3n digital: fortalecer derechos\u201d, Telos, 124, pp. 64-70. Disponible: <a href=\"https:\/\/telos.fundaciontelefonica.com\/telos-124-inclusion-cuaderno-central-david-vila-vinas-recetario-tradicional-para-la-inclusion-digital-fortalecer-derechos\/\">https:\/\/telos.fundaciontelefonica.com\/telos-124-inclusion-cuaderno-central-david-vila-vinas-recetario-tradicional-para-la-inclusion-digital-fortalecer-derechos\/<\/a><\/p>\n<\/div><\/div>\n\n\n\n<div style=\"height:84px\" aria-hidden=\"true\" class=\"wp-block-spacer\"><\/div>\n\n\n\n<div class=\"wp-block-media-text is-stacked-on-mobile\" style=\"grid-template-columns:15% auto\"><figure class=\"wp-block-media-text__media\"><img loading=\"lazy\" decoding=\"async\" width=\"502\" height=\"701\" src=\"http:\/\/grupo.us.es\/labdescyc\/wp-content\/uploads\/2025\/03\/Captura-desde-2025-03-24-02-00-46.png\" alt=\"\" class=\"wp-image-172 size-full\" srcset=\"http:\/\/grupo.us.es\/labdescyc\/wp-content\/uploads\/2025\/03\/Captura-desde-2025-03-24-02-00-46.png 502w, http:\/\/grupo.us.es\/labdescyc\/wp-content\/uploads\/2025\/03\/Captura-desde-2025-03-24-02-00-46-215x300.png 215w\" sizes=\"(max-width: 502px) 100vw, 502px\" \/><\/figure><div class=\"wp-block-media-text__content\">\n<p>Vila-Vi\u00f1as, D. (2024). \u201cLiberalismo y efectividad de los derechos sociales. Una discusi\u00f3n a prop\u00f3sito del ingreso m\u00ednimo vital\u201d, en M. J. Gonz\u00e1lez Ordov\u00e1s (ed.), Los l\u00edmites del Derecho (pp. 273-306). Tirant lo Blanch.<\/p>\n<\/div><\/div>\n\n\n\n<div style=\"height:84px\" aria-hidden=\"true\" class=\"wp-block-spacer\"><\/div>\n\n\n\n<div class=\"wp-block-media-text is-stacked-on-mobile\" style=\"grid-template-columns:15% auto\"><figure class=\"wp-block-media-text__media\"><img loading=\"lazy\" decoding=\"async\" width=\"589\" height=\"883\" src=\"http:\/\/grupo.us.es\/labdescyc\/wp-content\/uploads\/2025\/03\/Captura-desde-2025-03-24-02-04-36.png\" alt=\"\" class=\"wp-image-175 size-full\" srcset=\"http:\/\/grupo.us.es\/labdescyc\/wp-content\/uploads\/2025\/03\/Captura-desde-2025-03-24-02-04-36.png 589w, http:\/\/grupo.us.es\/labdescyc\/wp-content\/uploads\/2025\/03\/Captura-desde-2025-03-24-02-04-36-200x300.png 200w\" sizes=\"(max-width: 589px) 100vw, 589px\" \/><\/figure><div class=\"wp-block-media-text__content\">\n<p>Vila-Vi\u00f1as, D. (2024) \u201cCuestiones metodol\u00f3gicas de la efectividad de los derechos sociales en las familias monomarentales a cargo de trabajadoras de los cuidados\u201d, en S. P\u00e9rez de Guzm\u00e1n Padr\u00f3n y M. Iglesias Onofrio (eds.), Sociedades del cuidado en transici\u00f3n: Una perspectiva iberoamericana (pp. 114-129). Dykinson. <a href=\"https:\/\/www.dykinson.com\/libros\/sociedades-del-cuidado-en-transicion-una-perspectiva-iberoamericana\/9788411705875\/\">https:\/\/www.dykinson.com\/libros\/sociedades-del-cuidado-en-transicion-una-perspectiva-iberoamericana\/9788411705875\/<\/a><\/p>\n<\/div><\/div>\n\n\n\n<div style=\"height:84px\" aria-hidden=\"true\" class=\"wp-block-spacer\"><\/div>\n\n\n\n<div class=\"wp-block-media-text is-stacked-on-mobile\" style=\"grid-template-columns:15% auto\"><figure class=\"wp-block-media-text__media\"><img loading=\"lazy\" decoding=\"async\" width=\"639\" height=\"915\" src=\"http:\/\/grupo.us.es\/labdescyc\/wp-content\/uploads\/2025\/03\/Captura-desde-2025-03-24-02-06-46.png\" alt=\"\" class=\"wp-image-176 size-full\" srcset=\"http:\/\/grupo.us.es\/labdescyc\/wp-content\/uploads\/2025\/03\/Captura-desde-2025-03-24-02-06-46.png 639w, http:\/\/grupo.us.es\/labdescyc\/wp-content\/uploads\/2025\/03\/Captura-desde-2025-03-24-02-06-46-210x300.png 210w\" sizes=\"(max-width: 639px) 100vw, 639px\" \/><\/figure><div class=\"wp-block-media-text__content\">\n<p>Vila-Vi\u00f1as, D. (2024) \u2018Entender el poder para investigar sobre el derecho. Cuestiones de m\u00e9todo y gubernamentalidad\u2019, in D. S\u00e1nchez Rubio, \u00c1. S\u00e1nchez Bravo, and J.I. Delgado Rojas (eds) Poderes, Constituci\u00f3n y Derecho. Madrid: Dykinson, pp. 41\u201360.<br>ISBN. 978-84-1170-985-9<\/p>\n<\/div><\/div>\n\n\n\n<div style=\"height:100px\" aria-hidden=\"true\" class=\"wp-block-spacer\"><\/div>\n\n\n\n<div style=\"height:84px\" aria-hidden=\"true\" class=\"wp-block-spacer\"><\/div>\n\n\n\n<div class=\"wp-block-media-text is-stacked-on-mobile\" style=\"grid-template-columns:15% auto\"><figure class=\"wp-block-media-text__media\"><img loading=\"lazy\" decoding=\"async\" width=\"785\" height=\"1024\" src=\"http:\/\/grupo.us.es\/labdescyc\/wp-content\/uploads\/2025\/03\/Screenshot-2025-05-31-at-1.48.10\u202fPM-785x1024.png\" alt=\"\" class=\"wp-image-326 size-full\" srcset=\"http:\/\/grupo.us.es\/labdescyc\/wp-content\/uploads\/2025\/03\/Screenshot-2025-05-31-at-1.48.10\u202fPM-785x1024.png 785w, http:\/\/grupo.us.es\/labdescyc\/wp-content\/uploads\/2025\/03\/Screenshot-2025-05-31-at-1.48.10\u202fPM-230x300.png 230w, http:\/\/grupo.us.es\/labdescyc\/wp-content\/uploads\/2025\/03\/Screenshot-2025-05-31-at-1.48.10\u202fPM-768x1002.png 768w, http:\/\/grupo.us.es\/labdescyc\/wp-content\/uploads\/2025\/03\/Screenshot-2025-05-31-at-1.48.10\u202fPM-1178x1536.png 1178w, http:\/\/grupo.us.es\/labdescyc\/wp-content\/uploads\/2025\/03\/Screenshot-2025-05-31-at-1.48.10\u202fPM.png 1212w\" sizes=\"(max-width: 785px) 100vw, 785px\" \/><\/figure><div class=\"wp-block-media-text__content\">\n<p>Monereo-Atienza, C. (2024). Una especulaci\u00f3n ficticia sobre el concepto de ser humano en la era tecnol\u00f3gica: Onda cerebral de Poul Anderson.<\/p>\n<\/div><\/div>\n\n\n\n<div style=\"height:84px\" aria-hidden=\"true\" class=\"wp-block-spacer\"><\/div>\n\n\n\n<div class=\"wp-block-media-text is-stacked-on-mobile\" style=\"grid-template-columns:15% auto\"><figure class=\"wp-block-media-text__media\"><img loading=\"lazy\" decoding=\"async\" width=\"382\" height=\"509\" src=\"http:\/\/grupo.us.es\/labdescyc\/wp-content\/uploads\/2025\/03\/Screenshot-2025-06-12-at-4.29.16\u202fPM.png\" alt=\"\" class=\"wp-image-413 size-full\" srcset=\"http:\/\/grupo.us.es\/labdescyc\/wp-content\/uploads\/2025\/03\/Screenshot-2025-06-12-at-4.29.16\u202fPM.png 382w, http:\/\/grupo.us.es\/labdescyc\/wp-content\/uploads\/2025\/03\/Screenshot-2025-06-12-at-4.29.16\u202fPM-225x300.png 225w\" sizes=\"(max-width: 382px) 100vw, 382px\" \/><\/figure><div class=\"wp-block-media-text__content\">\n<p>Llano Alonso, F. H: (2024), \u201c\u00c9tica(s) de la Inteligencia Artificial y Derecho. Consideraciones a prop\u00f3sito de los l\u00edmites y la contenci\u00f3n del desarrollo tecnol\u00f3gico\u201d, <em>Derechos y libertades: Revista de Filosof\u00eda del Derecho y derechos humanos, <\/em>N\u00ba 51, 2024, p\u00e1gs. 177-199&nbsp;<br><\/p>\n<\/div><\/div>\n\n\n\n<div style=\"height:84px\" aria-hidden=\"true\" class=\"wp-block-spacer\"><\/div>\n\n\n\n<div class=\"wp-block-media-text is-stacked-on-mobile\" style=\"grid-template-columns:15% auto\"><figure class=\"wp-block-media-text__media\"><img loading=\"lazy\" decoding=\"async\" width=\"729\" height=\"1024\" src=\"http:\/\/grupo.us.es\/labdescyc\/wp-content\/uploads\/2025\/03\/Screenshot-2025-06-12-at-4.50.03\u202fPM-729x1024.png\" alt=\"\" class=\"wp-image-417 size-full\" srcset=\"http:\/\/grupo.us.es\/labdescyc\/wp-content\/uploads\/2025\/03\/Screenshot-2025-06-12-at-4.50.03\u202fPM-729x1024.png 729w, http:\/\/grupo.us.es\/labdescyc\/wp-content\/uploads\/2025\/03\/Screenshot-2025-06-12-at-4.50.03\u202fPM-214x300.png 214w, http:\/\/grupo.us.es\/labdescyc\/wp-content\/uploads\/2025\/03\/Screenshot-2025-06-12-at-4.50.03\u202fPM-768x1079.png 768w, http:\/\/grupo.us.es\/labdescyc\/wp-content\/uploads\/2025\/03\/Screenshot-2025-06-12-at-4.50.03\u202fPM.png 962w\" sizes=\"(max-width: 729px) 100vw, 729px\" \/><\/figure><div class=\"wp-block-media-text__content\">\n<p>Llano Alonso, F. H: (2024), \u201cLa \u00e9tica de los algoritmos\u201d, <em>Teor\u00eda &amp; Derecho. Revista de pensamiento jur\u00eddico<\/em>, N\u00ba 37, p\u00e1gs. 70-89.&nbsp;<br><br><\/p>\n<\/div><\/div>\n\n\n\n<div style=\"height:84px\" aria-hidden=\"true\" class=\"wp-block-spacer\"><\/div>\n\n\n\n<div class=\"wp-block-media-text is-stacked-on-mobile\" style=\"grid-template-columns:15% auto\"><figure class=\"wp-block-media-text__media\"><img loading=\"lazy\" decoding=\"async\" width=\"705\" height=\"1024\" src=\"http:\/\/grupo.us.es\/labdescyc\/wp-content\/uploads\/2025\/03\/Screenshot-2025-09-02-at-3.47.57\u202fPM-705x1024.png\" alt=\"\" class=\"wp-image-459 size-full\" srcset=\"http:\/\/grupo.us.es\/labdescyc\/wp-content\/uploads\/2025\/03\/Screenshot-2025-09-02-at-3.47.57\u202fPM-705x1024.png 705w, http:\/\/grupo.us.es\/labdescyc\/wp-content\/uploads\/2025\/03\/Screenshot-2025-09-02-at-3.47.57\u202fPM-207x300.png 207w, http:\/\/grupo.us.es\/labdescyc\/wp-content\/uploads\/2025\/03\/Screenshot-2025-09-02-at-3.47.57\u202fPM-768x1115.png 768w, http:\/\/grupo.us.es\/labdescyc\/wp-content\/uploads\/2025\/03\/Screenshot-2025-09-02-at-3.47.57\u202fPM.png 888w\" sizes=\"(max-width: 705px) 100vw, 705px\" \/><\/figure><div class=\"wp-block-media-text__content\">\n<p>Rodriguez-Modro\u00f1o, P.; Agenjo-Calder\u00f3n, A.; L\u00f3pez-Igual, P. 2024.\u00a0Feminized, racialized and precarious work in digital care platforms: A feminist political economy analysis. Gender Inequality in the Global Labor Market: A Feminist Economics Approach.\u00a0Routledge. pp.130-145. <a href=\"https:\/\/www.taylorfrancis.com\/chapters\/edit\/10.4324\/9781003437505-7\/feminized-racialized-precarious-work-digital-care-platforms-paula-rodr\u00edguez-modro\u00f1o-astrid-agenjo-calder\u00f3n-purificaci\u00f3n-l\u00f3pez-igual\">https:\/\/www.taylorfrancis.com\/chapters\/edit\/10.4324\/9781003437505-7\/feminized-racialized-precarious-work-digital-care-platforms-paula-rodr\u00edguez-modro\u00f1o-astrid-agenjo-calder\u00f3n-purificaci\u00f3n-l\u00f3pez-igual<\/a><br><br><\/p>\n<\/div><\/div>\n\n\n\n<div style=\"height:84px\" aria-hidden=\"true\" class=\"wp-block-spacer\"><\/div>\n\n\n\n<div class=\"wp-block-media-text is-stacked-on-mobile\" style=\"grid-template-columns:15% auto\"><figure class=\"wp-block-media-text__media\"><img loading=\"lazy\" decoding=\"async\" width=\"660\" height=\"1024\" src=\"http:\/\/grupo.us.es\/labdescyc\/wp-content\/uploads\/2025\/03\/Screenshot-2025-09-02-at-3.54.04\u202fPM-660x1024.png\" alt=\"\" class=\"wp-image-463 size-full\" srcset=\"http:\/\/grupo.us.es\/labdescyc\/wp-content\/uploads\/2025\/03\/Screenshot-2025-09-02-at-3.54.04\u202fPM-660x1024.png 660w, http:\/\/grupo.us.es\/labdescyc\/wp-content\/uploads\/2025\/03\/Screenshot-2025-09-02-at-3.54.04\u202fPM-193x300.png 193w, http:\/\/grupo.us.es\/labdescyc\/wp-content\/uploads\/2025\/03\/Screenshot-2025-09-02-at-3.54.04\u202fPM-768x1192.png 768w, http:\/\/grupo.us.es\/labdescyc\/wp-content\/uploads\/2025\/03\/Screenshot-2025-09-02-at-3.54.04\u202fPM.png 862w\" sizes=\"(max-width: 660px) 100vw, 660px\" \/><\/figure><div class=\"wp-block-media-text__content\">\n<p>L\u00f3pez-Igual, P.; Espinosa-Fajardo, J.; Rodriguez-Modro\u00f1o, P. 2024. Igualdad de g\u00e9nero y equidad en la legislaci\u00f3n sobre teletrabajo. Un an\u00e1lisis de la ley espa\u00f1ola de trabajo a distancia. Corresponsabilidad, espacios de cuidados y pol\u00edticas p\u00fablicas de igualdad de g\u00e9nero en Iberoam\u00e9rica. Dyckinson S.L. pp.332-351. ISBN 9788411705868. <a href=\"https:\/\/www.dykinson.com\/libros\/corresponsabilidad-espacios-de-cuidados-y-politicas-publicas-de-igualdad-de-genero-en-iberoamerica\/9788411705868\/\">https:\/\/www.dykinson.com\/libros\/corresponsabilidad-espacios-de-cuidados-y-politicas-publicas-de-igualdad-de-genero-en-iberoamerica\/9788411705868\/<\/a><\/p>\n\n\n\n<p><br><\/p>\n<\/div><\/div>\n","protected":false},"excerpt":{"rendered":"<p>Silva Uch\u00f4a, Marcela; Van Vossole, Jonas. \u201cInformal Care: Public Care Policies versus the Privatization of Family Labour.\u201d In Ethics of Care \u2013 Advancing Global Bioethics, 163\u2013176. Cham, Su\u00ed\u00e7a: Springer Nature, 2024. https:\/\/link.springer.com\/chapter\/10.1007\/978-3-031-73608-7_11 Rodriguez-Modro\u00f1o, P.; Agenjo-Calder\u00f3n, A.; L\u00f3pez-Igual, P.2024.&nbsp;A social reproduction analysis of digital care platform work. New Political Economy. ROUTLEDGE JOURNALS, TAYLOR &amp; FRANCIS LTD. [&hellip;]<\/p>\n","protected":false},"author":1,"featured_media":0,"comment_status":"closed","ping_status":"closed","sticky":false,"template":"","format":"standard","meta":{"footnotes":""},"categories":[10],"tags":[],"class_list":["post-79","post","type-post","status-publish","format-standard","hentry","category-publicaciones"],"_links":{"self":[{"href":"http:\/\/grupo.us.es\/labdescyc\/index.php?rest_route=\/wp\/v2\/posts\/79","targetHints":{"allow":["GET"]}}],"collection":[{"href":"http:\/\/grupo.us.es\/labdescyc\/index.php?rest_route=\/wp\/v2\/posts"}],"about":[{"href":"http:\/\/grupo.us.es\/labdescyc\/index.php?rest_route=\/wp\/v2\/types\/post"}],"author":[{"embeddable":true,"href":"http:\/\/grupo.us.es\/labdescyc\/index.php?rest_route=\/wp\/v2\/users\/1"}],"replies":[{"embeddable":true,"href":"http:\/\/grupo.us.es\/labdescyc\/index.php?rest_route=%2Fwp%2Fv2%2Fcomments&post=79"}],"version-history":[{"count":35,"href":"http:\/\/grupo.us.es\/labdescyc\/index.php?rest_route=\/wp\/v2\/posts\/79\/revisions"}],"predecessor-version":[{"id":464,"href":"http:\/\/grupo.us.es\/labdescyc\/index.php?rest_route=\/wp\/v2\/posts\/79\/revisions\/464"}],"wp:attachment":[{"href":"http:\/\/grupo.us.es\/labdescyc\/index.php?rest_route=%2Fwp%2Fv2%2Fmedia&parent=79"}],"wp:term":[{"taxonomy":"category","embeddable":true,"href":"http:\/\/grupo.us.es\/labdescyc\/index.php?rest_route=%2Fwp%2Fv2%2Fcategories&post=79"},{"taxonomy":"post_tag","embeddable":true,"href":"http:\/\/grupo.us.es\/labdescyc\/index.php?rest_route=%2Fwp%2Fv2%2Ftags&post=79"}],"curies":[{"name":"wp","href":"https:\/\/api.w.org\/{rel}","templated":true}]}}