{"id":77,"date":"2025-03-02T11:47:15","date_gmt":"2025-03-02T10:47:15","guid":{"rendered":"http:\/\/grupo.us.es\/labdescyc\/?p=77"},"modified":"2025-09-02T14:51:12","modified_gmt":"2025-09-02T12:51:12","slug":"2023","status":"publish","type":"post","link":"http:\/\/grupo.us.es\/labdescyc\/?p=77","title":{"rendered":"2023"},"content":{"rendered":"\n<div class=\"wp-block-media-text is-stacked-on-mobile\" style=\"grid-template-columns:15% auto\"><figure class=\"wp-block-media-text__media\"><img fetchpriority=\"high\" decoding=\"async\" width=\"691\" height=\"1024\" src=\"http:\/\/grupo.us.es\/labdescyc\/wp-content\/uploads\/2025\/03\/Screenshot-2025-07-14-at-1.11.16\u202fPM-691x1024.png\" alt=\"\" class=\"wp-image-432 size-full\" srcset=\"http:\/\/grupo.us.es\/labdescyc\/wp-content\/uploads\/2025\/03\/Screenshot-2025-07-14-at-1.11.16\u202fPM-691x1024.png 691w, http:\/\/grupo.us.es\/labdescyc\/wp-content\/uploads\/2025\/03\/Screenshot-2025-07-14-at-1.11.16\u202fPM-202x300.png 202w, http:\/\/grupo.us.es\/labdescyc\/wp-content\/uploads\/2025\/03\/Screenshot-2025-07-14-at-1.11.16\u202fPM-768x1138.png 768w, http:\/\/grupo.us.es\/labdescyc\/wp-content\/uploads\/2025\/03\/Screenshot-2025-07-14-at-1.11.16\u202fPM.png 1019w\" sizes=\"(max-width: 691px) 100vw, 691px\" \/><\/figure><div class=\"wp-block-media-text__content\">\n<p>Braga, Joaquim; Silva Uch\u00f4a, Marcela. Cuidado, Tecnologia, Terapia. Coimbra, Portugal: Instituto de Estudos Filos\u00f3ficos, 2023.<\/p>\n<\/div><\/div>\n\n\n\n<div style=\"height:84px\" aria-hidden=\"true\" class=\"wp-block-spacer\"><\/div>\n\n\n\n<div class=\"wp-block-media-text is-stacked-on-mobile\" style=\"grid-template-columns:15% auto\"><figure class=\"wp-block-media-text__media\"><img decoding=\"async\" width=\"502\" height=\"702\" src=\"http:\/\/grupo.us.es\/labdescyc\/wp-content\/uploads\/2025\/03\/Captura-desde-2025-03-24-02-11-35.png\" alt=\"\" class=\"wp-image-179 size-full\" srcset=\"http:\/\/grupo.us.es\/labdescyc\/wp-content\/uploads\/2025\/03\/Captura-desde-2025-03-24-02-11-35.png 502w, http:\/\/grupo.us.es\/labdescyc\/wp-content\/uploads\/2025\/03\/Captura-desde-2025-03-24-02-11-35-215x300.png 215w\" sizes=\"(max-width: 502px) 100vw, 502px\" \/><\/figure><div class=\"wp-block-media-text__content\">\n<p>Vila-Vi\u00f1as, D. (2023). \u201cComunes y comunes digitales. Aproximaci\u00f3n sobre sus implicaciones para los derechos econ\u00f3micos, sociales y culturales\u201d, en A. de Julios-Campuzano (ed.), La cultura jur\u00eddica cosmopolita. Fundamentos, l\u00edmites y posibildades en tiempos de crisis (pp. 279-301). Aranzadi. ISBN: 978-84-11-63827-2<\/p>\n<\/div><\/div>\n\n\n\n<div style=\"height:100px\" aria-hidden=\"true\" class=\"wp-block-spacer\"><\/div>\n\n\n\n<div class=\"wp-block-media-text is-stacked-on-mobile\" style=\"grid-template-columns:15% auto\"><figure class=\"wp-block-media-text__media\"><img decoding=\"async\" width=\"680\" height=\"1024\" src=\"http:\/\/grupo.us.es\/labdescyc\/wp-content\/uploads\/2025\/03\/Screenshot-2025-06-06-at-4.30.44\u202fPM-1-680x1024.png\" alt=\"\" class=\"wp-image-397 size-full\" srcset=\"http:\/\/grupo.us.es\/labdescyc\/wp-content\/uploads\/2025\/03\/Screenshot-2025-06-06-at-4.30.44\u202fPM-1-680x1024.png 680w, http:\/\/grupo.us.es\/labdescyc\/wp-content\/uploads\/2025\/03\/Screenshot-2025-06-06-at-4.30.44\u202fPM-1-199x300.png 199w, http:\/\/grupo.us.es\/labdescyc\/wp-content\/uploads\/2025\/03\/Screenshot-2025-06-06-at-4.30.44\u202fPM-1-768x1156.png 768w, http:\/\/grupo.us.es\/labdescyc\/wp-content\/uploads\/2025\/03\/Screenshot-2025-06-06-at-4.30.44\u202fPM-1.png 950w\" sizes=\"(max-width: 680px) 100vw, 680px\" \/><\/figure><div class=\"wp-block-media-text__content\">\n<p>Ribeiro, A., Coelho, H., Ferreira, A. E., &amp; Branquinho, J. (2023). Metacognition, accountability and legal personhood of AI. In Multidisciplinary perspectives on artificial intelligence and the law (pp. 169\u2013185). Springer Nature.<\/p>\n<\/div><\/div>\n\n\n\n<div style=\"height:100px\" aria-hidden=\"true\" class=\"wp-block-spacer\"><\/div>\n\n\n\n<div class=\"wp-block-media-text is-stacked-on-mobile\" style=\"grid-template-columns:15% auto\"><figure class=\"wp-block-media-text__media\"><img loading=\"lazy\" decoding=\"async\" width=\"1024\" height=\"976\" src=\"http:\/\/grupo.us.es\/labdescyc\/wp-content\/uploads\/2025\/03\/Screenshot-2025-09-02-at-2.48.23\u202fPM-1024x976.png\" alt=\"\" class=\"wp-image-446 size-full\" srcset=\"http:\/\/grupo.us.es\/labdescyc\/wp-content\/uploads\/2025\/03\/Screenshot-2025-09-02-at-2.48.23\u202fPM-1024x976.png 1024w, http:\/\/grupo.us.es\/labdescyc\/wp-content\/uploads\/2025\/03\/Screenshot-2025-09-02-at-2.48.23\u202fPM-300x286.png 300w, http:\/\/grupo.us.es\/labdescyc\/wp-content\/uploads\/2025\/03\/Screenshot-2025-09-02-at-2.48.23\u202fPM-768x732.png 768w, http:\/\/grupo.us.es\/labdescyc\/wp-content\/uploads\/2025\/03\/Screenshot-2025-09-02-at-2.48.23\u202fPM.png 1462w\" sizes=\"(max-width: 1024px) 100vw, 1024px\" \/><\/figure><div class=\"wp-block-media-text__content\">\n<p>Rodriguez-Modro\u00f1o, P.; Agenjo-Calder\u00f3n, A.; L\u00f3pez-Igual, P.2023.\u00a0A Feminist Political Economic Analysis of Platform Capitalism in the Care Sector. Review of Radical Political Economics. Sage Journals. pp.1-10.\u00a0<a href=\"https:\/\/doi.org\/10.1177\/04866134231184235\">https:\/\/doi.org\/10.1177\/04866134231184235<\/a><\/p>\n<\/div><\/div>\n\n\n\n<div style=\"height:100px\" aria-hidden=\"true\" class=\"wp-block-spacer\"><\/div>\n\n\n\n<div class=\"wp-block-media-text is-stacked-on-mobile\" style=\"grid-template-columns:15% auto\"><figure class=\"wp-block-media-text__media\"><img loading=\"lazy\" decoding=\"async\" width=\"244\" height=\"356\" src=\"http:\/\/grupo.us.es\/labdescyc\/wp-content\/uploads\/2025\/03\/Captura-desde-2025-03-24-02-15-11.png\" alt=\"\" class=\"wp-image-180 size-full\" srcset=\"http:\/\/grupo.us.es\/labdescyc\/wp-content\/uploads\/2025\/03\/Captura-desde-2025-03-24-02-15-11.png 244w, http:\/\/grupo.us.es\/labdescyc\/wp-content\/uploads\/2025\/03\/Captura-desde-2025-03-24-02-15-11-206x300.png 206w\" sizes=\"(max-width: 244px) 100vw, 244px\" \/><\/figure><div class=\"wp-block-media-text__content\">\n<p>Vila-Vi\u00f1as, D. (2023). Efectividad del derecho para la protecci\u00f3n de la humanidad frente al riesgo ambiental. En D. S\u00e1nchez Rubio &amp; \u00c1. S\u00e1nchez Bravo (eds.), Antropoceno, derechos humanos y naturaleza. Enfoques iusfilos\u00f3ficos (pp. 159-180). Dykinson. ISBN. 9788411229074<\/p>\n<\/div><\/div>\n\n\n\n<div style=\"height:100px\" aria-hidden=\"true\" class=\"wp-block-spacer\"><\/div>\n\n\n\n<div class=\"wp-block-media-text is-stacked-on-mobile\" style=\"grid-template-columns:15% auto\"><figure class=\"wp-block-media-text__media\"><img loading=\"lazy\" decoding=\"async\" width=\"620\" height=\"833\" src=\"http:\/\/grupo.us.es\/labdescyc\/wp-content\/uploads\/2025\/03\/Captura-desde-2025-03-24-02-17-05.png\" alt=\"\" class=\"wp-image-181 size-full\" srcset=\"http:\/\/grupo.us.es\/labdescyc\/wp-content\/uploads\/2025\/03\/Captura-desde-2025-03-24-02-17-05.png 620w, http:\/\/grupo.us.es\/labdescyc\/wp-content\/uploads\/2025\/03\/Captura-desde-2025-03-24-02-17-05-223x300.png 223w\" sizes=\"(max-width: 620px) 100vw, 620px\" \/><\/figure><div class=\"wp-block-media-text__content\">\n<p>Vila-Vi\u00f1as, D. (2023). La efectividad de los derechos sociales en el empleo de hogar y de cuidados en Espa\u00f1a desde la perspectiva del destinatario del derecho. Derechos y Libertades, 49, 191-223. doi: <a href=\"https:\/\/doi.org\/10.20318\/dyl.2023.7723\">https:\/\/doi.org\/10.20318\/dyl.2023.7723<\/a><\/p>\n<\/div><\/div>\n\n\n\n<div style=\"height:100px\" aria-hidden=\"true\" class=\"wp-block-spacer\"><\/div>\n\n\n\n<div class=\"wp-block-media-text is-stacked-on-mobile\" style=\"grid-template-columns:15% auto\"><figure class=\"wp-block-media-text__media\"><img loading=\"lazy\" decoding=\"async\" width=\"559\" height=\"786\" src=\"http:\/\/grupo.us.es\/labdescyc\/wp-content\/uploads\/2025\/03\/Captura-desde-2025-03-24-02-18-59.png\" alt=\"\" class=\"wp-image-183 size-full\" srcset=\"http:\/\/grupo.us.es\/labdescyc\/wp-content\/uploads\/2025\/03\/Captura-desde-2025-03-24-02-18-59.png 559w, http:\/\/grupo.us.es\/labdescyc\/wp-content\/uploads\/2025\/03\/Captura-desde-2025-03-24-02-18-59-213x300.png 213w\" sizes=\"(max-width: 559px) 100vw, 559px\" \/><\/figure><div class=\"wp-block-media-text__content\">\n<p>Vila-Vi\u00f1as, D. (2023). Efectos de la digitalizaci\u00f3n sobre el razonamiento jur\u00eddico. Una aproximaci\u00f3n post-foucaultiana. IDP. Revista de Internet, Derecho y Pol\u00edtica, 39, 1-12. <a href=\"https:\/\/doi.org\/10.7238\/idp.v0i39.416197\">https:\/\/doi.org\/10.7238\/idp.v0i39.416197<\/a><\/p>\n<\/div><\/div>\n\n\n\n<div style=\"height:100px\" aria-hidden=\"true\" class=\"wp-block-spacer\"><\/div>\n\n\n\n<div class=\"wp-block-media-text is-stacked-on-mobile\" style=\"grid-template-columns:15% auto\"><figure class=\"wp-block-media-text__media\"><img loading=\"lazy\" decoding=\"async\" width=\"655\" height=\"1020\" src=\"http:\/\/grupo.us.es\/labdescyc\/wp-content\/uploads\/2025\/03\/Screenshot-2025-06-03-at-12.45.45\u202fPM.png\" alt=\"\" class=\"wp-image-373 size-full\" srcset=\"http:\/\/grupo.us.es\/labdescyc\/wp-content\/uploads\/2025\/03\/Screenshot-2025-06-03-at-12.45.45\u202fPM.png 655w, http:\/\/grupo.us.es\/labdescyc\/wp-content\/uploads\/2025\/03\/Screenshot-2025-06-03-at-12.45.45\u202fPM-193x300.png 193w\" sizes=\"(max-width: 655px) 100vw, 655px\" \/><\/figure><div class=\"wp-block-media-text__content\">\n<p>Fersini, M. P. (2023). RUR e il governo dei Robot. Dramma collettivo sul genere umano, con un epilogo prospettico sul diritto siliceo.&nbsp;<em>Sociologia del diritto<\/em>, 50(1), 37\u201359.&nbsp;DOI:&nbsp;<a href=\"https:\/\/doi.org\/10.54103\/1972-5760\/20739\">https:\/\/doi.org\/10.54103\/1972-5760\/20739<\/a><\/p>\n<\/div><\/div>\n\n\n\n<div style=\"height:84px\" aria-hidden=\"true\" class=\"wp-block-spacer\"><\/div>\n","protected":false},"excerpt":{"rendered":"<p>Braga, Joaquim; Silva Uch\u00f4a, Marcela. Cuidado, Tecnologia, Terapia. Coimbra, Portugal: Instituto de Estudos Filos\u00f3ficos, 2023. Vila-Vi\u00f1as, D. (2023). \u201cComunes y comunes digitales. Aproximaci\u00f3n sobre sus implicaciones para los derechos econ\u00f3micos, sociales y culturales\u201d, en A. de Julios-Campuzano (ed.), La cultura jur\u00eddica cosmopolita. Fundamentos, l\u00edmites y posibildades en tiempos de crisis (pp. 279-301). Aranzadi. ISBN: 978-84-11-63827-2 [&hellip;]<\/p>\n","protected":false},"author":1,"featured_media":0,"comment_status":"closed","ping_status":"closed","sticky":false,"template":"","format":"standard","meta":{"footnotes":""},"categories":[10,11],"tags":[],"class_list":["post-77","post","type-post","status-publish","format-standard","hentry","category-publicaciones","category-publicaciones-publicaciones"],"_links":{"self":[{"href":"http:\/\/grupo.us.es\/labdescyc\/index.php?rest_route=\/wp\/v2\/posts\/77","targetHints":{"allow":["GET"]}}],"collection":[{"href":"http:\/\/grupo.us.es\/labdescyc\/index.php?rest_route=\/wp\/v2\/posts"}],"about":[{"href":"http:\/\/grupo.us.es\/labdescyc\/index.php?rest_route=\/wp\/v2\/types\/post"}],"author":[{"embeddable":true,"href":"http:\/\/grupo.us.es\/labdescyc\/index.php?rest_route=\/wp\/v2\/users\/1"}],"replies":[{"embeddable":true,"href":"http:\/\/grupo.us.es\/labdescyc\/index.php?rest_route=%2Fwp%2Fv2%2Fcomments&post=77"}],"version-history":[{"count":9,"href":"http:\/\/grupo.us.es\/labdescyc\/index.php?rest_route=\/wp\/v2\/posts\/77\/revisions"}],"predecessor-version":[{"id":448,"href":"http:\/\/grupo.us.es\/labdescyc\/index.php?rest_route=\/wp\/v2\/posts\/77\/revisions\/448"}],"wp:attachment":[{"href":"http:\/\/grupo.us.es\/labdescyc\/index.php?rest_route=%2Fwp%2Fv2%2Fmedia&parent=77"}],"wp:term":[{"taxonomy":"category","embeddable":true,"href":"http:\/\/grupo.us.es\/labdescyc\/index.php?rest_route=%2Fwp%2Fv2%2Fcategories&post=77"},{"taxonomy":"post_tag","embeddable":true,"href":"http:\/\/grupo.us.es\/labdescyc\/index.php?rest_route=%2Fwp%2Fv2%2Ftags&post=77"}],"curies":[{"name":"wp","href":"https:\/\/api.w.org\/{rel}","templated":true}]}}