{"id":514,"date":"2026-02-17T19:21:29","date_gmt":"2026-02-17T18:21:29","guid":{"rendered":"http:\/\/grupo.us.es\/labdescyc\/?p=514"},"modified":"2026-04-02T12:55:28","modified_gmt":"2026-04-02T10:55:28","slug":"2026","status":"publish","type":"post","link":"http:\/\/grupo.us.es\/labdescyc\/?p=514","title":{"rendered":"2026"},"content":{"rendered":"\n<div class=\"wp-block-media-text is-stacked-on-mobile\" style=\"grid-template-columns:15% auto\"><figure class=\"wp-block-media-text__media\"><img fetchpriority=\"high\" decoding=\"async\" width=\"717\" height=\"1024\" src=\"http:\/\/grupo.us.es\/labdescyc\/wp-content\/uploads\/2026\/02\/Screenshot-2026-04-02-at-12.22.32\u202fPM-717x1024.png\" alt=\"\" class=\"wp-image-569 size-full\" srcset=\"http:\/\/grupo.us.es\/labdescyc\/wp-content\/uploads\/2026\/02\/Screenshot-2026-04-02-at-12.22.32\u202fPM-717x1024.png 717w, http:\/\/grupo.us.es\/labdescyc\/wp-content\/uploads\/2026\/02\/Screenshot-2026-04-02-at-12.22.32\u202fPM-210x300.png 210w, http:\/\/grupo.us.es\/labdescyc\/wp-content\/uploads\/2026\/02\/Screenshot-2026-04-02-at-12.22.32\u202fPM-768x1096.png 768w, http:\/\/grupo.us.es\/labdescyc\/wp-content\/uploads\/2026\/02\/Screenshot-2026-04-02-at-12.22.32\u202fPM.png 941w\" sizes=\"(max-width: 717px) 100vw, 717px\" \/><\/figure><div class=\"wp-block-media-text__content\">\n<p><\/p>\n\n\n\n<p>Vila-Vi\u00f1as, D. (2026). Reforma del r\u00e9gimen laboral del empleo de hogar. Aspectos esenciales de su impacto sobre la efectividad de los derechos del cuidado. En C. Marcuello Serv\u00f3s, P. Almaguer Kalitxo, E. Alb\u00e1s Sus\u00edn, &amp; S. G\u00f3mez Palacios (Eds.), Pol\u00edticas p\u00fablicas y capitalismo de datos. Soberan\u00eda digital y propiedad de los datos (pp. 135-146). Prensas de la Universidad de Zaragoza.<br><a href=\"https:\/\/puz.unizar.es\/3241-politicas-publicas-y-capitalismo-de-datos-soberania-digital-y-propiedad-de-los-datos.html\">https:\/\/puz.unizar.es\/3241-politicas-publicas-y-capitalismo-de-datos-soberania-digital-y-propiedad-de-los-datos.html<\/a><\/p>\n<\/div><\/div>\n\n\n\n<div style=\"height:100px\" aria-hidden=\"true\" class=\"wp-block-spacer\"><\/div>\n\n\n\n<div class=\"wp-block-media-text is-stacked-on-mobile\" style=\"grid-template-columns:15% auto\"><figure class=\"wp-block-media-text__media\"><img decoding=\"async\" width=\"721\" height=\"1024\" src=\"http:\/\/grupo.us.es\/labdescyc\/wp-content\/uploads\/2026\/02\/neuro--721x1024.jpeg\" alt=\"\" class=\"wp-image-570 size-full\" srcset=\"http:\/\/grupo.us.es\/labdescyc\/wp-content\/uploads\/2026\/02\/neuro--721x1024.jpeg 721w, http:\/\/grupo.us.es\/labdescyc\/wp-content\/uploads\/2026\/02\/neuro--211x300.jpeg 211w, http:\/\/grupo.us.es\/labdescyc\/wp-content\/uploads\/2026\/02\/neuro--768x1091.jpeg 768w, http:\/\/grupo.us.es\/labdescyc\/wp-content\/uploads\/2026\/02\/neuro-.jpeg 1040w\" sizes=\"(max-width: 721px) 100vw, 721px\" \/><\/figure><div class=\"wp-block-media-text__content\">\n<p><\/p>\n\n\n\n<p>Granados-Dom\u00ednguez, C. (2026). Neurotechnology and disability: Mapping concepts, ethical dilemmas, and legal frameworks. En S. Salardi (Ed.),\u00a0<em>Neurotechnology in the age of human rights. Ethical challenges and legal approaches<\/em>(pp. 71-95). Trivent. Disponible en:\u00a0<a href=\"https:\/\/trivent-publishing.eu\/home\/225-424-neurotechnology.html#\/30-cover-ebook\">https:\/\/trivent-publishing.eu\/home\/225-424-neurotechnology.html#\/30-cover-ebook<\/a><\/p>\n<\/div><\/div>\n\n\n\n<div style=\"height:100px\" aria-hidden=\"true\" class=\"wp-block-spacer\"><\/div>\n\n\n\n<div class=\"wp-block-media-text is-stacked-on-mobile\" style=\"grid-template-columns:15% auto\"><figure class=\"wp-block-media-text__media\"><img decoding=\"async\" width=\"700\" height=\"1003\" src=\"http:\/\/grupo.us.es\/labdescyc\/wp-content\/uploads\/2026\/01\/photo_2026-02-17_19-17-54.jpg\" alt=\"\" class=\"wp-image-561 size-full\" srcset=\"http:\/\/grupo.us.es\/labdescyc\/wp-content\/uploads\/2026\/01\/photo_2026-02-17_19-17-54.jpg 700w, http:\/\/grupo.us.es\/labdescyc\/wp-content\/uploads\/2026\/01\/photo_2026-02-17_19-17-54-209x300.jpg 209w\" sizes=\"(max-width: 700px) 100vw, 700px\" \/><\/figure><div class=\"wp-block-media-text__content\">\n<p><\/p>\n\n\n\n<p>Vila-Vi\u00f1as, D. (2026). El conflicto en torno a los cuidados y el derecho a la salud. L\u00edmites en la tutela del derecho a la salud de las camareras de piso, en D. S\u00e1nchez Rubio &amp; J. I. Delgado Rojas (eds.), La humanidad en la encrucijada. Amenazas globales, conflictos sociales y derecho (pp. 141-162). Dykinson. Disponible en <a href=\"https:\/\/hdl.handle.net\/11441\/183991\">https:\/\/hdl.handle.net\/11441\/183991<\/a><\/p>\n\n\n\n<p><\/p>\n<\/div><\/div>\n\n\n\n<div style=\"height:100px\" aria-hidden=\"true\" class=\"wp-block-spacer\"><\/div>\n","protected":false},"excerpt":{"rendered":"<p>Vila-Vi\u00f1as, D. (2026). Reforma del r\u00e9gimen laboral del empleo de hogar. Aspectos esenciales de su impacto sobre la efectividad de los derechos del cuidado. En C. Marcuello Serv\u00f3s, P. Almaguer Kalitxo, E. Alb\u00e1s Sus\u00edn, &amp; S. G\u00f3mez Palacios (Eds.), Pol\u00edticas p\u00fablicas y capitalismo de datos. Soberan\u00eda digital y propiedad de los datos (pp. 135-146). Prensas [&hellip;]<\/p>\n","protected":false},"author":3,"featured_media":0,"comment_status":"closed","ping_status":"open","sticky":false,"template":"","format":"standard","meta":{"footnotes":""},"categories":[10,11],"tags":[],"class_list":["post-514","post","type-post","status-publish","format-standard","hentry","category-publicaciones","category-publicaciones-publicaciones"],"_links":{"self":[{"href":"http:\/\/grupo.us.es\/labdescyc\/index.php?rest_route=\/wp\/v2\/posts\/514","targetHints":{"allow":["GET"]}}],"collection":[{"href":"http:\/\/grupo.us.es\/labdescyc\/index.php?rest_route=\/wp\/v2\/posts"}],"about":[{"href":"http:\/\/grupo.us.es\/labdescyc\/index.php?rest_route=\/wp\/v2\/types\/post"}],"author":[{"embeddable":true,"href":"http:\/\/grupo.us.es\/labdescyc\/index.php?rest_route=\/wp\/v2\/users\/3"}],"replies":[{"embeddable":true,"href":"http:\/\/grupo.us.es\/labdescyc\/index.php?rest_route=%2Fwp%2Fv2%2Fcomments&post=514"}],"version-history":[{"count":5,"href":"http:\/\/grupo.us.es\/labdescyc\/index.php?rest_route=\/wp\/v2\/posts\/514\/revisions"}],"predecessor-version":[{"id":572,"href":"http:\/\/grupo.us.es\/labdescyc\/index.php?rest_route=\/wp\/v2\/posts\/514\/revisions\/572"}],"wp:attachment":[{"href":"http:\/\/grupo.us.es\/labdescyc\/index.php?rest_route=%2Fwp%2Fv2%2Fmedia&parent=514"}],"wp:term":[{"taxonomy":"category","embeddable":true,"href":"http:\/\/grupo.us.es\/labdescyc\/index.php?rest_route=%2Fwp%2Fv2%2Fcategories&post=514"},{"taxonomy":"post_tag","embeddable":true,"href":"http:\/\/grupo.us.es\/labdescyc\/index.php?rest_route=%2Fwp%2Fv2%2Ftags&post=514"}],"curies":[{"name":"wp","href":"https:\/\/api.w.org\/{rel}","templated":true}]}}