{"id":163,"date":"2025-03-24T01:34:23","date_gmt":"2025-03-24T00:34:23","guid":{"rendered":"http:\/\/grupo.us.es\/labdescyc\/?p=163"},"modified":"2026-04-02T12:56:37","modified_gmt":"2026-04-02T10:56:37","slug":"2025","status":"publish","type":"post","link":"http:\/\/grupo.us.es\/labdescyc\/?p=163","title":{"rendered":"2025"},"content":{"rendered":"\n<div class=\"wp-block-media-text is-stacked-on-mobile\" style=\"grid-template-columns:15% auto\"><figure class=\"wp-block-media-text__media\"><img fetchpriority=\"high\" decoding=\"async\" width=\"733\" height=\"1024\" src=\"http:\/\/grupo.us.es\/labdescyc\/wp-content\/uploads\/2025\/03\/Screenshot-2026-04-02-at-12.16.56\u202fPM-733x1024.png\" alt=\"\" class=\"wp-image-566 size-full\" srcset=\"http:\/\/grupo.us.es\/labdescyc\/wp-content\/uploads\/2025\/03\/Screenshot-2026-04-02-at-12.16.56\u202fPM-733x1024.png 733w, http:\/\/grupo.us.es\/labdescyc\/wp-content\/uploads\/2025\/03\/Screenshot-2026-04-02-at-12.16.56\u202fPM-215x300.png 215w, http:\/\/grupo.us.es\/labdescyc\/wp-content\/uploads\/2025\/03\/Screenshot-2026-04-02-at-12.16.56\u202fPM-768x1073.png 768w, http:\/\/grupo.us.es\/labdescyc\/wp-content\/uploads\/2025\/03\/Screenshot-2026-04-02-at-12.16.56\u202fPM.png 954w\" sizes=\"(max-width: 733px) 100vw, 733px\" \/><\/figure><div class=\"wp-block-media-text__content\">\n<p>Vila-Vi\u00f1as, D. (ed.). (2025). Nuevos escenarios del cuidado desde una perspectiva socio-jur\u00eddica. Empleo de hogar y de camareras de piso en establecimientos tur\u00edsticos. Dykinson.&nbsp;<a href=\"https:\/\/hdl.handle.net\/11441\/181516\">https:\/\/hdl.handle.net\/11441\/181516<\/a><\/p>\n<\/div><\/div>\n\n\n\n<div style=\"height:100px\" aria-hidden=\"true\" class=\"wp-block-spacer\"><\/div>\n\n\n\n<div class=\"wp-block-media-text is-stacked-on-mobile\" style=\"grid-template-columns:15% auto\"><figure class=\"wp-block-media-text__media\"><img decoding=\"async\" width=\"764\" height=\"1024\" src=\"http:\/\/grupo.us.es\/labdescyc\/wp-content\/uploads\/2025\/03\/Screenshot-2026-01-28-at-1.37.08\u202fPM-764x1024.png\" alt=\"\" class=\"wp-image-539 size-full\" srcset=\"http:\/\/grupo.us.es\/labdescyc\/wp-content\/uploads\/2025\/03\/Screenshot-2026-01-28-at-1.37.08\u202fPM-764x1024.png 764w, http:\/\/grupo.us.es\/labdescyc\/wp-content\/uploads\/2025\/03\/Screenshot-2026-01-28-at-1.37.08\u202fPM-224x300.png 224w, http:\/\/grupo.us.es\/labdescyc\/wp-content\/uploads\/2025\/03\/Screenshot-2026-01-28-at-1.37.08\u202fPM-768x1030.png 768w, http:\/\/grupo.us.es\/labdescyc\/wp-content\/uploads\/2025\/03\/Screenshot-2026-01-28-at-1.37.08\u202fPM.png 1020w\" sizes=\"(max-width: 764px) 100vw, 764px\" \/><\/figure><div class=\"wp-block-media-text__content\">\n<p>N\u00famero extraordinario. Monogr\u00e1fico: \u00abTecnolog\u00edas, derechos y atenci\u00f3n a los cuidados de larga duraci\u00f3n\u00bb <br><a href=\"https:\/\/revistascientificas.us.es\/index.php\/ies\/issue\/view\/1636\/951\">https:\/\/revistascientificas.us.es\/index.php\/ies\/issue\/view\/1636\/951<\/a><\/p>\n<\/div><\/div>\n\n\n\n<div style=\"height:100px\" aria-hidden=\"true\" class=\"wp-block-spacer\"><\/div>\n\n\n\n<div class=\"wp-block-media-text is-stacked-on-mobile\" style=\"grid-template-columns:15% auto\"><figure class=\"wp-block-media-text__media\"><img decoding=\"async\" width=\"764\" height=\"1024\" src=\"http:\/\/grupo.us.es\/labdescyc\/wp-content\/uploads\/2025\/03\/Screenshot-2026-01-28-at-1.37.08\u202fPM-764x1024.png\" alt=\"\" class=\"wp-image-539 size-full\" srcset=\"http:\/\/grupo.us.es\/labdescyc\/wp-content\/uploads\/2025\/03\/Screenshot-2026-01-28-at-1.37.08\u202fPM-764x1024.png 764w, http:\/\/grupo.us.es\/labdescyc\/wp-content\/uploads\/2025\/03\/Screenshot-2026-01-28-at-1.37.08\u202fPM-224x300.png 224w, http:\/\/grupo.us.es\/labdescyc\/wp-content\/uploads\/2025\/03\/Screenshot-2026-01-28-at-1.37.08\u202fPM-768x1030.png 768w, http:\/\/grupo.us.es\/labdescyc\/wp-content\/uploads\/2025\/03\/Screenshot-2026-01-28-at-1.37.08\u202fPM.png 1020w\" sizes=\"(max-width: 764px) 100vw, 764px\" \/><\/figure><div class=\"wp-block-media-text__content\">\n<p>Vila-Vi\u00f1as, D., &amp; Picont\u00f3 Novales, T. (2025). Tecnolog\u00edas, derechos y atenci\u00f3n de los cuidados de larga duraci\u00f3n.&nbsp;<em>IUS ET SCIENTIA<\/em>, 5\u201311. <a href=\"https:\/\/revistascientificas.us.es\/index.php\/ies\/article\/view\/29530\">https:\/\/revistascientificas.us.es\/index.php\/ies\/article\/view\/29530<\/a><\/p>\n<\/div><\/div>\n\n\n\n<div style=\"height:100px\" aria-hidden=\"true\" class=\"wp-block-spacer\"><\/div>\n\n\n\n<div class=\"wp-block-media-text is-stacked-on-mobile\" style=\"grid-template-columns:15% auto\"><figure class=\"wp-block-media-text__media\"><img decoding=\"async\" width=\"764\" height=\"1024\" src=\"http:\/\/grupo.us.es\/labdescyc\/wp-content\/uploads\/2025\/03\/Screenshot-2026-01-28-at-1.37.08\u202fPM-764x1024.png\" alt=\"\" class=\"wp-image-539 size-full\" srcset=\"http:\/\/grupo.us.es\/labdescyc\/wp-content\/uploads\/2025\/03\/Screenshot-2026-01-28-at-1.37.08\u202fPM-764x1024.png 764w, http:\/\/grupo.us.es\/labdescyc\/wp-content\/uploads\/2025\/03\/Screenshot-2026-01-28-at-1.37.08\u202fPM-224x300.png 224w, http:\/\/grupo.us.es\/labdescyc\/wp-content\/uploads\/2025\/03\/Screenshot-2026-01-28-at-1.37.08\u202fPM-768x1030.png 768w, http:\/\/grupo.us.es\/labdescyc\/wp-content\/uploads\/2025\/03\/Screenshot-2026-01-28-at-1.37.08\u202fPM.png 1020w\" sizes=\"(max-width: 764px) 100vw, 764px\" \/><\/figure><div class=\"wp-block-media-text__content\">\n<p>Vila-Vi\u00f1as, D., &amp; Ferreira, A. E. (2025). \u00c9tica del cuidado en un contexto tecnologizado. Humanidad, afectos y derechos.&nbsp;<em>IUS ET SCIENTIA<\/em>, 13\u201332. <a href=\"https:\/\/revistascientificas.us.es\/index.php\/ies\/article\/view\/29009\">https:\/\/doi.org\/10.12795\/IESTSCIENTIA.2025.mon.01 <\/a><\/p>\n<\/div><\/div>\n\n\n\n<div style=\"height:100px\" aria-hidden=\"true\" class=\"wp-block-spacer\"><\/div>\n\n\n\n<div class=\"wp-block-media-text is-stacked-on-mobile\" style=\"grid-template-columns:15% auto\"><figure class=\"wp-block-media-text__media\"><img decoding=\"async\" width=\"764\" height=\"1024\" src=\"http:\/\/grupo.us.es\/labdescyc\/wp-content\/uploads\/2025\/03\/Screenshot-2026-01-28-at-1.37.08\u202fPM-764x1024.png\" alt=\"\" class=\"wp-image-539 size-full\" srcset=\"http:\/\/grupo.us.es\/labdescyc\/wp-content\/uploads\/2025\/03\/Screenshot-2026-01-28-at-1.37.08\u202fPM-764x1024.png 764w, http:\/\/grupo.us.es\/labdescyc\/wp-content\/uploads\/2025\/03\/Screenshot-2026-01-28-at-1.37.08\u202fPM-224x300.png 224w, http:\/\/grupo.us.es\/labdescyc\/wp-content\/uploads\/2025\/03\/Screenshot-2026-01-28-at-1.37.08\u202fPM-768x1030.png 768w, http:\/\/grupo.us.es\/labdescyc\/wp-content\/uploads\/2025\/03\/Screenshot-2026-01-28-at-1.37.08\u202fPM.png 1020w\" sizes=\"(max-width: 764px) 100vw, 764px\" \/><\/figure><div class=\"wp-block-media-text__content\">\n<p>Pirosa, R. (2025). La tutela dei diritti soggettivi come principio critico nel ricorso all\u2019Intelligenza Artificiale: un riposizionamento del confine tra diritto ed etica.&nbsp;<em>IUS ET SCIENTIA<\/em>, 33\u201351. <a href=\"https:\/\/revistascientificas.us.es\/index.php\/ies\/article\/view\/29002\">https:\/\/doi.org\/10.12795\/IESTSCIENTIA.2025.mon.02<\/a><\/p>\n<\/div><\/div>\n\n\n\n<div style=\"height:100px\" aria-hidden=\"true\" class=\"wp-block-spacer\"><\/div>\n\n\n\n<div class=\"wp-block-media-text is-stacked-on-mobile\" style=\"grid-template-columns:15% auto\"><figure class=\"wp-block-media-text__media\"><img decoding=\"async\" width=\"764\" height=\"1024\" src=\"http:\/\/grupo.us.es\/labdescyc\/wp-content\/uploads\/2025\/03\/Screenshot-2026-01-28-at-1.37.08\u202fPM-764x1024.png\" alt=\"\" class=\"wp-image-539 size-full\" srcset=\"http:\/\/grupo.us.es\/labdescyc\/wp-content\/uploads\/2025\/03\/Screenshot-2026-01-28-at-1.37.08\u202fPM-764x1024.png 764w, http:\/\/grupo.us.es\/labdescyc\/wp-content\/uploads\/2025\/03\/Screenshot-2026-01-28-at-1.37.08\u202fPM-224x300.png 224w, http:\/\/grupo.us.es\/labdescyc\/wp-content\/uploads\/2025\/03\/Screenshot-2026-01-28-at-1.37.08\u202fPM-768x1030.png 768w, http:\/\/grupo.us.es\/labdescyc\/wp-content\/uploads\/2025\/03\/Screenshot-2026-01-28-at-1.37.08\u202fPM.png 1020w\" sizes=\"(max-width: 764px) 100vw, 764px\" \/><\/figure><div class=\"wp-block-media-text__content\">\n<p>De Asis Pulido, M. (2025). Tecnolog\u00eda y cuidados: cuatro nuevas relaciones en la red digital automatizada.\u00a0<em>IUS ET SCIENTIA<\/em>, 52\u201384. <a href=\"https:\/\/revistascientificas.us.es\/index.php\/ies\/article\/view\/28996\">https:\/\/doi.org\/10.12795\/IESTSCIENTIA.2025.mon.03<\/a><\/p>\n<\/div><\/div>\n\n\n\n<div style=\"height:100px\" aria-hidden=\"true\" class=\"wp-block-spacer\"><\/div>\n\n\n\n<div class=\"wp-block-media-text is-stacked-on-mobile\" style=\"grid-template-columns:15% auto\"><figure class=\"wp-block-media-text__media\"><img decoding=\"async\" width=\"764\" height=\"1024\" src=\"http:\/\/grupo.us.es\/labdescyc\/wp-content\/uploads\/2025\/03\/Screenshot-2026-01-28-at-1.37.08\u202fPM-764x1024.png\" alt=\"\" class=\"wp-image-539 size-full\" srcset=\"http:\/\/grupo.us.es\/labdescyc\/wp-content\/uploads\/2025\/03\/Screenshot-2026-01-28-at-1.37.08\u202fPM-764x1024.png 764w, http:\/\/grupo.us.es\/labdescyc\/wp-content\/uploads\/2025\/03\/Screenshot-2026-01-28-at-1.37.08\u202fPM-224x300.png 224w, http:\/\/grupo.us.es\/labdescyc\/wp-content\/uploads\/2025\/03\/Screenshot-2026-01-28-at-1.37.08\u202fPM-768x1030.png 768w, http:\/\/grupo.us.es\/labdescyc\/wp-content\/uploads\/2025\/03\/Screenshot-2026-01-28-at-1.37.08\u202fPM.png 1020w\" sizes=\"(max-width: 764px) 100vw, 764px\" \/><\/figure><div class=\"wp-block-media-text__content\">\n<p>Casadei, T., &amp; Mondello, M. (2025). Older People and Digital Technologies: Regulatory, Social and Institutional Profiles.&nbsp;<em>IUS ET SCIENTIA<\/em>, 85\u2013107.<a href=\"https:\/\/revistascientificas.us.es\/index.php\/ies\/article\/view\/29060\"> https:\/\/doi.org\/10.12795\/IESTSCIENTIA.2025.mon.04<\/a><\/p>\n<\/div><\/div>\n\n\n\n<div style=\"height:100px\" aria-hidden=\"true\" class=\"wp-block-spacer\"><\/div>\n\n\n\n<div class=\"wp-block-media-text is-stacked-on-mobile\" style=\"grid-template-columns:15% auto\"><figure class=\"wp-block-media-text__media\"><img decoding=\"async\" width=\"764\" height=\"1024\" src=\"http:\/\/grupo.us.es\/labdescyc\/wp-content\/uploads\/2025\/03\/Screenshot-2026-01-28-at-1.37.08\u202fPM-764x1024.png\" alt=\"\" class=\"wp-image-539 size-full\" srcset=\"http:\/\/grupo.us.es\/labdescyc\/wp-content\/uploads\/2025\/03\/Screenshot-2026-01-28-at-1.37.08\u202fPM-764x1024.png 764w, http:\/\/grupo.us.es\/labdescyc\/wp-content\/uploads\/2025\/03\/Screenshot-2026-01-28-at-1.37.08\u202fPM-224x300.png 224w, http:\/\/grupo.us.es\/labdescyc\/wp-content\/uploads\/2025\/03\/Screenshot-2026-01-28-at-1.37.08\u202fPM-768x1030.png 768w, http:\/\/grupo.us.es\/labdescyc\/wp-content\/uploads\/2025\/03\/Screenshot-2026-01-28-at-1.37.08\u202fPM.png 1020w\" sizes=\"(max-width: 764px) 100vw, 764px\" \/><\/figure><div class=\"wp-block-media-text__content\">\n<p>Poyatos-P\u00e9rez, R. (2025). Rob\u00f3tica social asistencial con perspectiva de g\u00e9nero centrada en las personas y en sus derechos: \u00bfuna nueva forma de cuidado?.&nbsp;<em>IUS ET SCIENTIA<\/em>, 108\u2013136. <a href=\"https:\/\/revistascientificas.us.es\/index.php\/ies\/article\/view\/29000\">https:\/\/revistascientificas.us.es\/index.php\/ies\/article\/view\/29000<\/a><\/p>\n<\/div><\/div>\n\n\n\n<div style=\"height:100px\" aria-hidden=\"true\" class=\"wp-block-spacer\"><\/div>\n\n\n\n<div class=\"wp-block-media-text is-stacked-on-mobile\" style=\"grid-template-columns:15% auto\"><figure class=\"wp-block-media-text__media\"><img decoding=\"async\" width=\"764\" height=\"1024\" src=\"http:\/\/grupo.us.es\/labdescyc\/wp-content\/uploads\/2025\/03\/Screenshot-2026-01-28-at-1.37.08\u202fPM-764x1024.png\" alt=\"\" class=\"wp-image-539 size-full\" srcset=\"http:\/\/grupo.us.es\/labdescyc\/wp-content\/uploads\/2025\/03\/Screenshot-2026-01-28-at-1.37.08\u202fPM-764x1024.png 764w, http:\/\/grupo.us.es\/labdescyc\/wp-content\/uploads\/2025\/03\/Screenshot-2026-01-28-at-1.37.08\u202fPM-224x300.png 224w, http:\/\/grupo.us.es\/labdescyc\/wp-content\/uploads\/2025\/03\/Screenshot-2026-01-28-at-1.37.08\u202fPM-768x1030.png 768w, http:\/\/grupo.us.es\/labdescyc\/wp-content\/uploads\/2025\/03\/Screenshot-2026-01-28-at-1.37.08\u202fPM.png 1020w\" sizes=\"(max-width: 764px) 100vw, 764px\" \/><\/figure><div class=\"wp-block-media-text__content\">\n<p>Monereo Atienza, C. (2025). Tecnopoder, cuidado social y ciencia ficci\u00f3n feminista.&nbsp;<em>IUS ET SCIENTIA<\/em>, 137\u2013157. <a href=\"https:\/\/revistascientificas.us.es\/index.php\/ies\/article\/view\/28986\">https:\/\/doi.org\/10.12795\/IESTSCIENTIA.2025.mon.06<\/a><\/p>\n<\/div><\/div>\n\n\n\n<div style=\"height:100px\" aria-hidden=\"true\" class=\"wp-block-spacer\"><\/div>\n\n\n\n<div class=\"wp-block-media-text is-stacked-on-mobile\" style=\"grid-template-columns:15% auto\"><figure class=\"wp-block-media-text__media\"><img decoding=\"async\" width=\"764\" height=\"1024\" src=\"http:\/\/grupo.us.es\/labdescyc\/wp-content\/uploads\/2025\/03\/Screenshot-2026-01-28-at-1.37.08\u202fPM-764x1024.png\" alt=\"\" class=\"wp-image-539 size-full\" srcset=\"http:\/\/grupo.us.es\/labdescyc\/wp-content\/uploads\/2025\/03\/Screenshot-2026-01-28-at-1.37.08\u202fPM-764x1024.png 764w, http:\/\/grupo.us.es\/labdescyc\/wp-content\/uploads\/2025\/03\/Screenshot-2026-01-28-at-1.37.08\u202fPM-224x300.png 224w, http:\/\/grupo.us.es\/labdescyc\/wp-content\/uploads\/2025\/03\/Screenshot-2026-01-28-at-1.37.08\u202fPM-768x1030.png 768w, http:\/\/grupo.us.es\/labdescyc\/wp-content\/uploads\/2025\/03\/Screenshot-2026-01-28-at-1.37.08\u202fPM.png 1020w\" sizes=\"(max-width: 764px) 100vw, 764px\" \/><\/figure><div class=\"wp-block-media-text__content\">\n<p>Fersini, M. P. (2025). Ciencia ficci\u00f3n y dilemas \u00e9tico-jur\u00eddicos de la videovigilancia en contextos de cuidado: el caso Kentukis.&nbsp;<em>IUS ET SCIENTIA<\/em>, 158\u2013180. <a href=\"https:\/\/revistascientificas.us.es\/index.php\/ies\/article\/view\/28928\">https:\/\/revistascientificas.us.es\/index.php\/ies\/article\/view\/28928<\/a><\/p>\n\n\n\n<p><\/p>\n<\/div><\/div>\n\n\n\n<div style=\"height:100px\" aria-hidden=\"true\" class=\"wp-block-spacer\"><\/div>\n\n\n\n<div class=\"wp-block-media-text is-stacked-on-mobile\" style=\"grid-template-columns:15% auto\"><figure class=\"wp-block-media-text__media\"><img decoding=\"async\" width=\"725\" height=\"1024\" src=\"http:\/\/grupo.us.es\/labdescyc\/wp-content\/uploads\/2025\/03\/Screenshot-2025-07-14-at-12.22.04\u202fPM-725x1024.png\" alt=\"\" class=\"wp-image-421 size-full\" srcset=\"http:\/\/grupo.us.es\/labdescyc\/wp-content\/uploads\/2025\/03\/Screenshot-2025-07-14-at-12.22.04\u202fPM-725x1024.png 725w, http:\/\/grupo.us.es\/labdescyc\/wp-content\/uploads\/2025\/03\/Screenshot-2025-07-14-at-12.22.04\u202fPM-212x300.png 212w, http:\/\/grupo.us.es\/labdescyc\/wp-content\/uploads\/2025\/03\/Screenshot-2025-07-14-at-12.22.04\u202fPM-768x1085.png 768w, http:\/\/grupo.us.es\/labdescyc\/wp-content\/uploads\/2025\/03\/Screenshot-2025-07-14-at-12.22.04\u202fPM.png 946w\" sizes=\"(max-width: 725px) 100vw, 725px\" \/><\/figure><div class=\"wp-block-media-text__content\">\n<p>Uch\u00f4a, Marcela; Van Vossole, Jonas. \u201cNational Policy of Care versus the Informal Caregiver Statute: A Case Study on Public Care Policies in Portugal and Brazil.\u201d Revista Direito, Estado e Sociedade, no. 64 (2025).&nbsp;<a href=\"https:\/\/doi.org\/10.17808\/des.2081\" target=\"_blank\" rel=\"noreferrer noopener\">https:\/\/doi.org\/10.17808\/des.2081<\/a>.<\/p>\n<\/div><\/div>\n\n\n\n<div style=\"height:100px\" aria-hidden=\"true\" class=\"wp-block-spacer\"><\/div>\n\n\n\n<div class=\"wp-block-media-text is-stacked-on-mobile\" style=\"grid-template-columns:15% auto\"><figure class=\"wp-block-media-text__media\"><img loading=\"lazy\" decoding=\"async\" width=\"242\" height=\"367\" src=\"http:\/\/grupo.us.es\/labdescyc\/wp-content\/uploads\/2025\/03\/Captura-desde-2025-03-24-01-30-39.png\" alt=\"\" class=\"wp-image-164 size-full\" srcset=\"http:\/\/grupo.us.es\/labdescyc\/wp-content\/uploads\/2025\/03\/Captura-desde-2025-03-24-01-30-39.png 242w, http:\/\/grupo.us.es\/labdescyc\/wp-content\/uploads\/2025\/03\/Captura-desde-2025-03-24-01-30-39-198x300.png 198w\" sizes=\"(max-width: 242px) 100vw, 242px\" \/><\/figure><div class=\"wp-block-media-text__content\">\n<p>Vila-Vi\u00f1as, D. (2025). La pugna por un derecho del cuidado. Una reflexi\u00f3n estrat\u00e9gica sobre derechos sociales a partir de casos. Anales de la C\u00e1tedra Francisco Su\u00e1rez, 59, 159-186. <a href=\"https:\/\/doi.org\/10.30827\/acfs.v59i.31337\">https:\/\/doi.org\/10.30827\/acfs.v59i.31337<\/a><\/p>\n<\/div><\/div>\n\n\n\n<div style=\"height:100px\" aria-hidden=\"true\" class=\"wp-block-spacer\"><\/div>\n\n\n\n<div class=\"wp-block-media-text is-stacked-on-mobile\" style=\"grid-template-columns:15% auto\"><figure class=\"wp-block-media-text__media\"><img loading=\"lazy\" decoding=\"async\" width=\"360\" height=\"516\" src=\"http:\/\/grupo.us.es\/labdescyc\/wp-content\/uploads\/2025\/03\/2025_FoucaultyDerecho-1.jpg\" alt=\"\" class=\"wp-image-270 size-full\" srcset=\"http:\/\/grupo.us.es\/labdescyc\/wp-content\/uploads\/2025\/03\/2025_FoucaultyDerecho-1.jpg 360w, http:\/\/grupo.us.es\/labdescyc\/wp-content\/uploads\/2025\/03\/2025_FoucaultyDerecho-1-209x300.jpg 209w\" sizes=\"(max-width: 360px) 100vw, 360px\" \/><\/figure><div class=\"wp-block-media-text__content\">\n<p>Vila-Vi\u00f1as, D., &amp; Peres D\u00edaz, D. (Eds.). (2025). <em>Derecho, saber y poder en y despu\u00e9s de Foucault<\/em>. Tirant lo Blanch. <a href=\"https:\/\/editorial.tirant.com\/es\/ebook\/derecho-saber-y-poder-en-y-despues-de-foucault-david-vila-vinas-9788410712898\">https:\/\/editorial.tirant.com\/es\/ebook\/derecho-saber-y-poder-en-y-despues-de-foucault-david-vila-vinas-9788410712898<\/a><\/p>\n<\/div><\/div>\n\n\n\n<div style=\"height:100px\" aria-hidden=\"true\" class=\"wp-block-spacer\"><\/div>\n\n\n\n<div class=\"wp-block-media-text is-stacked-on-mobile\" style=\"grid-template-columns:15% auto\"><figure class=\"wp-block-media-text__media\"><img loading=\"lazy\" decoding=\"async\" width=\"719\" height=\"1024\" src=\"http:\/\/grupo.us.es\/labdescyc\/wp-content\/uploads\/2025\/03\/Screenshot-2025-11-14-at-5.56.45\u202fPM-719x1024.png\" alt=\"\" class=\"wp-image-496 size-full\" srcset=\"http:\/\/grupo.us.es\/labdescyc\/wp-content\/uploads\/2025\/03\/Screenshot-2025-11-14-at-5.56.45\u202fPM-719x1024.png 719w, http:\/\/grupo.us.es\/labdescyc\/wp-content\/uploads\/2025\/03\/Screenshot-2025-11-14-at-5.56.45\u202fPM-211x300.png 211w, http:\/\/grupo.us.es\/labdescyc\/wp-content\/uploads\/2025\/03\/Screenshot-2025-11-14-at-5.56.45\u202fPM-768x1094.png 768w, http:\/\/grupo.us.es\/labdescyc\/wp-content\/uploads\/2025\/03\/Screenshot-2025-11-14-at-5.56.45\u202fPM.png 989w\" sizes=\"(max-width: 719px) 100vw, 719px\" \/><\/figure><div class=\"wp-block-media-text__content\">\n<p>Vila-Vi\u00f1as, D. (2025). Relaciones entre la efectividad de los derechos de las personas mayores que reciben cuidados de larga duraci\u00f3n y las que los prestan. Implicaciones sociopol\u00edticas y un intento de delimitaci\u00f3n jur\u00eddica. Papeles el tiempo de los derechos, 19, 1-11.&nbsp;<a href=\"https:\/\/idus.us.es\/items\/14fd1645-d4a2-48c4-a7a6-dc7af323e50f\">https:\/\/idus.us.es\/items\/14fd1645-d4a2-48c4-a7a6-dc7af323e50f<\/a><\/p>\n<\/div><\/div>\n\n\n\n<div style=\"height:100px\" aria-hidden=\"true\" class=\"wp-block-spacer\"><\/div>\n\n\n\n<div class=\"wp-block-media-text is-stacked-on-mobile\" style=\"grid-template-columns:15% auto\"><figure class=\"wp-block-media-text__media\"><img loading=\"lazy\" decoding=\"async\" width=\"731\" height=\"1024\" src=\"http:\/\/grupo.us.es\/labdescyc\/wp-content\/uploads\/2025\/03\/Screenshot-2025-05-14-at-11.31.14\u202fAM-731x1024.png\" alt=\"\" class=\"wp-image-312 size-full\" srcset=\"http:\/\/grupo.us.es\/labdescyc\/wp-content\/uploads\/2025\/03\/Screenshot-2025-05-14-at-11.31.14\u202fAM-731x1024.png 731w, http:\/\/grupo.us.es\/labdescyc\/wp-content\/uploads\/2025\/03\/Screenshot-2025-05-14-at-11.31.14\u202fAM-214x300.png 214w, http:\/\/grupo.us.es\/labdescyc\/wp-content\/uploads\/2025\/03\/Screenshot-2025-05-14-at-11.31.14\u202fAM-768x1076.png 768w, http:\/\/grupo.us.es\/labdescyc\/wp-content\/uploads\/2025\/03\/Screenshot-2025-05-14-at-11.31.14\u202fAM.png 814w\" sizes=\"(max-width: 731px) 100vw, 731px\" \/><\/figure><div class=\"wp-block-media-text__content\">\n<p>Granados Dom\u00ednguez, C. (2025).&nbsp;Impacto de las Tecnolog\u00edas Disruptivas en los Derechos de las Personas con Discapacida. Proyecto Voces. Fundaci\u00f3n Internacional Baltazar Garzon. Madrid. Disponible en <a href=\"https:\/\/fibgar.es\/voces\/wp-content\/uploads\/2025\/03\/Carlos-Daniel-Granados-Dominguez.pdf\">https:\/\/fibgar.es\/voces\/wp-content\/uploads\/2025\/03\/Carlos-Daniel-Granados-Dominguez.pdf<\/a> <\/p>\n<\/div><\/div>\n","protected":false},"excerpt":{"rendered":"<p>Vila-Vi\u00f1as, D. (ed.). (2025). Nuevos escenarios del cuidado desde una perspectiva socio-jur\u00eddica. Empleo de hogar y de camareras de piso en establecimientos tur\u00edsticos. Dykinson.&nbsp;https:\/\/hdl.handle.net\/11441\/181516 N\u00famero extraordinario. Monogr\u00e1fico: \u00abTecnolog\u00edas, derechos y atenci\u00f3n a los cuidados de larga duraci\u00f3n\u00bb https:\/\/revistascientificas.us.es\/index.php\/ies\/issue\/view\/1636\/951 Vila-Vi\u00f1as, D., &amp; Picont\u00f3 Novales, T. (2025). Tecnolog\u00edas, derechos y atenci\u00f3n de los cuidados de larga duraci\u00f3n.&nbsp;IUS [&hellip;]<\/p>\n","protected":false},"author":1,"featured_media":0,"comment_status":"closed","ping_status":"closed","sticky":false,"template":"","format":"standard","meta":{"footnotes":""},"categories":[10,11],"tags":[],"class_list":["post-163","post","type-post","status-publish","format-standard","hentry","category-publicaciones","category-publicaciones-publicaciones"],"_links":{"self":[{"href":"http:\/\/grupo.us.es\/labdescyc\/index.php?rest_route=\/wp\/v2\/posts\/163","targetHints":{"allow":["GET"]}}],"collection":[{"href":"http:\/\/grupo.us.es\/labdescyc\/index.php?rest_route=\/wp\/v2\/posts"}],"about":[{"href":"http:\/\/grupo.us.es\/labdescyc\/index.php?rest_route=\/wp\/v2\/types\/post"}],"author":[{"embeddable":true,"href":"http:\/\/grupo.us.es\/labdescyc\/index.php?rest_route=\/wp\/v2\/users\/1"}],"replies":[{"embeddable":true,"href":"http:\/\/grupo.us.es\/labdescyc\/index.php?rest_route=%2Fwp%2Fv2%2Fcomments&post=163"}],"version-history":[{"count":20,"href":"http:\/\/grupo.us.es\/labdescyc\/index.php?rest_route=\/wp\/v2\/posts\/163\/revisions"}],"predecessor-version":[{"id":573,"href":"http:\/\/grupo.us.es\/labdescyc\/index.php?rest_route=\/wp\/v2\/posts\/163\/revisions\/573"}],"wp:attachment":[{"href":"http:\/\/grupo.us.es\/labdescyc\/index.php?rest_route=%2Fwp%2Fv2%2Fmedia&parent=163"}],"wp:term":[{"taxonomy":"category","embeddable":true,"href":"http:\/\/grupo.us.es\/labdescyc\/index.php?rest_route=%2Fwp%2Fv2%2Fcategories&post=163"},{"taxonomy":"post_tag","embeddable":true,"href":"http:\/\/grupo.us.es\/labdescyc\/index.php?rest_route=%2Fwp%2Fv2%2Ftags&post=163"}],"curies":[{"name":"wp","href":"https:\/\/api.w.org\/{rel}","templated":true}]}}