{"id":1,"date":"2025-02-14T01:29:10","date_gmt":"2025-02-14T00:29:10","guid":{"rendered":"http:\/\/grupo.us.es\/labdescyc\/?p=1"},"modified":"2025-09-02T15:07:46","modified_gmt":"2025-09-02T13:07:46","slug":"hola-mundo","status":"publish","type":"post","link":"http:\/\/grupo.us.es\/labdescyc\/?p=1","title":{"rendered":"2022"},"content":{"rendered":"\n<div class=\"wp-block-media-text is-stacked-on-mobile\" style=\"grid-template-columns:15% auto\"><figure class=\"wp-block-media-text__media\"><img fetchpriority=\"high\" decoding=\"async\" width=\"785\" height=\"1024\" src=\"http:\/\/grupo.us.es\/labdescyc\/wp-content\/uploads\/2025\/02\/Screenshot-2025-09-02-at-2.55.56\u202fPM-785x1024.png\" alt=\"\" class=\"wp-image-449 size-full\" srcset=\"http:\/\/grupo.us.es\/labdescyc\/wp-content\/uploads\/2025\/02\/Screenshot-2025-09-02-at-2.55.56\u202fPM-785x1024.png 785w, http:\/\/grupo.us.es\/labdescyc\/wp-content\/uploads\/2025\/02\/Screenshot-2025-09-02-at-2.55.56\u202fPM-230x300.png 230w, http:\/\/grupo.us.es\/labdescyc\/wp-content\/uploads\/2025\/02\/Screenshot-2025-09-02-at-2.55.56\u202fPM-768x1002.png 768w, http:\/\/grupo.us.es\/labdescyc\/wp-content\/uploads\/2025\/02\/Screenshot-2025-09-02-at-2.55.56\u202fPM.png 1109w\" sizes=\"(max-width: 785px) 100vw, 785px\" \/><\/figure><div class=\"wp-block-media-text__content\">\n<p>Rodriguez-Modro\u00f1o, P.; Agenjo-Calder\u00f3n, A.; L\u00f3pez-Igual, P.2022.\u00a0Platform work in the domestic and home care sector: new mechanisms of invisibility and exploitation of women migrant workers. Gender and Development. Oxfam. 30-3, pp.619-635. ISSN 1355-2074.\u00a0<a href=\"https:\/\/www.tandfonline.com\/doi\/full\/10.1080\/13552074.2022.2121060\">https:\/\/www.tandfonline.com\/doi\/full\/10.1080\/13552074.2022.2121060<\/a><\/p>\n<\/div><\/div>\n\n\n\n<div style=\"height:84px\" aria-hidden=\"true\" class=\"wp-block-spacer\"><\/div>\n\n\n\n<div class=\"wp-block-media-text is-stacked-on-mobile\" style=\"grid-template-columns:15% auto\"><figure class=\"wp-block-media-text__media\"><img decoding=\"async\" width=\"558\" height=\"788\" src=\"http:\/\/grupo.us.es\/labdescyc\/wp-content\/uploads\/2025\/02\/Captura-desde-2025-03-24-02-22-27.png\" alt=\"\" class=\"wp-image-186 size-full\" srcset=\"http:\/\/grupo.us.es\/labdescyc\/wp-content\/uploads\/2025\/02\/Captura-desde-2025-03-24-02-22-27.png 558w, http:\/\/grupo.us.es\/labdescyc\/wp-content\/uploads\/2025\/02\/Captura-desde-2025-03-24-02-22-27-212x300.png 212w\" sizes=\"(max-width: 558px) 100vw, 558px\" \/><\/figure><div class=\"wp-block-media-text__content\">\n<p>Vila-Vi\u00f1as, D. \u201cUna lectura jur\u00eddica de David Graeber sobre el sujeto, la deuda y la moral\u201d, Eunomia. Revista en Cultura de la Legalidad, 22, 2022, pp. 54-78. <a href=\"https:\/\/doi.org\/10.20318\/eunomia.2022.6807\">https:\/\/doi.org\/10.20318\/eunomia.2022.6807<\/a><\/p>\n<\/div><\/div>\n\n\n\n<div style=\"height:84px\" aria-hidden=\"true\" class=\"wp-block-spacer\"><\/div>\n\n\n\n<div class=\"wp-block-media-text is-stacked-on-mobile\" style=\"grid-template-columns:15% auto\"><figure class=\"wp-block-media-text__media\"><img decoding=\"async\" width=\"787\" height=\"1024\" src=\"http:\/\/grupo.us.es\/labdescyc\/wp-content\/uploads\/2025\/02\/Screenshot-2025-05-31-at-1.40.29\u202fPM-787x1024.png\" alt=\"\" class=\"wp-image-323 size-full\" srcset=\"http:\/\/grupo.us.es\/labdescyc\/wp-content\/uploads\/2025\/02\/Screenshot-2025-05-31-at-1.40.29\u202fPM-787x1024.png 787w, http:\/\/grupo.us.es\/labdescyc\/wp-content\/uploads\/2025\/02\/Screenshot-2025-05-31-at-1.40.29\u202fPM-231x300.png 231w, http:\/\/grupo.us.es\/labdescyc\/wp-content\/uploads\/2025\/02\/Screenshot-2025-05-31-at-1.40.29\u202fPM-768x999.png 768w, http:\/\/grupo.us.es\/labdescyc\/wp-content\/uploads\/2025\/02\/Screenshot-2025-05-31-at-1.40.29\u202fPM-1181x1536.png 1181w, http:\/\/grupo.us.es\/labdescyc\/wp-content\/uploads\/2025\/02\/Screenshot-2025-05-31-at-1.40.29\u202fPM.png 1214w\" sizes=\"(max-width: 787px) 100vw, 787px\" \/><\/figure><div class=\"wp-block-media-text__content\">\n<div style=\"height:84px\" aria-hidden=\"true\" class=\"wp-block-spacer\"><\/div>\n\n\n\n<p>Monereo Atienza, C. (2022). Autonom\u00eda y vulnerabilidad en la era del capitalismo de la vigilancia. La perversi\u00f3n de la dimensi\u00f3n humana relacional.&nbsp;<em>Anuario de Filosof\u00eda del Derecho<\/em>, 137-158.<\/p>\n<\/div><\/div>\n\n\n\n<div class=\"wp-block-media-text is-stacked-on-mobile\" style=\"grid-template-columns:15% auto\"><figure class=\"wp-block-media-text__media\"><img loading=\"lazy\" decoding=\"async\" width=\"700\" height=\"1024\" src=\"http:\/\/grupo.us.es\/labdescyc\/wp-content\/uploads\/2025\/02\/Screenshot-2025-06-06-at-4.56.16\u202fPM-2-700x1024.png\" alt=\"\" class=\"wp-image-404 size-full\" srcset=\"http:\/\/grupo.us.es\/labdescyc\/wp-content\/uploads\/2025\/02\/Screenshot-2025-06-06-at-4.56.16\u202fPM-2-700x1024.png 700w, http:\/\/grupo.us.es\/labdescyc\/wp-content\/uploads\/2025\/02\/Screenshot-2025-06-06-at-4.56.16\u202fPM-2-205x300.png 205w, http:\/\/grupo.us.es\/labdescyc\/wp-content\/uploads\/2025\/02\/Screenshot-2025-06-06-at-4.56.16\u202fPM-2-768x1123.png 768w, http:\/\/grupo.us.es\/labdescyc\/wp-content\/uploads\/2025\/02\/Screenshot-2025-06-06-at-4.56.16\u202fPM-2.png 1019w\" sizes=\"(max-width: 700px) 100vw, 700px\" \/><\/figure><div class=\"wp-block-media-text__content\">\n<p>Cardoso, A., &amp; Ferreira, A. E. (2022). Intelig\u00eancia artificial, neuroci\u00eancias, rob\u00f3tica e direito. In Direito da farm\u00e1cia, do medicamento e das novas tecnologias (pp. 279\u2013336). Instituto Jur\u00eddico.<br><br><\/p>\n<\/div><\/div>\n\n\n\n<div style=\"height:84px\" aria-hidden=\"true\" class=\"wp-block-spacer\"><\/div>\n\n\n\n<div class=\"wp-block-media-text is-stacked-on-mobile\" style=\"grid-template-columns:15% auto\"><figure class=\"wp-block-media-text__media\"><img loading=\"lazy\" decoding=\"async\" width=\"623\" height=\"855\" src=\"http:\/\/grupo.us.es\/labdescyc\/wp-content\/uploads\/2025\/02\/Captura-desde-2025-03-24-02-35-59.png\" alt=\"\" class=\"wp-image-187 size-full\" srcset=\"http:\/\/grupo.us.es\/labdescyc\/wp-content\/uploads\/2025\/02\/Captura-desde-2025-03-24-02-35-59.png 623w, http:\/\/grupo.us.es\/labdescyc\/wp-content\/uploads\/2025\/02\/Captura-desde-2025-03-24-02-35-59-219x300.png 219w\" sizes=\"(max-width: 623px) 100vw, 623px\" \/><\/figure><div class=\"wp-block-media-text__content\">\n<p>Vila-Vi\u00f1as, D. \u201cFactores que limitan la eficacia institucional para el acceso a los derechos. Una primera aproximaci\u00f3n\u201d, Papeles el tiempo de los derechos, 17, 1-9, 2022. ISSN: 1989-8797 <a href=\"https:\/\/redtiempodelosderechos.files.wordpress.com\/2022\/11\/factores-que-limitan-17-22.pdf\">https:\/\/redtiempodelosderechos.files.wordpress.com\/2022\/11\/factores-que-limitan-17-22.pdf<\/a><\/p>\n<\/div><\/div>\n\n\n\n<div style=\"height:100px\" aria-hidden=\"true\" class=\"wp-block-spacer\"><\/div>\n\n\n\n<div class=\"wp-block-media-text is-stacked-on-mobile\" style=\"grid-template-columns:15% auto\"><figure class=\"wp-block-media-text__media\"><img loading=\"lazy\" decoding=\"async\" width=\"632\" height=\"902\" src=\"http:\/\/grupo.us.es\/labdescyc\/wp-content\/uploads\/2025\/02\/Captura-desde-2025-03-24-02-54-22.png\" alt=\"\" class=\"wp-image-189 size-full\" srcset=\"http:\/\/grupo.us.es\/labdescyc\/wp-content\/uploads\/2025\/02\/Captura-desde-2025-03-24-02-54-22.png 632w, http:\/\/grupo.us.es\/labdescyc\/wp-content\/uploads\/2025\/02\/Captura-desde-2025-03-24-02-54-22-210x300.png 210w\" sizes=\"(max-width: 632px) 100vw, 632px\" \/><\/figure><div class=\"wp-block-media-text__content\">\n<p>Vila-Vi\u00f1as, D. (2022) \u201cEl derecho a la asistencia social y su compatibilidad con el empleo. Un an\u00e1lisis de la propuesta del ingreso m\u00ednimo vital espa\u00f1ol\u201d, en \u00c1. S\u00e1nchez Bravo (ed.), Laborum et Scienciae. Libro homenaje al Profesor Dr. Juan Raso Delgue (pp. 157-178). Alma Mater. ISBN 979-83-70272-04-2 <a href=\"https:\/\/idus.us.es\/bitstream\/handle\/11441\/140732\/el%20derecho%20a%20la%20asistencia%20social.pdf?sequence=1&amp;isAllowed=y\">https:\/\/idus.us.es\/bitstream\/handle\/11441\/140732\/el%20derecho%20a%20la%20asistencia%20social.pdf?sequence=1&amp;isAllowed=y<\/a><\/p>\n<\/div><\/div>\n\n\n\n<div style=\"height:100px\" aria-hidden=\"true\" class=\"wp-block-spacer\"><\/div>\n\n\n\n<div class=\"wp-block-media-text is-stacked-on-mobile\" style=\"grid-template-columns:15% auto\"><figure class=\"wp-block-media-text__media\"><img loading=\"lazy\" decoding=\"async\" width=\"579\" height=\"821\" src=\"http:\/\/grupo.us.es\/labdescyc\/wp-content\/uploads\/2025\/02\/Captura-desde-2025-03-24-02-58-00.png\" alt=\"\" class=\"wp-image-191 size-full\" srcset=\"http:\/\/grupo.us.es\/labdescyc\/wp-content\/uploads\/2025\/02\/Captura-desde-2025-03-24-02-58-00.png 579w, http:\/\/grupo.us.es\/labdescyc\/wp-content\/uploads\/2025\/02\/Captura-desde-2025-03-24-02-58-00-212x300.png 212w\" sizes=\"(max-width: 579px) 100vw, 579px\" \/><\/figure><div class=\"wp-block-media-text__content\">\n<p>Vila-Vi\u00f1as, D.; Crespo, J. M. y Martens, C. (2022) \u201cHacia tecnolog\u00edas abiertas, interculturales y decoloniales para la movilidad: el proyecto Achuar Kara Solar\u201d, en C. Martens, E. F. S. Sharupi y C. Venegas (eds.), \u201cActivismo digital, medios comunitarios y comunicaci\u00f3n sostenible en Am\u00e9rica Latina\u201d, Quito. Universidad San Francisco. pp. 121-147. <a href=\"https:\/\/doi.org\/10.18272\/usfqpress.62.c223\">https:\/\/doi.org\/10.18272\/usfqpress.62.c223<\/a><\/p>\n<\/div><\/div>\n\n\n\n<div style=\"height:100px\" aria-hidden=\"true\" class=\"wp-block-spacer\"><\/div>\n\n\n\n<div class=\"wp-block-media-text is-stacked-on-mobile\" style=\"grid-template-columns:15% auto\"><figure class=\"wp-block-media-text__media\"><img loading=\"lazy\" decoding=\"async\" width=\"494\" height=\"698\" src=\"http:\/\/grupo.us.es\/labdescyc\/wp-content\/uploads\/2025\/02\/Captura-desde-2025-03-24-03-04-27.png\" alt=\"\" class=\"wp-image-193 size-full\" srcset=\"http:\/\/grupo.us.es\/labdescyc\/wp-content\/uploads\/2025\/02\/Captura-desde-2025-03-24-03-04-27.png 494w, http:\/\/grupo.us.es\/labdescyc\/wp-content\/uploads\/2025\/02\/Captura-desde-2025-03-24-03-04-27-212x300.png 212w\" sizes=\"(max-width: 494px) 100vw, 494px\" \/><\/figure><div class=\"wp-block-media-text__content\">\n<p>Vila-Vi\u00f1as, D. (2022) \u201cInteligencia artificial: Caracterizar y ense\u00f1ar su impacto sobre el derecho a trav\u00e9s de la ficci\u00f3n audiovisual\u201d, en M. del M. Sim\u00f3n M\u00e1rquez, J. J. G\u00e1zquez Linares, A. B. Barrag\u00e1n Mart\u00edn, &amp; \u00c1. Martos Mart\u00ednez (eds.), Innovaci\u00f3n docente e investigaci\u00f3n en ciencias sociales, econ\u00f3micas y jur\u00eddicas: Experiencias de cambio en la metodolog\u00eda docente (pp. 709-717). Dykinson. ISBN 978-84-11-22868-8<\/p>\n<\/div><\/div>\n\n\n\n<div style=\"height:100px\" aria-hidden=\"true\" class=\"wp-block-spacer\"><\/div>\n\n\n\n<div class=\"wp-block-media-text is-stacked-on-mobile\" style=\"grid-template-columns:15% auto\"><figure class=\"wp-block-media-text__media\"><img loading=\"lazy\" decoding=\"async\" width=\"645\" height=\"909\" src=\"http:\/\/grupo.us.es\/labdescyc\/wp-content\/uploads\/2025\/02\/Captura-desde-2025-03-24-03-06-53.png\" alt=\"\" class=\"wp-image-195 size-full\" srcset=\"http:\/\/grupo.us.es\/labdescyc\/wp-content\/uploads\/2025\/02\/Captura-desde-2025-03-24-03-06-53.png 645w, http:\/\/grupo.us.es\/labdescyc\/wp-content\/uploads\/2025\/02\/Captura-desde-2025-03-24-03-06-53-213x300.png 213w\" sizes=\"(max-width: 645px) 100vw, 645px\" \/><\/figure><div class=\"wp-block-media-text__content\">\n<p>Vila-Vi\u00f1as, D. (2022). Derecho y series de televisi\u00f3n. Comunicaci\u00f3n, problematizaci\u00f3n y alternativas de intervenci\u00f3n a prop\u00f3sito de la serie Three Girls. En C. Monereo Atienza (ed.), El arte y sus relaciones con el Derecho. Nuevos estudios de Cultura jur\u00eddica (pp. 165-182). Comares. ISBN 978-84-1369-348-4<\/p>\n<\/div><\/div>\n\n\n\n<div style=\"height:100px\" aria-hidden=\"true\" class=\"wp-block-spacer\"><\/div>\n\n\n\n<div class=\"wp-block-media-text is-stacked-on-mobile\" style=\"grid-template-columns:15% auto\"><figure class=\"wp-block-media-text__media\"><img loading=\"lazy\" decoding=\"async\" width=\"736\" height=\"1024\" src=\"http:\/\/grupo.us.es\/labdescyc\/wp-content\/uploads\/2025\/02\/Screenshot-2025-05-31-at-1.25.05\u202fPM-736x1024.png\" alt=\"\" class=\"wp-image-319 size-full\" srcset=\"http:\/\/grupo.us.es\/labdescyc\/wp-content\/uploads\/2025\/02\/Screenshot-2025-05-31-at-1.25.05\u202fPM-736x1024.png 736w, http:\/\/grupo.us.es\/labdescyc\/wp-content\/uploads\/2025\/02\/Screenshot-2025-05-31-at-1.25.05\u202fPM-216x300.png 216w, http:\/\/grupo.us.es\/labdescyc\/wp-content\/uploads\/2025\/02\/Screenshot-2025-05-31-at-1.25.05\u202fPM-768x1069.png 768w, http:\/\/grupo.us.es\/labdescyc\/wp-content\/uploads\/2025\/02\/Screenshot-2025-05-31-at-1.25.05\u202fPM.png 1036w\" sizes=\"(max-width: 736px) 100vw, 736px\" \/><\/figure><div class=\"wp-block-media-text__content\">\n<p>Mart\u00ednez, F. N., Atienza, C. M., &amp; Fersini, M. P. (2022). La vocaci\u00f3n pedag\u00f3gica e innovadora de Jos\u00e9 Calvo Gonz\u00e1lez.&nbsp;<em>REJIE: Revista Jur\u00eddica de Investigaci\u00f3n e Innovaci\u00f3n Educativa<\/em>, (26), 11-14<\/p>\n<\/div><\/div>\n\n\n\n<div style=\"height:42px\" aria-hidden=\"true\" class=\"wp-block-spacer\"><\/div>\n\n\n\n<div class=\"wp-block-media-text is-stacked-on-mobile\" style=\"grid-template-columns:15% auto\"><figure class=\"wp-block-media-text__media\"><img loading=\"lazy\" decoding=\"async\" width=\"841\" height=\"1024\" src=\"http:\/\/grupo.us.es\/labdescyc\/wp-content\/uploads\/2025\/02\/Screenshot-2025-05-31-at-1.31.12\u202fPM-841x1024.png\" alt=\"\" class=\"wp-image-321 size-full\" srcset=\"http:\/\/grupo.us.es\/labdescyc\/wp-content\/uploads\/2025\/02\/Screenshot-2025-05-31-at-1.31.12\u202fPM-841x1024.png 841w, http:\/\/grupo.us.es\/labdescyc\/wp-content\/uploads\/2025\/02\/Screenshot-2025-05-31-at-1.31.12\u202fPM-246x300.png 246w, http:\/\/grupo.us.es\/labdescyc\/wp-content\/uploads\/2025\/02\/Screenshot-2025-05-31-at-1.31.12\u202fPM-768x935.png 768w, http:\/\/grupo.us.es\/labdescyc\/wp-content\/uploads\/2025\/02\/Screenshot-2025-05-31-at-1.31.12\u202fPM.png 1189w\" sizes=\"(max-width: 841px) 100vw, 841px\" \/><\/figure><div class=\"wp-block-media-text__content\">\n<p>Monereo-Atienza, C. (2022). Inteligencia artificial en las sociedades digitales de la informaci\u00f3n: La novela dist\u00f3pica El c\u00edrculo de Dave Eggers.<\/p>\n<\/div><\/div>\n\n\n\n<div style=\"height:84px\" aria-hidden=\"true\" class=\"wp-block-spacer\"><\/div>\n\n\n\n<div class=\"wp-block-media-text is-stacked-on-mobile\" style=\"grid-template-columns:15% auto\"><figure class=\"wp-block-media-text__media\"><img loading=\"lazy\" decoding=\"async\" width=\"965\" height=\"1024\" src=\"http:\/\/grupo.us.es\/labdescyc\/wp-content\/uploads\/2025\/02\/Screenshot-2025-09-02-at-3.06.26\u202fPM-965x1024.png\" alt=\"\" class=\"wp-image-454 size-full\" srcset=\"http:\/\/grupo.us.es\/labdescyc\/wp-content\/uploads\/2025\/02\/Screenshot-2025-09-02-at-3.06.26\u202fPM-965x1024.png 965w, http:\/\/grupo.us.es\/labdescyc\/wp-content\/uploads\/2025\/02\/Screenshot-2025-09-02-at-3.06.26\u202fPM-283x300.png 283w, http:\/\/grupo.us.es\/labdescyc\/wp-content\/uploads\/2025\/02\/Screenshot-2025-09-02-at-3.06.26\u202fPM-768x815.png 768w, http:\/\/grupo.us.es\/labdescyc\/wp-content\/uploads\/2025\/02\/Screenshot-2025-09-02-at-3.06.26\u202fPM.png 1436w\" sizes=\"(max-width: 965px) 100vw, 965px\" \/><\/figure><div class=\"wp-block-media-text__content\">\n<p>Rodriguez-Modro\u00f1o, P.; Pesole, A.; Lopez-Igual, P.2022. Assessing gender inequality in digital labour platforms in Europe. Internet Policy Review. Alexander von Humboldt Institute for Internet and Society. 11-1.\u00a0ISSN 2197-6775.\u00a0<a href=\"https:\/\/doi.org\/10.14763\/2022.1.1622\">https:\/\/doi.org\/10.14763\/2022.1.1622<\/a><\/p>\n<\/div><\/div>\n\n\n\n<p><\/p>\n","protected":false},"excerpt":{"rendered":"<p>Rodriguez-Modro\u00f1o, P.; Agenjo-Calder\u00f3n, A.; L\u00f3pez-Igual, P.2022.\u00a0Platform work in the domestic and home care sector: new mechanisms of invisibility and exploitation of women migrant workers. Gender and Development. Oxfam. 30-3, pp.619-635. ISSN 1355-2074.\u00a0https:\/\/www.tandfonline.com\/doi\/full\/10.1080\/13552074.2022.2121060 Vila-Vi\u00f1as, D. \u201cUna lectura jur\u00eddica de David Graeber sobre el sujeto, la deuda y la moral\u201d, Eunomia. Revista en Cultura de la Legalidad, [&hellip;]<\/p>\n","protected":false},"author":1,"featured_media":0,"comment_status":"closed","ping_status":"closed","sticky":false,"template":"","format":"standard","meta":{"footnotes":""},"categories":[10],"tags":[8],"class_list":["post-1","post","type-post","status-publish","format-standard","hentry","category-publicaciones","tag-publicaciones"],"_links":{"self":[{"href":"http:\/\/grupo.us.es\/labdescyc\/index.php?rest_route=\/wp\/v2\/posts\/1","targetHints":{"allow":["GET"]}}],"collection":[{"href":"http:\/\/grupo.us.es\/labdescyc\/index.php?rest_route=\/wp\/v2\/posts"}],"about":[{"href":"http:\/\/grupo.us.es\/labdescyc\/index.php?rest_route=\/wp\/v2\/types\/post"}],"author":[{"embeddable":true,"href":"http:\/\/grupo.us.es\/labdescyc\/index.php?rest_route=\/wp\/v2\/users\/1"}],"replies":[{"embeddable":true,"href":"http:\/\/grupo.us.es\/labdescyc\/index.php?rest_route=%2Fwp%2Fv2%2Fcomments&post=1"}],"version-history":[{"count":22,"href":"http:\/\/grupo.us.es\/labdescyc\/index.php?rest_route=\/wp\/v2\/posts\/1\/revisions"}],"predecessor-version":[{"id":455,"href":"http:\/\/grupo.us.es\/labdescyc\/index.php?rest_route=\/wp\/v2\/posts\/1\/revisions\/455"}],"wp:attachment":[{"href":"http:\/\/grupo.us.es\/labdescyc\/index.php?rest_route=%2Fwp%2Fv2%2Fmedia&parent=1"}],"wp:term":[{"taxonomy":"category","embeddable":true,"href":"http:\/\/grupo.us.es\/labdescyc\/index.php?rest_route=%2Fwp%2Fv2%2Fcategories&post=1"},{"taxonomy":"post_tag","embeddable":true,"href":"http:\/\/grupo.us.es\/labdescyc\/index.php?rest_route=%2Fwp%2Fv2%2Ftags&post=1"}],"curies":[{"name":"wp","href":"https:\/\/api.w.org\/{rel}","templated":true}]}}