{"id":9103,"date":"2025-05-12T09:00:30","date_gmt":"2025-05-12T07:00:30","guid":{"rendered":"http:\/\/grupo.us.es\/newiwpr\/?p=9103"},"modified":"2025-05-11T21:06:50","modified_gmt":"2025-05-11T19:06:50","slug":"9103","status":"publish","type":"post","link":"https:\/\/grupo.us.es\/iwpr\/2025\/05\/12\/9103\/","title":{"rendered":"El Gobierno aprueba el proyecto de ley para la reducci\u00f3n de la jornada laboral"},"content":{"rendered":"<p class=\"selectionShareable\">Debemos ser cautos con los titulares, porque muchas veces nos llevan a error. Esto est\u00e1 pasando especialmente con uno de los temas m\u00e1s candentes de la regulaci\u00f3n de las relaciones laborales en Espa\u00f1a, la reducci\u00f3n de jornada. Si tuvi\u00e9ramos que creer todo lo que se publica, habr\u00eda sido ya aprobada varias veces.<\/p>\n<p class=\"selectionShareable\">Se trata de una prioridad del Gobierno, porque lo fue de Sumar, uno de los partidos que lo conforman, y ha generado adhesiones y rechazo desde hace a\u00f1os: en el di\u00e1logo social, en los programas electorales y en los debates pol\u00edticos. Con un alto valor simb\u00f3lico, las reacciones a favor y en contra han sido virulentas. No cabe duda de que el impacto de la medida en las empresas va a ser muy importante, especialmente porque se impone sin paliativos que faciliten gestionar sus efectos en t\u00e9rminos de costes laborales y mayores dificultades en la organizaci\u00f3n del trabajo. Es, adem\u00e1s, una m\u00e1s de una cadena de reformas que suponen cada vez mayores obligaciones, rigideces y costes para el tejido empresarial. Para las organizaciones empresariales es una muestra de un alineamiento del Gobierno con los sindicatos, que impide un di\u00e1logo social real, por lo que les molesta especialmente que se justifique su imposici\u00f3n en la existencia de un acuerdo previo Gobierno-sindicatos.<\/p>\n<p class=\"selectionShareable\">El texto finalmente aprobado en el Consejo de Ministros entre el Gobierno y las organizaciones sindicales mayoritarias CCOO y UGT fue rubricado el 20 de diciembre de 2024.<\/p>\n<p class=\"selectionShareable\">Esta medida es complicada, y la dificultad para llevarla a cabo est\u00e1 siendo notable. El proyecto original de imponerlo de manera gradual, en dos fases (2024 y 2025), fracas\u00f3, lo que ha llevado a que se pretenda imponer la reducci\u00f3n de una sola vez, sin perjuicio de que el Gobierno, de una manera harto optimista, contemple la posibilidad de reducciones ulteriores (de 37,5 a 35 horas semanales) a trav\u00e9s del di\u00e1logo social. Tambi\u00e9n ha generado discusiones en el seno del propio Gobierno, que demostr\u00f3 tener dos sensibilidades diferentes, por decirlo de alguna manera, al respecto. Cuando estaba todo dispuesto para la aprobaci\u00f3n por el Gobierno el pasado martes 29 de abril, lleg\u00f3 el apag\u00f3n y hubo que retrasarlo toda una semana, hasta el martes 6 de mayo. Ahora finalmente esa aprobaci\u00f3n gubernamental se ha producido.<\/p>\n<p class=\"selectionShareable\">Ahora bien, la realidad es que no se ha aprobado la medida, sino que s\u00f3lo se ha decidido su remisi\u00f3n al Congreso de los Diputados, lo que supone \u00fanicamente el final de una fase de su elaboraci\u00f3n, y el inicio de otra. Empieza ahora la gesti\u00f3n parlamentaria, que parece no va a resultar f\u00e1cil, con lo que tampoco tenemos que esperar que la reducci\u00f3n se produzca de manera inmediata. Adem\u00e1s, el Anteproyecto incluye el encargo al Gobierno para que abra una mesa de di\u00e1logo Social para evaluar el impacto de este cambio y para seguir avanzando en la materia de jornada, por lo que el proceso no parece que termine con la eventual aprobaci\u00f3n parlamentaria.<\/p>\n<p>Mar\u00eda Eugenia Guzm\u00e1n y Julio Calvo, socios de laboral de PwC Tax &amp; Legal; y Miguel Rodr\u00edguez-Pi\u00f1ero, colaborador de este blog, han publicado un primer comentario de esta iniciativa legislativa, que puede ser consultado en el siguiente <a href=\"https:\/\/periscopiofiscalylegal.pwc.es\/el-gobierno-aprueba-el-proyecto-de-ley-para-la-reduccion-de-la-jornada-laboral\/\">enlace<\/a>.<\/p>\n","protected":false},"excerpt":{"rendered":"<p>Debemos ser cautos con los titulares, porque muchas veces nos llevan a error. Esto est\u00e1 pasando especialmente con uno de los temas m\u00e1s candentes de la regulaci\u00f3n de las relaciones laborales en Espa\u00f1a, la reducci\u00f3n de jornada. Si tuvi\u00e9ramos que creer todo lo que se publica, habr\u00eda sido ya aprobada varias veces. Se trata de&#8230;<\/p>\n","protected":false},"author":2,"featured_media":9106,"comment_status":"open","ping_status":"open","sticky":true,"template":"","format":"standard","meta":{"jetpack_post_was_ever_published":false,"_jetpack_newsletter_access":"","_jetpack_dont_email_post_to_subs":false,"_jetpack_newsletter_tier_id":0,"_jetpack_memberships_contains_paywalled_content":false,"_jetpack_memberships_contains_paid_content":false,"footnotes":"","jetpack_publicize_message":"","jetpack_publicize_feature_enabled":true,"jetpack_social_post_already_shared":true,"jetpack_social_options":{"image_generator_settings":{"template":"highway","default_image_id":0,"font":"","enabled":false},"version":2}},"categories":[227,256,175,310,239,21,10,228,330],"tags":[],"class_list":["post-9103","post","type-post","status-publish","format-standard","has-post-thumbnail","hentry","category-estatuto-de-los-trabajadores","category-eugenia-guzman","category-iuslablog","category-julio-calvo-eguizabal","category-maria-eugenia-guzman","category-miguel-c-rodriguez-pinero-royo","category-novedades-legislativas","category-reforma-laboral","category-tiempo-de-trabajo"],"jetpack_publicize_connections":[],"jetpack_featured_media_url":"https:\/\/i0.wp.com\/grupo.us.es\/iwpr\/wp-content\/uploads\/2025\/05\/nueva-imagen-pwc.png?fit=376%2C85&ssl=1","jetpack_shortlink":"https:\/\/wp.me\/s7HIjh-9103","jetpack-related-posts":[{"id":5433,"url":"https:\/\/grupo.us.es\/iwpr\/2023\/07\/12\/desarrollo-reglamentario-del-mecanismo-red-y-de-los-ertes\/","url_meta":{"origin":9103,"position":0},"title":"Desarrollo reglamentario del Mecanismo RED y de los ERTES","author":"Miguel Carlos Rodr\u00edguez-Pi\u00f1ero Royo","date":"12 julio, 2023","format":false,"excerpt":"La conocida como reforma laboral de 2021 se puso en marcha con el Real Decreto-ley 32\/2021, de 28 de diciembre, de medidas urgentes para la reforma laboral, la garant\u00eda de la estabilidad en el empleo y la transformaci\u00f3n del mercado de trabajo, que introdujo cambios radicales, tanto por el alcance\u2026","rel":"","context":"En \u00abERTE\u00bb","block_context":{"text":"ERTE","link":"https:\/\/grupo.us.es\/iwpr\/category\/erte\/"},"img":{"alt_text":"","src":"","width":0,"height":0},"classes":[]},{"id":5549,"url":"https:\/\/grupo.us.es\/iwpr\/2023\/12\/21\/habra-otra-reforma-laboral\/","url_meta":{"origin":9103,"position":1},"title":"\u00bfHabr\u00e1 otra reforma laboral?","author":"Miguel Carlos Rodr\u00edguez-Pi\u00f1ero Royo","date":"21 diciembre, 2023","format":false,"excerpt":"Cuando la situaci\u00f3n pol\u00edtica y las prioridades de los partidos as\u00ed lo permitan es bastante seguro que se produzca otra reforma laboral. Las producidas en la legislatura anterior estaban en gran medida comprometidas por el Componente 23 del Plan de Recuperaci\u00f3n, Transformaci\u00f3n y Resiliencia. Las que se prev\u00e9n para la\u2026","rel":"","context":"En \u00abDespido colectivo\u00bb","block_context":{"text":"Despido colectivo","link":"https:\/\/grupo.us.es\/iwpr\/category\/despido-colectivo\/"},"img":{"alt_text":"","src":"","width":0,"height":0},"classes":[]},{"id":5482,"url":"https:\/\/grupo.us.es\/iwpr\/2023\/11\/07\/la-reduccion-de-jornada-que-se-avecina-si-hay-investidura-y-otros-cambios-en-materia-de-tiempo-de-trabajo\/","url_meta":{"origin":9103,"position":2},"title":"La reducci\u00f3n de jornada que se avecina si hay investidura y otros cambios en materia de tiempo de trabajo","author":"Miguel Carlos Rodr\u00edguez-Pi\u00f1ero Royo","date":"7 noviembre, 2023","format":false,"excerpt":"Ala espera de que tenga lugar como parece la pr\u00f3xima investidura, el reciente acuerdo entre el PSOE y la coalici\u00f3n electoral SUMAR, titulado \u2018Espa\u00f1a Avanza. Una nueva coalici\u00f3n de Gobierno progresista\u2019 plantea una segunda oleada de reformas laborales que contin\u00fae la l\u00ednea desarrollada durante su primera legislatura. Los cambios se\u2026","rel":"","context":"En \u00abConciliaci\u00f3n\u00bb","block_context":{"text":"Conciliaci\u00f3n","link":"https:\/\/grupo.us.es\/iwpr\/category\/conciliacion\/"},"img":{"alt_text":"","src":"","width":0,"height":0},"classes":[]},{"id":7646,"url":"https:\/\/grupo.us.es\/iwpr\/2024\/10\/21\/borrador-de-la-norma-que-reforma-varios-aspectos-de-la-jornada-de-trabajo\/","url_meta":{"origin":9103,"position":3},"title":"Borrador de la norma que reforma varios aspectos de la jornada de trabajo","author":"Miguel Carlos Rodr\u00edguez-Pi\u00f1ero Royo","date":"21 octubre, 2024","format":false,"excerpt":"Pocas instituciones laborales han generado tantas controversias en los \u00faltimos a\u00f1os como el registro de jornada. Regulado hoy como una obligaci\u00f3n de las empresas, y como un verdadero derecho de las personas que trabajan, es una buena muestra de c\u00f3mo operan los sistemas jur\u00eddicos como el nuestro, complejos y multinivel.\u2026","rel":"","context":"En \u00abEstatuto de los Trabajadores\u00bb","block_context":{"text":"Estatuto de los Trabajadores","link":"https:\/\/grupo.us.es\/iwpr\/category\/estatuto-de-los-trabajadores\/"},"img":{"alt_text":"","src":"","width":0,"height":0},"classes":[]},{"id":8468,"url":"https:\/\/grupo.us.es\/iwpr\/2025\/02\/10\/la-reduccion-de-jornada-se-pone-en-marcha\/","url_meta":{"origin":9103,"position":4},"title":"La reducci\u00f3n de jornada se pone en marcha","author":"Miguel Carlos Rodr\u00edguez-Pi\u00f1ero Royo","date":"10 febrero, 2025","format":false,"excerpt":"\u00a0 Eugenia Guzm\u00e1n y Julio Calvo, socios de PwC Tax & Legal, junto con Miguel Rodr\u00edguez-Pi\u00f1ero Royo, senior counsellor de PwC y colaborador de IUSLABLOG, han elaborado un Periscopio Fiscal y Legal sobre las \u00faltimas novedades en materia de reducci\u00f3n de la jornada de trabajo, cuyo texto se reproduce en\u2026","rel":"","context":"En \u00abEstatuto de los Trabajadores\u00bb","block_context":{"text":"Estatuto de los Trabajadores","link":"https:\/\/grupo.us.es\/iwpr\/category\/estatuto-de-los-trabajadores\/"},"img":{"alt_text":"","src":"","width":0,"height":0},"classes":[]},{"id":4586,"url":"https:\/\/grupo.us.es\/iwpr\/2022\/01\/28\/publicado-nuevo-periscopio-de-pwc-sobre-la-reforma-laboral-y-las-transacciones\/","url_meta":{"origin":9103,"position":5},"title":"Publicado nuevo periscopio de PwC sobre la reforma laboral y las transacciones","author":"Miguel Carlos Rodr\u00edguez-Pi\u00f1ero Royo","date":"28 enero, 2022","format":false,"excerpt":"En el marco de los estudios sobre la reforma laboral preparados por la firma de servicios profesionales PwC Tax & Legal se ha publicado una nueva entrega, centrada en el impacto de los cambios legales en materia de transacciones. Este Periscopio ha sido elaborado por Mar\u00eda Eugenia Guzm\u00e1n,\u00a0Socia del Departamento\u2026","rel":"","context":"En \u00abContrataci\u00f3n Temporal\u00bb","block_context":{"text":"Contrataci\u00f3n Temporal","link":"https:\/\/grupo.us.es\/iwpr\/category\/contratacion-temporal\/"},"img":{"alt_text":"","src":"","width":0,"height":0},"classes":[]}],"jetpack_sharing_enabled":true,"_links":{"self":[{"href":"https:\/\/grupo.us.es\/iwpr\/wp-json\/wp\/v2\/posts\/9103","targetHints":{"allow":["GET"]}}],"collection":[{"href":"https:\/\/grupo.us.es\/iwpr\/wp-json\/wp\/v2\/posts"}],"about":[{"href":"https:\/\/grupo.us.es\/iwpr\/wp-json\/wp\/v2\/types\/post"}],"author":[{"embeddable":true,"href":"https:\/\/grupo.us.es\/iwpr\/wp-json\/wp\/v2\/users\/2"}],"replies":[{"embeddable":true,"href":"https:\/\/grupo.us.es\/iwpr\/wp-json\/wp\/v2\/comments?post=9103"}],"version-history":[{"count":5,"href":"https:\/\/grupo.us.es\/iwpr\/wp-json\/wp\/v2\/posts\/9103\/revisions"}],"predecessor-version":[{"id":9109,"href":"https:\/\/grupo.us.es\/iwpr\/wp-json\/wp\/v2\/posts\/9103\/revisions\/9109"}],"wp:featuredmedia":[{"embeddable":true,"href":"https:\/\/grupo.us.es\/iwpr\/wp-json\/wp\/v2\/media\/9106"}],"wp:attachment":[{"href":"https:\/\/grupo.us.es\/iwpr\/wp-json\/wp\/v2\/media?parent=9103"}],"wp:term":[{"taxonomy":"category","embeddable":true,"href":"https:\/\/grupo.us.es\/iwpr\/wp-json\/wp\/v2\/categories?post=9103"},{"taxonomy":"post_tag","embeddable":true,"href":"https:\/\/grupo.us.es\/iwpr\/wp-json\/wp\/v2\/tags?post=9103"}],"curies":[{"name":"wp","href":"https:\/\/api.w.org\/{rel}","templated":true}]}}