{"id":785,"date":"2017-07-17T19:15:12","date_gmt":"2017-07-17T17:15:12","guid":{"rendered":"http:\/\/grupo.us.es\/newiwpr\/?p=785"},"modified":"2017-07-17T19:15:12","modified_gmt":"2017-07-17T17:15:12","slug":"presentada-mocion-en-el-senado-sobre-la-economia-colaborativa","status":"publish","type":"post","link":"https:\/\/grupo.us.es\/iwpr\/2017\/07\/17\/presentada-mocion-en-el-senado-sobre-la-economia-colaborativa\/","title":{"rendered":"Presentada moci\u00f3n en el Senado sobre la econom\u00eda colaborativa"},"content":{"rendered":"<p>El Grupo Parlamentario Unidos Podemos- En Com\u00fa Podem- En Marea ha presentado en el Senado una moci\u00f3n en la que insta al Gobierno a adoptar las medidas necesarias para el control y la fiscalizaci\u00f3n de las empresas basadas en la econom\u00eda digital o colaborativa. El texto de esta\u00a0<a href=\"http:\/\/grupo.us.es\/iwpr\/wp-content\/uploads\/2017\/07\/mocio\u0301n-economi\u0301a-digital.pdf\">mocio\u0301n sobre economi\u0301a digital est\u00e1 disponible en este enlace<\/a><\/p>\n","protected":false},"excerpt":{"rendered":"<p>El Grupo Parlamentario Unidos Podemos- En Com\u00fa Podem- En Marea ha presentado en el Senado una moci\u00f3n en la que insta al Gobierno a adoptar las medidas necesarias para el control y la fiscalizaci\u00f3n de las empresas basadas en la econom\u00eda digital o colaborativa. El texto de esta\u00a0mocio\u0301n sobre economi\u0301a digital est\u00e1 disponible en este&#8230;<\/p>\n","protected":false},"author":2,"featured_media":0,"comment_status":"open","ping_status":"open","sticky":false,"template":"","format":"standard","meta":{"jetpack_post_was_ever_published":false,"_jetpack_newsletter_access":"","_jetpack_dont_email_post_to_subs":false,"_jetpack_newsletter_tier_id":0,"_jetpack_memberships_contains_paywalled_content":false,"_jetpack_memberships_contains_paid_content":false,"footnotes":"","jetpack_publicize_message":"","jetpack_publicize_feature_enabled":true,"jetpack_social_post_already_shared":true,"jetpack_social_options":{"image_generator_settings":{"template":"highway","default_image_id":0,"font":"","enabled":false},"version":2}},"categories":[6,10],"tags":[],"class_list":["post-785","post","type-post","status-publish","format-standard","hentry","category-economia-colaborativa-y-derecho-social","category-novedades-legislativas"],"jetpack_publicize_connections":[],"jetpack_featured_media_url":"","jetpack_shortlink":"https:\/\/wp.me\/p7HIjh-cF","jetpack-related-posts":[{"id":853,"url":"https:\/\/grupo.us.es\/iwpr\/2017\/12\/14\/nuevos-contenidos-sobre-economia-colaborativa-en-la-biblioteca-digital\/","url_meta":{"origin":785,"position":0},"title":"Nuevos contenidos sobre econom\u00eda colaborativa en la Biblioteca Digital","author":"Miguel Carlos Rodr\u00edguez-Pi\u00f1ero Royo","date":"14 diciembre, 2017","format":false,"excerpt":"Se han publicado diversos estudios y documentos sobre econom\u00eda colaborativa y consecuencias laborales de los cambios tecnol\u00f3gicos en la Biblioteca Digital de este portal web","rel":"","context":"En \u00abEconom\u00eda colaborativa y Derecho Social\u00bb","block_context":{"text":"Econom\u00eda colaborativa y Derecho Social","link":"https:\/\/grupo.us.es\/iwpr\/category\/economia-colaborativa-y-derecho-social\/"},"img":{"alt_text":"","src":"","width":0,"height":0},"classes":[]},{"id":251,"url":"https:\/\/grupo.us.es\/iwpr\/2016\/10\/20\/documento-autonomia-sur-sobre-la-economia-colaborativa\/","url_meta":{"origin":785,"position":1},"title":"Documento Autonom\u00eda Sur sobre la econom\u00eda colaborativa","author":"Miguel Carlos Rodr\u00edguez-Pi\u00f1ero Royo","date":"20 octubre, 2016","format":false,"excerpt":"Documento elaborado por\u00a0Autonom\u00eda Sur, Sociedad Cooperativa Andaluza de Inter\u00e9s Social.\u00a0El Documento Autonom\u00eda 07 \u201cLa econom\u00eda colaborativa. Capitalismo de plataforma, trabajo precario y cooperativismo\u201d explica y analiza el nuevo concepto de moda de la \u201ceconom\u00eda colaborativa\u201d. Las consecuencias que est\u00e1n teniendo sobre las condiciones laborales, la concentraci\u00f3n de la riqueza o\u2026","rel":"","context":"En \u00abEconom\u00eda colaborativa y Derecho Social\u00bb","block_context":{"text":"Econom\u00eda colaborativa y Derecho Social","link":"https:\/\/grupo.us.es\/iwpr\/category\/economia-colaborativa-y-derecho-social\/"},"img":{"alt_text":"","src":"","width":0,"height":0},"classes":[]},{"id":641,"url":"https:\/\/grupo.us.es\/iwpr\/2017\/03\/01\/declaracion-comun-sobre-la-economia-colaborativa-y-sus-repercusiones-en-el-ambito-del-trabajo-y-las-relaciones-laborales\/","url_meta":{"origin":785,"position":2},"title":"Declaraci\u00f3n com\u00fan sobre la econom\u00eda colaborativa y sus repercusiones  en el \u00e1mbito del trabajo y las relaciones laborales","author":"Miguel Carlos Rodr\u00edguez-Pi\u00f1ero Royo","date":"1 marzo, 2017","format":false,"excerpt":"Aprobada por los representantes de los Consejos de Relaciones Laborales de Catalu\u00f1a, Andaluc\u00eda, Galicia y Pa\u00eds Vasco el 2 de diciembre de 2016, en el marco de unas jornadas de estudio conjuntas monogr\u00e1ficas sobre esta cuesti\u00f3n. El texto est\u00e1 disponible aqu\u00ed.","rel":"","context":"En \u00abEconom\u00eda colaborativa y Derecho Social\u00bb","block_context":{"text":"Econom\u00eda colaborativa y Derecho Social","link":"https:\/\/grupo.us.es\/iwpr\/category\/economia-colaborativa-y-derecho-social\/"},"img":{"alt_text":"","src":"","width":0,"height":0},"classes":[]},{"id":826,"url":"https:\/\/grupo.us.es\/iwpr\/2017\/11\/29\/seminario-en-madrid-sobre-economia-colaborativa-aspectos-fiscales-y-laborales\/","url_meta":{"origin":785,"position":3},"title":"Seminario en Madrid sobre \u00abEconom\u00eda Colaborativa: Aspectos Fiscales y Laborales\u00bb","author":"Miguel Carlos Rodr\u00edguez-Pi\u00f1ero Royo","date":"29 noviembre, 2017","format":false,"excerpt":"El pr\u00f3ximo lunes, 4 de diciembre, el CEF.- de Madrid impartir\u00e1 este Seminario para analizar las implicaciones jur\u00eddicas en materia tributaria y laboral que pueden derivarse en el nuevo marco de actuaci\u00f3n de las plataformas digitales y las apps. El enlace con la convocatoria del evento est\u00e1 aqu\u00ed.","rel":"","context":"En \u00abEconom\u00eda colaborativa y Derecho Social\u00bb","block_context":{"text":"Econom\u00eda colaborativa y Derecho Social","link":"https:\/\/grupo.us.es\/iwpr\/category\/economia-colaborativa-y-derecho-social\/"},"img":{"alt_text":"","src":"","width":0,"height":0},"classes":[]},{"id":639,"url":"https:\/\/grupo.us.es\/iwpr\/2017\/03\/01\/publicada-una-monografia-sobre-el-trabajo-en-la-economia-colaborativa\/","url_meta":{"origin":785,"position":4},"title":"Publicada una monograf\u00eda sobre el trabajo en la econom\u00eda colaborativa","author":"Miguel Carlos Rodr\u00edguez-Pi\u00f1ero Royo","date":"1 marzo, 2017","format":false,"excerpt":"La editorial Tirant Lo Blanch ha publicado la monograf\u00eda del profesor Dr. Adri\u00e1n Todoli Signes sobre esta cuesti\u00f3n, que es objeto de atenci\u00f3n de uno de los subproyectos de este proyecto de investigaci\u00f3n, con el t\u00edtulo de \"El trabajo en la era de la econom\u00eda colaborativa\". Aparece dentro de la\u2026","rel":"","context":"En \u00abEconom\u00eda colaborativa y Derecho Social\u00bb","block_context":{"text":"Econom\u00eda colaborativa y Derecho Social","link":"https:\/\/grupo.us.es\/iwpr\/category\/economia-colaborativa-y-derecho-social\/"},"img":{"alt_text":"","src":"","width":0,"height":0},"classes":[]},{"id":770,"url":"https:\/\/grupo.us.es\/iwpr\/2017\/05\/12\/la-editorial-thomson-reuters-aranzadi-publica-un-nuevo-estudio-sobre-la-economia-colaborativa\/","url_meta":{"origin":785,"position":5},"title":"La editorial Thomson Reuters ARANZADI publica un nuevo estudio sobre la econom\u00eda colaborativa","author":"Macarena Hern\u00e1ndez Bejarano","date":"12 mayo, 2017","format":false,"excerpt":"La prestigiosa editorial Thomson Reuters Aranzadi ha publicado un amplio e interesante estudio sobre la econom\u00eda colaborativa. El trabajo, titulado \"RETOS JUR\u00cdDICOS DE LA ECONOM\u00cdA COLABORATIVA EN EL CONTEXTO DIGITAL\", ha sido dirigido por Rosal\u00eda Alfonso S\u00e1nchez y Juli\u00e1n Valero Torrijos y en \u00e9l participan profesores de distintas \u00a0disciplinas que\u2026","rel":"","context":"En \u00abEconom\u00eda colaborativa y Derecho Social\u00bb","block_context":{"text":"Econom\u00eda colaborativa y Derecho Social","link":"https:\/\/grupo.us.es\/iwpr\/category\/economia-colaborativa-y-derecho-social\/"},"img":{"alt_text":"","src":"","width":0,"height":0},"classes":[]}],"jetpack_sharing_enabled":true,"_links":{"self":[{"href":"https:\/\/grupo.us.es\/iwpr\/wp-json\/wp\/v2\/posts\/785","targetHints":{"allow":["GET"]}}],"collection":[{"href":"https:\/\/grupo.us.es\/iwpr\/wp-json\/wp\/v2\/posts"}],"about":[{"href":"https:\/\/grupo.us.es\/iwpr\/wp-json\/wp\/v2\/types\/post"}],"author":[{"embeddable":true,"href":"https:\/\/grupo.us.es\/iwpr\/wp-json\/wp\/v2\/users\/2"}],"replies":[{"embeddable":true,"href":"https:\/\/grupo.us.es\/iwpr\/wp-json\/wp\/v2\/comments?post=785"}],"version-history":[{"count":0,"href":"https:\/\/grupo.us.es\/iwpr\/wp-json\/wp\/v2\/posts\/785\/revisions"}],"wp:attachment":[{"href":"https:\/\/grupo.us.es\/iwpr\/wp-json\/wp\/v2\/media?parent=785"}],"wp:term":[{"taxonomy":"category","embeddable":true,"href":"https:\/\/grupo.us.es\/iwpr\/wp-json\/wp\/v2\/categories?post=785"},{"taxonomy":"post_tag","embeddable":true,"href":"https:\/\/grupo.us.es\/iwpr\/wp-json\/wp\/v2\/tags?post=785"}],"curies":[{"name":"wp","href":"https:\/\/api.w.org\/{rel}","templated":true}]}}