{"id":7537,"date":"2024-10-10T08:00:25","date_gmt":"2024-10-10T06:00:25","guid":{"rendered":"http:\/\/grupo.us.es\/newiwpr\/?p=7537"},"modified":"2024-10-03T14:29:54","modified_gmt":"2024-10-03T12:29:54","slug":"de-la-gran-dimision-al-trabexit","status":"publish","type":"post","link":"https:\/\/grupo.us.es\/iwpr\/2024\/10\/10\/de-la-gran-dimision-al-trabexit\/","title":{"rendered":"De la Gran Dimisi\u00f3n al TRABEXIT"},"content":{"rendered":"<p>El Blog \u00abEl Foro de Labos\u00bb ha publicado recientemente una entrada elaborada por un investigador del proyecto Trabexit, precisamente sobre la materia que estudiamos en \u00e9ste<\/p>\n<p>Puede accederse a esta colaboraci\u00f3n por medio del siguiente <a href=\"https:\/\/www.elforodelabos.es\/2024\/09\/de-la-gran-dimision-al-trabexit\/\">enlace<\/a><\/p>\n<p>&nbsp;<\/p>\n<p>Llamamos Gran Dimisi\u00f3n al fen\u00f3meno hist\u00f3rico que afect\u00f3 al mercado de trabajo estadounidense tras la Pandemia COVID-19, cuando millones de personas decidieron no retornar a sus empleos tras haber pasado una temporada fuera de ellos. Es una experiencia concreta, limitada en el tiempo y en el espacio, y muy vinculada al contexto del mercado de trabajo estadounidense. En sentido amplio se ha utilizado esta expresi\u00f3n para designar ciertos cambios identificados en los mercados laborales contempor\u00e1neos en los \u00faltimos a\u00f1os, como consecuencia no s\u00f3lo de la pandemia sino tambi\u00e9n de cambios generacionales y culturales.<\/p>\n<p>En Espa\u00f1a no hubo Gran Dimisi\u00f3n. No pod\u00eda haberla porque la realidad laboral es completamente diferente, con un mercado de trabajo mucho menos \u00e1gil que el de los Estados Unidos. Traumatizados como estamos por el paro, temerosos de perder nuestros empleos, la decisi\u00f3n de dejar de trabajar para dedicarnos a otras cosas no est\u00e1 en nuestro esquema mental. Se dio adem\u00e1s la circunstancia de que los efectos de la pandemia se gestionaron de otra manera, evitando la salida del empleo y optando por desactivar a trabajadores y empresas. Aun as\u00ed, hubo cambios que resultaron muy visibles, y por esto se acu\u00f1\u00f3 una expresi\u00f3n para denominar a este fen\u00f3meno, la \u201cGran Rotaci\u00f3n\u201d, que ven\u00eda a decir que hab\u00eda mas transiciones que antes de la pandemia, especialmente en algunos sectores.<\/p>\n<p>Buscamos, adem\u00e1s, una explicaci\u00f3n para ella, y se dec\u00eda que los nuevos comportamientos obedec\u00edan a causas generacionales, que a su vez eran culturales: hab\u00edan llegado nuevas cohortes de poblaci\u00f3n al mercado de trabajo, formadas por personas de otras generaciones cuya actitud ante el trabajo era distinta. Empezaban a llegar a las empresas trabajadores con una actitud diferente ante la vida y ante el trabajo. Milennials y centennials se comportaban de otra manera, tambi\u00e9n cuando trabajaban, y esto explicaba lo que estaba pasando en el mercado laboral.<\/p>\n<p>Hab\u00eda otra explicaci\u00f3n, opuesta y contradictoria, que pon\u00eda el foco no en las personas si no en los trabajos. Faltaba gente en aquellos sectores que generaban puestos mal remunerados, con malas condiciones, o ambos. Lo que est\u00e1 pasando es lo que pasaba ya hac\u00eda a\u00f1os en algunos sectores, como la agricultura, que fue desde este punto de vista pionero. Como corolario a esta visi\u00f3n centrada en el mercado se identificaban sectores concretos donde la causa de la alta tasa de rotaci\u00f3n no eran las condiciones laborales, sino el desequilibrio entre oferta y demanda de trabajo. La insuficiencia de algunos perfiles profesionales empoderaba a estas personas, que se ve\u00edan en condiciones de ser m\u00e1s exigentes y selectivos, y de dise\u00f1ar carreras profesionales basadas en el cambio de empleador para mejorar y ascender.<\/p>\n<p>Ambas explicaciones son razonables, pero una y otra son insuficientes, y ni siquiera de consuno ofrecen una justificaci\u00f3n completa de todas las corrientes en el mercado laboral. Cuando un m\u00e9dico o enfermero, profesional cualificado, emigra a otro pa\u00eds no es porque no tenga oportunidades profesionales aqu\u00ed, es que no le convencen las que hay. Cuando un profesor decide adelantar la edad de su jubilaci\u00f3n, no es un miembro de la Generaci\u00f3n X que no valora su profesi\u00f3n, es un\u00a0<em>baby boomer<\/em>\u00a0que est\u00e1 harto de la suya. Cuando un profesional de consultor\u00eda busca otra empresa similar porque no se le ha dado el ascenso que esperaba o reconocido el bonus que cre\u00eda merecer, es que no est\u00e1 dispuesto a admitir decisiones que considera injustas. Cuando actividades con empleo asegurado no encuentran sustitutos para las personas que se jubilan, es que no resulta atractivo dedicarse a esto. Cuando se abandona una empresa a los pocos a\u00f1os para preparar unas oposiciones, es que se asocian unas ventajas con ser funcionario que compensan el riesgo y el esfuerzo. Hay motivos diferentes, para unos efectos son similares.<\/p>\n<p>En Espa\u00f1a no hay Gran Dimisi\u00f3n, pero s\u00ed peque\u00f1as dimisiones. El mercado ve aparecer pr\u00e1cticas poco frecuentes o desconocidas hasta ahora, que se traducen en abandono de puestos de trabajo o de la propia actividad profesional, en personas con perfiles de edad, cualificaci\u00f3n e ingreso muy distintos. Estas pr\u00e1cticas comparten algunos elementos, como el abandono de trabajos no satisfactorios, de poca o insuficiente calidad podr\u00edamos decir. Entendiendo calidad en el empleo en sentido amplio, claro, porque no s\u00f3lo hay contratos malos, sino tambi\u00e9n trabajos que lo son, que no te satisfacen, que te complican la vida, que no te dejan desarrollar el modelo vital que tienes pensado.<\/p>\n<p>Cada peque\u00f1a dimisi\u00f3n tiene sus notas, que la diferencian de las otras. No siempre supone dejar de trabajar, aunque en ocasiones el resultado es la autoexclusi\u00f3n de la actividad profesional. No siempre afecta a las \u00faltimas generaciones, porque las \u00faltimas cohortes de baby boomers est\u00e1n afrontando su jubilaci\u00f3n de una manera diferente, no como un final sino como el principio de una vida libre de obligaciones y ataduras laborales.<\/p>\n<p>Por todo ello, la experiencia espa\u00f1ola demuestra que se ha producido un cambio de prioridades de las personas, concretamente en el nivel de tolerancia que muestran hacia las exigencias de su vida laboral. Existe un cierto desapego en relaci\u00f3n con el trabajo, una reubicaci\u00f3n dentro del esquema de vida que se tiene; y se busca un mayor control de la propia vida, que en ocasiones supone una huida del trabajo en s\u00ed, y en otras una del mercado de trabajo, de las oportunidades profesionales que \u00e9ste genera.<\/p>\n<p>Buscando ponerle nombre a esta realidad un grupo de investigadores en busca de proyecto, acu\u00f1amos el de \u201cTrabexit\u201d. Es salida, en el sentido jur\u00eddico, pero tambi\u00e9n psicol\u00f3gico, una manera de reaccionar frente a una situaci\u00f3n insatisfactoria. No se trata tanto de dejar de trabajar como de dejar trabajos o situaciones profesionales concretas. Se huye de las malas condiciones laborales, de empleos insatisfactorios, de una vida agobiada por las decisiones profesionales. El Trabexit no es una huida del trabajo, sino del mercado de trabajo. Porque es el mercado el que genera empleos que no compensan, que quieren cambiarse por otros mejores. Esta protecci\u00f3n frente al propio mercado es muy clara en alguna de estas decisiones, como la de acceder al empleo p\u00fablico antes que al privado, al considerarse que el primero est\u00e1 m\u00e1s resguardado de la situaci\u00f3n de aqu\u00e9l. Lo mismo ocurre con el nomadismo digital, en el que se disocia el mercado de trabajo del lugar de residencia, para buscar una situaci\u00f3n mejor.<\/p>\n<p>El concepto tiene la utilidad de que permite dar unidad a cosas diferentes, al identificar el elemento com\u00fan que todas ellas comparten. Y creemos que hace m\u00e1s justicia a la realidad espa\u00f1ola que la palabra \u201cGran Dimisi\u00f3n\u201d, al menos si la interpretamos en un sentido estricto. Lo que vemos hoy en Espa\u00f1a son multitud de peque\u00f1as dimisiones, de muy distinto tipo, que expresan sin embargo una tendencia com\u00fan: la huida del mercado de trabajo, a la que llamamos Trabexit.<\/p>\n<p>Estas ideas las he desarrollado m\u00e1s en el art\u00edculo \u201c<a href=\"https:\/\/doi.org\/10.20318\/labos.2024.8745\" target=\"_blank\" rel=\"external noopener noreferrer\" data-wpel-link=\"external\">La Gran Dimisi\u00f3n: perspectivas jur\u00eddicas<\/a>\u201d, publicado en la revista jur\u00eddica on-line \u201cEl Foro de Labos\u201d, Volumen 5 \u2013 N\u00famero 2, de agosto de 2024, en el que me centro sobre todo en la perspectiva jur\u00eddica, analizando c\u00f3mo afecta la regulaci\u00f3n laboral a la capacidad de decisi\u00f3n de las personas respecto de trabajar o de dejar de hacerlo. Mi conclusi\u00f3n es que nuestro Derecho del Trabajo no est\u00e1 adaptado a este cambio en las prioridades y en los comportamientos de las personas que trabajan, y que requiere por tanto una revisi\u00f3n.<\/p>\n","protected":false},"excerpt":{"rendered":"<p>El Blog \u00abEl Foro de Labos\u00bb ha publicado recientemente una entrada elaborada por un investigador del proyecto Trabexit, precisamente sobre la materia que estudiamos en \u00e9ste Puede accederse a esta colaboraci\u00f3n por medio del siguiente enlace &nbsp; Llamamos Gran Dimisi\u00f3n al fen\u00f3meno hist\u00f3rico que afect\u00f3 al mercado de trabajo estadounidense tras la Pandemia COVID-19, cuando&#8230;<\/p>\n","protected":false},"author":2,"featured_media":7386,"comment_status":"open","ping_status":"open","sticky":true,"template":"","format":"standard","meta":{"jetpack_post_was_ever_published":false,"_jetpack_newsletter_access":"","_jetpack_dont_email_post_to_subs":false,"_jetpack_newsletter_tier_id":0,"_jetpack_memberships_contains_paywalled_content":false,"_jetpack_memberships_contains_paid_content":false,"footnotes":"","jetpack_publicize_message":"","jetpack_publicize_feature_enabled":true,"jetpack_social_post_already_shared":true,"jetpack_social_options":{"image_generator_settings":{"template":"highway","default_image_id":0,"font":"","enabled":false},"version":2}},"categories":[115,259,175,21,246,244,331,35],"tags":[],"class_list":["post-7537","post","type-post","status-publish","format-standard","has-post-thumbnail","hentry","category-derecho-y-mercado","category-investigacion-2","category-iuslablog","category-miguel-c-rodriguez-pinero-royo","category-nuevas-realidades","category-nuevas-realidades-economicas","category-proyecto-trabexit","category-publicaciones"],"jetpack_publicize_connections":[],"jetpack_featured_media_url":"https:\/\/i0.wp.com\/grupo.us.es\/iwpr\/wp-content\/uploads\/2024\/09\/el-foro-de-labos.png?fit=339%2C149&ssl=1","jetpack_shortlink":"https:\/\/wp.me\/p7HIjh-1Xz","jetpack-related-posts":[{"id":7532,"url":"https:\/\/grupo.us.es\/iwpr\/2024\/10\/03\/seminario-de-investigacion-del-proyecto-trabexit\/","url_meta":{"origin":7537,"position":0},"title":"Seminario de Investigaci\u00f3n del Proyecto Trabexit","author":"Miguel Carlos Rodr\u00edguez-Pi\u00f1ero Royo","date":"3 octubre, 2024","format":false,"excerpt":"El pr\u00f3ximo d\u00eda 17 de octubre de 2024 tendr\u00e1 lugar un seminario de investigaci\u00f3n en el marco del Proyecto de Investigaci\u00f3n\u00a0\"La huida del mercado de trabajo y la legislaci\u00f3n social en Espa\u00f1a (TRABEXIT), PID2022-141201OB-I00\", de la Convocatoria 2022 - \u00abProyectos de Generaci\u00f3n de Conocimiento\u00bb, en el marco del Plan Estatal\u2026","rel":"","context":"En \u00abDerecho y mercado\"\u00bb","block_context":{"text":"Derecho y mercado\"","link":"https:\/\/grupo.us.es\/iwpr\/category\/derecho-y-mercado\/"},"img":{"alt_text":"","src":"https:\/\/i0.wp.com\/grupo.us.es\/iwpr\/wp-content\/uploads\/2024\/02\/Trabexit-2.png?fit=1200%2C815&ssl=1&resize=350%2C200","width":350,"height":200,"srcset":"https:\/\/i0.wp.com\/grupo.us.es\/iwpr\/wp-content\/uploads\/2024\/02\/Trabexit-2.png?fit=1200%2C815&ssl=1&resize=350%2C200 1x, https:\/\/i0.wp.com\/grupo.us.es\/iwpr\/wp-content\/uploads\/2024\/02\/Trabexit-2.png?fit=1200%2C815&ssl=1&resize=525%2C300 1.5x, https:\/\/i0.wp.com\/grupo.us.es\/iwpr\/wp-content\/uploads\/2024\/02\/Trabexit-2.png?fit=1200%2C815&ssl=1&resize=700%2C400 2x, https:\/\/i0.wp.com\/grupo.us.es\/iwpr\/wp-content\/uploads\/2024\/02\/Trabexit-2.png?fit=1200%2C815&ssl=1&resize=1050%2C600 3x"},"classes":[]},{"id":10372,"url":"https:\/\/grupo.us.es\/iwpr\/2026\/02\/09\/trabexit-una-nueva-realidad-del-mercado-de-trabajo-espanol\/","url_meta":{"origin":7537,"position":1},"title":"TRABEXIT: una nueva realidad del mercado de trabajo espa\u00f1ol","author":"Miguel Carlos Rodr\u00edguez-Pi\u00f1ero Royo","date":"9 febrero, 2026","format":false,"excerpt":"El t\u00e9rmino TRABEXIT ha sido acu\u00f1ado para dar nombre a un fen\u00f3meno de nuestro mercado de trabajo caracterizado por un abandono progresivo, plural y diverso del mismo por parte de muchas de las personas que lo conforman. Se trata de una adaptaci\u00f3n a nuestro pa\u00eds del fen\u00f3meno conocido como la\u2026","rel":"","context":"En \u00abAna Dom\u00ednguez Morales\u00bb","block_context":{"text":"Ana Dom\u00ednguez Morales","link":"https:\/\/grupo.us.es\/iwpr\/category\/ana-dominguez-morales\/"},"img":{"alt_text":"","src":"https:\/\/i0.wp.com\/grupo.us.es\/iwpr\/wp-content\/uploads\/2026\/02\/Capturadepantalla2025-09-05ales13.32.58.webp?fit=850%2C1200&ssl=1&resize=350%2C200","width":350,"height":200,"srcset":"https:\/\/i0.wp.com\/grupo.us.es\/iwpr\/wp-content\/uploads\/2026\/02\/Capturadepantalla2025-09-05ales13.32.58.webp?fit=850%2C1200&ssl=1&resize=350%2C200 1x, https:\/\/i0.wp.com\/grupo.us.es\/iwpr\/wp-content\/uploads\/2026\/02\/Capturadepantalla2025-09-05ales13.32.58.webp?fit=850%2C1200&ssl=1&resize=525%2C300 1.5x, https:\/\/i0.wp.com\/grupo.us.es\/iwpr\/wp-content\/uploads\/2026\/02\/Capturadepantalla2025-09-05ales13.32.58.webp?fit=850%2C1200&ssl=1&resize=700%2C400 2x"},"classes":[]},{"id":8189,"url":"https:\/\/grupo.us.es\/iwpr\/2024\/12\/30\/publicado-el-numero-9-de-la-revista-trabajo-persona-derecho-mercado\/","url_meta":{"origin":7537,"position":2},"title":"Publicado el n\u00famero 9 de la revista \u00abTrabajo, persona, derecho, mercado\u00bb","author":"Miguel Carlos Rodr\u00edguez-Pi\u00f1ero Royo","date":"30 diciembre, 2024","format":false,"excerpt":"Se ha publicado el n\u00famero 9 de la revista \"Trabajo, persona, derecho, mercado\", correspondiente al a\u00f1o 2024. El n\u00famero completo est\u00e1 accesible en este enlace. Este monogr\u00e1fico es un resultado m\u00e1s del Proyecto de Investigaci\u00f3n \u00abLa huida del mercado de trabajo y la legislaci\u00f3n social en Espa\u00f1a (TRABEXIT), PID2022-141201OB-I00\u00bb. Publica\u2026","rel":"","context":"En \u00abCarmen Bot\u00eda-Morillas\u00bb","block_context":{"text":"Carmen Bot\u00eda-Morillas","link":"https:\/\/grupo.us.es\/iwpr\/category\/carmen-botia-morillas\/"},"img":{"alt_text":"","src":"https:\/\/i0.wp.com\/grupo.us.es\/iwpr\/wp-content\/uploads\/2024\/02\/Trabexit-2-300x204.png?resize=350%2C200","width":350,"height":200},"classes":[]},{"id":9657,"url":"https:\/\/grupo.us.es\/iwpr\/2025\/10\/15\/i-congreso-internacional-trabexit-una-nueva-realidad-del-mercado-de-trabajo\/","url_meta":{"origin":7537,"position":3},"title":"I CONGRESO INTERNACIONAL \u00abTRABEXIT: UNA NUEVA REALIDAD DEL MERCADO DE TRABAJO\u00bb","author":"Jaime Rom\u00e1n Lemos","date":"15 octubre, 2025","format":false,"excerpt":"Los pr\u00f3ximos d\u00edas 22 y 23 de octubre de 2025 se celebrar\u00e1, en el Sal\u00f3n de Grados de la Facultad de Ciencias del Trabajo de la Universidad de Huelva, el I Congreso Internacional \"TRABEXIT: UNA NUEVA REALIDAD DEL MERCADO DE TRABAJO\", seminario que servir\u00e1 como presentaci\u00f3n del libro hom\u00f3nimo publicado\u2026","rel":"","context":"En \u00abAgust\u00edn Gal\u00e1n Garc\u00eda\u00bb","block_context":{"text":"Agust\u00edn Gal\u00e1n Garc\u00eda","link":"https:\/\/grupo.us.es\/iwpr\/category\/agustin-galan-garcia\/"},"img":{"alt_text":"","src":"https:\/\/i0.wp.com\/grupo.us.es\/iwpr\/wp-content\/uploads\/2024\/02\/Trabexit-2.png?fit=1200%2C815&ssl=1&resize=350%2C200","width":350,"height":200,"srcset":"https:\/\/i0.wp.com\/grupo.us.es\/iwpr\/wp-content\/uploads\/2024\/02\/Trabexit-2.png?fit=1200%2C815&ssl=1&resize=350%2C200 1x, https:\/\/i0.wp.com\/grupo.us.es\/iwpr\/wp-content\/uploads\/2024\/02\/Trabexit-2.png?fit=1200%2C815&ssl=1&resize=525%2C300 1.5x, https:\/\/i0.wp.com\/grupo.us.es\/iwpr\/wp-content\/uploads\/2024\/02\/Trabexit-2.png?fit=1200%2C815&ssl=1&resize=700%2C400 2x, https:\/\/i0.wp.com\/grupo.us.es\/iwpr\/wp-content\/uploads\/2024\/02\/Trabexit-2.png?fit=1200%2C815&ssl=1&resize=1050%2C600 3x"},"classes":[]},{"id":7384,"url":"https:\/\/grupo.us.es\/iwpr\/2024\/09\/09\/nueva-publicacion-del-proyecto-trabexit\/","url_meta":{"origin":7537,"position":4},"title":"Nueva publicaci\u00f3n del proyecto TRABEXIT","author":"Miguel Carlos Rodr\u00edguez-Pi\u00f1ero Royo","date":"9 septiembre, 2024","format":false,"excerpt":"Se ha publicado un nuevo resultado cient\u00edfico del proyecto TRABEXIT, elaborado por uno de sus investigadores, Miguel Rodr\u00edguez-Pi\u00f1ero Royo. Se trata del estudio \u201cLa Gran Dimisi\u00f3n. Perspectivas jur\u00eddicas\u201d, y se ha publicado en el volumen 2 de 2024 de la prestigiosa revista de Derecho del Trabajo \u201cEl Foro de Labos\u201d,\u2026","rel":"","context":"En \u00abderechos fundamentales\u00bb","block_context":{"text":"derechos fundamentales","link":"https:\/\/grupo.us.es\/iwpr\/category\/derechos-fundamentales\/"},"img":{"alt_text":"","src":"https:\/\/i0.wp.com\/grupo.us.es\/iwpr\/wp-content\/uploads\/2024\/02\/Trabexit-2-300x204.png?resize=350%2C200","width":350,"height":200},"classes":[]},{"id":1410,"url":"https:\/\/grupo.us.es\/iwpr\/2018\/09\/12\/call-for-papers\/","url_meta":{"origin":7537,"position":5},"title":"Call for papers para el II Congreso Internacional Trabexit","author":"Miguel Carlos Rodr\u00edguez-Pi\u00f1ero Royo","date":"12 septiembre, 2018","format":false,"excerpt":"CONVOCATORIA DE COMUNICACIONES (CALL FOR PAPERS) II Congreso Internacional TRABEXIT: La huida del mercado de trabajo y la legislaci\u00f3n social en Espa\u00f1a El comit\u00e9 organizador invita a investigadores, docentes y profesionales del Derecho del Trabajo y la Seguridad Social a presentar comunicaciones originales que se encuadren en las l\u00edneas tem\u00e1ticas\u2026","rel":"","context":"En \u00abSin categor\u00eda\u00bb","block_context":{"text":"Sin categor\u00eda","link":"https:\/\/grupo.us.es\/iwpr\/category\/sin-categoria\/"},"img":{"alt_text":"","src":"","width":0,"height":0},"classes":[]}],"jetpack_sharing_enabled":true,"_links":{"self":[{"href":"https:\/\/grupo.us.es\/iwpr\/wp-json\/wp\/v2\/posts\/7537","targetHints":{"allow":["GET"]}}],"collection":[{"href":"https:\/\/grupo.us.es\/iwpr\/wp-json\/wp\/v2\/posts"}],"about":[{"href":"https:\/\/grupo.us.es\/iwpr\/wp-json\/wp\/v2\/types\/post"}],"author":[{"embeddable":true,"href":"https:\/\/grupo.us.es\/iwpr\/wp-json\/wp\/v2\/users\/2"}],"replies":[{"embeddable":true,"href":"https:\/\/grupo.us.es\/iwpr\/wp-json\/wp\/v2\/comments?post=7537"}],"version-history":[{"count":1,"href":"https:\/\/grupo.us.es\/iwpr\/wp-json\/wp\/v2\/posts\/7537\/revisions"}],"predecessor-version":[{"id":7538,"href":"https:\/\/grupo.us.es\/iwpr\/wp-json\/wp\/v2\/posts\/7537\/revisions\/7538"}],"wp:featuredmedia":[{"embeddable":true,"href":"https:\/\/grupo.us.es\/iwpr\/wp-json\/wp\/v2\/media\/7386"}],"wp:attachment":[{"href":"https:\/\/grupo.us.es\/iwpr\/wp-json\/wp\/v2\/media?parent=7537"}],"wp:term":[{"taxonomy":"category","embeddable":true,"href":"https:\/\/grupo.us.es\/iwpr\/wp-json\/wp\/v2\/categories?post=7537"},{"taxonomy":"post_tag","embeddable":true,"href":"https:\/\/grupo.us.es\/iwpr\/wp-json\/wp\/v2\/tags?post=7537"}],"curies":[{"name":"wp","href":"https:\/\/api.w.org\/{rel}","templated":true}]}}