{"id":748,"date":"2017-05-05T17:23:46","date_gmt":"2017-05-05T15:23:46","guid":{"rendered":"http:\/\/grupo.us.es\/newiwpr\/?p=748"},"modified":"2017-05-05T17:23:46","modified_gmt":"2017-05-05T15:23:46","slug":"publicado-estudio-sobre-la-garantia-de-empleo-de-las-personas-de-edad-su-concrecion-en-el-ambito-internacional-y-en-la-union-europea-en-el-anuario-iet-2016","status":"publish","type":"post","link":"https:\/\/grupo.us.es\/iwpr\/2017\/05\/05\/publicado-estudio-sobre-la-garantia-de-empleo-de-las-personas-de-edad-su-concrecion-en-el-ambito-internacional-y-en-la-union-europea-en-el-anuario-iet-2016\/","title":{"rendered":"Publicado Estudio sobre \u201cLa garant\u00eda de empleo de las personas de edad. Su concreci\u00f3n en el \u00e1mbito internacional y en la Uni\u00f3n Europea\u201d, en el Anuario IET 2016"},"content":{"rendered":"<p class=\"Default\"><span style=\"font-family: 'Times New Roman',serif;\">\u201cLa garant\u00eda de empleo de las personas de edad. Su concreci\u00f3n en el \u00e1mbito internacional y en la Uni\u00f3n Europea\u201d, art\u00edculo de Francesc P\u00e9rez Amor\u00f3s &amp; Eduardo Rojo Torrecilla en el Anuario del Institut d\u2019Estudis del Treball (IET) 2016, vol.3. El enlace <a href=\"http:\/\/revistes.uab.cat\/anuarioiet\/article\/view\/v3-perez-rojo\/35-pdf-es\">aqu\u00ed<\/a>.<\/span><\/p>\n","protected":false},"excerpt":{"rendered":"<p>\u201cLa garant\u00eda de empleo de las personas de edad. Su concreci\u00f3n en el \u00e1mbito internacional y en la Uni\u00f3n Europea\u201d, art\u00edculo de Francesc P\u00e9rez Amor\u00f3s &amp; Eduardo Rojo Torrecilla en el Anuario del Institut d\u2019Estudis del Treball (IET) 2016, vol.3. El enlace aqu\u00ed.<\/p>\n","protected":false},"author":2,"featured_media":0,"comment_status":"open","ping_status":"open","sticky":false,"template":"","format":"standard","meta":{"jetpack_post_was_ever_published":false,"_jetpack_newsletter_access":"","_jetpack_dont_email_post_to_subs":false,"_jetpack_newsletter_tier_id":0,"_jetpack_memberships_contains_paywalled_content":false,"_jetpack_memberships_contains_paid_content":false,"footnotes":"","jetpack_publicize_message":"","jetpack_publicize_feature_enabled":true,"jetpack_social_post_already_shared":true,"jetpack_social_options":{"image_generator_settings":{"template":"highway","default_image_id":0,"font":"","enabled":false},"version":2}},"categories":[7],"tags":[],"class_list":["post-748","post","type-post","status-publish","format-standard","hentry","category-envejecimiento-activo"],"jetpack_publicize_connections":[],"jetpack_featured_media_url":"","jetpack_shortlink":"https:\/\/wp.me\/p7HIjh-c4","jetpack-related-posts":[{"id":752,"url":"https:\/\/grupo.us.es\/iwpr\/2017\/05\/05\/publicado-un-estudio-sobre-la-afectacion-prioritaria-de-los-trabajadores-de-mayor-edad-en-el-despido-colectivo\/","url_meta":{"origin":748,"position":0},"title":"Publicado un estudio sobre \u201cLa afectaci\u00f3n prioritaria de los trabajadores de mayor edad en el despido colectivo\u201d","author":"Miguel Carlos Rodr\u00edguez-Pi\u00f1ero Royo","date":"5 mayo, 2017","format":false,"excerpt":"\u201cLa afectaci\u00f3n prioritaria de los trabajadores de mayor edad en el despido colectivo\u201d, estudio de Xavier Sol\u00e0 i Monells publicado en el Anuario IET 2016, vol.3. El enlace aqu\u00ed","rel":"","context":"En \u00abEnvejecimiento activo\u00bb","block_context":{"text":"Envejecimiento activo","link":"https:\/\/grupo.us.es\/iwpr\/category\/envejecimiento-activo\/"},"img":{"alt_text":"","src":"","width":0,"height":0},"classes":[]},{"id":755,"url":"https:\/\/grupo.us.es\/iwpr\/2017\/05\/05\/publicado-estudio-sobre-el-retroceso-en-la-proteccion-social-de-los-trabajadores-de-edad-en-materia-de-desempleo-y-jubilacion\/","url_meta":{"origin":748,"position":1},"title":"Publicado estudio sobre \u201cEl retroceso en la protecci\u00f3n social de los trabajadores de edad en materia de desempleo y jubilaci\u00f3n\u201d","author":"Miguel Carlos Rodr\u00edguez-Pi\u00f1ero Royo","date":"5 mayo, 2017","format":false,"excerpt":"\u201cEl retroceso en la protecci\u00f3n social de los trabajadores de edad en materia de desempleo y jubilaci\u00f3n\u201d, estudio de Ricardo Esteban Legarreta & Carolina Gala Dur\u00e1n, en el Anuario del Institut d\u2019Estudis del Treball (IET) 2016, vol.3. El enlace aqu\u00ed\u00a0","rel":"","context":"En \u00abEnvejecimiento activo\u00bb","block_context":{"text":"Envejecimiento activo","link":"https:\/\/grupo.us.es\/iwpr\/category\/envejecimiento-activo\/"},"img":{"alt_text":"","src":"","width":0,"height":0},"classes":[]},{"id":3258,"url":"https:\/\/grupo.us.es\/iwpr\/2021\/02\/04\/el-concepto-de-no-discriminacion-en-derecho-de-la-union-europea\/","url_meta":{"origin":748,"position":2},"title":"El concepto de no discriminaci\u00f3n en derecho de la Uni\u00f3n Europea","author":"Admin","date":"4 febrero, 2021","format":false,"excerpt":"M\u00aa Cruz Arcos Vargas Profesora Titular de Derecho Internacional P\u00fablico y Relaciones Internacionales Directora del Centro de Documentaci\u00f3n Europea. Universidad de Sevilla \u00a0 El principio de no discriminaci\u00f3n inspira el derecho de la UE desde sus inicios. El derecho originario desde los a\u00f1os 50, con el objetivo de crear un\u2026","rel":"","context":"En \u00abMar\u00eda Cruz Arcos Vargas\u00bb","block_context":{"text":"Mar\u00eda Cruz Arcos Vargas","link":"https:\/\/grupo.us.es\/iwpr\/category\/maria-cruz-arcos-vargas\/"},"img":{"alt_text":"","src":"https:\/\/i0.wp.com\/grupo.us.es\/iwpr\/wp-content\/uploads\/2021\/02\/flag-3370970_1920.jpg?fit=1200%2C800&ssl=1&resize=350%2C200","width":350,"height":200,"srcset":"https:\/\/i0.wp.com\/grupo.us.es\/iwpr\/wp-content\/uploads\/2021\/02\/flag-3370970_1920.jpg?fit=1200%2C800&ssl=1&resize=350%2C200 1x, https:\/\/i0.wp.com\/grupo.us.es\/iwpr\/wp-content\/uploads\/2021\/02\/flag-3370970_1920.jpg?fit=1200%2C800&ssl=1&resize=525%2C300 1.5x, https:\/\/i0.wp.com\/grupo.us.es\/iwpr\/wp-content\/uploads\/2021\/02\/flag-3370970_1920.jpg?fit=1200%2C800&ssl=1&resize=700%2C400 2x, https:\/\/i0.wp.com\/grupo.us.es\/iwpr\/wp-content\/uploads\/2021\/02\/flag-3370970_1920.jpg?fit=1200%2C800&ssl=1&resize=1050%2C600 3x"},"classes":[]},{"id":4915,"url":"https:\/\/grupo.us.es\/iwpr\/2022\/04\/25\/la-no-discriminacion-en-el-derecho-derivado-de-la-union-europea\/","url_meta":{"origin":748,"position":3},"title":"La No Discriminaci\u00f3n En El Derecho  Derivado De La Uni\u00f3n Europea","author":"Admin","date":"25 abril, 2022","format":false,"excerpt":"MARYCRUZ ARCOS VARGAS Universidad de Sevilla 1. MARCO NORMATIVO Aunque el objeto de este trabajo [1] sea la normativa de la UE en materia de desigualdad no se puede entender la misma sin considerar el contexto normativo en el que se desarrolla. Las distintas obligaciones internacionales de los Estados miembros\u2026","rel":"","context":"En \u00abMar\u00eda Cruz Arcos Vargas\u00bb","block_context":{"text":"Mar\u00eda Cruz Arcos Vargas","link":"https:\/\/grupo.us.es\/iwpr\/category\/maria-cruz-arcos-vargas\/"},"img":{"alt_text":"","src":"https:\/\/i0.wp.com\/grupo.us.es\/iwpr\/wp-content\/uploads\/2021\/02\/flag-3370970_1920.jpg?fit=1200%2C800&ssl=1&resize=350%2C200","width":350,"height":200,"srcset":"https:\/\/i0.wp.com\/grupo.us.es\/iwpr\/wp-content\/uploads\/2021\/02\/flag-3370970_1920.jpg?fit=1200%2C800&ssl=1&resize=350%2C200 1x, https:\/\/i0.wp.com\/grupo.us.es\/iwpr\/wp-content\/uploads\/2021\/02\/flag-3370970_1920.jpg?fit=1200%2C800&ssl=1&resize=525%2C300 1.5x, https:\/\/i0.wp.com\/grupo.us.es\/iwpr\/wp-content\/uploads\/2021\/02\/flag-3370970_1920.jpg?fit=1200%2C800&ssl=1&resize=700%2C400 2x, https:\/\/i0.wp.com\/grupo.us.es\/iwpr\/wp-content\/uploads\/2021\/02\/flag-3370970_1920.jpg?fit=1200%2C800&ssl=1&resize=1050%2C600 3x"},"classes":[]},{"id":5903,"url":"https:\/\/grupo.us.es\/iwpr\/2024\/03\/18\/garantizando-los-derechos-de-las-personas-mayores-en-el-mundo-laboral-una-respuesta-a-la-brecha-digital\/","url_meta":{"origin":748,"position":4},"title":"Garantizando los derechos de las personas mayores en el mundo laboral: una respuesta a la brecha digital","author":"Miguel Carlos Rodr\u00edguez-Pi\u00f1ero Royo","date":"18 marzo, 2024","format":false,"excerpt":"Jos\u00e9 Iv\u00e1n P\u00e9rez L\u00f3pez, Universidad de M\u00e1laga Orcid: 0009-0005-0865-0125 joseivanperezlopez@gmail.com Publicado en Trabajo, Persona, Derecho, Mercado 7 (2023)\u00a021-58 https:\/\/dx.doi.org\/10.12795\/TPDM.2023.i7.06 \u00a0 1. Introducci\u00f3n\u00a0\u00a0^\u00a0 La protecci\u00f3n de las personas trabajadoras mayores frente a la tecnolog\u00eda es un aspecto esencial en un mundo laboral en constante cambio. Con la expansi\u00f3n de la digitalizaci\u00f3n,\u2026","rel":"","context":"En \u00abDerecho unioneuropeo\u00bb","block_context":{"text":"Derecho unioneuropeo","link":"https:\/\/grupo.us.es\/iwpr\/category\/derecho-unioneuropeo\/"},"img":{"alt_text":"","src":"https:\/\/i0.wp.com\/grupo.us.es\/iwpr\/wp-content\/uploads\/2020\/09\/Revista.jpg?fit=253%2C361&ssl=1&resize=350%2C200","width":350,"height":200},"classes":[]},{"id":323,"url":"https:\/\/grupo.us.es\/iwpr\/2016\/11\/24\/el-fallido-sistema-de-garantia-juvenil-espanol\/","url_meta":{"origin":748,"position":5},"title":"El \u201cfallido\u201d Sistema de Garant\u00eda Juvenil espa\u00f1ol","author":"Mar\u00eda Jos\u00e9 G\u00f3mez Torres","date":"24 noviembre, 2016","format":false,"excerpt":"El Sistema de Garant\u00eda Juvenil (Real Decreto-ley 8\/2014, de 4 de julio, de aprobaci\u00f3n de medidas urgentes para el crecimiento, la competitividad y la eficacia) es una iniciativa frente a la crisis de empleo que sufren los j\u00f3venes que pretende garantizar que\u00a0todas las personas menores de 30 a\u00f1os - inscritos\u2026","rel":"","context":"En \u00abDesempleo Juvenil\u00bb","block_context":{"text":"Desempleo Juvenil","link":"https:\/\/grupo.us.es\/iwpr\/category\/desempleo-juvenil\/"},"img":{"alt_text":"","src":"","width":0,"height":0},"classes":[]}],"jetpack_sharing_enabled":true,"_links":{"self":[{"href":"https:\/\/grupo.us.es\/iwpr\/wp-json\/wp\/v2\/posts\/748","targetHints":{"allow":["GET"]}}],"collection":[{"href":"https:\/\/grupo.us.es\/iwpr\/wp-json\/wp\/v2\/posts"}],"about":[{"href":"https:\/\/grupo.us.es\/iwpr\/wp-json\/wp\/v2\/types\/post"}],"author":[{"embeddable":true,"href":"https:\/\/grupo.us.es\/iwpr\/wp-json\/wp\/v2\/users\/2"}],"replies":[{"embeddable":true,"href":"https:\/\/grupo.us.es\/iwpr\/wp-json\/wp\/v2\/comments?post=748"}],"version-history":[{"count":0,"href":"https:\/\/grupo.us.es\/iwpr\/wp-json\/wp\/v2\/posts\/748\/revisions"}],"wp:attachment":[{"href":"https:\/\/grupo.us.es\/iwpr\/wp-json\/wp\/v2\/media?parent=748"}],"wp:term":[{"taxonomy":"category","embeddable":true,"href":"https:\/\/grupo.us.es\/iwpr\/wp-json\/wp\/v2\/categories?post=748"},{"taxonomy":"post_tag","embeddable":true,"href":"https:\/\/grupo.us.es\/iwpr\/wp-json\/wp\/v2\/tags?post=748"}],"curies":[{"name":"wp","href":"https:\/\/api.w.org\/{rel}","templated":true}]}}