{"id":682,"date":"2017-03-31T11:37:20","date_gmt":"2017-03-31T09:37:20","guid":{"rendered":"http:\/\/grupo.us.es\/newiwpr\/?p=682"},"modified":"2017-03-31T12:55:39","modified_gmt":"2017-03-31T10:55:39","slug":"principales-conclusiones-del-encuentros-sobre-digitalizacion-e-industria-4-0","status":"publish","type":"post","link":"https:\/\/grupo.us.es\/iwpr\/2017\/03\/31\/principales-conclusiones-del-encuentros-sobre-digitalizacion-e-industria-4-0\/","title":{"rendered":"Principales conclusiones del encuentro sobre digitalizaci\u00f3n e industria 4.0"},"content":{"rendered":"<p>El Instituto de Estudios Econ\u00f3micos y Sociales sobre la Industria (IESEI) -que se sustenta en las organizaciones de CCOO de Industria y la Fundaci\u00f3n 1\u00ba de Mayo, impuls\u00f3 en 2016 los \u201cEncuentros sobre la Digitalizaci\u00f3n y la Industria 4.0\u201d.<\/p>\n<p>Puedes acceder al interesante documento en este <a href=\"http:\/\/www.1mayo.ccoo.es\/nova\/files\/1018\/LibroDigitalizacion.pdf\" target=\"_blank\">enlace<\/a> o en la direcci\u00f3n\u00a0<a href=\"http:\/\/www.1mayo.ccoo.es\/nova\/files\/1018\/LibroDigitalizacion.pdf\" target=\"_blank\">http:\/\/www.1mayo.ccoo.es\/nova\/files\/1018\/LibroDigitalizacion.pdf <\/a><\/p>\n","protected":false},"excerpt":{"rendered":"<p>El Instituto de Estudios Econ\u00f3micos y Sociales sobre la Industria (IESEI) -que se sustenta en las organizaciones de CCOO de Industria y la Fundaci\u00f3n 1\u00ba de Mayo, impuls\u00f3 en 2016 los \u201cEncuentros sobre la Digitalizaci\u00f3n y la Industria 4.0\u201d. Puedes acceder al interesante documento en este enlace o en la direcci\u00f3n\u00a0http:\/\/www.1mayo.ccoo.es\/nova\/files\/1018\/LibroDigitalizacion.pdf<\/p>\n","protected":false},"author":1,"featured_media":0,"comment_status":"open","ping_status":"open","sticky":false,"template":"","format":"standard","meta":{"jetpack_post_was_ever_published":false,"_jetpack_newsletter_access":"","_jetpack_dont_email_post_to_subs":true,"_jetpack_newsletter_tier_id":0,"_jetpack_memberships_contains_paywalled_content":false,"_jetpack_memberships_contains_paid_content":false,"footnotes":"","jetpack_publicize_message":"","jetpack_publicize_feature_enabled":true,"jetpack_social_post_already_shared":true,"jetpack_social_options":{"image_generator_settings":{"template":"highway","default_image_id":0,"font":"","enabled":false},"version":2}},"categories":[6,24],"tags":[14,15,23,13],"class_list":["post-682","post","type-post","status-publish","format-standard","hentry","category-economia-colaborativa-y-derecho-social","category-informes-y-estudios","tag-economia-colaborativa","tag-gig-economy","tag-tercera-revolucion-industrial-desempleo-juvenil","tag-uber"],"jetpack_publicize_connections":[],"jetpack_featured_media_url":"","jetpack_shortlink":"https:\/\/wp.me\/p7HIjh-b0","jetpack-related-posts":[{"id":621,"url":"https:\/\/grupo.us.es\/iwpr\/2017\/02\/15\/publicado-monografico\/","url_meta":{"origin":682,"position":0},"title":"Publicado monogr\u00e1fico del Bolet\u00edn ADAPT sobre trabajo en la industria 4.0","author":"Miguel Carlos Rodr\u00edguez-Pi\u00f1ero Royo","date":"15 febrero, 2017","format":false,"excerpt":"\u00a0Se ha publicado el Bolet\u00edn ADAPT n. 1\/2017 dedicado de forma monogr\u00e1fica al tema \u201cEl futuro del trabajo en la Industria 4.0\u201d. Este interesante y oportuno trabajo ha sido dirigido por H.\u00a0\u00c1lvarez\u00a0Cuesta, D. T. Kahale Carrilloy y F. Seghezzi, y est\u00e1 accesible en la direcci\u00f3n electr\u00f3nica de esta publicaci\u00f3n, http:\/\/www.bollettinoadapt.it\/","rel":"","context":"En \u00abEconom\u00eda colaborativa y Derecho Social\u00bb","block_context":{"text":"Econom\u00eda colaborativa y Derecho Social","link":"https:\/\/grupo.us.es\/iwpr\/category\/economia-colaborativa-y-derecho-social\/"},"img":{"alt_text":"","src":"","width":0,"height":0},"classes":[]},{"id":1361,"url":"https:\/\/grupo.us.es\/iwpr\/2018\/07\/20\/nuevas-publicaciones-en-la-biblioteca-electronica\/","url_meta":{"origin":682,"position":1},"title":"Nuevas publicaciones en la biblioteca electronica","author":"Miguel Carlos Rodr\u00edguez-Pi\u00f1ero Royo","date":"20 julio, 2018","format":false,"excerpt":"Se han incorporado nuevos trabajos de interes en la biblioteca electronica de este portal sobre digitalizacion y trabajo en plataformas","rel":"","context":"En \u00abEconom\u00eda colaborativa y Derecho Social\u00bb","block_context":{"text":"Econom\u00eda colaborativa y Derecho Social","link":"https:\/\/grupo.us.es\/iwpr\/category\/economia-colaborativa-y-derecho-social\/"},"img":{"alt_text":"","src":"","width":0,"height":0},"classes":[]},{"id":853,"url":"https:\/\/grupo.us.es\/iwpr\/2017\/12\/14\/nuevos-contenidos-sobre-economia-colaborativa-en-la-biblioteca-digital\/","url_meta":{"origin":682,"position":2},"title":"Nuevos contenidos sobre econom\u00eda colaborativa en la Biblioteca Digital","author":"Miguel Carlos Rodr\u00edguez-Pi\u00f1ero Royo","date":"14 diciembre, 2017","format":false,"excerpt":"Se han publicado diversos estudios y documentos sobre econom\u00eda colaborativa y consecuencias laborales de los cambios tecnol\u00f3gicos en la Biblioteca Digital de este portal web","rel":"","context":"En \u00abEconom\u00eda colaborativa y Derecho Social\u00bb","block_context":{"text":"Econom\u00eda colaborativa y Derecho Social","link":"https:\/\/grupo.us.es\/iwpr\/category\/economia-colaborativa-y-derecho-social\/"},"img":{"alt_text":"","src":"","width":0,"height":0},"classes":[]},{"id":1268,"url":"https:\/\/grupo.us.es\/iwpr\/2018\/02\/20\/publicados-estudios-sobre-economia-colaborativa-en-la-revista-derecho-de-las-relaciones-laborales\/","url_meta":{"origin":682,"position":3},"title":"Publicados estudios sobre econom\u00eda colaborativa en la revista \u00abDerecho de las Relaciones Laborales\u00bb","author":"Miguel Carlos Rodr\u00edguez-Pi\u00f1ero Royo","date":"20 febrero, 2018","format":false,"excerpt":"\u00a0 La revista \u201cDerecho de las Relaciones Laborales\u201d acaba de publicar su n\u00famero 1 del a\u00f1o 2018 en el que se contiene una sesi\u00f3n dedicada monogr\u00e1ficamente al trabajo en plataformas. Encontramos en ella los siguientes trabajos: \u00a0 \u201c\u00bfNuevos trabajadores? Econom\u00eda colaborativa y Derecho del Trabajo. Repensando el Derecho del Trabajo:\u2026","rel":"","context":"En \u00abEconom\u00eda colaborativa y Derecho Social\u00bb","block_context":{"text":"Econom\u00eda colaborativa y Derecho Social","link":"https:\/\/grupo.us.es\/iwpr\/category\/economia-colaborativa-y-derecho-social\/"},"img":{"alt_text":"","src":"https:\/\/i0.wp.com\/grupo.us.es\/iwpr\/wp-content\/uploads\/2018\/02\/rdrl.png?fit=480%2C755&ssl=1&resize=350%2C200","width":350,"height":200},"classes":[]},{"id":1104,"url":"https:\/\/grupo.us.es\/iwpr\/2017\/12\/20\/publicado-numero-monografico-de-la-revista-temas-laborales-sobre-el-impacto-de-las-tecnologias-de-la-informacion-y-las-comunicaciones-sobre-las-relaciones-laborales\/","url_meta":{"origin":682,"position":4},"title":"Publicado n\u00famero monogr\u00e1fico de la revista Temas Laborales sobre el impacto de las tecnolog\u00edas de la informaci\u00f3n y las comunicaciones sobre las relaciones laborales","author":"Miguel Carlos Rodr\u00edguez-Pi\u00f1ero Royo","date":"20 diciembre, 2017","format":false,"excerpt":"\u00a0 \u00a0 \u00a0 El n\u00famero 138 de la revista Temas Laborales, correspondiente al tercer trimestre de 2017, se ha publicado con car\u00e1cter monogr\u00e1fico sobre el impacto de las tecnolog\u00edas de la informaci\u00f3n y las comunicaciones sobre las relaciones laborales. Contiene nueve estudios de iuslaboralistas de universidades andaluzas sobre distintos aspectos\u2026","rel":"","context":"En \u00abEconom\u00eda colaborativa y Derecho Social\u00bb","block_context":{"text":"Econom\u00eda colaborativa y Derecho Social","link":"https:\/\/grupo.us.es\/iwpr\/category\/economia-colaborativa-y-derecho-social\/"},"img":{"alt_text":"","src":"","width":0,"height":0},"classes":[]},{"id":251,"url":"https:\/\/grupo.us.es\/iwpr\/2016\/10\/20\/documento-autonomia-sur-sobre-la-economia-colaborativa\/","url_meta":{"origin":682,"position":5},"title":"Documento Autonom\u00eda Sur sobre la econom\u00eda colaborativa","author":"Miguel Carlos Rodr\u00edguez-Pi\u00f1ero Royo","date":"20 octubre, 2016","format":false,"excerpt":"Documento elaborado por\u00a0Autonom\u00eda Sur, Sociedad Cooperativa Andaluza de Inter\u00e9s Social.\u00a0El Documento Autonom\u00eda 07 \u201cLa econom\u00eda colaborativa. Capitalismo de plataforma, trabajo precario y cooperativismo\u201d explica y analiza el nuevo concepto de moda de la \u201ceconom\u00eda colaborativa\u201d. Las consecuencias que est\u00e1n teniendo sobre las condiciones laborales, la concentraci\u00f3n de la riqueza o\u2026","rel":"","context":"En \u00abEconom\u00eda colaborativa y Derecho Social\u00bb","block_context":{"text":"Econom\u00eda colaborativa y Derecho Social","link":"https:\/\/grupo.us.es\/iwpr\/category\/economia-colaborativa-y-derecho-social\/"},"img":{"alt_text":"","src":"","width":0,"height":0},"classes":[]}],"jetpack_sharing_enabled":true,"_links":{"self":[{"href":"https:\/\/grupo.us.es\/iwpr\/wp-json\/wp\/v2\/posts\/682","targetHints":{"allow":["GET"]}}],"collection":[{"href":"https:\/\/grupo.us.es\/iwpr\/wp-json\/wp\/v2\/posts"}],"about":[{"href":"https:\/\/grupo.us.es\/iwpr\/wp-json\/wp\/v2\/types\/post"}],"author":[{"embeddable":true,"href":"https:\/\/grupo.us.es\/iwpr\/wp-json\/wp\/v2\/users\/1"}],"replies":[{"embeddable":true,"href":"https:\/\/grupo.us.es\/iwpr\/wp-json\/wp\/v2\/comments?post=682"}],"version-history":[{"count":0,"href":"https:\/\/grupo.us.es\/iwpr\/wp-json\/wp\/v2\/posts\/682\/revisions"}],"wp:attachment":[{"href":"https:\/\/grupo.us.es\/iwpr\/wp-json\/wp\/v2\/media?parent=682"}],"wp:term":[{"taxonomy":"category","embeddable":true,"href":"https:\/\/grupo.us.es\/iwpr\/wp-json\/wp\/v2\/categories?post=682"},{"taxonomy":"post_tag","embeddable":true,"href":"https:\/\/grupo.us.es\/iwpr\/wp-json\/wp\/v2\/tags?post=682"}],"curies":[{"name":"wp","href":"https:\/\/api.w.org\/{rel}","templated":true}]}}