{"id":5695,"date":"2024-02-07T09:45:52","date_gmt":"2024-02-07T08:45:52","guid":{"rendered":"http:\/\/grupo.us.es\/newiwpr\/?p=5695"},"modified":"2024-02-11T11:51:49","modified_gmt":"2024-02-11T10:51:49","slug":"mi-experiencia-con-la-ley-rider-siendo-rider-cronologia-de-mi-primer-despido","status":"publish","type":"post","link":"https:\/\/grupo.us.es\/iwpr\/2024\/02\/07\/mi-experiencia-con-la-ley-rider-siendo-rider-cronologia-de-mi-primer-despido\/","title":{"rendered":"Mi experiencia con la Ley \u201cRider\u201d siendo Rider: cronolog\u00eda de mi primer despido."},"content":{"rendered":"<p><strong>Gustavo Gaviria<\/strong><\/p>\n<p><strong>Rider<\/strong><\/p>\n<p>&nbsp;<\/p>\n<p>Hablar de derechos laborales siempre ser\u00e1 positivo, es hablar de aquellos derechos que ata\u00f1en a una de las partes m\u00e1s cruciales de la cadena productiva, en definitiva, es hablar de proteger a quienes ayudan a generar riqueza y sostener econom\u00edas completas. De igual manera, hablar de pol\u00edticas p\u00fablicas cuyo objetivo sea el reforzamiento de dichos derechos siempre ser\u00e1 positivo, no siendo esto, en su principio m\u00e1s fundamental, algo que responda a \u201cser de izquierdas\u201d o \u201cser de derechas\u201d, sino al sentido com\u00fan, aquel que dicta que si algo contribuye a la sociedad, deba ser protegido. Ahora, \u00bfCu\u00e1ndo empiezan los problemas?: cuando se causa el efecto contrario a aquel que se pretende originalmente y, en lugar de proteger, destruye. Es esto lo que ha sucedido con la Ley \u201cRider\u201d de Yolanda D\u00edaz.<\/p>\n<p>&nbsp;<\/p>\n<p>Mi nombre es Gustavo Gaviria, soy m\u00fasico de profesi\u00f3n y Rider de oficio. Nac\u00ed en Colombia, llegu\u00e9 a Espa\u00f1a en 2012 con el objetivo de complementar mi formaci\u00f3n como productor musical y cuando termin\u00e9, con 26 a\u00f1os, lleg\u00f3 el momento de pensar en c\u00f3mo tener un colch\u00f3n econ\u00f3mico que me permitiera tener una fuente de ingresos sin necesidad de estar atado a un horario de oficina y, en consecuencia, que no chocara con mis proyectos art\u00edsticos. As\u00ed, en 2017 gracias a una conversaci\u00f3n en un McDonald\u2019s con una amiga, surgi\u00f3 una posibilidad que, entre muchas otras, podr\u00eda solucionar mi inquietud, me coment\u00f3: \u201c<em>a ti te encantan las bicis y pasear por Madrid, \u00bfPor qu\u00e9 no te metes a eso de Deliveroo?<\/em>\u201d. Aunque en ese momento son\u00f3 a la m\u00e1xima broma posible, he de reconocer que soy de naturaleza muy inquieta y al llegar a casa, sin intenci\u00f3n alguna de ir m\u00e1s all\u00e1 que obtener informaci\u00f3n, investigu\u00e9 y me pareci\u00f3 realmente curioso ese trabajo: simple, flexible, sin jefes ni horarios, de esos trabajos muy concretos en los que una vez que te desconectas no vuelves a saber de \u00e9l hasta que decides libremente volver a conectarte.<\/p>\n<p>&nbsp;<\/p>\n<p>Tras estar algunos meses meditando la idea, sumergido en varios proyectos musicales, ensayos y grabaciones, y coincidiendo con mi cambio de visado de estudiante a residente el cual me permit\u00eda trabajar, \u00bfQu\u00e9 pod\u00eda perder?, opt\u00e9 por darme de alta en Deliveroo y luego en Glovo, la cual aunque era una plataforma nueva y realmente desconocida en aquel entonces, me llamaba mucho la atenci\u00f3n ya que operaba las 24 horas, con lo cual podr\u00eda trabajar de madrugada. Pasaron algunos d\u00edas hasta que de la nada me vi montado en mi bici cambiando los roles: ya no era yo el que estaba yendo a comer a un restaurante, sino trabajando llevando comida a otros, algo que, en conjunto con ir en mi bici el\u00e9ctrica, de madrugada, escuchando m\u00fasica y usando lo \u00faltimo en tecnolog\u00eda, hizo que pudiese seguir con mis proyectos musicales adem\u00e1s de generar dinero cuando decid\u00eda trabajar como Rider.<\/p>\n<p>Pasaron los meses, que r\u00e1pidamente se convirtieron en dos a\u00f1os, cuando a finales de 2019 llegaron las primeras noticias del COVID-19, el cual r\u00e1pidamente se convirti\u00f3 en pandemia y a su vez en meses de cuarentena en toda Espa\u00f1a. La cultura es lo primero que se sacrifica con las crisis, y as\u00ed vi como ser repartidor se convert\u00eda en mi \u00fanico oficio posible al ser considerados servicio esencial, siendo de los pocos ciudadanos que pudo salir de casa todos los d\u00edas y vivir en primera persona aquel paisaje tan incre\u00edble como desolador al circular por las calles totalmente vac\u00edas de mi ciudad.<\/p>\n<p>&nbsp;<\/p>\n<p>Con el tiempo se fueron aligerando las restricciones, y en junio de 2020 lleg\u00f3 a m\u00ed una noticia que consideraba un mero rumor desde marzo, justo unos d\u00edas antes de decretarse la cuarentena, y era que hab\u00eda llegado una nueva Ministra de Trabajo que al parecer ten\u00eda fuertemente marcado el objetivo de laboralizar a la fuerza a los que, como yo, trabajamos como repartidores aut\u00f3nomos mediante aplicaciones. Lo hizo oficial el 1 de junio de 2020 tras una reuni\u00f3n con un colectivo llamado \u201cRiders x Derechos\u201d <a href=\"https:\/\/www.lamoncloa.gob.es\/serviciosdeprensa\/notasprensa\/trabajo14\/Paginas\/2020\/010620-riders.aspx\">[1]<\/a>, colectivo realmente desconocido entre el grueso de compa\u00f1eros que conoc\u00eda en aquel momento.<\/p>\n<p>&nbsp;<\/p>\n<p>Siempre me ha gustado mi oficio, soy inquieto y, junto a mi inclinaci\u00f3n natural a querer mejorar las cosas, proponer ideas, argumentar y defender lo que considero positivo, cuestiones que incluso me llevaron meses atr\u00e1s a asistir a reuniones que en su momento Glovo organiz\u00f3 invitando a todos los repartidores que quisieran asistir, y as\u00ed intentar proponer mejoras, me vi de madrugada recogiendo un pedido en McDonald\u2019s, aqu\u00e9l donde empez\u00f3 mi historia con este trabajo, preguntando a un compa\u00f1ero si hab\u00eda escuchado la noticia aquella, me dijo, indignado, que aquello nos iba a dejar sin trabajo, que \u201c<em>aqu\u00ed nadie quiere eso<\/em>\u201d, arenga a la que se uni\u00f3 un segundo compa\u00f1ero, luego un tercero y luego un cuarto. Les dije que algo habr\u00eda que hacer, pero no sab\u00eda qu\u00e9. Segu\u00ed con mi trabajo y al llegar a otro punto de recogida de pedidos me encontr\u00e9 con el mismo escenario de compa\u00f1eros comentando la noticia. Ah\u00ed sali\u00f3 a relucir mi vena impulsiva, que sin tener ni idea se aventura a hacer las cosas, y les dije que cre\u00e1ramos un grupo de Whatsapp para mantenernos en contacto y debatir all\u00ed qu\u00e9 hacer para que la Ministra nos escuchara. As\u00ed naci\u00f3 Repartidores Unidos <a href=\"https:\/\/repartidoresunidos.org\/\">[2]<\/a>.<\/p>\n<p>&nbsp;<\/p>\n<p>Pasaron apenas un par de semanas desde que cre\u00e9 aquel grupo con un peque\u00f1o pu\u00f1ado de repartidores el cual, literalmente, lleg\u00f3 al m\u00e1ximo permitido por Whatsapp en aquel entonces, cuando sin imaginarlo me vi con un meg\u00e1fono en mano, bloqueando una de las principales arterias de Madrid junto a casi 1.000 compa\u00f1eros detr\u00e1s en sus veh\u00edculos, yendo todos desde la Plaza de Cibeles hasta el Ministerio de Trabajo en Nuevos Ministerios, y as\u00ed, compa\u00f1eros en nueve ciudades m\u00e1s <a href=\"https:\/\/www.elespanol.com\/invertia\/empresas\/distribucion\/20200626\/riders-manifiestan-ciudades-unilateralidad-trabajo-regulacion\/500700543_0.html\">[3]<\/a>. En mi vida hab\u00eda asistido a una manifestaci\u00f3n, es m\u00e1s, ni sab\u00eda c\u00f3mo se usaba un meg\u00e1fono, pero fue tal la ola de indignaci\u00f3n e impotencia colectiva que dicha manifestaci\u00f3n se repiti\u00f3 un total de 35 veces m\u00e1s a lo largo de 2020 y 2021 <a href=\"https:\/\/www.europapress.es\/economia\/noticia-riders-manifestaran-febrero-varias-ciudades-contra-ultimo-borrador-presentado-20210126143039.html\">[4]<\/a> <a href=\"https:\/\/www.rtve.es\/noticias\/20210303\/repartidores-vuelven-a-manifestarse-para-ley-riders-les-permita-ser-autonomos\/2080213.shtml\">[5]<\/a> <a href=\"https:\/\/www.larazon.es\/economia\/20210311\/lz54t7zcwjaoncmgo3wlkuahke.html\">[6]<\/a> <a href=\"https:\/\/www.europapress.es\/economia\/noticia-alrededor-4000-riders-salen-calle-pedir-diputados-no-convaliden-ley-rider-20210511150712.html\">[7]<\/a>, en cuatro convocatorias nacionales con hasta 20 ciudades con miles y miles de repartidores en las calles en las que son, hasta este momento, las manifestaciones m\u00e1s concurridas del sector Rider en Espa\u00f1a. Dejamos en los registros del Ministerio de Trabajo y Delegaciones de Gobierno un total de once solicitudes de reuni\u00f3n con Yolanda D\u00edaz para abordar este tema, ninguna fue respondida.<\/p>\n<p>&nbsp;<\/p>\n<p>Pese a todos los gestos reivindicativos, infinitamente mayoritarios a los de la \u00fanica organizaci\u00f3n de repartidores con los que Yolanda D\u00edaz se reuni\u00f3, de la cual no conocemos ni una sola manifestaci\u00f3n convocada por ellos a la que hayan asistido m\u00e1s de treinta personas, se sigui\u00f3 un camino de unilateralidad en el cual se anunci\u00f3, negoci\u00f3, pact\u00f3, firm\u00f3, tramit\u00f3 y convalid\u00f3 la Ley Rider a espaldas tanto de los numerosos avisos de alerta que llegaban desde economistas <a href=\"https:\/\/www.larazon.es\/economia\/20210516\/r5f3u3za4zaspiuvzk6lhkjtgm.html\">[8]<\/a> <a href=\"https:\/\/www.youtube.com\/watch?v=T-wPJWkrbFg\">[9]<\/a> <a href=\"https:\/\/twitter.com\/dlacalle\/status\/1359960872454672388\">[10]<\/a>, informes de valoraci\u00f3n de impacto <a href=\"https:\/\/www.adigital.org\/sin-categoria\/las-plataformas-de-delivery-valoran-positivamente-el-inicio-de-las-negociaciones-en-la-mesa-de-dialogo-social-y-piden-una-regulacion-que-combine-flexibilidad-y-mayor-proteccion\/\">[11]<\/a> <a href=\"https:\/\/www.lavanguardia.com\/economia\/20201027\/4937314535\/el-76-de-los-riders-perderia-el-trabajo-si-fuera-contratado-segun-la-patronal.html\">[12]<\/a>, art\u00edculos de prensa y precedentes de otros pa\u00edses, como de los trabajadores afectados por la misma, siendo informados del futuro de nuestro trabajo exclusivamente por los medios de comunicaci\u00f3n. Dicha aprobaci\u00f3n mediante la figura de decreto ley tuvo lugar el 11 de mayo de 2021, con convalidaci\u00f3n en el Congreso de los Diputados el 10 de junio de 2021 y finalizaci\u00f3n de su <em>vacatio legis<\/em> (s\u00ed, un decreto ley con vacatio legis de tres meses) el 12 de agosto de 2021, estando nosotros presentes mediante concentraciones y manifestaciones en todas y cada una de las etapas de la ley.<\/p>\n<p>&nbsp;<\/p>\n<p>La experiencia legislativa sobre nuestro sector s\u00f3lo puede definirse como surrealista, cuando no dantesca. Surrealista al darse un escenario de paternalismo en su estado m\u00e1s puro al ver como una Ministra de Trabajo, fuertemente ideologizada, impone una \u00fanica f\u00f3rmula de protecci\u00f3n para un sector tremendamente din\u00e1mico, vol\u00e1til y moderno que, como muchos otros que se sustentan fuertemente en el uso de la tecnolog\u00eda, requiere de una amplitud de definiciones y condiciones para proteger efectivamente a sus trabajadores; y dantesco, al desarrollarse totalmente a espaldas de los afectados, quienes vimos c\u00f3mo llegaba al BOE una ley de un \u00fanico art\u00edculo de dos p\u00e1rrafos que, literalmente, caben en un Post-it (s\u00ed, he hecho el ejercicio de escribirla en uno), pero que eso s\u00ed, est\u00e1 precedido de cuatro folios completos de exposici\u00f3n de motivos en los cuales no se expone ni un solo dato sobre el alcance o impacto de la normativa <a href=\"https:\/\/www.boe.es\/eli\/es\/l\/2021\/09\/28\/12\/con\">[13]<\/a>, abocando a nuestro sector a la judicializaci\u00f3n sustentada en jurisprudencia que data de hace m\u00e1s de 40 a\u00f1os y que no solo desperdicia una oportunidad muy valiosa para realizar una ley ambiciosa, pionera y de vanguardia, sino que adem\u00e1s termina afectando gravemente a las personas que dice proteger:<\/p>\n<ol>\n<li>En los meses previos a la finalizaci\u00f3n del vacatio legis de la Ley \u201cRider\u201d la Inspecci\u00f3n de Trabajo dio de alta a 4.000 repartidores aut\u00f3nomos de Amazon, tras esto empez\u00f3 una paulatina suspensi\u00f3n del programa <em>Amazon Flex<\/em> hasta su eliminaci\u00f3n en junio de 2022. <a href=\"https:\/\/www.abc.es\/economia\/abci-inspeccion-trabajo-alta-mas-4000-repartidores-amazon-falsos-autonomos-202010141918_noticia.html\">[14]<\/a> <a href=\"https:\/\/www.elconfidencial.com\/tecnologia\/2022-06-09\/amazon-flex-repartidores-autonomos_3438862\/\">[15]<\/a><\/li>\n<li>El 12 de agosto de 2021 Uber Eats env\u00eda un correo a sus repartidores informando del final de las operaciones con aut\u00f3nomos, anunciando que prestar\u00eda su servicio exclusivamente con asalariados. Fue desconectado el 81% de la plantilla, 4.404 repartidores. <a href=\"https:\/\/www.larazon.es\/economia\/20210812\/bj7b2nw3nbaovgupxq3ye5ypme.html\">[16]<\/a> <a href=\"https:\/\/elpais.com\/economia\/2022-12-13\/uber-pacta-con-los-sindicatos-la-indemnizacion-de-los-4404-trabajadores-despedidos-tras-la-aprobacion-de-la-ley-rider.html\">[17]<\/a><\/li>\n<li>El 29 de noviembre de 2021 Deliveroo finaliza las operaciones en Espa\u00f1a <a href=\"https:\/\/www.elconfidencial.com\/tecnologia\/2021-07-30\/deliveroo-se-plantea-su-cierre-en-espana-ante-la-imposibilidad-de-competir-con-uber-y-glovo_3209807\/\">[18]<\/a>. Tras un ERE que afect\u00f3 al 100% de la plantilla, 3.871 trabajadores, siendo esta la afectaci\u00f3n m\u00e1s medi\u00e1tica tras la ley \u201cRider\u201d. En la carta de despido la compa\u00f1\u00eda se refiere a la ley como \u201c<em>una reforma que acarrea grandes perjuicios al sector<\/em>\u201d, exponiendo como conclusi\u00f3n de su an\u00e1lisis de viabilidad de la empresa, con la ley en vigor, como \u201c<em>una situaci\u00f3n de p\u00e9rdidas estructural<\/em>\u201d la cual preve\u00edan no solo que se mantuviera de no adoptar medidas, sino que se viera intensificada por culpa de la ley \u201cRider\u201d.<\/li>\n<\/ol>\n<p>&nbsp;<\/p>\n<p>As\u00ed, la ley \u201cRider\u201d, muy al contrario de mejorar nuestro trabajo, ha tra\u00eddo consigo la destrucci\u00f3n de m\u00e1s de 12.000 trabajos en un sector creciente y que, hasta el momento de entrada en vigor de la misma, no conoc\u00eda de salidas de empresas ni de despidos colectivos. Entre esos despidos se encuentran los m\u00edos tanto de Uber Eats como de Deliveroo, los primeros despidos de mi vida, pudiendo afirmar, ir\u00f3nicamente, que gracias a la Ministra de Trabajo supe lo que es ser despedido. De igual manera, la \u00fanica compa\u00f1\u00eda que qued\u00f3 en aquel momento fue Glovo, trayendo esto el temido escenario en el que ya no hab\u00edan empresas que se disputaran nuestro trabajo mediante incentivos, sino que nos vimos avocados a trabajar solo en una, con la consecuente p\u00e9rdida de ingresos <a href=\"https:\/\/www.larazon.es\/economia\/20220904\/rr7wpwaz7rgvhbmwba353ws2mi.html\">[18]<\/a> <a href=\"https:\/\/theobjective.com\/economia\/2023-08-10\/ley-rider-repartidores-cobran-menos\/\">[19]<\/a>.<\/p>\n<p>&nbsp;<\/p>\n<p>\u00bfY los sindicatos?. Ni idea. De ellos s\u00f3lo hemos visto la misma unilateralidad del Ministerio de Trabajo, con la \u00fanica diferencia de que con ellos s\u00ed hemos podido interactuar en algunas oportunidades como lo ha sido en la firma de los ERE tras la Ley \u201cRider\u201d <a href=\"https:\/\/www.publico.es\/economia\/deliveroo-acuerda-condiciones-ere-empresa-desaparecera-espana.html\">[20]<\/a> <a href=\"https:\/\/hipertextual.com\/2022\/12\/acuerdo-ugt-uber-eats-compensacion-riders-falsos-autonomos\">[21]<\/a>, o episodios tan surrealistas como cuando UGT invit\u00f3 a la ciudadan\u00eda a \u201c<em>penalizar el consumo a este tipo de empresas<\/em>\u201d <a href=\"https:\/\/www.ugt.es\/ugt-no-va-permitir-que-glovo-se-salte-la-ley-rider\">[22]<\/a>, a sabiendas de que si los usuarios no realizan pedidos nosotros nos quedamos sin ingresos, o CCOO y UGT organizando manifestaciones con personas que no responden al perfil de repartidor (sin casco, ni moto, bici o patinete, ni mochila alguna) <a href=\"https:\/\/www.ugtaragon.es\/ugt-llegara-hasta-el-final-del-proceso-de-glovo\">[23]<\/a> <a href=\"https:\/\/www.ccoo-servicios.es\/html\/45536.html\">[24]<\/a> <a href=\"https:\/\/www.youtube.com\/watch?v=TkpXDTzu4Jk\">[25]<\/a> <a href=\"https:\/\/www.ccoo.es\/noticia:388523--Apoyo_a_los_riders_contra_la_precariedad_y_por_unas_condiciones_de_trabajo_justas\">[26]<\/a> <a href=\"https:\/\/www.youtube.com\/watch?v=vPGQveja4NQ\">[27]<\/a>, con representantes que hasta han llevado esto a la literatura y relatado en medios de comunicaci\u00f3n que \u201c<em>se han infiltrado<\/em>\u201d <a href=\"https:\/\/www.elconfidencial.com\/tecnologia\/2022-12-01\/glovo-sindicalista-infiltrado-entrevistas_3532457\/\">[28]<\/a> cuando ni siquiera han llegado a entregar pedidos <a href=\"https:\/\/twitter.com\/raulngarciagudo\/status\/1558086859254890496\">[29]<\/a>, o, el que m\u00e1s me ha afectado a nivel personal: cuando un sindicalista de UGT, antes de una manifestaci\u00f3n de Repartidores Unidos contra la Ley Rider, me acus\u00f3 en RTVE, en plena hora de alta audiencia, de \u201c<em>ser un directivo de Glovo que finge ser un rider<\/em>\u201d <a href=\"https:\/\/www.elmundo.es\/f5\/2021\/05\/13\/609d08d4fc6c83a6258b45d9.html\">[30]<\/a>, persona que pese a que en directo acept\u00f3 asistir a aclarar estas afirmaciones en plat\u00f3 a instancias de la presentadora del programa, tras enterarse de que dicha participaci\u00f3n ser\u00eda conmigo y me podr\u00eda defender, rechaz\u00f3 la invitaci\u00f3n <a href=\"https:\/\/twitter.com\/monicalopez_tve\/status\/1392545886958505984\">[31]<\/a>. Este episodio se encuentra en estos momentos en manos de la justicia, ante una vulneraci\u00f3n de mi Derecho Fundamental al Honor.<\/p>\n<p>&nbsp;<\/p>\n<p>Tras esta experiencia regulatoria, la cual ha despertado el inter\u00e9s en diferentes pa\u00edses por conocer nuestra historia, destacan participaciones en los parlamentos de Argentina, Chile, Ecuador y Per\u00fa, reuniones con repartidores, empresas y pol\u00edticos en Uruguay, Estados Unidos, M\u00e9xico, Singapur, Colombia, Italia, Malta, Reino Unido y Portugal, adem\u00e1s de una parad\u00f3jica reuni\u00f3n con representantes del Gobierno Alem\u00e1n en su embajada en Madrid, primero pudiendo hablar con el Gobierno de otro pa\u00eds antes que con el nuestro. As\u00ed, aunque estamos ante un modelo de trabajo que tiene un infinito margen de mejora, ya que en verdad se han presentado aut\u00e9nticos casos de aprovechamiento de vac\u00edos legales y abusos en este sentido por parte de las empresas, siendo esto agravado por la ineficacia de los legisladores dada la poca altura de miras y fallas en la lectura de la situaci\u00f3n, parece l\u00f3gico pensar que un sector pr\u00f3spero, que genera oportunidades a diversos perfiles de trabajadores, facilita la vida del consumidor y mueve la econom\u00eda, deba ser regulado para garantizar una justa participaci\u00f3n de los involucrados. En este sentido solo nos queda esperar a que el Parlamento Europeo regule nuestro sector de manera realista, \u00fatil, eficaz y en aras de verdaderamente proteger a los trabajadores, no empeorar sustancialmente sus condiciones, cuando no dejarlos sin trabajo. Mientras tanto, seguir\u00e9 entregando pedidos y haciendo m\u00fasica.<\/p>\n<p>&nbsp;<\/p>\n<p>&nbsp;<\/p>\n<p>&nbsp;<\/p>\n<h4>Los miembros del Proyecto sobre Segundo Aniversario de la Ley Rider y del Proyecto de Investigaci\u00f3n \u00abLa huida del mercado de trabajo y la legislaci\u00f3n social en Espa\u00f1a\u00bb (TRABEXIT), PID2022-141201OB-I00&#8243;, de la Convocatoria 2022 &#8211; \u00abProyectos de Generaci\u00f3n de Conocimiento\u00bb, en el marco del Plan Estatal de Investigaci\u00f3n Cient\u00edfica, T\u00e9cnica y de Innovaci\u00f3n 2021-2023); no se hacen responsables de las opiniones vertidas por las personas que participan en el blog, siendo respetuosos estrictamente con dichas opiniones.<\/h4>\n<p>&nbsp;<\/p>\n<p><img data-recalc-dims=\"1\" loading=\"lazy\" decoding=\"async\" data-attachment-id=\"5537\" data-permalink=\"https:\/\/grupo.us.es\/iwpr\/2023\/12\/15\/se-aprueba-el-acuerdo-sobre-la-directiva-sobre-trabajo-en-plataformas\/imagen3-3\/\" data-orig-file=\"https:\/\/i0.wp.com\/grupo.us.es\/iwpr\/wp-content\/uploads\/2023\/12\/Imagen3-e1704887879648.png?fit=200%2C83&amp;ssl=1\" data-orig-size=\"200,83\" data-comments-opened=\"1\" data-image-meta=\"{&quot;aperture&quot;:&quot;0&quot;,&quot;credit&quot;:&quot;&quot;,&quot;camera&quot;:&quot;&quot;,&quot;caption&quot;:&quot;&quot;,&quot;created_timestamp&quot;:&quot;0&quot;,&quot;copyright&quot;:&quot;&quot;,&quot;focal_length&quot;:&quot;0&quot;,&quot;iso&quot;:&quot;0&quot;,&quot;shutter_speed&quot;:&quot;0&quot;,&quot;title&quot;:&quot;&quot;,&quot;orientation&quot;:&quot;0&quot;}\" data-image-title=\"Imagen3\" data-image-description=\"\" data-image-caption=\"\" data-large-file=\"https:\/\/i0.wp.com\/grupo.us.es\/iwpr\/wp-content\/uploads\/2023\/12\/Imagen3-e1704887879648.png?fit=640%2C266&amp;ssl=1\" class=\" wp-image-5537 aligncenter\" src=\"https:\/\/i0.wp.com\/grupo.us.es\/iwpr\/wp-content\/uploads\/2023\/12\/Imagen3.png?resize=600%2C250\" alt=\"\" width=\"600\" height=\"250\" \/><\/p>\n","protected":false},"excerpt":{"rendered":"<p>Gustavo Gaviria Rider &nbsp; Hablar de derechos laborales siempre ser\u00e1 positivo, es hablar de aquellos derechos que ata\u00f1en a una de las partes m\u00e1s cruciales de la cadena productiva, en definitiva, es hablar de proteger a quienes ayudan a generar riqueza y sostener econom\u00edas completas. De igual manera, hablar de pol\u00edticas p\u00fablicas cuyo objetivo sea&#8230;<\/p>\n","protected":false},"author":26,"featured_media":5696,"comment_status":"open","ping_status":"open","sticky":true,"template":"","format":"standard","meta":{"jetpack_post_was_ever_published":false,"_jetpack_newsletter_access":"","_jetpack_dont_email_post_to_subs":false,"_jetpack_newsletter_tier_id":0,"_jetpack_memberships_contains_paywalled_content":false,"_jetpack_memberships_contains_paid_content":false,"footnotes":"","jetpack_publicize_message":"","jetpack_publicize_feature_enabled":true,"jetpack_social_post_already_shared":true,"jetpack_social_options":{"image_generator_settings":{"template":"highway","default_image_id":0,"font":"","enabled":false},"version":2}},"categories":[275,252,278,183,6,227,175,181,10,244,333,228],"tags":[148,338,29,180],"class_list":["post-5695","post","type-post","status-publish","format-standard","has-post-thumbnail","hentry","category-algoritmos","category-contratos","category-derechos-fundamentales","category-despidos","category-economia-colaborativa-y-derecho-social","category-estatuto-de-los-trabajadores","category-iuslablog","category-ley-rider","category-novedades-legislativas","category-nuevas-realidades-economicas","category-proyecto-2o-aniversario-de-la-ley-riders","category-reforma-laboral","tag-derecho-del-trabajo","tag-despido","tag-empleo","tag-ley-rider"],"jetpack_publicize_connections":[],"jetpack_featured_media_url":"https:\/\/i0.wp.com\/grupo.us.es\/iwpr\/wp-content\/uploads\/2024\/02\/61b23202c8de4071423627.png?fit=714%2C373&ssl=1","jetpack_shortlink":"https:\/\/wp.me\/p7HIjh-1tR","jetpack-related-posts":[{"id":5972,"url":"https:\/\/grupo.us.es\/iwpr\/2024\/02\/29\/ley-rider-asignatura-pendiente-del-sector-vision-de-la-organizacion\/","url_meta":{"origin":5695,"position":0},"title":"Ley Rider, asignatura pendiente del sector, visi\u00f3n de la organizaci\u00f3n.","author":"EMILIA CASTELLANO BURGUILLO","date":"29 febrero, 2024","format":false,"excerpt":"I\u00f1igo Barea Director General de Just Eat Espa\u00f1a \u00a0 En agosto de 2021 y tras varios meses de negociaciones entre el Ministerio de Trabajo y los agentes sociales - UGT y CCOO, por el lado de sindicatos y por parte de los empresarios: CEOE y CEPYME, se aprob\u00f3 la Ley\u2026","rel":"","context":"En \u00abAlgoritmos\u00bb","block_context":{"text":"Algoritmos","link":"https:\/\/grupo.us.es\/iwpr\/category\/algoritmos\/"},"img":{"alt_text":"","src":"","width":0,"height":0},"classes":[]},{"id":6396,"url":"https:\/\/grupo.us.es\/iwpr\/2024\/04\/10\/una-nueva-vision-comparada-de-la-ley-rider-tras-dos-anos-de-su-aprobacion\/","url_meta":{"origin":5695,"position":1},"title":"Una nueva Visi\u00f3n Comparada de la Ley Rider tras dos a\u00f1os de su aprobaci\u00f3n","author":"EMILIA CASTELLANO BURGUILLO","date":"10 abril, 2024","format":false,"excerpt":"Federico Rosenbaum Carli Profesor investigador de alta dedicaci\u00f3n de la Universidad Cat\u00f3lica del Uruguay \u201cun modelo de negocio que no puede cumplir con el r\u00e9gimen regulatorio actual es un modelo de negocio que no merece la pena proteger\u201d Benjamin Sachs, Harvard Law School, 2015. \u00a0 1) El contexto espa\u00f1ol previo\u2026","rel":"","context":"En \u00abDerecho y mercado\"\u00bb","block_context":{"text":"Derecho y mercado\"","link":"https:\/\/grupo.us.es\/iwpr\/category\/derecho-y-mercado\/"},"img":{"alt_text":"","src":"https:\/\/i0.wp.com\/grupo.us.es\/iwpr\/wp-content\/uploads\/2024\/04\/1.jpg?fit=1200%2C673&ssl=1&resize=350%2C200","width":350,"height":200,"srcset":"https:\/\/i0.wp.com\/grupo.us.es\/iwpr\/wp-content\/uploads\/2024\/04\/1.jpg?fit=1200%2C673&ssl=1&resize=350%2C200 1x, https:\/\/i0.wp.com\/grupo.us.es\/iwpr\/wp-content\/uploads\/2024\/04\/1.jpg?fit=1200%2C673&ssl=1&resize=525%2C300 1.5x, https:\/\/i0.wp.com\/grupo.us.es\/iwpr\/wp-content\/uploads\/2024\/04\/1.jpg?fit=1200%2C673&ssl=1&resize=700%2C400 2x, https:\/\/i0.wp.com\/grupo.us.es\/iwpr\/wp-content\/uploads\/2024\/04\/1.jpg?fit=1200%2C673&ssl=1&resize=1050%2C600 3x"},"classes":[]},{"id":6014,"url":"https:\/\/grupo.us.es\/iwpr\/2024\/03\/20\/la-reaccion-de-las-plataformas-ante-la-ley-rider-y-su-incidencia-en-la-competencia\/","url_meta":{"origin":5695,"position":2},"title":"La reacci\u00f3n de las plataformas ante la ley rider y su incidencia en la competencia","author":"EMILIA CASTELLANO BURGUILLO","date":"20 marzo, 2024","format":false,"excerpt":"Adri\u00e1n Todol\u00ed Signes Profesor de Derecho del Trabajo y de la Seguridad Social en la Universidad de Valencia.\u00a0 La respuesta ante la Ley Rider, respecto a la presunci\u00f3n de laboralidad, por parte de las plataformas digitales del sector del reparto no fue uniforme en un primer momento, ni tampoco se\u2026","rel":"","context":"En \u00abAlgoritmos\u00bb","block_context":{"text":"Algoritmos","link":"https:\/\/grupo.us.es\/iwpr\/category\/algoritmos\/"},"img":{"alt_text":"","src":"https:\/\/i0.wp.com\/grupo.us.es\/iwpr\/wp-content\/uploads\/2023\/11\/stopleyrider-11-mayo.jpeg?fit=1200%2C900&ssl=1&resize=350%2C200","width":350,"height":200,"srcset":"https:\/\/i0.wp.com\/grupo.us.es\/iwpr\/wp-content\/uploads\/2023\/11\/stopleyrider-11-mayo.jpeg?fit=1200%2C900&ssl=1&resize=350%2C200 1x, https:\/\/i0.wp.com\/grupo.us.es\/iwpr\/wp-content\/uploads\/2023\/11\/stopleyrider-11-mayo.jpeg?fit=1200%2C900&ssl=1&resize=525%2C300 1.5x, https:\/\/i0.wp.com\/grupo.us.es\/iwpr\/wp-content\/uploads\/2023\/11\/stopleyrider-11-mayo.jpeg?fit=1200%2C900&ssl=1&resize=700%2C400 2x, https:\/\/i0.wp.com\/grupo.us.es\/iwpr\/wp-content\/uploads\/2023\/11\/stopleyrider-11-mayo.jpeg?fit=1200%2C900&ssl=1&resize=1050%2C600 3x"},"classes":[]},{"id":5616,"url":"https:\/\/grupo.us.es\/iwpr\/2024\/01\/10\/el-punto-de-vista-de-la-judicatura-despues-de-dos-anos-de-la-aprobacion-de-la-ley-12-2021-aspectos-actuales-a-considerar\/","url_meta":{"origin":5695,"position":3},"title":"El punto de vista de la judicatura despu\u00e9s de dos a\u00f1os de la aprobaci\u00f3n de la Ley 12\/2021, aspectos actuales a considerar","author":"EMILIA CASTELLANO BURGUILLO","date":"10 enero, 2024","format":false,"excerpt":"Jos\u00e9 Fernando Lousada Arochena Magistrado 1.- \u00bfEs mercantil o laboral el trabajo en plataformas? La respuesta de la jurisprudencia y la legislaci\u00f3n espa\u00f1ola La calificaci\u00f3n jur\u00eddica como mercantil o laboral de la prestaci\u00f3n de servicios en el marco de plataformas digitales ha estado siempre rodeada de pol\u00e9mica, no solo en\u2026","rel":"","context":"En \u00abDi\u00e1logo Social\u00bb","block_context":{"text":"Di\u00e1logo Social","link":"https:\/\/grupo.us.es\/iwpr\/category\/dialogo-social\/"},"img":{"alt_text":"","src":"https:\/\/i0.wp.com\/grupo.us.es\/iwpr\/wp-content\/uploads\/2024\/01\/ley-organica-poder-judicial.jpg?fit=800%2C416&ssl=1&resize=350%2C200","width":350,"height":200,"srcset":"https:\/\/i0.wp.com\/grupo.us.es\/iwpr\/wp-content\/uploads\/2024\/01\/ley-organica-poder-judicial.jpg?fit=800%2C416&ssl=1&resize=350%2C200 1x, https:\/\/i0.wp.com\/grupo.us.es\/iwpr\/wp-content\/uploads\/2024\/01\/ley-organica-poder-judicial.jpg?fit=800%2C416&ssl=1&resize=525%2C300 1.5x, https:\/\/i0.wp.com\/grupo.us.es\/iwpr\/wp-content\/uploads\/2024\/01\/ley-organica-poder-judicial.jpg?fit=800%2C416&ssl=1&resize=700%2C400 2x"},"classes":[]},{"id":6307,"url":"https:\/\/grupo.us.es\/iwpr\/2024\/04\/04\/la-vision-desde-el-sindicato\/","url_meta":{"origin":5695,"position":4},"title":"Dos a\u00f1os desde la Ley Rider: la visi\u00f3n del sindicato","author":"EMILIA CASTELLANO BURGUILLO","date":"4 abril, 2024","format":false,"excerpt":"Ra\u00fal Garc\u00eda Agudo Valladolid. Febrero de 2024. \u00a0 Son dos a\u00f1os y medio de la entrada en vigor de la ley rider y a\u00fan nos encontramos con el escenario enquistado de la falta de aplicaci\u00f3n de la, ya no tan nueva, normativa laboral por parte de algunas de las grandes\u2026","rel":"","context":"En \u00abAlgoritmos\u00bb","block_context":{"text":"Algoritmos","link":"https:\/\/grupo.us.es\/iwpr\/category\/algoritmos\/"},"img":{"alt_text":"","src":"","width":0,"height":0},"classes":[]},{"id":5929,"url":"https:\/\/grupo.us.es\/iwpr\/2024\/03\/12\/se-aclara-la-contratacion-laboral-de-las-plataformas-digitales\/","url_meta":{"origin":5695,"position":5},"title":"Se aclara la contrataci\u00f3n laboral de las plataformas digitales","author":"Miguel Carlos Rodr\u00edguez-Pi\u00f1ero Royo","date":"12 marzo, 2024","format":false,"excerpt":"\u00a0 \u00a0 Mar\u00eda Eugenia Guzm\u00e1n,\u00a0Socia de Derecho Laboral en PwC Tax & Legal Marta de la Morena,\u00a0Abogada de Derecho Laboral en PwC Tax & Legal Publicado originalmente en el diario Expansi\u00f3n La aprobaci\u00f3n de la Ley Rider en el a\u00f1o 2021 se hizo con una intenci\u00f3n muy clara: evitar una\u2026","rel":"","context":"En \u00abDerechos digitales\u00bb","block_context":{"text":"Derechos digitales","link":"https:\/\/grupo.us.es\/iwpr\/category\/derechos-digitales\/"},"img":{"alt_text":"","src":"https:\/\/i0.wp.com\/grupo.us.es\/iwpr\/wp-content\/uploads\/2022\/03\/imagen-expansion-300x97.png?resize=350%2C200","width":350,"height":200},"classes":[]}],"jetpack_sharing_enabled":true,"_links":{"self":[{"href":"https:\/\/grupo.us.es\/iwpr\/wp-json\/wp\/v2\/posts\/5695","targetHints":{"allow":["GET"]}}],"collection":[{"href":"https:\/\/grupo.us.es\/iwpr\/wp-json\/wp\/v2\/posts"}],"about":[{"href":"https:\/\/grupo.us.es\/iwpr\/wp-json\/wp\/v2\/types\/post"}],"author":[{"embeddable":true,"href":"https:\/\/grupo.us.es\/iwpr\/wp-json\/wp\/v2\/users\/26"}],"replies":[{"embeddable":true,"href":"https:\/\/grupo.us.es\/iwpr\/wp-json\/wp\/v2\/comments?post=5695"}],"version-history":[{"count":5,"href":"https:\/\/grupo.us.es\/iwpr\/wp-json\/wp\/v2\/posts\/5695\/revisions"}],"predecessor-version":[{"id":5737,"href":"https:\/\/grupo.us.es\/iwpr\/wp-json\/wp\/v2\/posts\/5695\/revisions\/5737"}],"wp:featuredmedia":[{"embeddable":true,"href":"https:\/\/grupo.us.es\/iwpr\/wp-json\/wp\/v2\/media\/5696"}],"wp:attachment":[{"href":"https:\/\/grupo.us.es\/iwpr\/wp-json\/wp\/v2\/media?parent=5695"}],"wp:term":[{"taxonomy":"category","embeddable":true,"href":"https:\/\/grupo.us.es\/iwpr\/wp-json\/wp\/v2\/categories?post=5695"},{"taxonomy":"post_tag","embeddable":true,"href":"https:\/\/grupo.us.es\/iwpr\/wp-json\/wp\/v2\/tags?post=5695"}],"curies":[{"name":"wp","href":"https:\/\/api.w.org\/{rel}","templated":true}]}}