{"id":5534,"date":"2023-12-15T09:57:47","date_gmt":"2023-12-15T08:57:47","guid":{"rendered":"http:\/\/grupo.us.es\/newiwpr\/?p=5534"},"modified":"2023-12-20T21:02:33","modified_gmt":"2023-12-20T20:02:33","slug":"se-aprueba-el-acuerdo-sobre-la-directiva-sobre-trabajo-en-plataformas","status":"publish","type":"post","link":"https:\/\/grupo.us.es\/iwpr\/2023\/12\/15\/se-aprueba-el-acuerdo-sobre-la-directiva-sobre-trabajo-en-plataformas\/","title":{"rendered":"Se logra el acuerdo para la directiva sobre trabajo en plataformas"},"content":{"rendered":"<p>&nbsp;<\/p>\n<p><strong>Miguel Rodr\u00edguez-Pi\u00f1ero Royo, Universidad de Sevilla<\/strong><\/p>\n<p>Mientras se pon\u00eda en pr\u00e1ctica el Proyecto \u201cDos a\u00f1os de aplicaci\u00f3n de la Ley de Riders\u201d se ha aprobado un acuerdo entre el Consejo y el Parlamento Europeo para la aprobaci\u00f3n de una directiva espec\u00edfica sobre este colectivo. Es un evento esperado, y que se ha podido lograr, con mucho esfuerzo, en los \u00faltimos d\u00edas de la Presidencia Espa\u00f1ola de la Uni\u00f3n.<\/p>\n<p>La importancia de este acuerdo no puede ser minusvalorada, porque es la primera norma sobre esta forma de empleo a nivel internacional, que afronta un fen\u00f3meno creciente que ha preocupado mucho a las autoridades y a los interlocutores sociales en todo el mundo. Enlaza con una l\u00ednea de pol\u00edtica del Derecho de la Uni\u00f3n, dirigida a afrontar la cuesti\u00f3n de las nuevas formas de empleo, cuyo mayor resultado hasta la fecha hab\u00eda sido la aprobaci\u00f3n de la Directiva (UE) 2019\/1152 del Parlamento Europeo y del Consejo, de 20 de junio de 2019, relativa a unas condiciones laborales transparentes y previsibles en la Uni\u00f3n Europea.<\/p>\n<p>El protagonismo de Espa\u00f1a en la generaci\u00f3n de esta norma ha sido muy marcado. Aunque sus promotores no fueron eurodiputados de nuestro pa\u00eds (a eurodiputada socialdem\u00f3crata Elisabetta Gualmini.), no cabe duda, como \u00e9stos mismos se ocuparon de se\u00f1alar, que la existencia de una norma como la Ley Rider supuso una inspiraci\u00f3n y un modelo a seguir. Esto se comprueba, entre otras cosas, en la presencia de dos contenidos bien diferentes en la misma norma, una presunci\u00f3n de laboralidad y un derecho de informaci\u00f3n algor\u00edtmica, ambos presentes en la Ley 20\/2021. As\u00ed lo indica la Presidencia Espa\u00f1ola, que pone de manifiesto que \u201cla Directiva introduce dos mejoras fundamentales: ayuda a determinar la situaci\u00f3n laboral correcta de las personas que trabajan para plataformas digitales y establece las primeras normas de la UE sobre el uso de la inteligencia artificial en el lugar de trabajo.\u201d<\/p>\n<p>Adem\u00e1s, se trata de una iniciativa que ha podido desbloquearse durante la presidencia espa\u00f1ola de la Uni\u00f3n Europea, con un liderazgo muy claro de la Ministra de Trabajo y Econom\u00eda Social del Gobierno del Reino de Espa\u00f1a.<\/p>\n<p>La directiva no se ocupa, como hacen otras normas del mismo tipo sobre formas particulares de empleo (contratos de duraci\u00f3n determinada, trabajo a tiempo parcial, trabajo en misi\u00f3n), de dise\u00f1ar un marco jur\u00eddico completo para estos trabajadores. Se trata, por el contrario, de centrarse en dos aspectos de su relaci\u00f3n jur\u00eddica que son las que se consideran especialmente afectadas en esta forma de empleo: la propia calificaci\u00f3n de los servicios, por un lado; y la gesti\u00f3n algor\u00edtmica de estas personas por sus empleadores.<\/p>\n<p>En alg\u00fan texto previo se indicaba que su objetivo es mejorar las condiciones laborales de las personas que realizan trabajo en plataformas garantizando la correcta determinaci\u00f3n de su situaci\u00f3n laboral, promoviendo la transparencia, la equidad y la rendici\u00f3n de cuentas en la gesti\u00f3n algor\u00edtmica en el contexto del trabajo en plataformas<\/p>\n<p>Estos objetivos que podemos considerar pro operario, se contemplan con otros pro empresa: mejorar la transparencia en el trabajo en plataformas, incluso en situaciones transfronterizas; y fomentar las condiciones para el crecimiento sostenible de las plataformas digitales de trabajo en la Uni\u00f3n.<\/p>\n<p>La primera gran diferencia entre la directiva y la Ley Rider se produce en su campo de aplicaci\u00f3n personal. Mientras que la norma espa\u00f1ola asume un marcado car\u00e1cter sectorial, aplic\u00e1ndose exclusivamente a las empresas de delivery, la unioneuropea adopta un enfoque general, para regir las relaciones laborales en todo tipo de plataforma. As\u00ed, se define \u00abplataforma digital de trabajo\u00bb: toda persona f\u00edsica o jur\u00eddica que preste un servicio comercial en el que se cumplen todos algunos requisitos, entre los que no se incluye el objeto de su actividad econ\u00f3mica. Mientras que \u00abtrabajador de plataforma\u00bb es toda persona que realiza trabajo en plataformas que tenga un contrato de trabajo o una relaci\u00f3n laboral tal como se definen en la legislaci\u00f3n, los convenios colectivos o las pr\u00e1cticas vigentes en los Estado miembros, teniendo en cuenta la jurisprudencia del Tribunal de Justicia, una vez m\u00e1s sin referencias al tipo de trabajo realizado.<\/p>\n<p>Esta ausencia de limitaciones sectoriales va a obligar a Espa\u00f1a a reformar en profundidad su legislaci\u00f3n en esta materia, ya que la Ley Rider es claramente insuficiente, en sus t\u00e9rminos actuales, para responder a las exigencias que impone el Derecho de la Uni\u00f3n respecto este colectivo de trabajadores.<\/p>\n<p>Empezando por la cuesti\u00f3n de la cualificaci\u00f3n de estos servicios, se prev\u00e9 que las legislaciones laborales de los Estados miembros deber\u00e1n prever procedimientos administrativos o judiciales para clasificar como personas trabajadoras por cuenta ajena a aquellas que trabajan en alguna de estas plataformas digitales.<\/p>\n<p>El mecanismo fundamental de la directiva, como ocurre en la Ley Rider, es una presunci\u00f3n de laboralidad, que aplica sin embargo de una manera muy diferente a la espa\u00f1ola. En efecto, se se\u00f1alan cinco \u201cindicadores\u201d (nosotros lo llamar\u00edamos \u201cindicios\u201d) que apuntan al car\u00e1cter laboral de los servicios, y la presunci\u00f3n se activar\u00e1 cuando se cumplan al menos dos de \u00e9stos. Se prev\u00e9 que los Estados miembros puedan a\u00f1adir m\u00e1s indicadores en su legislaci\u00f3n nacional de implementaci\u00f3n de la directiva.<\/p>\n<p>Los indicadores son:<\/p>\n<ul>\n<li>l\u00edmites m\u00e1ximos de la\u00a0cantidad de dinero\u00a0que pueden recibir los trabajadores;<\/li>\n<li>supervisi\u00f3n de la\u00a0ejecuci\u00f3n de su trabajo, tambi\u00e9n por medios electr\u00f3nicos;<\/li>\n<li>control de la distribuci\u00f3n o la\u00a0asignaci\u00f3n de tareas;<\/li>\n<li>control de las\u00a0condiciones de trabajo\u00a0y restricciones en la elecci\u00f3n del horario de trabajo;<\/li>\n<li>restricciones a su libertad para\u00a0organizar\u00a0su trabajo y normas sobre su apariencia o conducta.<\/li>\n<\/ul>\n<p>Activada la presunci\u00f3n se prev\u00e9 que corresponda a la plataforma digital demostrar que no existe ninguna relaci\u00f3n laboral con arreglo a la legislaci\u00f3n y la pr\u00e1ctica nacionales, lo que indica que se trata de una presunci\u00f3n iuris tantum, porque se prev\u00e9 expresamente la posibilidad de prueba en contrario.<\/p>\n<p>En cuanto a la gesti\u00f3n algor\u00edtmica, el objetivo de la norma es mejorar la transparencia cuando se trabaja para plataformas digitales, identificando en el uso de algoritmos un factor que le afecta negativamente. El acuerdo alcanzado garantiza que los\u00a0trabajadores est\u00e9n informados\u00a0sobre el uso de sistemas automatizados de supervisi\u00f3n y toma de decisiones.<\/p>\n<p>Tambi\u00e9n\u00a0impide que las plataformas digitales de trabajo traten determinados tipos de datos personales\u00a0mediante sistemas automatizados de supervisi\u00f3n o toma de decisiones.<\/p>\n<p>Estos datos incluyen:<\/p>\n<ul>\n<li>datos personales sobre el estado emocional o psicol\u00f3gico de los trabajadores de plataformas;<\/li>\n<li>datos relacionados con conversaciones privadas;<\/li>\n<li>datos para predecir la actividad sindical real o potencial;<\/li>\n<li>datos utilizados para inferir el origen racial o \u00e9tnico, la situaci\u00f3n migratoria, las opiniones pol\u00edticas, las creencias religiosas o el estado de salud de los trabajadores;<\/li>\n<li>datos biom\u00e9tricos, distintos de los utilizados para la autenticaci\u00f3n.<\/li>\n<\/ul>\n<p>&nbsp;<\/p>\n<p>Los sistemas de gesti\u00f3n algor\u00edtmica tendr\u00e1n que ser\u00a0supervisados por personal cualificado, que gozar\u00e1 de una protecci\u00f3n especial frente a un trato desfavorable. Tambi\u00e9n se garantiza la\u00a0supervisi\u00f3n humana\u00a0de decisiones importantes como la suspensi\u00f3n de cuentas.<\/p>\n<p>En particular se prev\u00e9 que cualquier decisi\u00f3n de terminar, restringir o suspender una relaci\u00f3n laboral con una persona trabajadora no podr\u00e1 ser tomada en base a un algoritmo.<\/p>\n<p>El derecho de informaci\u00f3n individual de cada persona se ve acompa\u00f1ado de uno colectivo, atribuido a sus representantes legales en la empresa, que tendr\u00e1n acceso a la informaci\u00f3n completa y detallada sobre los sistemas automatizados de supervisi\u00f3n y toma de decisiones utilizados por la plataforma.\u00a0 Tambi\u00e9n se prev\u00e9 que estos representantes sean consultados cuando se proceda a introducir cambios en esos sistemas.<\/p>\n<p>En el texto aprobado se prev\u00e9n mecanismos para garantizar la eficacia de sus disposiciones, como es com\u00fan en las directivas laborales, que incluyen la obligaci\u00f3n de los Estados miembros de prever sanciones para las plataformas que incumplan las normas nacionales de trasposici\u00f3n, as\u00ed como procedimientos administrativos y judiciales a disposici\u00f3n de los trabajadores que se consideran mal clasificados.<\/p>\n<p>El acuerdo obtenido no supone la finalizaci\u00f3n de la tramitaci\u00f3n de esta propuesta de directiva, ya que el pr\u00f3ximo 20 de diciembre se presentar\u00e1 para ser ratificado por los embajadores permanentes de los 27 Estados miembros ante la UE y por el pleno de la Euroc\u00e1mara.<\/p>\n<p>&nbsp;<\/p>\n<p><img data-recalc-dims=\"1\" loading=\"lazy\" decoding=\"async\" data-attachment-id=\"5537\" data-permalink=\"https:\/\/grupo.us.es\/iwpr\/2023\/12\/15\/se-aprueba-el-acuerdo-sobre-la-directiva-sobre-trabajo-en-plataformas\/imagen3-3\/\" data-orig-file=\"https:\/\/i0.wp.com\/grupo.us.es\/iwpr\/wp-content\/uploads\/2023\/12\/Imagen3-e1704887879648.png?fit=200%2C83&amp;ssl=1\" data-orig-size=\"200,83\" data-comments-opened=\"1\" data-image-meta=\"{&quot;aperture&quot;:&quot;0&quot;,&quot;credit&quot;:&quot;&quot;,&quot;camera&quot;:&quot;&quot;,&quot;caption&quot;:&quot;&quot;,&quot;created_timestamp&quot;:&quot;0&quot;,&quot;copyright&quot;:&quot;&quot;,&quot;focal_length&quot;:&quot;0&quot;,&quot;iso&quot;:&quot;0&quot;,&quot;shutter_speed&quot;:&quot;0&quot;,&quot;title&quot;:&quot;&quot;,&quot;orientation&quot;:&quot;0&quot;}\" data-image-title=\"Imagen3\" data-image-description=\"\" data-image-caption=\"\" data-large-file=\"https:\/\/i0.wp.com\/grupo.us.es\/iwpr\/wp-content\/uploads\/2023\/12\/Imagen3-e1704887879648.png?fit=640%2C266&amp;ssl=1\" class=\"wp-image-5537 aligncenter\" src=\"https:\/\/i0.wp.com\/grupo.us.es\/iwpr\/wp-content\/uploads\/2023\/12\/Imagen3.png?resize=619%2C258\" alt=\"\" width=\"619\" height=\"258\" \/><\/p>\n<p>&nbsp;<\/p>\n","protected":false},"excerpt":{"rendered":"<p>&nbsp; Miguel Rodr\u00edguez-Pi\u00f1ero Royo, Universidad de Sevilla Mientras se pon\u00eda en pr\u00e1ctica el Proyecto \u201cDos a\u00f1os de aplicaci\u00f3n de la Ley de Riders\u201d se ha aprobado un acuerdo entre el Consejo y el Parlamento Europeo para la aprobaci\u00f3n de una directiva espec\u00edfica sobre este colectivo. Es un evento esperado, y que se ha podido lograr,&#8230;<\/p>\n","protected":false},"author":26,"featured_media":5535,"comment_status":"open","ping_status":"open","sticky":true,"template":"","format":"standard","meta":{"jetpack_post_was_ever_published":false,"_jetpack_newsletter_access":"","_jetpack_dont_email_post_to_subs":false,"_jetpack_newsletter_tier_id":0,"_jetpack_memberships_contains_paywalled_content":false,"_jetpack_memberships_contains_paid_content":false,"footnotes":"","jetpack_publicize_message":"","jetpack_publicize_feature_enabled":true,"jetpack_social_post_already_shared":true,"jetpack_social_options":{"image_generator_settings":{"template":"highway","default_image_id":0,"font":"","enabled":false},"version":2}},"categories":[334,6,289,175,181,21,10,333,116],"tags":[],"class_list":["post-5534","post","type-post","status-publish","format-standard","has-post-thumbnail","hentry","category-derecho-unioneuropeo","category-economia-colaborativa-y-derecho-social","category-europa","category-iuslablog","category-ley-rider","category-miguel-c-rodriguez-pinero-royo","category-novedades-legislativas","category-proyecto-2o-aniversario-de-la-ley-riders","category-union-europea"],"jetpack_publicize_connections":[],"jetpack_featured_media_url":"https:\/\/i0.wp.com\/grupo.us.es\/iwpr\/wp-content\/uploads\/2023\/12\/logotipo-de-Espana-ya-luce-en-la-fachada-del-Consejo-de-la-UE-800x450-2.jpg?fit=800%2C450&ssl=1","jetpack_shortlink":"https:\/\/wp.me\/p7HIjh-1rg","jetpack-related-posts":[{"id":5106,"url":"https:\/\/grupo.us.es\/iwpr\/2022\/06\/19\/the-impact-of-the-riders-act-on-the-platform-market-in-spain\/","url_meta":{"origin":5534,"position":0},"title":"The impact of the Riders Act on the platform market in Spain (presentaci\u00f3n)","author":"Miguel Carlos Rodr\u00edguez-Pi\u00f1ero Royo","date":"19 junio, 2022","format":false,"excerpt":"El pasado d\u00eda 11 de mayo el profesor Rodr\u00edguez-Pi\u00f1ero Royo particip\u00f3 en el coloquio \"La plateformisation du travail\", organizado por COMPTRASEC y celebrado en Burdeos los d\u00edas 11 a 13 de ese mes. Present\u00f3, concretamente, una ponencia titulada \"The impact of the Riders Act on the platform market in Spain\",\u2026","rel":"","context":"En \u00abDerechos digitales\u00bb","block_context":{"text":"Derechos digitales","link":"https:\/\/grupo.us.es\/iwpr\/category\/derechos-digitales\/"},"img":{"alt_text":"","src":"https:\/\/i0.wp.com\/grupo.us.es\/iwpr\/wp-content\/uploads\/2022\/06\/plateformisation.jpg?fit=625%2C900&ssl=1&resize=350%2C200","width":350,"height":200,"srcset":"https:\/\/i0.wp.com\/grupo.us.es\/iwpr\/wp-content\/uploads\/2022\/06\/plateformisation.jpg?fit=625%2C900&ssl=1&resize=350%2C200 1x, https:\/\/i0.wp.com\/grupo.us.es\/iwpr\/wp-content\/uploads\/2022\/06\/plateformisation.jpg?fit=625%2C900&ssl=1&resize=525%2C300 1.5x"},"classes":[]},{"id":7882,"url":"https:\/\/grupo.us.es\/iwpr\/2024\/11\/25\/se-ha-publicado-la-directiva-de-trabajadores-de-plataforma\/","url_meta":{"origin":5534,"position":1},"title":"Se ha publicado la directiva de trabajadores de plataforma","author":"Miguel Carlos Rodr\u00edguez-Pi\u00f1ero Royo","date":"25 noviembre, 2024","format":false,"excerpt":"El 11 de noviembre de 2024 se ha publicado en el Diario Oficial de la Uni\u00f3n Europea la Directiva que tiene como objetivo mejorar las condiciones laborales y la protecci\u00f3n de los datos personales en el \u00e1mbito del trabajo en plataformas. Esta publicaci\u00f3n era esperada desde hace alg\u00fan tiempo, ya\u2026","rel":"","context":"En \u00abDerecho unioneuropeo\u00bb","block_context":{"text":"Derecho unioneuropeo","link":"https:\/\/grupo.us.es\/iwpr\/category\/derecho-unioneuropeo\/"},"img":{"alt_text":"","src":"","width":0,"height":0},"classes":[]},{"id":5315,"url":"https:\/\/grupo.us.es\/iwpr\/2023\/03\/10\/la-arquitectura-institucional-de-las-politicas-de-ocupacion-en-la-nueva-ley-de-empleo\/","url_meta":{"origin":5534,"position":2},"title":"La arquitectura institucional de las pol\u00edticas de ocupaci\u00f3n en la nueva Ley de Empleo","author":"Miguel Carlos Rodr\u00edguez-Pi\u00f1ero Royo","date":"10 marzo, 2023","format":false,"excerpt":"La nueva Ley 3\/2023, de 28 de febrero, de Empleo, ha tra\u00eddo numerosas novedades en diversos \u00e1mbitos, uno de los cuales es el de la organizaci\u00f3n institucional de las pol\u00edticas de empleo en Espa\u00f1a. As\u00ed, se sustituye el SEPES, que a su vez era el heredero del antiguo INEM, por\u2026","rel":"","context":"En \u00abDerecho y mercado\"\u00bb","block_context":{"text":"Derecho y mercado\"","link":"https:\/\/grupo.us.es\/iwpr\/category\/derecho-y-mercado\/"},"img":{"alt_text":"","src":"https:\/\/i0.wp.com\/grupo.us.es\/iwpr\/wp-content\/uploads\/2023\/03\/cropped-AEDTSS4-4.png?fit=1200%2C294&ssl=1&resize=350%2C200","width":350,"height":200,"srcset":"https:\/\/i0.wp.com\/grupo.us.es\/iwpr\/wp-content\/uploads\/2023\/03\/cropped-AEDTSS4-4.png?fit=1200%2C294&ssl=1&resize=350%2C200 1x, https:\/\/i0.wp.com\/grupo.us.es\/iwpr\/wp-content\/uploads\/2023\/03\/cropped-AEDTSS4-4.png?fit=1200%2C294&ssl=1&resize=525%2C300 1.5x, https:\/\/i0.wp.com\/grupo.us.es\/iwpr\/wp-content\/uploads\/2023\/03\/cropped-AEDTSS4-4.png?fit=1200%2C294&ssl=1&resize=700%2C400 2x, https:\/\/i0.wp.com\/grupo.us.es\/iwpr\/wp-content\/uploads\/2023\/03\/cropped-AEDTSS4-4.png?fit=1200%2C294&ssl=1&resize=1050%2C600 3x"},"classes":[]},{"id":1108,"url":"https:\/\/grupo.us.es\/iwpr\/2017\/12\/20\/primeros-comentarios-sobre-la-sentencia-del-tribunal-de-justicia-de-la-union-europea-sobre-uber\/","url_meta":{"origin":5534,"position":3},"title":"Primeros comentarios sobre la sentencia del Tribunal de Justicia de la Uni\u00f3n Europea sobre Uber","author":"Miguel Carlos Rodr\u00edguez-Pi\u00f1ero Royo","date":"20 diciembre, 2017","format":false,"excerpt":"Se ha publicado en el Periscopio Fiscal y Legal de la firma PwC un primer comentario sobre la sentencia del Tribunal de Justicia de la Uni\u00f3n Europea de 20 de diciembre de 2017 sobre Uber.Ha sido preparado por Marta Alam\u00e1n Calabuig, socia directora del \u00e1rea laboral de PwC Tax &\u2026","rel":"","context":"En \u00abEconom\u00eda colaborativa y Derecho Social\u00bb","block_context":{"text":"Econom\u00eda colaborativa y Derecho Social","link":"https:\/\/grupo.us.es\/iwpr\/category\/economia-colaborativa-y-derecho-social\/"},"img":{"alt_text":"","src":"https:\/\/i0.wp.com\/grupo.us.es\/iwpr\/wp-content\/uploads\/2018\/01\/TJUE.jpg?fit=210%2C240&ssl=1&resize=350%2C200","width":350,"height":200},"classes":[]},{"id":689,"url":"https:\/\/grupo.us.es\/iwpr\/2017\/03\/31\/el-derecho-del-trabajo-y-los-pobres-articulo-de-miguel-rodriguez-pinero-royo-miembro-del-proyecto-de-investigacion\/","url_meta":{"origin":5534,"position":4},"title":"\u00abEl Derecho del Trabajo y los pobres\u00bb, art\u00edculo de Miguel Rodr\u00edguez-Pi\u00f1ero Royo, miembro del proyecto de investigaci\u00f3n","author":"Miguel Carlos Rodr\u00edguez-Pi\u00f1ero Royo","date":"31 marzo, 2017","format":false,"excerpt":"EL DERECHO DEL TRABAJO Y LOS POBRES\u00a0es un art\u00edculo ya antiguo, publicado en un contexto muy distinto del actual, en el que se hace una reflexi\u00f3n sobre la relaci\u00f3n entre Derecho del Trabajo y pobreza en el momento de nacimiento de la disciplina.\u00a0Tiene su origen\u00a0\u00a0en la intervenci\u00f3n de su autor\u2026","rel":"","context":"En \u00abMiguel C. Rodr\u00edguez-Pi\u00f1ero Royo\u00bb","block_context":{"text":"Miguel C. Rodr\u00edguez-Pi\u00f1ero Royo","link":"https:\/\/grupo.us.es\/iwpr\/category\/miguel-c-rodriguez-pinero-royo\/"},"img":{"alt_text":"","src":"","width":0,"height":0},"classes":[]},{"id":5947,"url":"https:\/\/grupo.us.es\/iwpr\/2024\/02\/24\/seminario-de-investigadores-en-el-marco-del-proyecto-trabexit\/","url_meta":{"origin":5534,"position":5},"title":"Seminario de investigadores en el marco del Proyecto TRABEXIT","author":"Miguel Carlos Rodr\u00edguez-Pi\u00f1ero Royo","date":"24 febrero, 2024","format":false,"excerpt":"En el marco del desarrollo del Proyecto de Investigaci\u00f3n TRABEXIT (\u201cLa huida del mercado de trabajo y la legislaci\u00f3n social en Espa\u00f1a\u201d) liderado por los profesores doctores Mar\u00eda Luisa P\u00e9rez Guerrero y Miguel Rodr\u00edguez-Pi\u00f1ero Royo, tuvo lugar el d\u00eda 22 de febrero de 2024 la celebraci\u00f3n del seminario de investigadores\u2026","rel":"","context":"En \u00abDerecho Internacional del Trabajo\u00bb","block_context":{"text":"Derecho Internacional del Trabajo","link":"https:\/\/grupo.us.es\/iwpr\/category\/derecho-internacional-del-trabajo\/"},"img":{"alt_text":"","src":"https:\/\/i0.wp.com\/grupo.us.es\/iwpr\/wp-content\/uploads\/2024\/02\/thumbnail_TRABEXIT.png?fit=1024%2C1024&ssl=1&resize=350%2C200","width":350,"height":200,"srcset":"https:\/\/i0.wp.com\/grupo.us.es\/iwpr\/wp-content\/uploads\/2024\/02\/thumbnail_TRABEXIT.png?fit=1024%2C1024&ssl=1&resize=350%2C200 1x, https:\/\/i0.wp.com\/grupo.us.es\/iwpr\/wp-content\/uploads\/2024\/02\/thumbnail_TRABEXIT.png?fit=1024%2C1024&ssl=1&resize=525%2C300 1.5x, https:\/\/i0.wp.com\/grupo.us.es\/iwpr\/wp-content\/uploads\/2024\/02\/thumbnail_TRABEXIT.png?fit=1024%2C1024&ssl=1&resize=700%2C400 2x"},"classes":[]}],"jetpack_sharing_enabled":true,"_links":{"self":[{"href":"https:\/\/grupo.us.es\/iwpr\/wp-json\/wp\/v2\/posts\/5534","targetHints":{"allow":["GET"]}}],"collection":[{"href":"https:\/\/grupo.us.es\/iwpr\/wp-json\/wp\/v2\/posts"}],"about":[{"href":"https:\/\/grupo.us.es\/iwpr\/wp-json\/wp\/v2\/types\/post"}],"author":[{"embeddable":true,"href":"https:\/\/grupo.us.es\/iwpr\/wp-json\/wp\/v2\/users\/26"}],"replies":[{"embeddable":true,"href":"https:\/\/grupo.us.es\/iwpr\/wp-json\/wp\/v2\/comments?post=5534"}],"version-history":[{"count":5,"href":"https:\/\/grupo.us.es\/iwpr\/wp-json\/wp\/v2\/posts\/5534\/revisions"}],"predecessor-version":[{"id":5551,"href":"https:\/\/grupo.us.es\/iwpr\/wp-json\/wp\/v2\/posts\/5534\/revisions\/5551"}],"wp:featuredmedia":[{"embeddable":true,"href":"https:\/\/grupo.us.es\/iwpr\/wp-json\/wp\/v2\/media\/5535"}],"wp:attachment":[{"href":"https:\/\/grupo.us.es\/iwpr\/wp-json\/wp\/v2\/media?parent=5534"}],"wp:term":[{"taxonomy":"category","embeddable":true,"href":"https:\/\/grupo.us.es\/iwpr\/wp-json\/wp\/v2\/categories?post=5534"},{"taxonomy":"post_tag","embeddable":true,"href":"https:\/\/grupo.us.es\/iwpr\/wp-json\/wp\/v2\/tags?post=5534"}],"curies":[{"name":"wp","href":"https:\/\/api.w.org\/{rel}","templated":true}]}}