{"id":5513,"date":"2023-12-11T08:00:20","date_gmt":"2023-12-11T07:00:20","guid":{"rendered":"http:\/\/grupo.us.es\/newiwpr\/?p=5513"},"modified":"2023-12-04T12:49:35","modified_gmt":"2023-12-04T11:49:35","slug":"presentacion-del-proyecto-trabexit-en-la-jornada-el-empleo-del-futuro-y-las-personas","status":"publish","type":"post","link":"https:\/\/grupo.us.es\/iwpr\/2023\/12\/11\/presentacion-del-proyecto-trabexit-en-la-jornada-el-empleo-del-futuro-y-las-personas\/","title":{"rendered":"Presentaci\u00f3n del Proyecto TRABEXIT en la Jornada \u00abEl empleo del futuro y las personas\u00bb"},"content":{"rendered":"<p>El Servicio Andaluz de Empleo celebr\u00f3 en Sevilla el pr\u00f3ximo 27 noviembre de 2023 un evento titulado <em>\u201cEl empleo del futuro y las personas: la mejora de la empleabilidad como elemento nuclear de las pol\u00edticas de empleo\u201d, <\/em>en el marco del el A\u00f1o Europeo de las Competencias, cuya p\u00e1gina web est\u00e1 disponible en este <a href=\"https:\/\/jornadasandaluzasdecompetencias.es\/\">enlace<\/a><\/p>\n<p>Con ocasi\u00f3n de esta jornada el Comit\u00e9 Organizador decidi\u00f3 invitar al uno de los IPs del proyecto TRABEXIT a impartir la ponencia inaugural, que llev\u00f3 el t\u00edtulo de \u00abLas personas en el mercado de trabajo\u00bb, y en ella se present\u00f3 nuestro proyecto a un p\u00fablico formado por profesionales y especialistas en el mercado de trabajo. A lo largo de esta ponencia se justific\u00f3 la elecci\u00f3n del tema y se se\u00f1alaron los principales objetivos y n\u00facleos de atenci\u00f3n del proyecto.<\/p>\n<p>La grabaci\u00f3n de esta intervenci\u00f3n puede encontrarse en el siguiente <a href=\"https:\/\/jornadasandaluzasdecompetencias.es\/streaming\/\">enlace.<\/a><\/p>\n<p>&nbsp;<\/p>\n<p><img data-recalc-dims=\"1\" loading=\"lazy\" decoding=\"async\" data-attachment-id=\"5502\" data-permalink=\"https:\/\/grupo.us.es\/iwpr\/2023\/11\/23\/jornadas-andaluzas-en-el-marco-del-ano-europeo-de-las-competencias\/attachment\/1700642074614\/\" data-orig-file=\"https:\/\/i0.wp.com\/grupo.us.es\/iwpr\/wp-content\/uploads\/2023\/11\/1700642074614.jpg?fit=774%2C800&amp;ssl=1\" data-orig-size=\"774,800\" data-comments-opened=\"1\" data-image-meta=\"{&quot;aperture&quot;:&quot;0&quot;,&quot;credit&quot;:&quot;&quot;,&quot;camera&quot;:&quot;&quot;,&quot;caption&quot;:&quot;&quot;,&quot;created_timestamp&quot;:&quot;0&quot;,&quot;copyright&quot;:&quot;&quot;,&quot;focal_length&quot;:&quot;0&quot;,&quot;iso&quot;:&quot;0&quot;,&quot;shutter_speed&quot;:&quot;0&quot;,&quot;title&quot;:&quot;&quot;,&quot;orientation&quot;:&quot;0&quot;}\" data-image-title=\"1700642074614\" data-image-description=\"\" data-image-caption=\"\" data-large-file=\"https:\/\/i0.wp.com\/grupo.us.es\/iwpr\/wp-content\/uploads\/2023\/11\/1700642074614.jpg?fit=640%2C661&amp;ssl=1\" class=\"wp-image-5502 aligncenter\" src=\"https:\/\/i0.wp.com\/grupo.us.es\/iwpr\/wp-content\/uploads\/2023\/11\/1700642074614.jpg?resize=378%2C391\" alt=\"\" width=\"378\" height=\"391\" srcset=\"https:\/\/i0.wp.com\/grupo.us.es\/iwpr\/wp-content\/uploads\/2023\/11\/1700642074614.jpg?resize=290%2C300&amp;ssl=1 290w, https:\/\/i0.wp.com\/grupo.us.es\/iwpr\/wp-content\/uploads\/2023\/11\/1700642074614.jpg?resize=145%2C150&amp;ssl=1 145w, https:\/\/i0.wp.com\/grupo.us.es\/iwpr\/wp-content\/uploads\/2023\/11\/1700642074614.jpg?resize=768%2C794&amp;ssl=1 768w, https:\/\/i0.wp.com\/grupo.us.es\/iwpr\/wp-content\/uploads\/2023\/11\/1700642074614.jpg?w=774&amp;ssl=1 774w\" sizes=\"auto, (max-width: 378px) 100vw, 378px\" \/><\/p>\n<p>&nbsp;<\/p>\n","protected":false},"excerpt":{"rendered":"<p>El Servicio Andaluz de Empleo celebr\u00f3 en Sevilla el pr\u00f3ximo 27 noviembre de 2023 un evento titulado \u201cEl empleo del futuro y las personas: la mejora de la empleabilidad como elemento nuclear de las pol\u00edticas de empleo\u201d, en el marco del el A\u00f1o Europeo de las Competencias, cuya p\u00e1gina web est\u00e1 disponible en este enlace&#8230;<\/p>\n","protected":false},"author":2,"featured_media":5514,"comment_status":"open","ping_status":"open","sticky":true,"template":"","format":"standard","meta":{"jetpack_post_was_ever_published":false,"_jetpack_newsletter_access":"","_jetpack_dont_email_post_to_subs":false,"_jetpack_newsletter_tier_id":0,"_jetpack_memberships_contains_paywalled_content":false,"_jetpack_memberships_contains_paid_content":false,"footnotes":"","jetpack_publicize_message":"","jetpack_publicize_feature_enabled":true,"jetpack_social_post_already_shared":true,"jetpack_social_options":{"image_generator_settings":{"template":"highway","default_image_id":0,"font":"","enabled":false},"version":2}},"categories":[278,31,203,25,175,251,316,21,332,331,144],"tags":[],"class_list":["post-5513","post","type-post","status-publish","format-standard","has-post-thumbnail","hentry","category-derechos-fundamentales","category-eventos-cientificos","category-experiencia-laboral","category-formacion-y-empleo","category-iuslablog","category-jornadas","category-ley-de-empleo","category-miguel-c-rodriguez-pinero-royo","category-politica-de-empleo","category-proyecto-trabexit","category-reformas-estructurales"],"jetpack_publicize_connections":[],"jetpack_featured_media_url":"https:\/\/i0.wp.com\/grupo.us.es\/iwpr\/wp-content\/uploads\/2023\/12\/Imagen-SAE.png?fit=567%2C319&ssl=1","jetpack_shortlink":"https:\/\/wp.me\/p7HIjh-1qV","jetpack-related-posts":[{"id":5521,"url":"https:\/\/grupo.us.es\/iwpr\/2023\/12\/12\/5521\/","url_meta":{"origin":5513,"position":0},"title":"Seminario sobre el futuro del empleo organizado por el proyecto TRABEXIT","author":"Miguel Carlos Rodr\u00edguez-Pi\u00f1ero Royo","date":"12 diciembre, 2023","format":false,"excerpt":"El pr\u00f3ximo martes d\u00eda 12 de diciembre tendr\u00e1 lugar, en formato presencial y on-line, el seminario \"El futuro del empleo. El trabajo y las personas. Pol\u00edticas de empleo para todas las generaciones\u201d Es un seminario organizado en el marco del M\u00e1ster Interuniversitario en Estrategias y Gesti\u00f3n de Servicios y Pol\u00edticas\u2026","rel":"","context":"En \u00abAgust\u00edn Gal\u00e1n Garc\u00eda\u00bb","block_context":{"text":"Agust\u00edn Gal\u00e1n Garc\u00eda","link":"https:\/\/grupo.us.es\/iwpr\/category\/agustin-galan-garcia\/"},"img":{"alt_text":"","src":"","width":0,"height":0},"classes":[]},{"id":6313,"url":"https:\/\/grupo.us.es\/iwpr\/2024\/04\/10\/nuestra-revista-electronica-publica-un-nuevo-numero\/","url_meta":{"origin":5513,"position":1},"title":"Nuestra revista electr\u00f3nica publica un nuevo n\u00famero","author":"Miguel Carlos Rodr\u00edguez-Pi\u00f1ero Royo","date":"10 abril, 2024","format":false,"excerpt":"\u00a0 La Revista Trabajo, Persona, Derecho, Mercado, vinculada con este portal, ha publicado un nuevo n\u00famero monogr\u00e1fico, bajo el t\u00edtulo \"Ley de Empleo: una visi\u00f3n multidisciplinar\" \u00a0 En este n\u00famero se aborda, como se desprende de su denominaci\u00f3n, el an\u00e1lisis de la indicada norma; y se hace desde un enfoque\u2026","rel":"","context":"En \u00abCelia S\u00e1nchez L\u00f3pez\u00bb","block_context":{"text":"Celia S\u00e1nchez L\u00f3pez","link":"https:\/\/grupo.us.es\/iwpr\/category\/celia-sanchez-lopez\/"},"img":{"alt_text":"","src":"https:\/\/i0.wp.com\/grupo.us.es\/iwpr\/wp-content\/uploads\/2024\/02\/Trabexit-2-300x204.png?resize=350%2C200","width":350,"height":200},"classes":[]},{"id":7532,"url":"https:\/\/grupo.us.es\/iwpr\/2024\/10\/03\/seminario-de-investigacion-del-proyecto-trabexit\/","url_meta":{"origin":5513,"position":2},"title":"Seminario de Investigaci\u00f3n del Proyecto Trabexit","author":"Miguel Carlos Rodr\u00edguez-Pi\u00f1ero Royo","date":"3 octubre, 2024","format":false,"excerpt":"El pr\u00f3ximo d\u00eda 17 de octubre de 2024 tendr\u00e1 lugar un seminario de investigaci\u00f3n en el marco del Proyecto de Investigaci\u00f3n\u00a0\"La huida del mercado de trabajo y la legislaci\u00f3n social en Espa\u00f1a (TRABEXIT), PID2022-141201OB-I00\", de la Convocatoria 2022 - \u00abProyectos de Generaci\u00f3n de Conocimiento\u00bb, en el marco del Plan Estatal\u2026","rel":"","context":"En \u00abDerecho y mercado\"\u00bb","block_context":{"text":"Derecho y mercado\"","link":"https:\/\/grupo.us.es\/iwpr\/category\/derecho-y-mercado\/"},"img":{"alt_text":"","src":"https:\/\/i0.wp.com\/grupo.us.es\/iwpr\/wp-content\/uploads\/2024\/02\/Trabexit-2.png?fit=1200%2C815&ssl=1&resize=350%2C200","width":350,"height":200,"srcset":"https:\/\/i0.wp.com\/grupo.us.es\/iwpr\/wp-content\/uploads\/2024\/02\/Trabexit-2.png?fit=1200%2C815&ssl=1&resize=350%2C200 1x, https:\/\/i0.wp.com\/grupo.us.es\/iwpr\/wp-content\/uploads\/2024\/02\/Trabexit-2.png?fit=1200%2C815&ssl=1&resize=525%2C300 1.5x, https:\/\/i0.wp.com\/grupo.us.es\/iwpr\/wp-content\/uploads\/2024\/02\/Trabexit-2.png?fit=1200%2C815&ssl=1&resize=700%2C400 2x, https:\/\/i0.wp.com\/grupo.us.es\/iwpr\/wp-content\/uploads\/2024\/02\/Trabexit-2.png?fit=1200%2C815&ssl=1&resize=1050%2C600 3x"},"classes":[]},{"id":10372,"url":"https:\/\/grupo.us.es\/iwpr\/2026\/02\/09\/trabexit-una-nueva-realidad-del-mercado-de-trabajo-espanol\/","url_meta":{"origin":5513,"position":3},"title":"TRABEXIT: una nueva realidad del mercado de trabajo espa\u00f1ol","author":"Miguel Carlos Rodr\u00edguez-Pi\u00f1ero Royo","date":"9 febrero, 2026","format":false,"excerpt":"El t\u00e9rmino TRABEXIT ha sido acu\u00f1ado para dar nombre a un fen\u00f3meno de nuestro mercado de trabajo caracterizado por un abandono progresivo, plural y diverso del mismo por parte de muchas de las personas que lo conforman. Se trata de una adaptaci\u00f3n a nuestro pa\u00eds del fen\u00f3meno conocido como la\u2026","rel":"","context":"En \u00abAna Dom\u00ednguez Morales\u00bb","block_context":{"text":"Ana Dom\u00ednguez Morales","link":"https:\/\/grupo.us.es\/iwpr\/category\/ana-dominguez-morales\/"},"img":{"alt_text":"","src":"https:\/\/i0.wp.com\/grupo.us.es\/iwpr\/wp-content\/uploads\/2026\/02\/Capturadepantalla2025-09-05ales13.32.58.webp?fit=850%2C1200&ssl=1&resize=350%2C200","width":350,"height":200,"srcset":"https:\/\/i0.wp.com\/grupo.us.es\/iwpr\/wp-content\/uploads\/2026\/02\/Capturadepantalla2025-09-05ales13.32.58.webp?fit=850%2C1200&ssl=1&resize=350%2C200 1x, https:\/\/i0.wp.com\/grupo.us.es\/iwpr\/wp-content\/uploads\/2026\/02\/Capturadepantalla2025-09-05ales13.32.58.webp?fit=850%2C1200&ssl=1&resize=525%2C300 1.5x, https:\/\/i0.wp.com\/grupo.us.es\/iwpr\/wp-content\/uploads\/2026\/02\/Capturadepantalla2025-09-05ales13.32.58.webp?fit=850%2C1200&ssl=1&resize=700%2C400 2x"},"classes":[]},{"id":6778,"url":"https:\/\/grupo.us.es\/iwpr\/2024\/06\/03\/trabexit-en-el-congreso-nacional-de-la-asociacion-espanola-de-derecho-del-trabajo-y-de-la-seguridad-social\/","url_meta":{"origin":5513,"position":4},"title":"TRABEXIT en el Congreso Nacional de la Asociaci\u00f3n Espa\u00f1ola de Derecho del Trabajo y de la Seguridad Social","author":"Miguel Carlos Rodr\u00edguez-Pi\u00f1ero Royo","date":"3 junio, 2024","format":false,"excerpt":"Los d\u00edas 30 y 31 de mayo se ha celebrado en la ciudad de M\u00e9rida el XXXIV Congreso Nacional de la Asociaci\u00f3n Espa\u00f1ola de Derecho del Trabajo y de la Seguridad Social, magistralmente organizado por la Universidad de Extremadura. Puede accederse a la p\u00e1gina web de este Congreso a trav\u00e9s\u2026","rel":"","context":"En \u00abAna Dom\u00ednguez Morales\u00bb","block_context":{"text":"Ana Dom\u00ednguez Morales","link":"https:\/\/grupo.us.es\/iwpr\/category\/ana-dominguez-morales\/"},"img":{"alt_text":"","src":"https:\/\/i0.wp.com\/grupo.us.es\/iwpr\/wp-content\/uploads\/2024\/06\/thumbnail_IMG20240531114901-225x300.jpg?resize=350%2C200","width":350,"height":200},"classes":[]},{"id":9657,"url":"https:\/\/grupo.us.es\/iwpr\/2025\/10\/15\/i-congreso-internacional-trabexit-una-nueva-realidad-del-mercado-de-trabajo\/","url_meta":{"origin":5513,"position":5},"title":"I CONGRESO INTERNACIONAL \u00abTRABEXIT: UNA NUEVA REALIDAD DEL MERCADO DE TRABAJO\u00bb","author":"Jaime Rom\u00e1n Lemos","date":"15 octubre, 2025","format":false,"excerpt":"Los pr\u00f3ximos d\u00edas 22 y 23 de octubre de 2025 se celebrar\u00e1, en el Sal\u00f3n de Grados de la Facultad de Ciencias del Trabajo de la Universidad de Huelva, el I Congreso Internacional \"TRABEXIT: UNA NUEVA REALIDAD DEL MERCADO DE TRABAJO\", seminario que servir\u00e1 como presentaci\u00f3n del libro hom\u00f3nimo publicado\u2026","rel":"","context":"En \u00abAgust\u00edn Gal\u00e1n Garc\u00eda\u00bb","block_context":{"text":"Agust\u00edn Gal\u00e1n Garc\u00eda","link":"https:\/\/grupo.us.es\/iwpr\/category\/agustin-galan-garcia\/"},"img":{"alt_text":"","src":"https:\/\/i0.wp.com\/grupo.us.es\/iwpr\/wp-content\/uploads\/2024\/02\/Trabexit-2.png?fit=1200%2C815&ssl=1&resize=350%2C200","width":350,"height":200,"srcset":"https:\/\/i0.wp.com\/grupo.us.es\/iwpr\/wp-content\/uploads\/2024\/02\/Trabexit-2.png?fit=1200%2C815&ssl=1&resize=350%2C200 1x, https:\/\/i0.wp.com\/grupo.us.es\/iwpr\/wp-content\/uploads\/2024\/02\/Trabexit-2.png?fit=1200%2C815&ssl=1&resize=525%2C300 1.5x, https:\/\/i0.wp.com\/grupo.us.es\/iwpr\/wp-content\/uploads\/2024\/02\/Trabexit-2.png?fit=1200%2C815&ssl=1&resize=700%2C400 2x, https:\/\/i0.wp.com\/grupo.us.es\/iwpr\/wp-content\/uploads\/2024\/02\/Trabexit-2.png?fit=1200%2C815&ssl=1&resize=1050%2C600 3x"},"classes":[]}],"jetpack_sharing_enabled":true,"_links":{"self":[{"href":"https:\/\/grupo.us.es\/iwpr\/wp-json\/wp\/v2\/posts\/5513","targetHints":{"allow":["GET"]}}],"collection":[{"href":"https:\/\/grupo.us.es\/iwpr\/wp-json\/wp\/v2\/posts"}],"about":[{"href":"https:\/\/grupo.us.es\/iwpr\/wp-json\/wp\/v2\/types\/post"}],"author":[{"embeddable":true,"href":"https:\/\/grupo.us.es\/iwpr\/wp-json\/wp\/v2\/users\/2"}],"replies":[{"embeddable":true,"href":"https:\/\/grupo.us.es\/iwpr\/wp-json\/wp\/v2\/comments?post=5513"}],"version-history":[{"count":1,"href":"https:\/\/grupo.us.es\/iwpr\/wp-json\/wp\/v2\/posts\/5513\/revisions"}],"predecessor-version":[{"id":5515,"href":"https:\/\/grupo.us.es\/iwpr\/wp-json\/wp\/v2\/posts\/5513\/revisions\/5515"}],"wp:featuredmedia":[{"embeddable":true,"href":"https:\/\/grupo.us.es\/iwpr\/wp-json\/wp\/v2\/media\/5514"}],"wp:attachment":[{"href":"https:\/\/grupo.us.es\/iwpr\/wp-json\/wp\/v2\/media?parent=5513"}],"wp:term":[{"taxonomy":"category","embeddable":true,"href":"https:\/\/grupo.us.es\/iwpr\/wp-json\/wp\/v2\/categories?post=5513"},{"taxonomy":"post_tag","embeddable":true,"href":"https:\/\/grupo.us.es\/iwpr\/wp-json\/wp\/v2\/tags?post=5513"}],"curies":[{"name":"wp","href":"https:\/\/api.w.org\/{rel}","templated":true}]}}