{"id":5448,"date":"2023-07-31T21:22:43","date_gmt":"2023-07-31T19:22:43","guid":{"rendered":"http:\/\/grupo.us.es\/newiwpr\/?p=5448"},"modified":"2023-07-31T21:22:43","modified_gmt":"2023-07-31T19:22:43","slug":"hacia-una-regulacion-laboral-de-la-gestion-algoritmica","status":"publish","type":"post","link":"https:\/\/grupo.us.es\/iwpr\/2023\/07\/31\/hacia-una-regulacion-laboral-de-la-gestion-algoritmica\/","title":{"rendered":"Hacia una regulaci\u00f3n laboral de la gesti\u00f3n algor\u00edtmica"},"content":{"rendered":"<div class=\"hidden mr-8 text-darker social-follow md:block\">\n<div class=\"follow-block\"><\/div>\n<\/div>\n<div class=\"md:mr-10 entry-content\">\n<p class=\"selectionShareable\">La utilizaci\u00f3n de los algoritmos en la gesti\u00f3n de los recursos humanos es una realidad, lo que ha generado un debate en el que se consideran tanto sus ventajas como sus riesgos. Lo que parece claro es que es necesaria una regulaci\u00f3n actualizada de estos nuevos instrumentos, para hacer posible las primeras y controlar los segundos. De ah\u00ed que se venga hablando desde hace tiempo de la necesidad de un \u201cDerecho Algor\u00edtmico\u201d, y m\u00e1s concretamente de un \u201cDerecho Algor\u00edtmico del Trabajo\u201d.<\/p>\n<p class=\"selectionShareable\">As\u00ed lo ha expresado el legislador laboral, en la Exposici\u00f3n de Motivos de la Ley 12\/2021, cuando afirmaba que \u00ab<i>los algoritmos merecen nuestra atenci\u00f3n y an\u00e1lisis, por los cambios que est\u00e1n introduciendo en la gesti\u00f3n de los servicios y actividades empresariales, en todos los aspectos de las condiciones de trabajo y, sobre todo, porque dichas alteraciones se est\u00e1n dando de manera ajena al esquema tradicional de participaci\u00f3n de las personas trabajadoras en la empresa<\/i>\u00ab.<\/p>\n<p class=\"selectionShareable\">La Declaraci\u00f3n Europea de Derechos Digitales y Principios para la D\u00e9cada Digital (COM (2022) 28 final) recoge una serie de derechos para las personas en relaci\u00f3n con estos mecanismos: garantizar la transparencia sobre el uso de algoritmos e inteligencia artificial, y que las personas est\u00e9n empoderadas e informadas cuando interact\u00faen con ellos; garantizar que los sistemas algor\u00edtmicos se basen en conjuntos de datos adecuados para evitar la discriminaci\u00f3n ilegal y permitir la supervisi\u00f3n humana de los resultados que afectan a las personas; garantizar que las tecnolog\u00edas, como los algoritmos y la inteligencia artificial, no se utilicen para predeterminar las decisiones de las personas, entre otros, en materia de empleo; establecer salvaguardias para garantizar que la inteligencia artificial y los sistemas digitales sean seguros y se utilicen respetando plenamente los derechos fundamentales de las personas.<\/p>\n<p class=\"selectionShareable\">En nuestro pa\u00eds la Carta de Derechos Digitales de la Ciudadan\u00eda ha establecido que \u201c<i>en los entornos digitales y el teletrabajo las personas trabajadoras del sector p\u00fablico o privado tienen derecho con arreglo a la normativa vigente, a (\u2026) la garant\u00eda de sus derechos frente al uso por la entidad empleadora de procedimientos de anal\u00edtica de datos, inteligencia artificial y, en particular, los previstos en la legislaci\u00f3n respecto del empleo de decisiones automatizadas en los procesos de selecci\u00f3n de personal<\/i>\u201d.<\/p>\n<p class=\"selectionShareable\">Espa\u00f1a ha sido un pa\u00eds pionero en la construcci\u00f3n de esta nueva rama de la legislaci\u00f3n laboral. De acuerdo con la voluntad de facilitar la puesta al d\u00eda de los profesionales y de dar a conocer los temas de actualidad, en el mundo legal y fiscal, dentro de la colecci\u00f3n de Periscopios de la firma PwC Tax &amp; Legal se ha publicado un estudio sobre esta realidad, elaborado por las profesionales de esta firma de servicios profesionales Eugenia Guzm\u00e1n y Concepci\u00f3n Espinas, y por el colaborador de este blog Miguel Rodr\u00edguez-Pi\u00f1ero, senior counselor de la firma. En este Periscopio se analizan tanto las medidas ya aprobadas y vigentes en Espa\u00f1a, como aquellas otras en tr\u00e1mite de elaboraci\u00f3n en nuestro pa\u00eds y en la Uni\u00f3n Europea.<\/p>\n<\/div>\n<p>Como siempre, este estudio est\u00e1 disponible en el portal web de PwC, concretamente en este <a href=\"https:\/\/periscopiofiscalylegal.pwc.es\/hacia-una-regulacion-laboral-de-la-gestion-algoritmica\/\">enlace<\/a>.<\/p>\n<p>&nbsp;<\/p>\n<p><img data-recalc-dims=\"1\" loading=\"lazy\" decoding=\"async\" data-attachment-id=\"4968\" data-permalink=\"https:\/\/grupo.us.es\/iwpr\/2022\/04\/30\/algoritmos-y-discriminacion\/laptop-g4951b1e73_640\/\" data-orig-file=\"https:\/\/i0.wp.com\/grupo.us.es\/iwpr\/wp-content\/uploads\/2022\/04\/laptop-g4951b1e73_640.png?fit=640%2C434&amp;ssl=1\" data-orig-size=\"640,434\" data-comments-opened=\"1\" data-image-meta=\"{&quot;aperture&quot;:&quot;0&quot;,&quot;credit&quot;:&quot;&quot;,&quot;camera&quot;:&quot;&quot;,&quot;caption&quot;:&quot;&quot;,&quot;created_timestamp&quot;:&quot;0&quot;,&quot;copyright&quot;:&quot;&quot;,&quot;focal_length&quot;:&quot;0&quot;,&quot;iso&quot;:&quot;0&quot;,&quot;shutter_speed&quot;:&quot;0&quot;,&quot;title&quot;:&quot;&quot;,&quot;orientation&quot;:&quot;0&quot;}\" data-image-title=\"laptop-g4951b1e73_640\" data-image-description=\"\" data-image-caption=\"\" data-large-file=\"https:\/\/i0.wp.com\/grupo.us.es\/iwpr\/wp-content\/uploads\/2022\/04\/laptop-g4951b1e73_640.png?fit=640%2C434&amp;ssl=1\" class=\" wp-image-4968 aligncenter\" src=\"https:\/\/i0.wp.com\/grupo.us.es\/iwpr\/wp-content\/uploads\/2022\/04\/laptop-g4951b1e73_640.png?resize=364%2C246\" alt=\"\" width=\"364\" height=\"246\" srcset=\"https:\/\/i0.wp.com\/grupo.us.es\/iwpr\/wp-content\/uploads\/2022\/04\/laptop-g4951b1e73_640.png?resize=300%2C203&amp;ssl=1 300w, https:\/\/i0.wp.com\/grupo.us.es\/iwpr\/wp-content\/uploads\/2022\/04\/laptop-g4951b1e73_640.png?resize=150%2C102&amp;ssl=1 150w, https:\/\/i0.wp.com\/grupo.us.es\/iwpr\/wp-content\/uploads\/2022\/04\/laptop-g4951b1e73_640.png?w=640&amp;ssl=1 640w\" sizes=\"auto, (max-width: 364px) 100vw, 364px\" \/><\/p>\n","protected":false},"excerpt":{"rendered":"<p>La utilizaci\u00f3n de los algoritmos en la gesti\u00f3n de los recursos humanos es una realidad, lo que ha generado un debate en el que se consideran tanto sus ventajas como sus riesgos. Lo que parece claro es que es necesaria una regulaci\u00f3n actualizada de estos nuevos instrumentos, para hacer posible las primeras y controlar los&#8230;<\/p>\n","protected":false},"author":2,"featured_media":0,"comment_status":"open","ping_status":"open","sticky":true,"template":"","format":"standard","meta":{"jetpack_post_was_ever_published":false,"_jetpack_newsletter_access":"","_jetpack_dont_email_post_to_subs":false,"_jetpack_newsletter_tier_id":0,"_jetpack_memberships_contains_paywalled_content":false,"_jetpack_memberships_contains_paid_content":false,"footnotes":"","jetpack_publicize_message":"","jetpack_publicize_feature_enabled":true,"jetpack_social_post_already_shared":true,"jetpack_social_options":{"image_generator_settings":{"template":"highway","default_image_id":0,"font":"","enabled":false},"version":2}},"categories":[275,312,47,277,227,256,289,83,175,316,21,10,111,292,116],"tags":[],"class_list":["post-5448","post","type-post","status-publish","format-standard","hentry","category-algoritmos","category-concepcion-espinas","category-derechos-digitales","category-digital","category-estatuto-de-los-trabajadores","category-eugenia-guzman","category-europa","category-inteligencia-artificial","category-iuslablog","category-ley-de-empleo","category-miguel-c-rodriguez-pinero-royo","category-novedades-legislativas","category-nuevas-causas-y-perfiles-de-discriminacion","category-regolamento-europeo-sulla-ia","category-union-europea"],"jetpack_publicize_connections":[],"jetpack_featured_media_url":"","jetpack_shortlink":"https:\/\/wp.me\/p7HIjh-1pS","jetpack-related-posts":[{"id":11393,"url":"https:\/\/grupo.us.es\/iwpr\/2026\/04\/23\/que-ha-pasado-todo-este-tiempo-con-el-derecho-del-trabajo-algoritmico\/","url_meta":{"origin":5448,"position":0},"title":"\u00bfQu\u00e9 ha pasado todo este tiempo con el Derecho del Trabajo Algor\u00edtmico?","author":"Miguel Carlos Rodr\u00edguez-Pi\u00f1ero Royo","date":"23 abril, 2026","format":false,"excerpt":"Miguel Rodr\u00edguez-Pi\u00f1ero Royo Universidad de Sevilla \u00a0 Dos a\u00f1os no es mucho tiempo. O s\u00ed lo es. En el mundo del Derecho en general no suele serlo. En el del Derecho que se ocupa de la tecnolog\u00eda es normal que lo sea. Sobre todo porque la materia regulada est\u00e1 experimentando\u2026","rel":"","context":"En \u00abDerecho Internacional del Trabajo\u00bb","block_context":{"text":"Derecho Internacional del Trabajo","link":"https:\/\/grupo.us.es\/iwpr\/category\/derecho-internacional-del-trabajo\/"},"img":{"alt_text":"","src":"https:\/\/i0.wp.com\/grupo.us.es\/iwpr\/wp-content\/uploads\/2026\/03\/Iniciativa-interblogs-2.png?fit=1024%2C995&ssl=1&resize=350%2C200","width":350,"height":200,"srcset":"https:\/\/i0.wp.com\/grupo.us.es\/iwpr\/wp-content\/uploads\/2026\/03\/Iniciativa-interblogs-2.png?fit=1024%2C995&ssl=1&resize=350%2C200 1x, https:\/\/i0.wp.com\/grupo.us.es\/iwpr\/wp-content\/uploads\/2026\/03\/Iniciativa-interblogs-2.png?fit=1024%2C995&ssl=1&resize=525%2C300 1.5x, https:\/\/i0.wp.com\/grupo.us.es\/iwpr\/wp-content\/uploads\/2026\/03\/Iniciativa-interblogs-2.png?fit=1024%2C995&ssl=1&resize=700%2C400 2x"},"classes":[]},{"id":5569,"url":"https:\/\/grupo.us.es\/iwpr\/2023\/12\/26\/avances-en-la-regulacion-de-la-gestion-algoritmica-de-personas\/","url_meta":{"origin":5448,"position":1},"title":"Avances en la regulaci\u00f3n de la gesti\u00f3n algor\u00edtmica de personas","author":"Miguel Carlos Rodr\u00edguez-Pi\u00f1ero Royo","date":"26 diciembre, 2023","format":false,"excerpt":"La elaboraci\u00f3n de un Derecho algor\u00edtmico del Trabajo, que ser\u00eda la regulaci\u00f3n de los instrumentos de gesti\u00f3n de los recursos humanos que utilizan algoritmos, est\u00e1 siendo un proceso bastante acelerado, como lo son todos en una materia tan relevante, cambiante y omnipresente como lo es la Inteligencia Artificial (IA). En\u2026","rel":"","context":"En \u00abAlgoritmos\u00bb","block_context":{"text":"Algoritmos","link":"https:\/\/grupo.us.es\/iwpr\/category\/algoritmos\/"},"img":{"alt_text":"","src":"https:\/\/i0.wp.com\/grupo.us.es\/iwpr\/wp-content\/uploads\/2023\/12\/Imagen3-300x125.png?resize=350%2C200","width":350,"height":200,"srcset":"https:\/\/i0.wp.com\/grupo.us.es\/iwpr\/wp-content\/uploads\/2023\/12\/Imagen3-300x125.png?resize=350%2C200 1x, https:\/\/i0.wp.com\/grupo.us.es\/iwpr\/wp-content\/uploads\/2023\/12\/Imagen3-300x125.png?resize=525%2C300 1.5x, https:\/\/i0.wp.com\/grupo.us.es\/iwpr\/wp-content\/uploads\/2023\/12\/Imagen3-300x125.png?resize=700%2C400 2x"},"classes":[]},{"id":8236,"url":"https:\/\/grupo.us.es\/iwpr\/2025\/01\/20\/nueva-publicacion-del-proyecto-trabexit-derecho-del-trabajo-inteligencia-artificial-y-tutela-de-las-personas\/","url_meta":{"origin":5448,"position":2},"title":"Nueva publicaci\u00f3n del proyecto Trabexit: \u201cDerecho del trabajo, inteligencia artificial y tutela de las personas\u201d","author":"Miguel Carlos Rodr\u00edguez-Pi\u00f1ero Royo","date":"20 enero, 2025","format":false,"excerpt":"La revista Teor\u00eda & Derecho ha publicado en su \u00faltimo n\u00famero, el 37 del a\u00f1o 2024, un art\u00edculo de Miguel Rodr\u00edguez-Pi\u00f1ero Royo, colaborar de IUSLABLOG y miembro del proyecto TRABEXIT. Se trata del art\u00edculo \u201cDerecho del trabajo, inteligencia artificial y tutela de las personas\u201d, publicado en abierto en el siguiente\u2026","rel":"","context":"En \u00abAlgoritmos\u00bb","block_context":{"text":"Algoritmos","link":"https:\/\/grupo.us.es\/iwpr\/category\/algoritmos\/"},"img":{"alt_text":"","src":"https:\/\/i0.wp.com\/grupo.us.es\/iwpr\/wp-content\/uploads\/2024\/02\/Trabexit-2-300x204.png?resize=350%2C200","width":350,"height":200},"classes":[]},{"id":6573,"url":"https:\/\/grupo.us.es\/iwpr\/2024\/04\/30\/por-fin-la-directiva-de-trabajadores-de-plataforma\/","url_meta":{"origin":5448,"position":3},"title":"Por fin la Directiva de trabajadores de plataforma","author":"Miguel Carlos Rodr\u00edguez-Pi\u00f1ero Royo","date":"30 abril, 2024","format":false,"excerpt":"\u00a0 \u00a0 Esta entrada reproduce un Periscopio Fiscal y Legal de PwC, elaborado por Mar\u00eda Eugenia Guzm\u00e1n y Julio Calvo, socios de laboral de PwC Tax & Legal; y por Miguel Rodr\u00edguez-Pi\u00f1ero, colaborador de este blog, accesible mediante este enlace El mi\u00e9rcoles d\u00eda 24 de abril de este a\u00f1o se\u2026","rel":"","context":"En \u00abAlgoritmos\u00bb","block_context":{"text":"Algoritmos","link":"https:\/\/grupo.us.es\/iwpr\/category\/algoritmos\/"},"img":{"alt_text":"","src":"https:\/\/i0.wp.com\/grupo.us.es\/iwpr\/wp-content\/uploads\/2023\/12\/Imagen3-300x125.png?resize=350%2C200","width":350,"height":200},"classes":[]},{"id":7882,"url":"https:\/\/grupo.us.es\/iwpr\/2024\/11\/25\/se-ha-publicado-la-directiva-de-trabajadores-de-plataforma\/","url_meta":{"origin":5448,"position":4},"title":"Se ha publicado la directiva de trabajadores de plataforma","author":"Miguel Carlos Rodr\u00edguez-Pi\u00f1ero Royo","date":"25 noviembre, 2024","format":false,"excerpt":"El 11 de noviembre de 2024 se ha publicado en el Diario Oficial de la Uni\u00f3n Europea la Directiva que tiene como objetivo mejorar las condiciones laborales y la protecci\u00f3n de los datos personales en el \u00e1mbito del trabajo en plataformas. Esta publicaci\u00f3n era esperada desde hace alg\u00fan tiempo, ya\u2026","rel":"","context":"En \u00abDerecho unioneuropeo\u00bb","block_context":{"text":"Derecho unioneuropeo","link":"https:\/\/grupo.us.es\/iwpr\/category\/derecho-unioneuropeo\/"},"img":{"alt_text":"","src":"","width":0,"height":0},"classes":[]},{"id":5472,"url":"https:\/\/grupo.us.es\/iwpr\/2023\/10\/11\/la-ley-rider-dos-anos-despues-ensenanzas-de-una-experiencia-particular\/","url_meta":{"origin":5448,"position":5},"title":"La Ley Rider dos a\u00f1os despu\u00e9s: ense\u00f1anzas de una experiencia particular","author":"Miguel Carlos Rodr\u00edguez-Pi\u00f1ero Royo","date":"11 octubre, 2023","format":false,"excerpt":"Espa\u00f1a ha sido pionera en la regulaci\u00f3n del trabajo de plataforma, y por muchas razones su experiencia es interesante desde un punto de vista acad\u00e9mico y de pol\u00edticas p\u00fablicas. Y no s\u00f3lo por disponer de una ley monogr\u00e1fica derivada del di\u00e1logo social, sino tambi\u00e9n por poner de manifiesto la relevancia\u2026","rel":"","context":"En \u00abAlgoritmos\u00bb","block_context":{"text":"Algoritmos","link":"https:\/\/grupo.us.es\/iwpr\/category\/algoritmos\/"},"img":{"alt_text":"","src":"https:\/\/i0.wp.com\/grupo.us.es\/iwpr\/wp-content\/uploads\/2023\/10\/cover_issue_1066_es_ES.png?fit=867%2C1200&ssl=1&resize=350%2C200","width":350,"height":200,"srcset":"https:\/\/i0.wp.com\/grupo.us.es\/iwpr\/wp-content\/uploads\/2023\/10\/cover_issue_1066_es_ES.png?fit=867%2C1200&ssl=1&resize=350%2C200 1x, https:\/\/i0.wp.com\/grupo.us.es\/iwpr\/wp-content\/uploads\/2023\/10\/cover_issue_1066_es_ES.png?fit=867%2C1200&ssl=1&resize=525%2C300 1.5x, https:\/\/i0.wp.com\/grupo.us.es\/iwpr\/wp-content\/uploads\/2023\/10\/cover_issue_1066_es_ES.png?fit=867%2C1200&ssl=1&resize=700%2C400 2x"},"classes":[]}],"jetpack_sharing_enabled":true,"_links":{"self":[{"href":"https:\/\/grupo.us.es\/iwpr\/wp-json\/wp\/v2\/posts\/5448","targetHints":{"allow":["GET"]}}],"collection":[{"href":"https:\/\/grupo.us.es\/iwpr\/wp-json\/wp\/v2\/posts"}],"about":[{"href":"https:\/\/grupo.us.es\/iwpr\/wp-json\/wp\/v2\/types\/post"}],"author":[{"embeddable":true,"href":"https:\/\/grupo.us.es\/iwpr\/wp-json\/wp\/v2\/users\/2"}],"replies":[{"embeddable":true,"href":"https:\/\/grupo.us.es\/iwpr\/wp-json\/wp\/v2\/comments?post=5448"}],"version-history":[{"count":1,"href":"https:\/\/grupo.us.es\/iwpr\/wp-json\/wp\/v2\/posts\/5448\/revisions"}],"predecessor-version":[{"id":5449,"href":"https:\/\/grupo.us.es\/iwpr\/wp-json\/wp\/v2\/posts\/5448\/revisions\/5449"}],"wp:attachment":[{"href":"https:\/\/grupo.us.es\/iwpr\/wp-json\/wp\/v2\/media?parent=5448"}],"wp:term":[{"taxonomy":"category","embeddable":true,"href":"https:\/\/grupo.us.es\/iwpr\/wp-json\/wp\/v2\/categories?post=5448"},{"taxonomy":"post_tag","embeddable":true,"href":"https:\/\/grupo.us.es\/iwpr\/wp-json\/wp\/v2\/tags?post=5448"}],"curies":[{"name":"wp","href":"https:\/\/api.w.org\/{rel}","templated":true}]}}