{"id":5172,"date":"2022-07-26T21:54:52","date_gmt":"2022-07-26T19:54:52","guid":{"rendered":"http:\/\/grupo.us.es\/newiwpr\/?p=5172"},"modified":"2022-07-26T21:58:01","modified_gmt":"2022-07-26T19:58:01","slug":"el-impacto-de-la-reforma-laboral-en-las-contratas","status":"publish","type":"post","link":"https:\/\/grupo.us.es\/iwpr\/2022\/07\/26\/el-impacto-de-la-reforma-laboral-en-las-contratas\/","title":{"rendered":"El impacto de la reforma laboral en las contratas"},"content":{"rendered":"<p><strong>Jes\u00fas Lahera Forteza, Catedr\u00e1tico Derecho Trabajo Universidad Complutense<\/strong><\/p>\n<p>(Esta entrada se basa en la intervenci\u00f3n de su autor en el curso de verano organizado por IUSLABLOG y GAUDIA en la Universidad Internacional de Andaluc\u00eda sobre la reforma laboral)<\/p>\n<p><strong>\u00a0\u00a0\u00a0\u00a0\u00a0\u00a0\u00a0\u00a0\u00a0\u00a0\u00a0 <\/strong>El debate previo a la reforma laboral de 2021 (Decreto-Ley 32\/2021) estuvo especialmente centrado en el \u00e1mbito del trabajo en las contratas mercantiles. Los tres factores de regulaci\u00f3n laboral de las contratas sujetos a debate eran la contrataci\u00f3n, los salarios y las responsabilidades empresariales.<\/p>\n<p>El dominio del contrato de obra conexo a contratas, antes del cambio jurisprudencial de la STS 29 Diciembre 2020, propiciaba una alta temporalidad en el sector servicios que deb\u00eda ser corregida. La prioridad del convenio de empresa en los salarios, estando vigente un convenio sectorial, generaba una devaluaci\u00f3n salarial en determinadas empresas multiservicios con debilidad sindical, que deb\u00eda ser superada. El \u00e1mbito objetivo y subjetivo de la responsabilidad solidaria en salarios, restringido a la propia actividad de la empresa contratante y en determinadas relaciones jur\u00eddicas mercantiles, exclu\u00eda a buena parte de los trabajadores de empresas contratistas, lo que obligaba a replantear el sistema de responsabilidades. Estos tres factores de regulaci\u00f3n de las contratas dominaron el debate laboral con hasta tres proposiciones de Ley en 2016 y 2018 de Ciudadanos, PSOE y Unidas Podemos dirigidas a reducir la precariedad contractual y salarial de los trabajadores de las empresas contratistas.<\/p>\n<p>En el marco de este debate, la reforma laboral pactada de 2021 impacta en la regulaci\u00f3n de las contratas con un resultado desigual. Puede afirmarse, desde un inicio, qu\u00e9 de estos tres problemas, la reforma laboral soluciona claramente el de la contrataci\u00f3n temporal, crea v\u00edas de soluci\u00f3n en la devaluaci\u00f3n salarial y deja pendiente la reelaboraci\u00f3n del sistema de responsabilidades empresariales.<\/p>\n<p>En primer lugar, la reforma deroga el contrato de obra y proh\u00edbe expresamente la vinculaci\u00f3n autom\u00e1tica entre contrataci\u00f3n temporal y contrata mercantil en actividades habituales y permanentes de las empresas contratistas (art.15.2 ET). Por tanto, queda desterrado el modelo laboral de temporalidad del sector servicios asociado a contratas. La temporalidad se reduce a incrementos ocasionales imprevisibles y oscilaciones de producci\u00f3n con desajustes de empleo estable dentro del desarrollo de la contrata, superando el antiguo modelo estructural. En consonancia con este cambio, la reforma articula fijos discontinuos estacionales, intermitentes o directamente adscritos a contratas (art.16 ET) de enorme impacto en la contrataci\u00f3n laboral de este \u00e1mbito. La superaci\u00f3n de la temporalidad tiene la v\u00eda flexible de contratos indefinidos adaptados a la producci\u00f3n de las contratas, ya por su estacionalidad, su naturaleza peri\u00f3dica intermitente o su duraci\u00f3n continua, en ocasiones plurianual. Cabe destacar la f\u00f3rmula de fijo discontinuo adscrito a contrata (art.16.4 ET) que permite per\u00edodos de inactividad entre contratas, con protecci\u00f3n social por desempleo, con un m\u00e1ximo legal de 3 meses disponibles por convenio sectorial, que operan como expectativas de recolocaci\u00f3n. Esta herramienta libera costes salariales de las empresas, ofrece oportunidades de continuidad al trabajador y automatiza la extinci\u00f3n contractual como despido objetivo ante la imposibilidad de recolocaci\u00f3n en otras contratas. Queda sustituido, as\u00ed, un modelo de temporalidad por otro de contrataci\u00f3n indefinida bien adaptada a la realidad de las contratas. Las conocidas estad\u00edsticas muestran ya este hecho, con una reducci\u00f3n de temporalidad y sustanciales subidas de contratos indefinidos, en especial fijos discontinuos, lo que est\u00e1 teniendo un notable impacto en el sector servicios.<\/p>\n<p>Por su parte, la correcci\u00f3n de la devaluaci\u00f3n salarial en las contratas ya ten\u00eda un precedente en los contratos p\u00fablicos (Ley 9\/2017) que impone el pago, como m\u00ednimo, de los salarios de convenios sectoriales en la actividad ejecutada. La reforma podr\u00eda haber solucionado claramente este problema de la misma manera pero lo hace, de manera m\u00e1s t\u00edmida, confiando en que la negociaci\u00f3n colectiva sectorial estatal o auton\u00f3mica pacte salarios m\u00ednimos sectoriales en el \u00e1mbito de las contratas. El reenv\u00edo a las reglas generales de concurrencia convencional (art.42.6 y 84 ET) pone el foco de la soluci\u00f3n en estos acuerdos sectoriales que excepcionen aplicar la regla de prioridad temporal, quedando asegurado, en cualquier caso, ya, que un convenio de empresas multiservicios no pueda bajar salarios estando vigente un convenio sectorial. La reforma crea as\u00ed v\u00edas de soluci\u00f3n convencional a esta problem\u00e1tica, en un marco normativo que confirma la aplicaci\u00f3n del convenio colectivo de la actividad de la contrata y no el de la empresa principal, en l\u00ednea jurisprudencial. No se aplica ning\u00fan principio de igualdad laboral convencional entre empresa contratista y contratante, como se planteaba en el debate previo, sino estos mecanismos de correcci\u00f3n salarial.<\/p>\n<p>Finalmente, la reforma deja pendiente la reconstrucci\u00f3n de un nuevo sistema del \u00e1mbito objetivo y subjetivo de la responsabilidad solidaria salarial en contratas. No ha sido objeto de pacto social esta materia. La v\u00eda intermedia de supresi\u00f3n de la propia actividad y extensi\u00f3n de una responsabilidad subsidiaria salarial a toda contrata podr\u00eda haber formado parte de la reforma pero no ha sido as\u00ed. Las posiciones maximalistas, que pretend\u00edan una solidaridad en cualquier materia laboral en toda contrata, junto al antes mencionado principio de igualdad convencional, no han cooperado, seguramente, al pragmatismo de esta v\u00eda intermedia que encajaba en un pacto social. Queda pendiente para el futuro asegurar mejor los salarios de los trabajadores en las contratas, en especial cuando las contratistas se declaran insolventes.<\/p>\n<p>En conclusi\u00f3n, tras el debate previo en las contratas, la reforma laboral pactada transforma el modelo de contrataci\u00f3n, que pasa de ser temporal a indefinido, y crea v\u00edas de soluci\u00f3n convencional para una dignificaci\u00f3n de los salarios, quedando pendiente la reconstrucci\u00f3n del sistema de responsabilidades empresariales de las empresas contratantes.<\/p>\n<p><img data-recalc-dims=\"1\" loading=\"lazy\" decoding=\"async\" data-attachment-id=\"5174\" data-permalink=\"https:\/\/grupo.us.es\/iwpr\/2022\/07\/26\/el-impacto-de-la-reforma-laboral-en-las-contratas\/attachment\/9788430981571\/\" data-orig-file=\"https:\/\/i0.wp.com\/grupo.us.es\/iwpr\/wp-content\/uploads\/2022\/07\/9788430981571.jpg?fit=552%2C779&amp;ssl=1\" data-orig-size=\"552,779\" data-comments-opened=\"1\" data-image-meta=\"{&quot;aperture&quot;:&quot;0&quot;,&quot;credit&quot;:&quot;&quot;,&quot;camera&quot;:&quot;&quot;,&quot;caption&quot;:&quot;&quot;,&quot;created_timestamp&quot;:&quot;0&quot;,&quot;copyright&quot;:&quot;&quot;,&quot;focal_length&quot;:&quot;0&quot;,&quot;iso&quot;:&quot;0&quot;,&quot;shutter_speed&quot;:&quot;0&quot;,&quot;title&quot;:&quot;&quot;,&quot;orientation&quot;:&quot;0&quot;}\" data-image-title=\"9788430981571\" data-image-description=\"\" data-image-caption=\"\" data-large-file=\"https:\/\/i0.wp.com\/grupo.us.es\/iwpr\/wp-content\/uploads\/2022\/07\/9788430981571.jpg?fit=552%2C779&amp;ssl=1\" class=\" wp-image-5174 aligncenter\" src=\"https:\/\/i0.wp.com\/grupo.us.es\/iwpr\/wp-content\/uploads\/2022\/07\/9788430981571.jpg?resize=273%2C385\" alt=\"\" width=\"273\" height=\"385\" srcset=\"https:\/\/i0.wp.com\/grupo.us.es\/iwpr\/wp-content\/uploads\/2022\/07\/9788430981571.jpg?resize=213%2C300&amp;ssl=1 213w, https:\/\/i0.wp.com\/grupo.us.es\/iwpr\/wp-content\/uploads\/2022\/07\/9788430981571.jpg?resize=106%2C150&amp;ssl=1 106w, https:\/\/i0.wp.com\/grupo.us.es\/iwpr\/wp-content\/uploads\/2022\/07\/9788430981571.jpg?w=552&amp;ssl=1 552w\" sizes=\"auto, (max-width: 273px) 100vw, 273px\" \/><\/p>\n","protected":false},"excerpt":{"rendered":"<p>Jes\u00fas Lahera Forteza, Catedr\u00e1tico Derecho Trabajo Universidad Complutense (Esta entrada se basa en la intervenci\u00f3n de su autor en el curso de verano organizado por IUSLABLOG y GAUDIA en la Universidad Internacional de Andaluc\u00eda sobre la reforma laboral) \u00a0\u00a0\u00a0\u00a0\u00a0\u00a0\u00a0\u00a0\u00a0\u00a0\u00a0 El debate previo a la reforma laboral de 2021 (Decreto-Ley 32\/2021) estuvo especialmente centrado en el&#8230;<\/p>\n","protected":false},"author":2,"featured_media":5173,"comment_status":"open","ping_status":"open","sticky":true,"template":"","format":"standard","meta":{"jetpack_post_was_ever_published":false,"_jetpack_newsletter_access":"","_jetpack_dont_email_post_to_subs":false,"_jetpack_newsletter_tier_id":0,"_jetpack_memberships_contains_paywalled_content":false,"_jetpack_memberships_contains_paid_content":false,"footnotes":"","jetpack_publicize_message":"","jetpack_publicize_feature_enabled":true,"jetpack_social_post_already_shared":true,"jetpack_social_options":{"image_generator_settings":{"template":"highway","default_image_id":0,"font":"","enabled":false},"version":2}},"categories":[233,227,175,248,251,249,10,228],"tags":[],"class_list":["post-5172","post","type-post","status-publish","format-standard","has-post-thumbnail","hentry","category-dialogo-social","category-estatuto-de-los-trabajadores","category-iuslablog","category-jesus-lahera-forteza","category-jornadas","category-negociacion-colectiva","category-novedades-legislativas","category-reforma-laboral"],"jetpack_publicize_connections":[],"jetpack_featured_media_url":"https:\/\/i0.wp.com\/grupo.us.es\/iwpr\/wp-content\/uploads\/2022\/07\/QsEmTEk6_400x400.jpg?fit=400%2C400&ssl=1","jetpack_shortlink":"https:\/\/wp.me\/p7HIjh-1lq","jetpack-related-posts":[{"id":4833,"url":"https:\/\/grupo.us.es\/iwpr\/2022\/03\/22\/la-importancia-de-los-acuerdos-sectoriales-estatales-tras-la-reforma-laboral\/","url_meta":{"origin":5172,"position":0},"title":"La importancia de los acuerdos sectoriales estatales tras la reforma laboral","author":"Miguel Carlos Rodr\u00edguez-Pi\u00f1ero Royo","date":"22 marzo, 2022","format":false,"excerpt":"El profesor Lahera Forteza, uno de los mayores expertos en Espa\u00f1a en materia de negociaci\u00f3n colectiva, acaba de publicar una importante monograf\u00eda sobre esta materia en la editorial Tirant Lo Blanch, titulada \"La negociaci\u00f3n colectiva tras la reforma laboral de 2021\". Por invitaci\u00f3n de los responsables de este blog ha\u2026","rel":"","context":"En \u00abDi\u00e1logo Social\u00bb","block_context":{"text":"Di\u00e1logo Social","link":"https:\/\/grupo.us.es\/iwpr\/category\/dialogo-social\/"},"img":{"alt_text":"","src":"","width":0,"height":0},"classes":[]},{"id":5074,"url":"https:\/\/grupo.us.es\/iwpr\/2022\/06\/01\/la-reforma-laboral-a-debate-en-un-curso-de-la-unia\/","url_meta":{"origin":5172,"position":1},"title":"La Reforma Laboral A Debate En Un Curso De La UNIA","author":"Admin","date":"1 junio, 2022","format":false,"excerpt":"Entre los d\u00edas 11 y 14 de julio tendr\u00e1 lugar en la Sede Santa Mar\u00eda de La R\u00e1bida, de la Universidad Internacional de Andaluc\u00eda, el curso de verano titulado \u2018La reforma laboral a debate: la transformaci\u00f3n del Derecho del Trabajo del Siglo XXI\u2019, dirigido por los profesores de la Universidad\u2026","rel":"","context":"En \u00abcursos\u00bb","block_context":{"text":"cursos","link":"https:\/\/grupo.us.es\/iwpr\/category\/cursos\/"},"img":{"alt_text":"","src":"","width":0,"height":0},"classes":[]},{"id":3892,"url":"https:\/\/grupo.us.es\/iwpr\/2021\/11\/05\/otro-paradigma-en-la-regulacion-legal-de-las-contratas\/","url_meta":{"origin":5172,"position":2},"title":"Otro paradigma en la regulaci\u00f3n legal de las contratas","author":"Miguel Carlos Rodr\u00edguez-Pi\u00f1ero Royo","date":"5 noviembre, 2021","format":false,"excerpt":"Se ha publicado una nueva columna en el diario econ\u00f3mico Cinco D\u00edas a cargo de Marc Carrera Domenech y Miguel Rodr\u00edguez-Pi\u00f1ero Royo, miembro de este grupo de investigaci\u00f3n En ella se realiza un an\u00e1lisis de los cambios propuestos, en el contexto de los diferentes procesos abiertos de reforma legal, en\u2026","rel":"","context":"En \u00abContrataci\u00f3n Temporal\u00bb","block_context":{"text":"Contrataci\u00f3n Temporal","link":"https:\/\/grupo.us.es\/iwpr\/category\/contratacion-temporal\/"},"img":{"alt_text":"","src":"","width":0,"height":0},"classes":[]},{"id":5129,"url":"https:\/\/grupo.us.es\/iwpr\/2022\/07\/07\/curso-de-verano-para-clausurar-el-proyecto-reforma-laboral\/","url_meta":{"origin":5172,"position":3},"title":"Curso de verano para clausurar el Proyecto Reforma Laboral","author":"Miguel Carlos Rodr\u00edguez-Pi\u00f1ero Royo","date":"7 julio, 2022","format":false,"excerpt":"\u00a0 El 12 de diciembre de 2021 publicamos en este blog el lanzamiento de una iniciativa colectiva de los profesores que apoyan IUSLABLOG, que denominamos \"Proyecto Reforma Laboral de 2021\", cuyo objetivo era poner a disposici\u00f3n de un amplio abanico de interesados materiales, lecturas, interpretaciones y opiniones sobre el proceso\u2026","rel":"","context":"En \u00abContrataci\u00f3n Temporal\u00bb","block_context":{"text":"Contrataci\u00f3n Temporal","link":"https:\/\/grupo.us.es\/iwpr\/category\/contratacion-temporal\/"},"img":{"alt_text":"","src":"","width":0,"height":0},"classes":[]},{"id":5160,"url":"https:\/\/grupo.us.es\/iwpr\/2022\/07\/18\/segunda-cronica-del-curso-de-verano-sobre-la-reforma-laboral-descentralizacion-flexibilidad-y-judicatura\/","url_meta":{"origin":5172,"position":4},"title":"Segunda cr\u00f3nica del curso de verano sobre la reforma laboral: descentralizaci\u00f3n, flexibilidad y judicatura.","author":"Miguel Carlos Rodr\u00edguez-Pi\u00f1ero Royo","date":"18 julio, 2022","format":false,"excerpt":"Mar\u00eda Luisa P\u00e9rez Guerrero, Universidad de Huelva \u00a0 En una entrada anterior hemos tenido ocasi\u00f3n de presentar las tres primeras ponencias del Curso de Verano \u201cLa Reforma Laboral a debate: el Derecho del Trabajo del Siglo XXI\u201d, con el que hemos pretendido, como dec\u00edamos, reflexionar sobre los aspectos clave de\u2026","rel":"","context":"En \u00abcursos\u00bb","block_context":{"text":"cursos","link":"https:\/\/grupo.us.es\/iwpr\/category\/cursos\/"},"img":{"alt_text":"","src":"","width":0,"height":0},"classes":[]},{"id":5146,"url":"https:\/\/grupo.us.es\/iwpr\/2022\/07\/14\/el-curso-sobre-la-reforma-laboral-en-la-prensa\/","url_meta":{"origin":5172,"position":5},"title":"El curso sobre la reforma laboral en la prensa","author":"Miguel Carlos Rodr\u00edguez-Pi\u00f1ero Royo","date":"14 julio, 2022","format":false,"excerpt":"El curso que estamos desarrollando en la Universidad Internacional de Andaluc\u00eda contin\u00faa imparti\u00e9ndose con normalidad, y se han celebrado ya la mayor parte de las conferencias. Este blog est\u00e1 utiliz\u00e1ndose para dar a conocer res\u00famenes de las distintas ponencias, as\u00ed como para publicar las presentaciones usadas por los profesores que\u2026","rel":"","context":"En \u00abcursos\u00bb","block_context":{"text":"cursos","link":"https:\/\/grupo.us.es\/iwpr\/category\/cursos\/"},"img":{"alt_text":"","src":"https:\/\/i0.wp.com\/grupo.us.es\/iwpr\/wp-content\/uploads\/2022\/07\/Imagenes-jornada-inauguracion-cursos-UNIA_1700840560_162302376_1024x684.jpg?fit=1024%2C683&ssl=1&resize=350%2C200","width":350,"height":200,"srcset":"https:\/\/i0.wp.com\/grupo.us.es\/iwpr\/wp-content\/uploads\/2022\/07\/Imagenes-jornada-inauguracion-cursos-UNIA_1700840560_162302376_1024x684.jpg?fit=1024%2C683&ssl=1&resize=350%2C200 1x, https:\/\/i0.wp.com\/grupo.us.es\/iwpr\/wp-content\/uploads\/2022\/07\/Imagenes-jornada-inauguracion-cursos-UNIA_1700840560_162302376_1024x684.jpg?fit=1024%2C683&ssl=1&resize=525%2C300 1.5x, https:\/\/i0.wp.com\/grupo.us.es\/iwpr\/wp-content\/uploads\/2022\/07\/Imagenes-jornada-inauguracion-cursos-UNIA_1700840560_162302376_1024x684.jpg?fit=1024%2C683&ssl=1&resize=700%2C400 2x"},"classes":[]}],"jetpack_sharing_enabled":true,"_links":{"self":[{"href":"https:\/\/grupo.us.es\/iwpr\/wp-json\/wp\/v2\/posts\/5172","targetHints":{"allow":["GET"]}}],"collection":[{"href":"https:\/\/grupo.us.es\/iwpr\/wp-json\/wp\/v2\/posts"}],"about":[{"href":"https:\/\/grupo.us.es\/iwpr\/wp-json\/wp\/v2\/types\/post"}],"author":[{"embeddable":true,"href":"https:\/\/grupo.us.es\/iwpr\/wp-json\/wp\/v2\/users\/2"}],"replies":[{"embeddable":true,"href":"https:\/\/grupo.us.es\/iwpr\/wp-json\/wp\/v2\/comments?post=5172"}],"version-history":[{"count":2,"href":"https:\/\/grupo.us.es\/iwpr\/wp-json\/wp\/v2\/posts\/5172\/revisions"}],"predecessor-version":[{"id":5176,"href":"https:\/\/grupo.us.es\/iwpr\/wp-json\/wp\/v2\/posts\/5172\/revisions\/5176"}],"wp:featuredmedia":[{"embeddable":true,"href":"https:\/\/grupo.us.es\/iwpr\/wp-json\/wp\/v2\/media\/5173"}],"wp:attachment":[{"href":"https:\/\/grupo.us.es\/iwpr\/wp-json\/wp\/v2\/media?parent=5172"}],"wp:term":[{"taxonomy":"category","embeddable":true,"href":"https:\/\/grupo.us.es\/iwpr\/wp-json\/wp\/v2\/categories?post=5172"},{"taxonomy":"post_tag","embeddable":true,"href":"https:\/\/grupo.us.es\/iwpr\/wp-json\/wp\/v2\/tags?post=5172"}],"curies":[{"name":"wp","href":"https:\/\/api.w.org\/{rel}","templated":true}]}}