{"id":5129,"date":"2022-07-07T19:47:10","date_gmt":"2022-07-07T17:47:10","guid":{"rendered":"http:\/\/grupo.us.es\/newiwpr\/?p=5129"},"modified":"2022-07-07T19:47:10","modified_gmt":"2022-07-07T17:47:10","slug":"curso-de-verano-para-clausurar-el-proyecto-reforma-laboral","status":"publish","type":"post","link":"https:\/\/grupo.us.es\/iwpr\/2022\/07\/07\/curso-de-verano-para-clausurar-el-proyecto-reforma-laboral\/","title":{"rendered":"Curso de verano para clausurar el Proyecto Reforma Laboral"},"content":{"rendered":"<p>&nbsp;<\/p>\n<p><img data-recalc-dims=\"1\" decoding=\"async\" src=\"https:\/\/i0.wp.com\/www.unia.es\/media\/zoo\/images\/Vista-a%C3%A9rea-La-R%C3%A1bida_340e801cc427790f5424da2830805bae.jpg?w=640&#038;ssl=1\" alt=\"Sede Sta. M\u00aa. de La R\u00e1bida\" \/><\/p>\n<p class=\"title-cursos\">El 12 de diciembre de 2021 publicamos en este blog el lanzamiento de una iniciativa colectiva de los profesores que apoyan IUSLABLOG, que denominamos \u00abProyecto Reforma Laboral de 2021\u00bb, cuyo objetivo era poner a disposici\u00f3n de un amplio abanico de interesados materiales, lecturas, interpretaciones y opiniones sobre el proceso de cambios en la legislaci\u00f3n laboral que se estaba iniciando en ese momento. La idea era poner a disposici\u00f3n de la comunidad iuslaboralista un centro de informaci\u00f3n en el que poder acceder a las novedades legislativas, con unos primeros an\u00e1lisis y valoraciones cr\u00edticas, con materiales de varios tipos y en soportes diversos, incluyendo entradas de blog, comentarios, art\u00edculos cient\u00edficos y de prensa, y grabaciones de conferencias y webinarios. Este proyecto se planteaba un amplio horizonte de destinatarios, desde acad\u00e9micos a profesionales y estudiantes.<\/p>\n<p class=\"title-cursos\">Los resultados cient\u00edficos de este proyecto han sido <a href=\"http:\/\/grupo.us.es\/iwpr\/proyecto-reforma-laboral-2021\/\">notables<\/a>: un n\u00famero monogr\u00e1fico de nuestra revista electr\u00f3nica, disponible <a href=\"https:\/\/revistascientificas.us.es\/index.php\/Trabajo-Persona-Derecho-Merca\/issue\/view\/1324\">aqu\u00ed<\/a>; y m\u00e1s de cincuenta entradas del blog, a cargo de un nutrido grupo de profesores. El volumen de visitas ha sido bastante notable tambi\u00e9n. Por todo ello se puede considerar que los objetivos que nos marcamos cuando pusimos en marcha este proyecto se han cumplido, y es el momento de cerrarlo para poder dedicarnos a otras iniciativas.<\/p>\n<p>Junto al n\u00famero monogr\u00e1fico de \u00abTrabajo, persona, derecho y mercado\u00bb, que presenta una parte importante de los resultados cient\u00edficos del proyecto, nos propusimos acompa\u00f1ar las publicaciones con un encuentro monogr\u00e1fico en el que se estudiara de manera global lo que ha sido y lo que ha significado la reforma laboral de 2021. Para hacerlo posible pensamos en la oportunidad que suponen los cursos de verano de la Universidad Internacional de Andaluc\u00eda. De ello se encarg\u00f3 la profesora Mar\u00eda Luisa P\u00e9rez Guerrero, que\u00a0 en colaboraci\u00f3n con el profesor Fern\u00e1ndez Villarino present\u00f3 una propuesta a la convocatoria de cursos de verano en la Sede de Santa Mar\u00eda de la R\u00e1bida, que fue felizmente aprobada, y que en pocos d\u00edas se pondr\u00e1 en pr\u00e1ctica. Este encuentro ser\u00e1 ocasi\u00f3n para dar por terminada este trabajo colectivo, que ha durado siete meses y que nos ha permitido a todos los investigadores del equipo trabajar colectivamente, una vez m\u00e1s, y dar a conocer los frutos de nuestro trabajo.<\/p>\n<div class=\"datos-info-documento\">\n<p>Este curso realizar\u00e1 un an\u00e1lisis de las normas que han determinado la reforma laboral a lo largo del a\u00f1o 2021, Reales Decretos Leyes que han sido convalidados en el curso del presente a\u00f1o. Pero no s\u00f3lo se centrar\u00e1 en la reforma laboral; el objeto es reflexionar sobre las verdaderas necesidades del Derecho del Trabajo del siglo XXI. Parece claro que los retos del Derecho del Trabajo van mucho m\u00e1s all\u00e1 de las modificaciones legales que hemos tenido ocasi\u00f3n de conocer. El prop\u00f3sito tanto del gobierno como de los agentes sociales era realizar un an\u00e1lisis m\u00e1s profundo que permitiera una verdadera transformaci\u00f3n del mercado de trabajo. Sin embargo, la premura en adoptar acuerdos para permitir la llegada de los fondos de la UE y la necesidad de iniciar el proceso de reforma, han determinado que la Reforma Laboral se haya manifestado como una reforma de m\u00ednimos. Esto no impide pensar y reflexionar en torno a qu\u00e9 necesita nuestro mercado de trabajo para protagonizar un verdadero cambio que ayude a enfrentar los retos de las nuevas formas de trabajo del siglo XXI. El objetivo de este curso es, por tanto, realizar una reflexi\u00f3n sobre la reforma laboral, pero tambi\u00e9n analizar las propuestas de futuro para lograr una transformaci\u00f3n sostenible del mercado de trabajo.<\/p>\n<\/div>\n<p>El curso ha sido dise\u00f1ado por los profesores Mar\u00eda Luisa P\u00e9rez Guerrero y Roberto Fern\u00e1ndez Villarino, de la Universidad de Huelva. Intervienen varios miembros del grupo de investigadores y profesores\u00a0 que colaboran en este portal y que han trabajado en el Proyecto Reforma Laboral de 2021<\/p>\n<ul>\n<li>Dr. Miguel Rodriguez-Pi\u00f1ero Royo. Universidad de Sevilla.<\/li>\n<li>Dr. Francisco Javier Calvo Gallego. Universidad de Sevilla.<\/li>\n<li>Dra. Mar\u00eda Luisa P\u00e9rez Guerrero. Universidad de Huelva.<\/li>\n<li>Dr. Jes\u00fas Lahera Forteza. Universidad Complutense de Madrid.<\/li>\n<li>Dr. Juan Carlos \u00c1lvarez Cort\u00e9s. Universidad de M\u00e1laga.<\/li>\n<li>Dr. Mart\u00edn Jos\u00e9 Mingorance Garc\u00eda. Juzgado de lo Social n.\u00ba 3 de Huelva.<\/li>\n<li>Dr. Jos\u00e9 Manuel Morales Ortega. Universidad de M\u00e1laga .<\/li>\n<li>D. Luis Roda Oliveira. Inspecci\u00f3n Provincial de Trabajo y Seguridad Social de Huelva.<\/li>\n<li>Dr. Roberto Fern\u00e1ndez Villarino. Universidad de Huelva<\/li>\n<\/ul>\n<p>El horario de este curso se encuentra en este <a href=\"https:\/\/www.unia.es\/images\/CV_R%C3%A1bida\/HORARIO_2618.pdf\">enlace<\/a><\/p>\n<p>La informaci\u00f3n sobre este curso puede encontrarse en este <a href=\"https:\/\/www.unia.es\/es\/oferta-academica\/oferta-rabida\/item\/la-reforma-laboral-a-debate-la-transformacion-del-derecho-del-trabajo-del-siglo-xxi\">enlace<\/a><\/p>\n<p>&nbsp;<\/p>\n<p><img decoding=\"async\" src=\"https:\/\/i0.wp.com\/grupo.us.es\/iwpr\/wp-content\/uploads\/2022\/01\/logo-BW.png?resize=107%2C114\" \/><\/p>\n","protected":false},"excerpt":{"rendered":"<p>&nbsp; El 12 de diciembre de 2021 publicamos en este blog el lanzamiento de una iniciativa colectiva de los profesores que apoyan IUSLABLOG, que denominamos \u00abProyecto Reforma Laboral de 2021\u00bb, cuyo objetivo era poner a disposici\u00f3n de un amplio abanico de interesados materiales, lecturas, interpretaciones y opiniones sobre el proceso de cambios en la legislaci\u00f3n&#8230;<\/p>\n","protected":false},"author":2,"featured_media":0,"comment_status":"open","ping_status":"open","sticky":true,"template":"","format":"standard","meta":{"jetpack_post_was_ever_published":false,"_jetpack_newsletter_access":"","_jetpack_dont_email_post_to_subs":false,"_jetpack_newsletter_tier_id":0,"_jetpack_memberships_contains_paywalled_content":false,"_jetpack_memberships_contains_paid_content":false,"footnotes":"","jetpack_publicize_message":"","jetpack_publicize_feature_enabled":true,"jetpack_social_post_already_shared":true,"jetpack_social_options":{"image_generator_settings":{"template":"highway","default_image_id":0,"font":"","enabled":false},"version":2}},"categories":[147,304,255,233,71,77,227,31,33,248,251,36,69,129,21,10,258,228,302,1,236,192,303],"tags":[],"class_list":["post-5129","post","type-post","status-publish","format-standard","hentry","category-contratacion-temporal","category-cursos","category-despido-objetivo","category-dialogo-social","category-emilia-castellano-burguillo","category-erte","category-estatuto-de-los-trabajadores","category-eventos-cientificos","category-francisco-javier-calvo-gallego","category-jesus-lahera-forteza","category-jornadas","category-jose-manuel-morales-ortega","category-juan-carlos-alvarez-cortes","category-maria-luisa-perez-guerrero","category-miguel-c-rodriguez-pinero-royo","category-novedades-legislativas","category-proyecto","category-reforma-laboral","category-roberto-fernandez-villarino","category-sin-categoria","category-subcontrataciom","category-trabajo-a-tiempo-parcial","category-unia"],"jetpack_publicize_connections":[],"jetpack_featured_media_url":"","jetpack_shortlink":"https:\/\/wp.me\/p7HIjh-1kJ","jetpack-related-posts":[{"id":4323,"url":"https:\/\/grupo.us.es\/iwpr\/2022\/01\/10\/jornada-de-formacion-sobre-la-reforma-laboral\/","url_meta":{"origin":5129,"position":0},"title":"Jornada de formaci\u00f3n sobre la reforma laboral","author":"Miguel Carlos Rodr\u00edguez-Pi\u00f1ero Royo","date":"10 enero, 2022","format":false,"excerpt":"El pr\u00f3ximo d\u00eda 20 de enero, a las 16:30 horas, se celebrar\u00e1 una jornada de formaci\u00f3n sobre la reforma laboral, organizada por el\u00a0Colegio de Gestores Administrativos de M\u00e1laga La jornada ser\u00e1 impartida por los catedr\u00e1ticos de la Universidad de M\u00e1laga Francisco Vila y Juan Carlos \u00c1lvarez, colaborador del Proyecto Reforma\u2026","rel":"","context":"En \u00abContrataci\u00f3n Temporal\u00bb","block_context":{"text":"Contrataci\u00f3n Temporal","link":"https:\/\/grupo.us.es\/iwpr\/category\/contratacion-temporal\/"},"img":{"alt_text":"","src":"https:\/\/i0.wp.com\/grupo.us.es\/iwpr\/wp-content\/uploads\/2022\/01\/classroom-gc2b1a850e_640.jpg?fit=640%2C457&ssl=1&resize=350%2C200","width":350,"height":200,"srcset":"https:\/\/i0.wp.com\/grupo.us.es\/iwpr\/wp-content\/uploads\/2022\/01\/classroom-gc2b1a850e_640.jpg?fit=640%2C457&ssl=1&resize=350%2C200 1x, https:\/\/i0.wp.com\/grupo.us.es\/iwpr\/wp-content\/uploads\/2022\/01\/classroom-gc2b1a850e_640.jpg?fit=640%2C457&ssl=1&resize=525%2C300 1.5x"},"classes":[]},{"id":4226,"url":"https:\/\/grupo.us.es\/iwpr\/2021\/12\/30\/asi-es-la-reforma-laboral\/","url_meta":{"origin":5129,"position":1},"title":"As\u00ed es la reforma laboral de 2021","author":"Miguel Carlos Rodr\u00edguez-Pi\u00f1ero Royo","date":"30 diciembre, 2021","format":false,"excerpt":"En el Periscopio Fiscal y Legal de la firma PwC se ha publicado un primer comentario sobre la reforma laboral obrada por el Real Decreto-Ley 32\/2021, en el que ha colaborado uno de los miembros del Proyecto Reforma Laboral 2021 desarrollado por este grupo de investigaci\u00f3n. Se trata de la\u2026","rel":"","context":"En \u00abEstatuto de los Trabajadores\u00bb","block_context":{"text":"Estatuto de los Trabajadores","link":"https:\/\/grupo.us.es\/iwpr\/category\/estatuto-de-los-trabajadores\/"},"img":{"alt_text":"Periscopio Fiscal y Legal","src":"https:\/\/i0.wp.com\/periscopiofiscalylegal.pwc.es\/wp-content\/themes\/periscopio\/library\/images\/logo.png?resize=350%2C200&ssl=1","width":350,"height":200},"classes":[]},{"id":3962,"url":"https:\/\/grupo.us.es\/iwpr\/2021\/12\/12\/se-lanza-el-proyecto-reforma-laboral-2021\/","url_meta":{"origin":5129,"position":2},"title":"Se lanza el Proyecto \u00abReforma Laboral 2021\u00bb","author":"Miguel Carlos Rodr\u00edguez-Pi\u00f1ero Royo","date":"12 diciembre, 2021","format":false,"excerpt":"IUSLABLOG, en colaboraci\u00f3n con la revista electr\u00f3nica \u201cTrabajo, persona, derecho, mercado\u201d, lanza la iniciativa \u201cProyecto Reforma Laboral 2021\u201d. Se trata de un proyecto destinado al an\u00e1lisis y la difusi\u00f3n del proceso de reforma En estos momentos est\u00e1 en curso una reforma laboral de gran importancia y complejidad. Afecta a elementos\u2026","rel":"","context":"En \u00abContrataci\u00f3n Temporal\u00bb","block_context":{"text":"Contrataci\u00f3n Temporal","link":"https:\/\/grupo.us.es\/iwpr\/category\/contratacion-temporal\/"},"img":{"alt_text":"","src":"https:\/\/i0.wp.com\/grupo.us.es\/iwpr\/wp-content\/uploads\/2021\/12\/Reforma-laboral.jpg?fit=648%2C366&ssl=1&resize=350%2C200","width":350,"height":200,"srcset":"https:\/\/i0.wp.com\/grupo.us.es\/iwpr\/wp-content\/uploads\/2021\/12\/Reforma-laboral.jpg?fit=648%2C366&ssl=1&resize=350%2C200 1x, https:\/\/i0.wp.com\/grupo.us.es\/iwpr\/wp-content\/uploads\/2021\/12\/Reforma-laboral.jpg?fit=648%2C366&ssl=1&resize=525%2C300 1.5x"},"classes":[]},{"id":4614,"url":"https:\/\/grupo.us.es\/iwpr\/2022\/02\/07\/mas-alla-de-la-reforma-laboral\/","url_meta":{"origin":5129,"position":3},"title":"M\u00e1s all\u00e1 de la reforma laboral","author":"Miguel Carlos Rodr\u00edguez-Pi\u00f1ero Royo","date":"7 febrero, 2022","format":false,"excerpt":"Tras la aprobaci\u00f3n de la convalidaci\u00f3n del RDL 32\/2021 se publica un nuevo Periscopio Fiscal & Legal de PwC Tax & Legal, elaborado por Marc Carrera Domenech, socio responsable de laboral de esta firma de servicios legales, y Miguel Rodr\u00edguez-Pi\u00f1ero Royo, senior counsellor de la misma y catedr\u00e1tico de Derecho\u2026","rel":"","context":"En \u00abContrataci\u00f3n Temporal\u00bb","block_context":{"text":"Contrataci\u00f3n Temporal","link":"https:\/\/grupo.us.es\/iwpr\/category\/contratacion-temporal\/"},"img":{"alt_text":"","src":"","width":0,"height":0},"classes":[]},{"id":5074,"url":"https:\/\/grupo.us.es\/iwpr\/2022\/06\/01\/la-reforma-laboral-a-debate-en-un-curso-de-la-unia\/","url_meta":{"origin":5129,"position":4},"title":"La Reforma Laboral A Debate En Un Curso De La UNIA","author":"Admin","date":"1 junio, 2022","format":false,"excerpt":"Entre los d\u00edas 11 y 14 de julio tendr\u00e1 lugar en la Sede Santa Mar\u00eda de La R\u00e1bida, de la Universidad Internacional de Andaluc\u00eda, el curso de verano titulado \u2018La reforma laboral a debate: la transformaci\u00f3n del Derecho del Trabajo del Siglo XXI\u2019, dirigido por los profesores de la Universidad\u2026","rel":"","context":"En \u00abcursos\u00bb","block_context":{"text":"cursos","link":"https:\/\/grupo.us.es\/iwpr\/category\/cursos\/"},"img":{"alt_text":"","src":"","width":0,"height":0},"classes":[]},{"id":4331,"url":"https:\/\/grupo.us.es\/iwpr\/2022\/01\/10\/webinario-sobre-las-claves-de-la-nueva-reforma-laboral-organizado-por-pwc-tax-legal\/","url_meta":{"origin":5129,"position":5},"title":"Webinario sobre las claves de la nueva reforma laboral, organizado por PwC Tax &#038; Legal","author":"Miguel Carlos Rodr\u00edguez-Pi\u00f1ero Royo","date":"10 enero, 2022","format":false,"excerpt":"El pr\u00f3ximo jueves, 13 de enero, a partir de las 9:30 horas, tendr\u00e1 lugar el webinar \u2018Claves de la nueva reforma laboral\u2018, en el que se analizar\u00e1 en profundidad el Real Decreto-ley 32\/2021, de 28 de diciembre, de medidas urgentes para la reforma laboral, la garant\u00eda de la estabilidad en\u2026","rel":"","context":"En \u00abEstatuto de los Trabajadores\u00bb","block_context":{"text":"Estatuto de los Trabajadores","link":"https:\/\/grupo.us.es\/iwpr\/category\/estatuto-de-los-trabajadores\/"},"img":{"alt_text":"Periscopio Fiscal y Legal","src":"https:\/\/i0.wp.com\/periscopiofiscalylegal.pwc.es\/wp-content\/themes\/periscopio\/library\/images\/logo.png?resize=350%2C200&ssl=1","width":350,"height":200},"classes":[]}],"jetpack_sharing_enabled":true,"_links":{"self":[{"href":"https:\/\/grupo.us.es\/iwpr\/wp-json\/wp\/v2\/posts\/5129","targetHints":{"allow":["GET"]}}],"collection":[{"href":"https:\/\/grupo.us.es\/iwpr\/wp-json\/wp\/v2\/posts"}],"about":[{"href":"https:\/\/grupo.us.es\/iwpr\/wp-json\/wp\/v2\/types\/post"}],"author":[{"embeddable":true,"href":"https:\/\/grupo.us.es\/iwpr\/wp-json\/wp\/v2\/users\/2"}],"replies":[{"embeddable":true,"href":"https:\/\/grupo.us.es\/iwpr\/wp-json\/wp\/v2\/comments?post=5129"}],"version-history":[{"count":4,"href":"https:\/\/grupo.us.es\/iwpr\/wp-json\/wp\/v2\/posts\/5129\/revisions"}],"predecessor-version":[{"id":5138,"href":"https:\/\/grupo.us.es\/iwpr\/wp-json\/wp\/v2\/posts\/5129\/revisions\/5138"}],"wp:attachment":[{"href":"https:\/\/grupo.us.es\/iwpr\/wp-json\/wp\/v2\/media?parent=5129"}],"wp:term":[{"taxonomy":"category","embeddable":true,"href":"https:\/\/grupo.us.es\/iwpr\/wp-json\/wp\/v2\/categories?post=5129"},{"taxonomy":"post_tag","embeddable":true,"href":"https:\/\/grupo.us.es\/iwpr\/wp-json\/wp\/v2\/tags?post=5129"}],"curies":[{"name":"wp","href":"https:\/\/api.w.org\/{rel}","templated":true}]}}