{"id":4243,"date":"2022-01-03T10:57:24","date_gmt":"2022-01-03T09:57:24","guid":{"rendered":"http:\/\/grupo.us.es\/newiwpr\/?p=4243"},"modified":"2022-01-12T08:34:51","modified_gmt":"2022-01-12T07:34:51","slug":"asi-es-la-reforma-de-la-negociacion-colectiva-la-subcontratacion-y-la-seguridad-social","status":"publish","type":"post","link":"https:\/\/grupo.us.es\/iwpr\/2022\/01\/03\/asi-es-la-reforma-de-la-negociacion-colectiva-la-subcontratacion-y-la-seguridad-social\/","title":{"rendered":"As\u00ed es la reforma de la negociaci\u00f3n colectiva, la subcontrataci\u00f3n y la Seguridad Social"},"content":{"rendered":"<p>Continuando con el estudio de las novedades introducidas por el Real Decreto-Ley 32\/2021, el Periscopio Fiscal y Legal de PwC Tax &amp; Legal Services ha publicado una nueva entrega, en la que se analizan los cambios producidos en materia de negociaci\u00f3n colectiva, subcontrataci\u00f3n y seguridad social.<\/p>\n<p>Este estudio ha sido elaborado por Marc Carrera, Mar\u00eda Eugenia Guzm\u00e1n y Miguel Rodr\u00edguez-Pi\u00f1ero, colaborador de este blog.<\/p>\n<p>Puede accederse a este documento en el siguiente <a href=\"https:\/\/periscopiofiscalylegal.pwc.es\/la-reforma-laboral-ii-negociacion-colectiva-subcontratacion-y-seguridad-social\/\">enlace<\/a><\/p>\n","protected":false},"excerpt":{"rendered":"<p>Continuando con el estudio de las novedades introducidas por el Real Decreto-Ley 32\/2021, el Periscopio Fiscal y Legal de PwC Tax &amp; Legal Services ha publicado una nueva entrega, en la que se analizan los cambios producidos en materia de negociaci\u00f3n colectiva, subcontrataci\u00f3n y seguridad social. Este estudio ha sido elaborado por Marc Carrera, Mar\u00eda&#8230;<\/p>\n","protected":false},"author":2,"featured_media":0,"comment_status":"open","ping_status":"open","sticky":true,"template":"","format":"standard","meta":{"jetpack_post_was_ever_published":false,"_jetpack_newsletter_access":"","_jetpack_dont_email_post_to_subs":false,"_jetpack_newsletter_tier_id":0,"_jetpack_memberships_contains_paywalled_content":false,"_jetpack_memberships_contains_paid_content":false,"footnotes":"","jetpack_publicize_message":"","jetpack_publicize_feature_enabled":true,"jetpack_social_post_already_shared":true,"jetpack_social_options":{"image_generator_settings":{"template":"highway","default_image_id":0,"font":"","enabled":false},"version":2}},"categories":[112,77,227,131,175,209,21,10,117,228,1],"tags":[],"class_list":["post-4243","post","type-post","status-publish","format-standard","hentry","category-derechos-colectivos","category-erte","category-estatuto-de-los-trabajadores","category-inspeccion-de-trabajo","category-iuslablog","category-marc-carrera-domenech","category-miguel-c-rodriguez-pinero-royo","category-novedades-legislativas","category-proteccion-social","category-reforma-laboral","category-sin-categoria"],"jetpack_publicize_connections":[],"jetpack_featured_media_url":"","jetpack_shortlink":"https:\/\/wp.me\/p7HIjh-16r","jetpack-related-posts":[{"id":4614,"url":"https:\/\/grupo.us.es\/iwpr\/2022\/02\/07\/mas-alla-de-la-reforma-laboral\/","url_meta":{"origin":4243,"position":0},"title":"M\u00e1s all\u00e1 de la reforma laboral","author":"Miguel Carlos Rodr\u00edguez-Pi\u00f1ero Royo","date":"7 febrero, 2022","format":false,"excerpt":"Tras la aprobaci\u00f3n de la convalidaci\u00f3n del RDL 32\/2021 se publica un nuevo Periscopio Fiscal & Legal de PwC Tax & Legal, elaborado por Marc Carrera Domenech, socio responsable de laboral de esta firma de servicios legales, y Miguel Rodr\u00edguez-Pi\u00f1ero Royo, senior counsellor de la misma y catedr\u00e1tico de Derecho\u2026","rel":"","context":"En \u00abContrataci\u00f3n Temporal\u00bb","block_context":{"text":"Contrataci\u00f3n Temporal","link":"https:\/\/grupo.us.es\/iwpr\/category\/contratacion-temporal\/"},"img":{"alt_text":"","src":"","width":0,"height":0},"classes":[]},{"id":5192,"url":"https:\/\/grupo.us.es\/iwpr\/2022\/10\/08\/la-negociacion-colectiva-y-su-peso-en-la-empresa\/","url_meta":{"origin":4243,"position":1},"title":"La negociaci\u00f3n colectiva y su peso en la empresa","author":"Miguel Carlos Rodr\u00edguez-Pi\u00f1ero Royo","date":"8 octubre, 2022","format":false,"excerpt":"La reforma laboral de 2021 se plante\u00f3 como uno de sus objetivos reequilibrar el peso espec\u00edfico de la negociaci\u00f3n colectiva de empresas frente a la sectorial, tras una reforma previa, la de 2012, cuya preferencia por el convenio de empresa hab\u00eda llevado a alterar elementos estructurales de nuestro Derecho colectivo,\u2026","rel":"","context":"En \u00abDerechos colectivos\u00bb","block_context":{"text":"Derechos colectivos","link":"https:\/\/grupo.us.es\/iwpr\/category\/derechos-colectivos\/"},"img":{"alt_text":"","src":"https:\/\/i0.wp.com\/grupo.us.es\/iwpr\/wp-content\/uploads\/2022\/01\/pwc.jpg?resize=350%2C200","width":350,"height":200},"classes":[]},{"id":4884,"url":"https:\/\/grupo.us.es\/iwpr\/2022\/04\/04\/la-reforma-entra-en-vigor-y-se-introducen-restricciones-al-despido\/","url_meta":{"origin":4243,"position":2},"title":"La reforma entra en vigor, y se introducen restricciones al despido","author":"Miguel Carlos Rodr\u00edguez-Pi\u00f1ero Royo","date":"4 abril, 2022","format":false,"excerpt":"Dentro de la colecci\u00f3n que PwC Tax & Legal est\u00e1 publicando sobre los \u00faltimos cambios legales en el Derecho del Trabajo espa\u00f1ol, se ha publicado uno nuevo sobre las \u00faltimas novedades: la entrada en vigor de la nueva regulaci\u00f3n de los contratos laborales, tanto temporales como formativos; y la aprobaci\u00f3n\u2026","rel":"","context":"En \u00abDespido objetivo\u00bb","block_context":{"text":"Despido objetivo","link":"https:\/\/grupo.us.es\/iwpr\/category\/despido-objetivo\/"},"img":{"alt_text":"","src":"","width":0,"height":0},"classes":[]},{"id":4226,"url":"https:\/\/grupo.us.es\/iwpr\/2021\/12\/30\/asi-es-la-reforma-laboral\/","url_meta":{"origin":4243,"position":3},"title":"As\u00ed es la reforma laboral de 2021","author":"Miguel Carlos Rodr\u00edguez-Pi\u00f1ero Royo","date":"30 diciembre, 2021","format":false,"excerpt":"En el Periscopio Fiscal y Legal de la firma PwC se ha publicado un primer comentario sobre la reforma laboral obrada por el Real Decreto-Ley 32\/2021, en el que ha colaborado uno de los miembros del Proyecto Reforma Laboral 2021 desarrollado por este grupo de investigaci\u00f3n. Se trata de la\u2026","rel":"","context":"En \u00abEstatuto de los Trabajadores\u00bb","block_context":{"text":"Estatuto de los Trabajadores","link":"https:\/\/grupo.us.es\/iwpr\/category\/estatuto-de-los-trabajadores\/"},"img":{"alt_text":"Periscopio Fiscal y Legal","src":"https:\/\/i0.wp.com\/periscopiofiscalylegal.pwc.es\/wp-content\/themes\/periscopio\/library\/images\/logo.png?resize=350%2C200&ssl=1","width":350,"height":200},"classes":[]},{"id":4868,"url":"https:\/\/grupo.us.es\/iwpr\/2022\/04\/01\/publicado-monografico-sobre-la-reforma-laboral\/","url_meta":{"origin":4243,"position":4},"title":"Publicado Monogr\u00e1fico sobre la Reforma Laboral","author":"Admin","date":"1 abril, 2022","format":false,"excerpt":"Se ha publicado el nuevo n\u00famero monogr\u00e1fico de nuestra revista \u00abTrabajo, Persona, Derecho y Mercado\u00bb dedicado a la Reforma Laboral. Su estructura es la siguiente: Presentaci\u00f3n. Emilia Castellano Burguillo, Mar\u00eda Luisa P\u00e9rez Guerrero Editorial: Siete tesis sobre la reforma laboral. Miguel Rodr\u00edguez-Pi\u00f1ero Royo Art\u00edculos doctrinales: La reforma laboral de 2021:\u2026","rel":"","context":"En \u00abcontratos\u00bb","block_context":{"text":"contratos","link":"https:\/\/grupo.us.es\/iwpr\/category\/contratos\/"},"img":{"alt_text":"","src":"https:\/\/i0.wp.com\/grupo.us.es\/iwpr\/wp-content\/uploads\/2020\/09\/Revista.jpg?fit=253%2C361&ssl=1&resize=350%2C200","width":350,"height":200},"classes":[]},{"id":4384,"url":"https:\/\/grupo.us.es\/iwpr\/2022\/01\/11\/asi-es-la-reforma-laboral-en-el-sector-publico\/","url_meta":{"origin":4243,"position":5},"title":"As\u00ed es la reforma laboral en el sector p\u00fablico","author":"Miguel Carlos Rodr\u00edguez-Pi\u00f1ero Royo","date":"11 enero, 2022","format":false,"excerpt":"Siguiendo la l\u00ednea de publicaciones anteriores, el equipo de laboralistas de PwC Tax & Legal Services ha publicado un nuevo Periscopio Fiscal y Legal dirigido al estudio de la reforma laboral. En esta ocasi\u00f3n el an\u00e1lisis se centra en el impacto del RDL 32\/2021 en el sector p\u00fablico. En la\u2026","rel":"","context":"En \u00abContrataci\u00f3n Temporal\u00bb","block_context":{"text":"Contrataci\u00f3n Temporal","link":"https:\/\/grupo.us.es\/iwpr\/category\/contratacion-temporal\/"},"img":{"alt_text":"Periscopio Fiscal y Legal","src":"https:\/\/i0.wp.com\/periscopiofiscalylegal.pwc.es\/wp-content\/themes\/periscopio\/library\/images\/logo.png?resize=350%2C200&ssl=1","width":350,"height":200},"classes":[]}],"jetpack_sharing_enabled":true,"_links":{"self":[{"href":"https:\/\/grupo.us.es\/iwpr\/wp-json\/wp\/v2\/posts\/4243","targetHints":{"allow":["GET"]}}],"collection":[{"href":"https:\/\/grupo.us.es\/iwpr\/wp-json\/wp\/v2\/posts"}],"about":[{"href":"https:\/\/grupo.us.es\/iwpr\/wp-json\/wp\/v2\/types\/post"}],"author":[{"embeddable":true,"href":"https:\/\/grupo.us.es\/iwpr\/wp-json\/wp\/v2\/users\/2"}],"replies":[{"embeddable":true,"href":"https:\/\/grupo.us.es\/iwpr\/wp-json\/wp\/v2\/comments?post=4243"}],"version-history":[{"count":0,"href":"https:\/\/grupo.us.es\/iwpr\/wp-json\/wp\/v2\/posts\/4243\/revisions"}],"wp:attachment":[{"href":"https:\/\/grupo.us.es\/iwpr\/wp-json\/wp\/v2\/media?parent=4243"}],"wp:term":[{"taxonomy":"category","embeddable":true,"href":"https:\/\/grupo.us.es\/iwpr\/wp-json\/wp\/v2\/categories?post=4243"},{"taxonomy":"post_tag","embeddable":true,"href":"https:\/\/grupo.us.es\/iwpr\/wp-json\/wp\/v2\/tags?post=4243"}],"curies":[{"name":"wp","href":"https:\/\/api.w.org\/{rel}","templated":true}]}}