{"id":3856,"date":"2021-07-30T08:19:42","date_gmt":"2021-07-30T06:19:42","guid":{"rendered":"http:\/\/grupo.us.es\/newiwpr\/?p=3856"},"modified":"2021-12-20T09:32:45","modified_gmt":"2021-12-20T08:32:45","slug":"responsabilidad-social-y-empleabilidad-de-las-mujeres-victimas-de-violencia-de-genero-vision-practica-de-los-planes-de-responsabilidad-social","status":"publish","type":"post","link":"https:\/\/grupo.us.es\/iwpr\/2021\/07\/30\/responsabilidad-social-y-empleabilidad-de-las-mujeres-victimas-de-violencia-de-genero-vision-practica-de-los-planes-de-responsabilidad-social\/","title":{"rendered":"Responsabilidad Social Y Empleabilidad De Las Mujeres V\u00edctimas De Violencia De G\u00e9nero. Visi\u00f3n Pr\u00e1ctica De Los Planes De Responsabilidad Social"},"content":{"rendered":"<p style=\"text-align: right;\"><strong>Emilia Castellano Burguillo<\/strong><\/p>\n<p style=\"text-align: right;\">Profesora de Derecho del Trabajo y la Seguridad Social (UHU)<\/p>\n<p style=\"text-align: right;\"><strong>Laura Pav\u00f3n-Ben\u00edtez<\/strong><\/p>\n<p style=\"text-align: right;\">Universidad de Granada<\/p>\n<p style=\"text-align: right;\"><strong>Mar\u00eda Mercedes P\u00e1rraga Vico<\/strong><\/p>\n<p style=\"text-align: right;\">Trabajadora Social<\/p>\n<p>&nbsp;<\/p>\n<p><strong>5.1. INTRODUCCI\u00d3N Y CONCEPTO DE RESPONSABILIDAD SOCIAL <\/strong><\/p>\n<p>Resulta curioso que en pleno siglo XXI debatamos sobre las bondades de lo social lig\u00e1ndolo al t\u00e9rmino responsabilidad y que adem\u00e1s intentemos buscar razones para su oportunidad y persistencia. Seg\u00fan el Diccionario de la Real Academia de la Lengua Espa\u00f1ola, social significa como adjetivo \u201cperteneciente o relativo a una compa\u00f1\u00eda o sociedad, o a los socios o compa\u00f1eros, aliados o confederados\u201d, mientras que la responsabilidad tiene varios significados, por una parte es la: \u201cdeuda, obligaci\u00f3n de reparar y satisfacer, por s\u00ed o por otra persona, a consecuencia de un delito, de una culpa o de otra causa legal\u201d, adem\u00e1s es \u201cel cargo u obligaci\u00f3n moral que resulta para alguien del posible yerro en cosa o asunto determinado\u201d y por otra parte es \u201cla capacidad existente en todo sujeto activo de derecho para reconocer y aceptar las consecuencias de un hecho realizado libremente\u201d. Legalidad, moralidad y \u00e9tica, amplitud de los sujetos activos que pueden desarrollarla, todos \u00e9stos son conceptos que se incluyen en lo que hoy d\u00eda conocemos como \u201cResponsabilidad Social\u201d y que tienen sentido en una materia como la que analizamos en este informe o estudio. Todas estas acepciones parten, sin embargo, de una idea reactiva de la responsabilidad social, cuando en realidad hay razones para defenderla desde un punto de vista proactivo, en especial, por ejemplo, con las acciones que se adopten frente a la violencia de g\u00e9nero.<\/p>\n<p>Esa proactividad permite una autorregulaci\u00f3n por parte de las organizaciones, lo que les facilitar\u00e1 influir en la imagen que quieren proyectar al exterior pero tambi\u00e9n en el interior de las mismas, en los espacios, en los esfuerzos y en los foros que quieren incidir, todo ello en el marco de una estrategia global para la organizaci\u00f3n. En este ep\u00edgrafe del estudio, nos preguntamos c\u00f3mo se puede actuar desde la responsabilidad social de las organizaciones, no s\u00f3lo las empresas, en relaci\u00f3n con la igualdad de g\u00e9nero y la violencia contra las mujeres. Para dar respuesta a esta cuesti\u00f3n encontramos al menos cuatro parcelas de an\u00e1lisis.<\/p>\n<p><a href=\"https:\/\/ibb.co\/3YX3x0R\"><img data-recalc-dims=\"1\" loading=\"lazy\" decoding=\"async\" src=\"https:\/\/i0.wp.com\/i.ibb.co\/wrHknKc\/1.png?resize=588%2C359&#038;ssl=1\" alt=\"1\" width=\"588\" height=\"359\" \/><\/a><\/p>\n<p>Estas cuatro parcelas nos llevar\u00edan a estudiar los siguientes aspectos relacionados con la violencia de g\u00e9nero:<\/p>\n<ol>\n<li>En la primera y desde el punto de vista personal, deber\u00eda analizarse la participaci\u00f3n de los ciudadanos en los espacios democr\u00e1ticos.<\/li>\n<li>En la segunda y tambi\u00e9n desde el punto de vista personal, nos interesa conocer las acciones que llevan a cabo el Gobierno y otras instituciones sociales para la generaci\u00f3n de cultura y ciudadan\u00eda c\u00edvica, por ejemplo, a trav\u00e9s de la educaci\u00f3n obligatoria. En especial de lucha contra los machismos, contra la cultura patriarcal, contra la violencia en todas sus formas.<\/li>\n<li>En la tercera y desde el punto de vista profesional, tendr\u00edamos que medir en este plano el impacto de la violencia de g\u00e9nero.<\/li>\n<li>Y finalmente en la cuarta parcela y desde un punto de vista profesional, estudiar\u00edamos las pol\u00edticas de promoci\u00f3n del empleo para mujeres v\u00edctimas de violencia de g\u00e9nero.<\/li>\n<\/ol>\n<p>Aunque el an\u00e1lisis en profundidad de estas cuatro parcelas es funda[1]mental, y nos permitir\u00eda tener un visi\u00f3n global de todos los aspectos que afectan al colectivo que estamos estudiando, por cuesti\u00f3n de espacio y procedencia en cuanto al destino de este trabajo, s\u00f3lo vamos a insistir en las parcelas puramente profesionales como son la tercera y cuarta del esquema antes expuesto. Este an\u00e1lisis, entendemos, debe comenzar con el estudio de los antecedentes europeos que sin duda han permeado en la actual regulaci\u00f3n espa\u00f1ola sobre responsabilidad social.<\/p>\n<p>La influencia del Derecho europeo en nuestro ordenamiento jur\u00eddico no precisa mayores comentarios que los relativos a la aplicabilidad de dicho ordenamiento jur\u00eddico en cuestiones claves de cualquier sociedad como puede ser el mercado de trabajo. Adem\u00e1s, en el presente an\u00e1lisis la influencia europea se ha producido por un doble canal, por una parte, por la regulaci\u00f3n existente en Europa sobre la RS (en adelante), y por otra parte, por la abundante normativa creada en las \u00faltimas d\u00e9cadas sobre mercado de trabajo e igualdad.<\/p>\n<p>Desde el punto de vista europeo y en cuanto a la RS, sin duda hay que resaltar la aprobaci\u00f3n en el a\u00f1o 2001 del Libro Verde sobre Responsabilidad Social de las Empresas<sup>710<\/sup> que marc\u00f3 el inicio de la regulaci\u00f3n actual de la RS en este \u00e1mbito. Posteriormente en el a\u00f1o 2011, una d\u00e9cada despu\u00e9s y habi\u00e9ndose aprobado documentos de gran relevancia en este sentido, se aprueba la \u201cEstrategia renovada de la Uni\u00f3n Europea sobre RS<sup>711<\/sup>\u201d, en el a\u00f1o anterior, en el 2010, se hab\u00eda aprobado la Estrategia 2020 de manera que ambos documentos junto con la Re[1]soluci\u00f3n del Parlamento Europeo de 6 de febrero de 2013<sup>712<\/sup>, sobre RS, transparencia y comportamientos responsable y crecimiento sostenible han dibujado un panorama en el cual la RS ya no es s\u00f3lo una de[1]manda que se hace a las empresas, sino a todo tipo de organizaciones, y en diferentes aspectos: medioambiente, relaci\u00f3n con la comunidad, empleados, derechos humanos, impacto en la sociedad, igualdad, etc. Todo ello porque la puesta en pr\u00e1ctica de estrategias de RS ayudar\u00e1 a la consecuci\u00f3n de los objetivos marcados en la Estrategia 2020 y a los Objetivos de Desarrollo Sostenible. Se insiste en la idea de que el tama\u00f1o de las organizaciones que trabajen en RS va a influir, as\u00ed como la naturaleza de sus actividades y operaciones.<\/p>\n<p>Si estamos hablando del cumplimiento de los objetivos de la Estrategia Europea 2020, Objetivos del Milenio y Derechos Fundamentales de la persona, no podemos considerar que las medidas que adopten los Estados miembros y el resto de las instituciones ser\u00e1n de mero cumplimiento de normas y objetivos fruto del Derecho Europeo que resulta aplicable en dichos Estados desde el momento de su incorporaci\u00f3n a la UE. La RS exige un juicio de adicionalidad en las intervenciones que realicen las organizaciones, mucho m\u00e1s en un \u00e1mbito tan espec\u00edfico y especial como es la violencia de g\u00e9nero. La RS se materializa a trav\u00e9s de una gesti\u00f3n voluntaria de las empresas en el campo de las iniciativas sociales de \u00e1mbito comunitario, ya sea por iniciativa propia, ya sea por la presi\u00f3n sindical, de los propios accionistas, ONGs o, simplemente, de los consumidores.<\/p>\n<p>Una vez aclarado qu\u00e9 es y qu\u00e9 puede hacerse desde la responsabilidad social, en t\u00e9rminos generales, debemos al menos apuntar los referentes jur\u00eddicos y normativos que sustentar\u00e1n las posibles intervenciones de las organizaciones en esta materia. El referente de actuaci\u00f3n m\u00e1s inmediato del que dispone la OIT en materia de RS es el Pacto Mundial de las Naciones Unidas<sup>713<\/sup>, donde aparece una solicitud a las em[1]presas para que promuevan y adopten diez principios fundamentales derivados de los acuerdos universalmente aceptados sobre derechos humanos, trabajo y medio ambiente, en colaboraci\u00f3n con la ONU, la Oficina del Alto Comisionado para los Derechos Humanos (OACDH), el PNUMA, la Organizaci\u00f3n de Desarrollo Industrial de las Naciones Unidas (ONUDI) y otros actores.<\/p>\n<p>Como decimos, el Pacto Mundial de Naciones Unidas es un llamamiento a las empresas y organizaciones a que alineen sus estrategias y operaciones con Diez Principios universales sobre derechos humanos, normas laborales, medioambiente y lucha contra la corrupci\u00f3n. Cuenta con el mandato de la ONU para promover los Objetivos de Desarrollo Sostenible (ODS) en el sector privado.<\/p>\n<p>Tiene como misi\u00f3n generar un movimiento internacional de empresas sostenibles para crear el mundo que queremos. Tambi\u00e9n, una capacidad inigualable para unir empresas con otros actores que trabajan para promover el desarrollo sostenible: gobiernos, sociedad civil y las Naciones Unidas.<\/p>\n<p>La Red Espa\u00f1ola, es, desde su creaci\u00f3n, una de las primeras plataformas nacionales del Pacto Mundial y la red local con mayor n\u00famero de firmantes. Su modelo de gesti\u00f3n y su estructura organizativa es de los m\u00e1s avanzados del Pacto Mundial y tambi\u00e9n es una destacada red local por el tipo de actividades y herramientas creadas para fomentar la implantaci\u00f3n de los Diez Principios del Pacto Mundial y sensibilizar al sector privado para que contribuya a los objetivos de la ONU.<\/p>\n<p>Los diez principios fundamentales sobre los que se basa el Pacto tienen que ver con el respeto de las empresas a la protecci\u00f3n de los derechos humanos fundamentales, reconocidos internacionalmente, dentro de su \u00e1mbito de influencia. Tambi\u00e9n deben las empresas asegurarse de que no son c\u00f3mplices en la vulneraci\u00f3n de los derechos humanos. Las empresas deben apoyar la libertad de afiliaci\u00f3n y el reconocimiento efectivo del derecho a la negociaci\u00f3n colectiva, as\u00ed como apoyar la eliminaci\u00f3n de toda forma de trabajo forzoso o realizado bajo coacci\u00f3n y la erradicaci\u00f3n del trabajo infantil. Al mismo tiempo, las empresas deben apoyar la abolici\u00f3n de las pr\u00e1cticas de discriminaci\u00f3n en el empleo y la ocupaci\u00f3n, y mantener un enfoque preventivo que favorezca el medio ambiente. Tambi\u00e9n deben fomentar las iniciativas que promuevan una mayor responsabilidad ambiental y favorecer el desarrollo y la difusi\u00f3n de las tecnolog\u00edas respetuosas con el medio ambiente. Finalmente, las empresas deben trabajar contra la corrupci\u00f3n en todas sus formas, incluidas extorsi\u00f3n y soborno.<\/p>\n<p><strong>5.2. LAS PRINCIPALES NORMAS T\u00c9CNICAS DE RESPONSABILIDAD SOCIAL <\/strong><\/p>\n<p>Estos Principios y Postulados de la RS, se han traducido en la aprobaci\u00f3n de una serie de normas para la creaci\u00f3n de un \u201csistema de gesti\u00f3n \u00e9tica y socialmente responsable en las organizaciones\u201d, de manera que a trav\u00e9s de la implementaci\u00f3n de estas normas t\u00e9cnicas y de gesti\u00f3n, las organizaciones est\u00e1n trabajando y desarrollando medidas de responsabilidad social corporativa. Las principales normas t\u00e9cnicas son las que exponemos a continuaci\u00f3n:<\/p>\n<p>Si bien es cierto, que la andadura de la R.S. comenz\u00f3 gracias a la SG21, creada por For\u00e9tica, y que desarrolla una serie de requisitos para poder establecer, implementar y evaluar un Sistema de Gesti\u00f3n \u00e9tica y socialmente responsable dentro de cualquier empresa u organizaci\u00f3n. Esta norma, fue la primera a nivel europeo en permitir, no s\u00f3lo implementar, sino tambi\u00e9n auditar y certificar el Sistema de Gesti\u00f3n \u00e9tica y socialmente responsable. No obstante, en 2010, se public\u00f3 la norma ISO 26000, como una gu\u00eda de Responsabilidad Social, aunque no es certificable. Es m\u00e1s, en el Anexo A de esta norma, se menciona a la SG21 como ejemplo de iniciativa voluntaria y herramienta para la Responsabilidad Social<sup>714<\/sup>.<\/p>\n<p>Las tres principales normas o modelos de Responsabilidad Social Corporativa que posibilitan la obtenci\u00f3n de certificaci\u00f3n son:<\/p>\n<ul>\n<li>Norma SA 8000 sobre Sistemas de Gesti\u00f3n de Responsabilidad Social.<\/li>\n<\/ul>\n<p>Es propiedad de SAI (Social Accountability International), y es un c\u00f3digo de conducta que, para su elaboraci\u00f3n, tomaron como referencia los tratados de la OIT, la Convenci\u00f3n de las Naciones Unidas sobre los Derechos del Ni\u00f1o y la Declaraci\u00f3n Universal de los Derechos Humanos. Esta norma es la m\u00e1s extendida, por lo que supera con mucho al resto de normas de RS en cuanto a certificaciones.<\/p>\n<p>El modelo SA8000 se centra de manera m\u00e1s concreta en lo referente a condiciones laborales, considerando de manera particular la Seguridad e Higiene en el trabajo, derechos sindicales, trabajo infantil, horarios y sueldos.<\/p>\n<p>Su objetivo principal es la lucha contra el dumping social, para evitar la competencia desleal a costa de la explotaci\u00f3n y malas condiciones de trabajo de los empleados.<\/p>\n<ul>\n<li>SG21. Anteriormente fue mencionada como la primera norma en cuanto a RS que, adem\u00e1s, es certificable. Como diferencia a la SA8000, incluye la integraci\u00f3n de los factores medio ambientales, a parte de los correspondientes al entorno social y buen gobierno de las organizaciones.<\/li>\n<\/ul>\n<p>Esta norma de R.S., procura que, con su implantaci\u00f3n, se garantice el desarrollo de los empleados, tanto a nivel personal como profesional, a trav\u00e9s del aprovechamiento de sus derechos y oportunidades.<\/p>\n<p>En cuanto a los clientes, establece unos principios responsables y el acceso a una producci\u00f3n y consumo sostenibles, mediante proveedores alineados con su estrategia en RS. Como es evidente, para dar lugar a sostenibilidad, han de identificarse previamente cuales son los impactos sociales y ambientales que genera o afecta a la actividad de la organizaci\u00f3n.<\/p>\n<ul>\n<li>Est\u00e1ndar IQNet SR10 sobre Sistema de Gesti\u00f3n de la Responsabilidad Social.<\/li>\n<\/ul>\n<p>Este est\u00e1ndar, desarrollado por IQNet (The International Certification Network), sustituye a la anterior norma RS10 de AENOR. IQNet SR10 ya incluye para su funcionamiento la mejora continua, a trav\u00e9s del ciclo de Deming o PDCA (Plan \u2013 Do \u2013 Check \u2013 Act).<\/p>\n<p>Este est\u00e1ndar tiene como fin principal, el cumplimiento de la normativa aplicable, tanto externa como interna, y de los requisitos que en ella se desarrolla.<\/p>\n<p>Una vez expuesta la forma de acreditar que las organizaciones apuestan por la RS, podr\u00edamos preguntar cu\u00e1les son las ventajas de trabajar en responsabilidad social para una organizaci\u00f3n:<\/p>\n<p>\u2013 Reconocimiento y mejora de imagen de la organizaci\u00f3n.<\/p>\n<p>\u2013 Confianza tanto entre los directivos y socios como a nivel social.<\/p>\n<p>\u2013 Armon\u00eda social dentro de la empresa.<\/p>\n<p>\u2013 Incremento y mejora de la productividad.<\/p>\n<p>\u2013 Competitividad frente a empresas que no sean \u00e9tica y socialmente responsables.<\/p>\n<p>\u2013 Compromiso con el entorno mediante la atenci\u00f3n a colectivos m\u00e1s desfavorecidos o vulnerables, como es el caso de las mujeres v\u00edctimas de violencia de g\u00e9nero.<\/p>\n<p>Las empresas u organizaciones que se adhieren al Pacto Mundial de Naciones Unidas, en concreto a la Red Espa\u00f1ola, reciben los siguientes servicios y asumen los siguientes compromisos, que van desde la formaci\u00f3n, el asesoramiento o la ayuda para elaborar el \u201cinforme que cada a\u00f1o las empresas adheridas deben presentar a esta red a efectos de comprobar las actuaciones y avances en materia de responsabilidad social\u201d.<\/p>\n<p><strong>5.3. RED ESPA\u00d1OLA DE PACTO MUNDIAL DE NACIONES UNIDAS E INFORMES DE RESPONSABILIDAD SOCIAL QUE CONTEMPLAN ACCIONES PARA LAS MUJERES V\u00cdCTIMAS DE VIOLENCIA DE G\u00c9NERO <\/strong><\/p>\n<p>A los efectos de estudio, hemos analizado las memorias o informes presentados por las empresas espa\u00f1ola adheridas a la red en los a\u00f1os 2020 y 2019, y los resultados no son muy esperanzadores en cuanto al tratamiento de la violencia de g\u00e9nero en el seno de la RS como puede comprobarse en la siguiente tabla:<\/p>\n<p>De un total de 312 empresas e informes analizados, s\u00f3lo en 58 encontramos alguna referencia a la violencia de g\u00e9nero.<\/p>\n<p><a href=\"https:\/\/ibb.co\/tHJZq0n\"><img data-recalc-dims=\"1\" loading=\"lazy\" decoding=\"async\" src=\"https:\/\/i0.wp.com\/i.ibb.co\/Pr6Tc2J\/2.png?resize=581%2C447&#038;ssl=1\" alt=\"2\" width=\"581\" height=\"447\" \/><\/a><\/p>\n<p><a href=\"https:\/\/ibb.co\/9N3xGfr\"><img data-recalc-dims=\"1\" loading=\"lazy\" decoding=\"async\" src=\"https:\/\/i0.wp.com\/i.ibb.co\/pxrHnsL\/3.png?resize=525%2C822&#038;ssl=1\" alt=\"3\" width=\"525\" height=\"822\" \/><\/a><\/p>\n<p><a href=\"https:\/\/ibb.co\/RCdwq1z\"><img data-recalc-dims=\"1\" loading=\"lazy\" decoding=\"async\" src=\"https:\/\/i0.wp.com\/i.ibb.co\/64LCk2g\/4.png?resize=529%2C823&#038;ssl=1\" alt=\"4\" width=\"529\" height=\"823\" \/><\/a><\/p>\n<p><a href=\"https:\/\/ibb.co\/xHgZh00\"><img data-recalc-dims=\"1\" loading=\"lazy\" decoding=\"async\" src=\"https:\/\/i0.wp.com\/i.ibb.co\/q5g6Bff\/5.png?resize=531%2C820&#038;ssl=1\" alt=\"5\" width=\"531\" height=\"820\" \/><\/a><\/p>\n<p><a href=\"https:\/\/ibb.co\/d6Z94hP\"><img data-recalc-dims=\"1\" loading=\"lazy\" decoding=\"async\" src=\"https:\/\/i0.wp.com\/i.ibb.co\/Y8g9Brc\/6.png?resize=533%2C826&#038;ssl=1\" alt=\"6\" width=\"533\" height=\"826\" \/><\/a><\/p>\n<p><a href=\"https:\/\/ibb.co\/DLsBrvm\"><img data-recalc-dims=\"1\" loading=\"lazy\" decoding=\"async\" src=\"https:\/\/i0.wp.com\/i.ibb.co\/HX1chbR\/7.png?resize=525%2C822&#038;ssl=1\" alt=\"7\" width=\"525\" height=\"822\" \/><\/a><\/p>\n<p><a href=\"https:\/\/ibb.co\/p3yq001\"><img data-recalc-dims=\"1\" loading=\"lazy\" decoding=\"async\" src=\"https:\/\/i0.wp.com\/i.ibb.co\/SKrSss6\/8.png?resize=524%2C805&#038;ssl=1\" alt=\"8\" width=\"524\" height=\"805\" \/><\/a><\/p>\n<p><a href=\"https:\/\/ibb.co\/f2hw9Vk\"><img data-recalc-dims=\"1\" loading=\"lazy\" decoding=\"async\" src=\"https:\/\/i0.wp.com\/i.ibb.co\/CzkG6pb\/9.png?resize=521%2C795&#038;ssl=1\" alt=\"9\" width=\"521\" height=\"795\" \/><\/a><\/p>\n<p><a href=\"https:\/\/ibb.co\/3WPts9R\"><img data-recalc-dims=\"1\" loading=\"lazy\" decoding=\"async\" src=\"https:\/\/i0.wp.com\/i.ibb.co\/ctszvSY\/10.png?resize=521%2C823&#038;ssl=1\" alt=\"10\" width=\"521\" height=\"823\" \/><\/a><\/p>\n<p><a href=\"https:\/\/ibb.co\/B4DVgbz\"><img data-recalc-dims=\"1\" loading=\"lazy\" decoding=\"async\" src=\"https:\/\/i0.wp.com\/i.ibb.co\/5YDW5mM\/11.png?resize=530%2C822&#038;ssl=1\" alt=\"11\" width=\"530\" height=\"822\" \/><\/a><\/p>\n<p><a href=\"https:\/\/ibb.co\/rpBMpTJ\"><img data-recalc-dims=\"1\" loading=\"lazy\" decoding=\"async\" src=\"https:\/\/i0.wp.com\/i.ibb.co\/ykz5kGJ\/12.png?resize=526%2C821&#038;ssl=1\" alt=\"12\" width=\"526\" height=\"821\" \/><\/a><\/p>\n<p>&nbsp;<\/p>\n<p><a href=\"https:\/\/ibb.co\/3pyPK7v\"><img data-recalc-dims=\"1\" loading=\"lazy\" decoding=\"async\" src=\"https:\/\/i0.wp.com\/i.ibb.co\/JvRSZKq\/13.png?resize=527%2C818&#038;ssl=1\" alt=\"13\" width=\"527\" height=\"818\" \/><\/a><\/p>\n<p><a href=\"https:\/\/ibb.co\/7zNtsXF\"><img data-recalc-dims=\"1\" loading=\"lazy\" decoding=\"async\" src=\"https:\/\/i0.wp.com\/i.ibb.co\/8B4g10V\/14.png?resize=529%2C809&#038;ssl=1\" alt=\"14\" width=\"529\" height=\"809\" \/><\/a><\/p>\n<p><a href=\"https:\/\/ibb.co\/RPHnBwv\"><img data-recalc-dims=\"1\" loading=\"lazy\" decoding=\"async\" src=\"https:\/\/i0.wp.com\/i.ibb.co\/k0cn9CH\/15.png?resize=521%2C817&#038;ssl=1\" alt=\"15\" width=\"521\" height=\"817\" \/><\/a><\/p>\n<p><a href=\"https:\/\/ibb.co\/rdm7LJH\"><img data-recalc-dims=\"1\" loading=\"lazy\" decoding=\"async\" src=\"https:\/\/i0.wp.com\/i.ibb.co\/hYy7nvV\/16.png?resize=525%2C826&#038;ssl=1\" alt=\"16\" width=\"525\" height=\"826\" \/><\/a><\/p>\n<p><a href=\"https:\/\/ibb.co\/kxhJpVr\"><img data-recalc-dims=\"1\" loading=\"lazy\" decoding=\"async\" src=\"https:\/\/i0.wp.com\/i.ibb.co\/W6c0QNd\/17.png?resize=527%2C819&#038;ssl=1\" alt=\"17\" width=\"527\" height=\"819\" \/><\/a><\/p>\n<p><a href=\"https:\/\/ibb.co\/bgsf47J\"><img data-recalc-dims=\"1\" loading=\"lazy\" decoding=\"async\" src=\"https:\/\/i0.wp.com\/i.ibb.co\/hRBqGCf\/18.png?resize=525%2C825&#038;ssl=1\" alt=\"18\" width=\"525\" height=\"825\" \/><\/a><\/p>\n<p><a href=\"https:\/\/ibb.co\/L9zfWD5\"><img data-recalc-dims=\"1\" loading=\"lazy\" decoding=\"async\" src=\"https:\/\/i0.wp.com\/i.ibb.co\/44ZxGwd\/19.png?resize=520%2C822&#038;ssl=1\" alt=\"19\" width=\"520\" height=\"822\" \/><\/a><\/p>\n<p><a href=\"https:\/\/ibb.co\/JkRC5WV\"><img data-recalc-dims=\"1\" loading=\"lazy\" decoding=\"async\" src=\"https:\/\/i0.wp.com\/i.ibb.co\/h8RCDxb\/20.png?resize=522%2C823&#038;ssl=1\" alt=\"20\" width=\"522\" height=\"823\" \/><\/a><\/p>\n<p><a href=\"https:\/\/ibb.co\/vsWwV2s\"><img data-recalc-dims=\"1\" loading=\"lazy\" decoding=\"async\" src=\"https:\/\/i0.wp.com\/i.ibb.co\/8zwKNFz\/21.png?resize=529%2C824&#038;ssl=1\" alt=\"21\" width=\"529\" height=\"824\" \/><\/a><\/p>\n<p><a href=\"https:\/\/ibb.co\/cJx0c6v\"><img data-recalc-dims=\"1\" loading=\"lazy\" decoding=\"async\" src=\"https:\/\/i0.wp.com\/i.ibb.co\/p2ncvfP\/22.png?resize=526%2C818&#038;ssl=1\" alt=\"22\" width=\"526\" height=\"818\" \/><\/a><\/p>\n<p><a href=\"https:\/\/ibb.co\/6bhTGsx\"><img data-recalc-dims=\"1\" loading=\"lazy\" decoding=\"async\" src=\"https:\/\/i0.wp.com\/i.ibb.co\/K7ZfByk\/23.png?resize=518%2C811&#038;ssl=1\" alt=\"23\" width=\"518\" height=\"811\" \/><\/a><\/p>\n<p><a href=\"https:\/\/ibb.co\/cFwgzgM\"><img data-recalc-dims=\"1\" loading=\"lazy\" decoding=\"async\" src=\"https:\/\/i0.wp.com\/i.ibb.co\/QNkbsbz\/24.png?resize=523%2C816&#038;ssl=1\" alt=\"24\" width=\"523\" height=\"816\" \/><\/a><\/p>\n<p><a href=\"https:\/\/ibb.co\/B455zyk\"><img data-recalc-dims=\"1\" loading=\"lazy\" decoding=\"async\" src=\"https:\/\/i0.wp.com\/i.ibb.co\/vs66w39\/25.png?resize=523%2C826&#038;ssl=1\" alt=\"25\" width=\"523\" height=\"826\" \/><\/a><\/p>\n<p><a href=\"https:\/\/ibb.co\/7GsXDMY\"><img data-recalc-dims=\"1\" loading=\"lazy\" decoding=\"async\" src=\"https:\/\/i0.wp.com\/i.ibb.co\/Bg0tJWz\/26.png?resize=524%2C603&#038;ssl=1\" alt=\"26\" width=\"524\" height=\"603\" \/><\/a><\/p>\n<p>De todo este listado de empresas y organizaciones algunas se limitan a reproducir el contenido legal existente sobre la materia y que hemos analizado en p\u00e1ginas previas; otras se remiten al contenido incluido en sus convenios colectivos y\/o planes de igualdad; otras incluyen meras declaraciones de intenciones; y otras sin duda buenas pr\u00e1cticas m\u00e1s all\u00e1 de lo marcan las normas legales y convencionales, como es el caso de Tendam Retail sobre contrataci\u00f3n de estas mujeres v\u00edctimas de violencia de g\u00e9nero, la Federaci\u00f3n de Organizaciones Empresariales Sorianas, Bankia, y otra empresas del sector de la comunicaci\u00f3n.<\/p>\n<p>*************************<\/p>\n<p><em><sup>709<\/sup> Cap\u00edtulo elaborado por Emilia Castellano Burguillo, salvo el ep\u00edgrafe 5.3 elaborado por M. Mercedes P\u00e1rraga Vico y Laura Pav\u00f3n Ben\u00edtez.<\/em><\/p>\n<p><em><sup>710<\/sup> Documento COM (2001) 366 final de 18 de julio de 2014. En http:\/\/eur-lex.europa. eu\/legal-content\/ES\/TXT\/?uri=CELEX:52001DC0366. 3 de diciembre de 2020. <\/em><\/p>\n<p><em><sup>711<\/sup> COM (2011) 681 final de 25 de octubre de 2011. En http:\/\/eur-lex.europa.eu\/legalcontent\/ES\/TXT\/?uri=CELEX:52001DC0366. 3 de diciembre de 2020. <\/em><\/p>\n<p><em><sup>712<\/sup> http:\/\/www.europarl.europa.eu\/sides\/getDoc.do?pubRef=-\/\/EP\/\/TEXT+TA+P7-TA2013-0049+0+DOC+XML+V0\/\/ES. 10 de diciembre de 2020.<\/em><\/p>\n<p><em><sup>713<\/sup> Vid. http:\/\/www.pactomundial.org\/index.asp?MP=4&amp;MS=1. La idea de un Pacto Mundial de las Naciones Unidas (Global Compact) en materia de responsabilidad social de las empresas, fue lanzada por el Secretario General de la ONU, Kofi Annan ante el World Economic Forum en Davos, el 31 de Enero de 1999. Su fase operativa comenz\u00f3 el 26 de julio de 2000, cuando el mismo Secretario General hizo una llamada a los l\u00edderes y responsables de las compa\u00f1\u00edas para que se unieran a un gran pacto que llevara a la pr\u00e1ctica el compromiso ampliamente compartido de sincronizar la actividad y las necesidades de las empresas, con los principios y objetivos de la acci\u00f3n pol\u00edtica e institucional de las Naciones Unidas, de las organizaciones laborales y de la propia sociedad civil. El Pacto es un instrumento de libre adscripci\u00f3n por parte de las empresas, organizaciones laborales y civiles, que descansa en el compromiso de implantaci\u00f3n de los diez Principios del Pacto en su estrategia y en sus operaciones. En este sentido, el Pacto no es ni un instrumento regulador que plantea normas legales de conducta para todas las entidades, ni un instrumento que concede una certificaci\u00f3n a aquellas que cumplen con determinados requisitos. La entidad que se adhiere al Pacto asume voluntariamente el compromiso de ir implantando los diez Principios del Pacto en sus actividades diarias. As\u00ed mismo, adquiere el compromiso de ir dando cuenta a la sociedad, con publicidad y transparencia, de los progresos que realiza en ese proceso de implantaci\u00f3n, mediante la elaboraci\u00f3n de los Informes de Progreso.<\/em><\/p>\n<p><em><sup>714<\/sup> Puede ampliarse informaci\u00f3n en Responsabilidad Social Corporativa y las normas certificables (isotools.org). 20 de noviembre de 2020.<\/em><\/p>\n<p>&nbsp;<\/p>\n","protected":false},"excerpt":{"rendered":"<p>Emilia Castellano Burguillo Profesora de Derecho del Trabajo y la Seguridad Social (UHU) Laura Pav\u00f3n-Ben\u00edtez Universidad de Granada Mar\u00eda Mercedes P\u00e1rraga Vico Trabajadora Social &nbsp; 5.1. INTRODUCCI\u00d3N Y CONCEPTO DE RESPONSABILIDAD SOCIAL Resulta curioso que en pleno siglo XXI debatamos sobre las bondades de lo social lig\u00e1ndolo al t\u00e9rmino responsabilidad y que adem\u00e1s intentemos buscar&#8230;<\/p>\n","protected":false},"author":18,"featured_media":3813,"comment_status":"open","ping_status":"open","sticky":true,"template":"","format":"standard","meta":{"jetpack_post_was_ever_published":false,"_jetpack_newsletter_access":"","_jetpack_dont_email_post_to_subs":false,"_jetpack_newsletter_tier_id":0,"_jetpack_memberships_contains_paywalled_content":false,"_jetpack_memberships_contains_paid_content":false,"footnotes":"","jetpack_publicize_message":"","jetpack_publicize_feature_enabled":true,"jetpack_social_post_already_shared":true,"jetpack_social_options":{"image_generator_settings":{"template":"highway","default_image_id":0,"font":"","enabled":false},"version":2}},"categories":[71,204,154,155,111,35,222,81],"tags":[212,223,79],"class_list":["post-3856","post","type-post","status-publish","format-standard","has-post-thumbnail","hentry","category-emilia-castellano-burguillo","category-empleo","category-laura-pavon-benitez","category-ma-mercedes-parraga-vico","category-nuevas-causas-y-perfiles-de-discriminacion","category-publicaciones","category-responsabilidad-social","category-violencia-de-genero","tag-empleabilidad","tag-responsabilidad-social","tag-violencia-de-genero"],"jetpack_publicize_connections":[],"jetpack_featured_media_url":"https:\/\/i0.wp.com\/grupo.us.es\/iwpr\/wp-content\/uploads\/2021\/06\/office-1209640_640-min-1.jpg?fit=640%2C426&ssl=1","jetpack_shortlink":"https:\/\/wp.me\/p7HIjh-10c","jetpack-related-posts":[{"id":3824,"url":"https:\/\/grupo.us.es\/iwpr\/2021\/07\/26\/nueva-publicacion-del-proyecto-de-investigacion-5\/","url_meta":{"origin":3856,"position":0},"title":"Nueva Publicaci\u00f3n Del Proyecto De Investigaci\u00f3n","author":"Admin","date":"26 julio, 2021","format":false,"excerpt":"Recientemente, en el marco del Proyecto de investigaci\u00f3n \u00abNuevas Causas y Perfiles de Discriminaci\u00f3n e Instrumentos para la Tutela Antidiscriminatoria en el Nuevo Contexto Tecnol\u00f3gico Social.\u00bb (US-1264479) y \u00ab La Inserci\u00f3n socio-laboral de las v\u00edctimas de violencia de g\u00e9nero doblemente vulnerables.\u00bb (INVIGE2V), ha sido publicado el libro \u00abLa inserci\u00f3n sociolaboral\u2026","rel":"","context":"En \u00abEmilia Castellano Burguillo\u00bb","block_context":{"text":"Emilia Castellano Burguillo","link":"https:\/\/grupo.us.es\/iwpr\/category\/emilia-castellano-burguillo\/"},"img":{"alt_text":"","src":"https:\/\/i0.wp.com\/grupo.us.es\/iwpr\/wp-content\/uploads\/2021\/07\/portada.png?fit=609%2C802&ssl=1&resize=350%2C200","width":350,"height":200,"srcset":"https:\/\/i0.wp.com\/grupo.us.es\/iwpr\/wp-content\/uploads\/2021\/07\/portada.png?fit=609%2C802&ssl=1&resize=350%2C200 1x, https:\/\/i0.wp.com\/grupo.us.es\/iwpr\/wp-content\/uploads\/2021\/07\/portada.png?fit=609%2C802&ssl=1&resize=525%2C300 1.5x"},"classes":[]},{"id":3287,"url":"https:\/\/grupo.us.es\/iwpr\/2021\/02\/16\/publicado-el-segundo-numero-de-la-revista-trabajo-persona-derecho-y-mercado\/","url_meta":{"origin":3856,"position":1},"title":"Publicado El Segundo N\u00famero De La Revista \u00abTrabajo, Persona, Derecho Y Mercado\u00bb","author":"Miguel Carlos Rodr\u00edguez-Pi\u00f1ero Royo","date":"16 febrero, 2021","format":false,"excerpt":"Se ha publicado el segundo n\u00famero de la revista \u00abTrabajo, Persona, Derecho y Mercado\u00bb. La estructura del monogr\u00e1fico \"La Tutela Sociolaboral De Las V\u00edctimas De Violencia De G\u00e9nero\" es la siguiente: se abre con una presentaci\u00f3n de los conceptos e ideas fundamentales que deben ser tenidos en cuenta en cualquier\u2026","rel":"","context":"En \u00abAntonio Jos\u00e9 Valverde Asencio\u00bb","block_context":{"text":"Antonio Jos\u00e9 Valverde Asencio","link":"https:\/\/grupo.us.es\/iwpr\/category\/antonio-jose-valverde-asencio\/"},"img":{"alt_text":"","src":"https:\/\/i0.wp.com\/grupo.us.es\/iwpr\/wp-content\/uploads\/2020\/09\/Revista.jpg?fit=253%2C361&ssl=1&resize=350%2C200","width":350,"height":200},"classes":[]},{"id":3153,"url":"https:\/\/grupo.us.es\/iwpr\/2020\/12\/15\/webinar-violencia-de-genero-y-mercado-de-trabajo\/","url_meta":{"origin":3856,"position":2},"title":"Webinar \u201cViolencia de G\u00e9nero y Mercado de Trabajo\u201d","author":"Miguel Carlos Rodr\u00edguez-Pi\u00f1ero Royo","date":"15 diciembre, 2020","format":false,"excerpt":"En pr\u00f3ximas fechas tendr\u00e1 lugar el Webinario \"Violencia de G\u00e9nero y mercado de trabajo\", organizado en el marco del pacto de estado contra la violencia de g\u00e9nero. Este Pacto inclu\u00eda una convocatoria de proyectos de investigaci\u00f3n, uno de los cuales fue concedido a la Universidad Internacional de Andaluc\u00eda (UNIA). Se\u2026","rel":"","context":"En \u00abEmilia Castellano Burguillo\u00bb","block_context":{"text":"Emilia Castellano Burguillo","link":"https:\/\/grupo.us.es\/iwpr\/category\/emilia-castellano-burguillo\/"},"img":{"alt_text":"","src":"","width":0,"height":0},"classes":[]},{"id":5221,"url":"https:\/\/grupo.us.es\/iwpr\/2022\/11\/26\/dia-internacional-de-la-eliminacion-de-la-violencia-contra-la-mujer\/","url_meta":{"origin":3856,"position":3},"title":"Dia Internacional de la eliminaci\u00f3n de la violencia contra la mujer (Materiales docentes)","author":"Miguel Carlos Rodr\u00edguez-Pi\u00f1ero Royo","date":"26 noviembre, 2022","format":false,"excerpt":"Esta semana se ha celebrado el D\u00eda Internacional de la Eliminaci\u00f3n de la Violencia contra la Mujer. En efecto, el d\u00eda 25 de noviembre fue elegido para esta conmemoraci\u00f3n por la Asamblea General de las Naciones Unidas en el a\u00f1o 1999. Este concepto incluye una pluralidad de situaciones, incluyendo la\u2026","rel":"","context":"En \u00abderechos fundamentales\u00bb","block_context":{"text":"derechos fundamentales","link":"https:\/\/grupo.us.es\/iwpr\/category\/derechos-fundamentales\/"},"img":{"alt_text":"","src":"https:\/\/i0.wp.com\/grupo.us.es\/iwpr\/wp-content\/uploads\/2021\/07\/portada-228x300.png?resize=350%2C200","width":350,"height":200},"classes":[]},{"id":2916,"url":"https:\/\/grupo.us.es\/iwpr\/2020\/12\/01\/call-for-papers-trabajo-persona-derecho-y-mercado\/","url_meta":{"origin":3856,"position":4},"title":"Call for Papers \u00abTrabajo, Persona, Derecho y Mercado\u00bb","author":"Emilia Castellano Burguillo","date":"1 diciembre, 2020","format":false,"excerpt":"En esta entrada queremos realizar un llamamiento para contribuciones, lo que se conoce como \"Call for Papers\" para el segundo n\u00famero de la revista \"Trabajo, Persona, Derecho y Mercado\", un monogr\u00e1fico sobre \"Violencia de g\u00e9nero en el \u00e1mbito laboral\". El plazo para la recepci\u00f3n de originales es hasta el\u00a0 31\u2026","rel":"","context":"En \u00abEmilia Castellano Burguillo\u00bb","block_context":{"text":"Emilia Castellano Burguillo","link":"https:\/\/grupo.us.es\/iwpr\/category\/emilia-castellano-burguillo\/"},"img":{"alt_text":"","src":"https:\/\/i0.wp.com\/grupo.us.es\/iwpr\/wp-content\/uploads\/2020\/09\/Revista.jpg?fit=253%2C361&ssl=1&resize=350%2C200","width":350,"height":200},"classes":[]},{"id":3836,"url":"https:\/\/grupo.us.es\/iwpr\/2021\/07\/27\/empleabilidad-a-traves-de-la-flexibilidad-de-la-relacion-laboral\/","url_meta":{"origin":3856,"position":5},"title":"Empleabilidad A Trav\u00e9s De La Flexibilidad De La Relaci\u00f3n Laboral","author":"Emilia Castellano Burguillo","date":"27 julio, 2021","format":false,"excerpt":"Emilia Castellano Burguillo Profesora de Derecho del Trabajo y la Seguridad Social (UHU) Francisco Javier Calvo Gallego Catedr\u00e1tico del Derecho del Trabajo (US) Laura Pav\u00f3n-Ben\u00edtez Universidad de Granada Mar\u00eda Mercedes P\u00e1rraga Vico Trabajadora Social 2.1.\u00a0 TRATAMIENTO DE LA VIOLENCIA DE G\u00c9NERO DESDE LA PERSPECTIVA DE LA CONSERVACI\u00d3N DE LA RELACI\u00d3N\u2026","rel":"","context":"En \u00abEmilia Castellano Burguillo\u00bb","block_context":{"text":"Emilia Castellano Burguillo","link":"https:\/\/grupo.us.es\/iwpr\/category\/emilia-castellano-burguillo\/"},"img":{"alt_text":"","src":"https:\/\/i0.wp.com\/grupo.us.es\/iwpr\/wp-content\/uploads\/2020\/04\/office-1246484_1920-2.jpg?fit=1200%2C578&ssl=1&resize=350%2C200","width":350,"height":200,"srcset":"https:\/\/i0.wp.com\/grupo.us.es\/iwpr\/wp-content\/uploads\/2020\/04\/office-1246484_1920-2.jpg?fit=1200%2C578&ssl=1&resize=350%2C200 1x, https:\/\/i0.wp.com\/grupo.us.es\/iwpr\/wp-content\/uploads\/2020\/04\/office-1246484_1920-2.jpg?fit=1200%2C578&ssl=1&resize=525%2C300 1.5x, https:\/\/i0.wp.com\/grupo.us.es\/iwpr\/wp-content\/uploads\/2020\/04\/office-1246484_1920-2.jpg?fit=1200%2C578&ssl=1&resize=700%2C400 2x, https:\/\/i0.wp.com\/grupo.us.es\/iwpr\/wp-content\/uploads\/2020\/04\/office-1246484_1920-2.jpg?fit=1200%2C578&ssl=1&resize=1050%2C600 3x"},"classes":[]}],"jetpack_sharing_enabled":true,"_links":{"self":[{"href":"https:\/\/grupo.us.es\/iwpr\/wp-json\/wp\/v2\/posts\/3856","targetHints":{"allow":["GET"]}}],"collection":[{"href":"https:\/\/grupo.us.es\/iwpr\/wp-json\/wp\/v2\/posts"}],"about":[{"href":"https:\/\/grupo.us.es\/iwpr\/wp-json\/wp\/v2\/types\/post"}],"author":[{"embeddable":true,"href":"https:\/\/grupo.us.es\/iwpr\/wp-json\/wp\/v2\/users\/18"}],"replies":[{"embeddable":true,"href":"https:\/\/grupo.us.es\/iwpr\/wp-json\/wp\/v2\/comments?post=3856"}],"version-history":[{"count":0,"href":"https:\/\/grupo.us.es\/iwpr\/wp-json\/wp\/v2\/posts\/3856\/revisions"}],"wp:featuredmedia":[{"embeddable":true,"href":"https:\/\/grupo.us.es\/iwpr\/wp-json\/wp\/v2\/media\/3813"}],"wp:attachment":[{"href":"https:\/\/grupo.us.es\/iwpr\/wp-json\/wp\/v2\/media?parent=3856"}],"wp:term":[{"taxonomy":"category","embeddable":true,"href":"https:\/\/grupo.us.es\/iwpr\/wp-json\/wp\/v2\/categories?post=3856"},{"taxonomy":"post_tag","embeddable":true,"href":"https:\/\/grupo.us.es\/iwpr\/wp-json\/wp\/v2\/tags?post=3856"}],"curies":[{"name":"wp","href":"https:\/\/api.w.org\/{rel}","templated":true}]}}