{"id":326,"date":"2016-11-27T21:35:05","date_gmt":"2016-11-27T20:35:05","guid":{"rendered":"http:\/\/grupo.us.es\/newiwpr\/?p=326"},"modified":"2016-11-27T21:41:40","modified_gmt":"2016-11-27T20:41:40","slug":"derechos-humanos-y-relaciones-laborales-nuevos-retos-en-un-nuevo-contexto","status":"publish","type":"post","link":"https:\/\/grupo.us.es\/iwpr\/2016\/11\/27\/derechos-humanos-y-relaciones-laborales-nuevos-retos-en-un-nuevo-contexto\/","title":{"rendered":"Derechos Humanos y relaciones laborales: nuevos retos en un nuevo contexto"},"content":{"rendered":"<p>Conferencia con la el Proyecto participa en el VIII Encuento Hispano-Brasile\u00f1o de Filosof\u00eda del Derecho y derechos Humanos desarrollado en Sevilla el 28 de noviembre de 2016. Puede accederse al texto de la presentaci\u00f3n en el siguiente<a href=\"http:\/\/grupo.us.es\/iwpr\/wp-content\/uploads\/2016\/11\/Hispano-brasile%C3%B1a-2016.pdf\">\u00a0enlace<\/a>.<\/p>\n","protected":false},"excerpt":{"rendered":"<p>Conferencia con la el Proyecto participa en el VIII Encuento Hispano-Brasile\u00f1o de Filosof\u00eda del Derecho y derechos Humanos desarrollado en Sevilla el 28 de noviembre de 2016. Puede accederse al texto de la presentaci\u00f3n en el siguiente\u00a0enlace.<\/p>\n","protected":false},"author":1,"featured_media":0,"comment_status":"open","ping_status":"open","sticky":false,"template":"","format":"standard","meta":{"jetpack_post_was_ever_published":false,"_jetpack_newsletter_access":"","_jetpack_dont_email_post_to_subs":false,"_jetpack_newsletter_tier_id":0,"_jetpack_memberships_contains_paywalled_content":false,"_jetpack_memberships_contains_paid_content":false,"footnotes":"","jetpack_publicize_message":"","jetpack_publicize_feature_enabled":true,"jetpack_social_post_already_shared":false,"jetpack_social_options":{"image_generator_settings":{"template":"highway","default_image_id":0,"font":"","enabled":false},"version":2}},"categories":[1],"tags":[],"class_list":["post-326","post","type-post","status-publish","format-standard","hentry","category-sin-categoria"],"jetpack_publicize_connections":[],"jetpack_featured_media_url":"","jetpack_shortlink":"https:\/\/wp.me\/p7HIjh-5g","jetpack-related-posts":[{"id":4922,"url":"https:\/\/grupo.us.es\/iwpr\/2022\/04\/27\/situacion-actual-del-tratamiento-juridico-de-la-diversidad-sexual-y-de-genero-en-espana\/","url_meta":{"origin":326,"position":0},"title":"Situaci\u00f3n Actual Del Tratamiento  Jur\u00eddico De La Diversidad Sexual Y De  G\u00e9nero En Espa\u00f1a","author":"Admin","date":"27 abril, 2022","format":false,"excerpt":"ALICIA RIVAS VA\u00d1\u00d3 Universidad Pablo de Olavide 1. CONSIDERACIONES PREVIAS El reconocimiento progresivo de los derechos humanos en el mundo ha venido condicionado en buena medida por las exigencias y reivindicaciones de grupos de poblaci\u00f3n particularmente reprimidos y violentados. Podemos ver mucho antes, pero sobre todo a partir del mundo\u2026","rel":"","context":"En \u00abAlicia Rivas Va\u00f1\u00f3\u00bb","block_context":{"text":"Alicia Rivas Va\u00f1\u00f3","link":"https:\/\/grupo.us.es\/iwpr\/category\/alicia-rivas-vano\/"},"img":{"alt_text":"","src":"https:\/\/i0.wp.com\/grupo.us.es\/iwpr\/wp-content\/uploads\/2022\/04\/lgbt-gb062a4e04_640.png?fit=640%2C360&ssl=1&resize=350%2C200","width":350,"height":200,"srcset":"https:\/\/i0.wp.com\/grupo.us.es\/iwpr\/wp-content\/uploads\/2022\/04\/lgbt-gb062a4e04_640.png?fit=640%2C360&ssl=1&resize=350%2C200 1x, https:\/\/i0.wp.com\/grupo.us.es\/iwpr\/wp-content\/uploads\/2022\/04\/lgbt-gb062a4e04_640.png?fit=640%2C360&ssl=1&resize=525%2C300 1.5x"},"classes":[]},{"id":1139,"url":"https:\/\/grupo.us.es\/iwpr\/2018\/01\/10\/camaras-ocultas-y-control-de-los-trabajadores-texto-de-la-sentencia-lopez-ribalda-y-recordatoria-de-la-sentencia-kopke\/","url_meta":{"origin":326,"position":1},"title":"C\u00e1maras ocultas y control de los trabajadores: texto de la Sentencia L\u00f3pez Ribalda y recordatorio de la Sentencia K\u00f6pke","author":"Fco. Javier Calvo Gallego","date":"10 enero, 2018","format":"aside","excerpt":"Tras la Sentencia\u00a0B\u0102RBULESCU v. ROMANIA\u00a0(Application no.\u00a061496\/08), el Tribunal Europeo de Derechos Humanos -en este caso, eso s\u00ed, la Secci\u00f3n Tercera- aborda de manera ciertamente novedosa -sobre todo si lo comparamos con lo aparentemente establecido en\u00a0Karin K\u00d6PKE\u00a0against Germany Application no.\u00a0420\/07\u00a0- el problema del control mediante c\u00e1maras oculta en la muy publicitada\u2026","rel":"","context":"En \u00abFrancisco Javier Calvo Gallego\u00bb","block_context":{"text":"Francisco Javier Calvo Gallego","link":"https:\/\/grupo.us.es\/iwpr\/category\/francisco-javier-calvo-gallego\/"},"img":{"alt_text":"","src":"","width":0,"height":0},"classes":[]},{"id":4915,"url":"https:\/\/grupo.us.es\/iwpr\/2022\/04\/25\/la-no-discriminacion-en-el-derecho-derivado-de-la-union-europea\/","url_meta":{"origin":326,"position":2},"title":"La No Discriminaci\u00f3n En El Derecho  Derivado De La Uni\u00f3n Europea","author":"Admin","date":"25 abril, 2022","format":false,"excerpt":"MARYCRUZ ARCOS VARGAS Universidad de Sevilla 1. MARCO NORMATIVO Aunque el objeto de este trabajo [1] sea la normativa de la UE en materia de desigualdad no se puede entender la misma sin considerar el contexto normativo en el que se desarrolla. Las distintas obligaciones internacionales de los Estados miembros\u2026","rel":"","context":"En \u00abMar\u00eda Cruz Arcos Vargas\u00bb","block_context":{"text":"Mar\u00eda Cruz Arcos Vargas","link":"https:\/\/grupo.us.es\/iwpr\/category\/maria-cruz-arcos-vargas\/"},"img":{"alt_text":"","src":"https:\/\/i0.wp.com\/grupo.us.es\/iwpr\/wp-content\/uploads\/2021\/02\/flag-3370970_1920.jpg?fit=1200%2C800&ssl=1&resize=350%2C200","width":350,"height":200,"srcset":"https:\/\/i0.wp.com\/grupo.us.es\/iwpr\/wp-content\/uploads\/2021\/02\/flag-3370970_1920.jpg?fit=1200%2C800&ssl=1&resize=350%2C200 1x, https:\/\/i0.wp.com\/grupo.us.es\/iwpr\/wp-content\/uploads\/2021\/02\/flag-3370970_1920.jpg?fit=1200%2C800&ssl=1&resize=525%2C300 1.5x, https:\/\/i0.wp.com\/grupo.us.es\/iwpr\/wp-content\/uploads\/2021\/02\/flag-3370970_1920.jpg?fit=1200%2C800&ssl=1&resize=700%2C400 2x, https:\/\/i0.wp.com\/grupo.us.es\/iwpr\/wp-content\/uploads\/2021\/02\/flag-3370970_1920.jpg?fit=1200%2C800&ssl=1&resize=1050%2C600 3x"},"classes":[]},{"id":4588,"url":"https:\/\/grupo.us.es\/iwpr\/2022\/01\/30\/un-siglo-corto-para-el-derecho-del-trabajo\/","url_meta":{"origin":326,"position":3},"title":"Un siglo corto para el Derecho del Trabajo","author":"Miguel Carlos Rodr\u00edguez-Pi\u00f1ero Royo","date":"30 enero, 2022","format":false,"excerpt":"El historiador brit\u00e1nico Eric Hobswam acu\u00f1\u00f3 la expresi\u00f3n \"siglo corto\" para referirse al siglo XX, que comenzar\u00eda con el final de la Primera Guerra Mundial y terminar\u00eda con la ca\u00edda del Muro de Berl\u00edn. El t\u00e9rmino es complementario al del siglo largo, utilizado por el mismo autor para referirse al\u2026","rel":"","context":"En \u00abContrataci\u00f3n Temporal\u00bb","block_context":{"text":"Contrataci\u00f3n Temporal","link":"https:\/\/grupo.us.es\/iwpr\/category\/contratacion-temporal\/"},"img":{"alt_text":"","src":"","width":0,"height":0},"classes":[]},{"id":5448,"url":"https:\/\/grupo.us.es\/iwpr\/2023\/07\/31\/hacia-una-regulacion-laboral-de-la-gestion-algoritmica\/","url_meta":{"origin":326,"position":4},"title":"Hacia una regulaci\u00f3n laboral de la gesti\u00f3n algor\u00edtmica","author":"Miguel Carlos Rodr\u00edguez-Pi\u00f1ero Royo","date":"31 julio, 2023","format":false,"excerpt":"La utilizaci\u00f3n de los algoritmos en la gesti\u00f3n de los recursos humanos es una realidad, lo que ha generado un debate en el que se consideran tanto sus ventajas como sus riesgos. Lo que parece claro es que es necesaria una regulaci\u00f3n actualizada de estos nuevos instrumentos, para hacer posible\u2026","rel":"","context":"En \u00abAlgoritmos\u00bb","block_context":{"text":"Algoritmos","link":"https:\/\/grupo.us.es\/iwpr\/category\/algoritmos\/"},"img":{"alt_text":"","src":"https:\/\/i0.wp.com\/grupo.us.es\/iwpr\/wp-content\/uploads\/2022\/04\/laptop-g4951b1e73_640-300x203.png?resize=350%2C200","width":350,"height":200},"classes":[]},{"id":284,"url":"https:\/\/grupo.us.es\/iwpr\/2016\/11\/14\/trabajadores-maduros-la-edad-como-condicionante-en-materia-de-empleo-y-de-recursos-humanos\/","url_meta":{"origin":326,"position":5},"title":"TRABAJADORES MADUROS: LA EDAD COMO CONDICIONANTE EN MATERIA DE EMPLEO Y DE RECURSOS HUMANOS.","author":"Jos\u00e9 Manuel Morales Ortega","date":"14 noviembre, 2016","format":false,"excerpt":"trabajadores-maduros-programa-final Tras la celebraci\u00f3n de las Jornadas, se publicar\u00e1 en la p\u00e1gina un resumen de todas las intervenciones de los diferentes ponentes.","rel":"","context":"En \u00abSin categor\u00eda\u00bb","block_context":{"text":"Sin categor\u00eda","link":"https:\/\/grupo.us.es\/iwpr\/category\/sin-categoria\/"},"img":{"alt_text":"","src":"","width":0,"height":0},"classes":[]}],"jetpack_sharing_enabled":true,"_links":{"self":[{"href":"https:\/\/grupo.us.es\/iwpr\/wp-json\/wp\/v2\/posts\/326","targetHints":{"allow":["GET"]}}],"collection":[{"href":"https:\/\/grupo.us.es\/iwpr\/wp-json\/wp\/v2\/posts"}],"about":[{"href":"https:\/\/grupo.us.es\/iwpr\/wp-json\/wp\/v2\/types\/post"}],"author":[{"embeddable":true,"href":"https:\/\/grupo.us.es\/iwpr\/wp-json\/wp\/v2\/users\/1"}],"replies":[{"embeddable":true,"href":"https:\/\/grupo.us.es\/iwpr\/wp-json\/wp\/v2\/comments?post=326"}],"version-history":[{"count":0,"href":"https:\/\/grupo.us.es\/iwpr\/wp-json\/wp\/v2\/posts\/326\/revisions"}],"wp:attachment":[{"href":"https:\/\/grupo.us.es\/iwpr\/wp-json\/wp\/v2\/media?parent=326"}],"wp:term":[{"taxonomy":"category","embeddable":true,"href":"https:\/\/grupo.us.es\/iwpr\/wp-json\/wp\/v2\/categories?post=326"},{"taxonomy":"post_tag","embeddable":true,"href":"https:\/\/grupo.us.es\/iwpr\/wp-json\/wp\/v2\/tags?post=326"}],"curies":[{"name":"wp","href":"https:\/\/api.w.org\/{rel}","templated":true}]}}