{"id":262,"date":"2016-10-24T13:17:02","date_gmt":"2016-10-24T11:17:02","guid":{"rendered":"http:\/\/grupo.us.es\/newiwpr\/?p=262"},"modified":"2016-11-18T20:19:26","modified_gmt":"2016-11-18T19:19:26","slug":"el-tribunal-nacional-decide-sobre-la-indemnizacion-de-los-interinos","status":"publish","type":"post","link":"https:\/\/grupo.us.es\/iwpr\/2016\/10\/24\/el-tribunal-nacional-decide-sobre-la-indemnizacion-de-los-interinos\/","title":{"rendered":"El Tribunal nacional decide sobre la indemnizaci\u00f3n de los interinos"},"content":{"rendered":"<p>Algunas voces han criticado a la Sala de lo Social del Tribunal Superior de Justicia por haber planteado la cuesti\u00f3n prejudicial que produjo la famosa sentencia \u201cDe Diego Porras\u201d del Tribunal de Justicia de la Uni\u00f3n Europea, ya que el impacto de \u00e9sta en nuestras relaciones laborales pod\u00eda ser devastador. Sin embargo, nadie podr\u00e1 acusarle de falta de diligencia, ya que acaba de emitir su propio fallo aplicando esta interpretaci\u00f3n, en sentencia de 5 de octubre de 2016. Con esto al menos se dispone de un importante elemento con el que intentar comprender lo que pasa.<\/p>\n<p>Los comentaristas hab\u00edamos dibujado varios posibles escenarios, identificando las distintas cuestiones que la sentencia del TJUE no hab\u00eda resuelto: asumiendo que los trabajadores interinos deb\u00edan ser indemnizados a la terminaci\u00f3n de su relaci\u00f3n de trabajo, lo poco que este fallo dejaba m\u00e1s o menos claro, no se sab\u00eda en qu\u00e9 cuant\u00eda, ni si la equiparaci\u00f3n a estos efectos con los trabajadores indefinidos afectaba tambi\u00e9n al resto de trabajadores temporales. Otras posibles consecuencias depend\u00edan del Derecho nacional: por ejemplo, la calificaci\u00f3n de las extinciones no indemnizadas, y las posibilidades de reclamar su pago por los trabajadores temporales con sus contratos terminados con anterioridad al fallo.<\/p>\n<p>La sentencia del TSJ de Madrid, como la del Tribunal de Luxemburgo, no aclara todos estos extremos. Ahora bien, s\u00ed termina con parte del debate: los interinos tienen derecho a indemnizaci\u00f3n, y \u00e9sta ser\u00e1 de 20 d\u00edas por a\u00f1o de servicio. Es la conclusi\u00f3n a la que llega aplicando lo dispuesto por el TJUE: dado que la indemnizaci\u00f3n es una condici\u00f3n de trabajo; y dado que los interinos no pueden ser peor tratados, como trabajadores temporales, que los indefinidos, no queda otra alternativa que reconocerles este derecho, y en igualdad de condiciones. En las palabras del TSJ, \u201c<em>no se puede discriminar a la actora en cuanto a la indemnizaci\u00f3n por la extinci\u00f3n de la relaci\u00f3n laboral, como consecuencia del tipo de contrato suscrito y, por consiguiente, tiene derecho a igual indemnizaci\u00f3n que la que corresponder\u00eda a un trabajador fijo comparable de extinguirse su contrato por otra causa objetiva<\/em>\u201d.<\/p>\n<p>Poco m\u00e1s nos dice, siendo un fallo llamativamente escueto, por lo que son muchos los aspectos que quedan sin especificar. Aun as\u00ed, podemos intentar derivar alguna conclusi\u00f3n del razonamiento del tribunal, aunque esto resultar\u00e1 siempre arriesgado. As\u00ed, nos parece que la conclusi\u00f3n a la que llega no es extensible al resto de trabajadores temporales, porque el TSJ basa su fallo una y otra vez en las particularidades no s\u00f3lo de los interinos (frente al resto de empleados por tiempo determinado) sino tambi\u00e9n del caso concreto de la Sra. De Diego (largo tiempo de empleo, y una peculiar causa de la extinci\u00f3n de su contrato, el retorno de una liberada sindical por un cambio legislativo que redujo su n\u00famero). Para el TSJ nos encontramos ante una situaci\u00f3n similar a la de un despido por causas objetivas procedente, por lo que la ausencia de pago alguno resultar\u00eda discriminatoria. Est\u00e1 por ver que en otras circunstancias hubiera llegado a esta misma conclusi\u00f3n. Lo malo es que se inicia ahora un largo proceso de consolidaci\u00f3n jurisprudencial para determinar si los dem\u00e1s trabajadores temporales tienen derecho a una indemnizaci\u00f3n de 20 d\u00edas, y la discusi\u00f3n, a la vez dogm\u00e1tica y dependiente de las circunstancias de cada caso concreto, se basar\u00e1 en comprobar si su terminaci\u00f3n es o no similar a un despido objetivo.<\/p>\n<p>Un aspecto muy relevante es que el TSJ considera que la falta de pago de esta indemnizaci\u00f3n no afecta a la calificaci\u00f3n del despido como procedente, por ser esto \u201c<em>absolutamente excusable dados los t\u00e9rminos de la norma nacional que el TJUE ha considerado se opone a la europea de aplicaci\u00f3n<\/em>\u201d. Esto asegura cierta seguridad jur\u00eddica, aunque interpretado <em>contrario sensu<\/em> tambi\u00e9n se nos est\u00e1 indicando que tras este pronunciamiento del TJUE, que es conocido por los operadores jur\u00eddicos, tal justificaci\u00f3n ha dejado de ser operativa y no reconocer este derechono ser\u00e1 excusable. Veremos.<\/p>\n","protected":false},"excerpt":{"rendered":"<p>Algunas voces han criticado a la Sala de lo Social del Tribunal Superior de Justicia por haber planteado la cuesti\u00f3n prejudicial que produjo la famosa sentencia \u201cDe Diego Porras\u201d del Tribunal de Justicia de la Uni\u00f3n Europea, ya que el impacto de \u00e9sta en nuestras relaciones laborales pod\u00eda ser devastador. Sin embargo, nadie podr\u00e1 acusarle&#8230;<\/p>\n","protected":false},"author":2,"featured_media":0,"comment_status":"open","ping_status":"open","sticky":false,"template":"","format":"standard","meta":{"jetpack_post_was_ever_published":false,"_jetpack_newsletter_access":"","_jetpack_dont_email_post_to_subs":true,"_jetpack_newsletter_tier_id":0,"_jetpack_memberships_contains_paywalled_content":false,"_jetpack_memberships_contains_paid_content":false,"footnotes":"","jetpack_publicize_message":"","jetpack_publicize_feature_enabled":true,"jetpack_social_post_already_shared":true,"jetpack_social_options":{"image_generator_settings":{"template":"highway","default_image_id":0,"font":"","enabled":false},"version":2}},"categories":[21,9],"tags":[],"class_list":["post-262","post","type-post","status-publish","format-standard","hentry","category-miguel-c-rodriguez-pinero-royo","category-novedades-jurisprudenciales"],"jetpack_publicize_connections":[],"jetpack_featured_media_url":"","jetpack_shortlink":"https:\/\/wp.me\/p7HIjh-4e","jetpack-related-posts":[{"id":5952,"url":"https:\/\/grupo.us.es\/iwpr\/2024\/02\/28\/el-tribunal-de-justicia-da-otro-susto-con-los-interinos\/","url_meta":{"origin":262,"position":0},"title":"El Tribunal de Justicia da otro susto con los interinos","author":"Miguel Carlos Rodr\u00edguez-Pi\u00f1ero Royo","date":"28 febrero, 2024","format":false,"excerpt":"\u00a0 Eugenia Guzm\u00e1n, socia responsable de laboral de PwC Tax & Legal Julio Calvo, socio de laboral de PwC Tax & Legal Miguel Rodr\u00edguez-Pi\u00f1ero, catedr\u00e1tico de Derecho del Trabajo y Senior Advisor de PwC Tax & Legal \u00a0 Todav\u00eda recordamos aquel mes de septiembre de 2016, cuando el Tribunal de\u2026","rel":"","context":"En \u00abContrataci\u00f3n Temporal\u00bb","block_context":{"text":"Contrataci\u00f3n Temporal","link":"https:\/\/grupo.us.es\/iwpr\/category\/contratacion-temporal\/"},"img":{"alt_text":"","src":"https:\/\/i0.wp.com\/grupo.us.es\/iwpr\/wp-content\/uploads\/2018\/01\/TJUE.jpg?resize=350%2C200","width":350,"height":200},"classes":[]},{"id":207,"url":"https:\/\/grupo.us.es\/iwpr\/2016\/09\/26\/comentario-a-las-sentencias-del-tribunal-de-justicia-de-la-union-europea-sobre-trabajadores-interinos\/","url_meta":{"origin":262,"position":1},"title":"Comentario a las sentencias del Tribunal de Justicia de la Uni\u00f3n Europea sobre trabajadores interinos","author":"Miguel Carlos Rodr\u00edguez-Pi\u00f1ero Royo","date":"26 septiembre, 2016","format":"image","excerpt":"expansion_163196748","rel":"","context":"En \u00abMiguel C. Rodr\u00edguez-Pi\u00f1ero Royo\u00bb","block_context":{"text":"Miguel C. Rodr\u00edguez-Pi\u00f1ero Royo","link":"https:\/\/grupo.us.es\/iwpr\/category\/miguel-c-rodriguez-pinero-royo\/"},"img":{"alt_text":"","src":"","width":0,"height":0},"classes":[]},{"id":7680,"url":"https:\/\/grupo.us.es\/iwpr\/2024\/10\/24\/la-situacion-de-los-indefinidos-no-fijos-en-las-administraciones-publicas-tras-la-reciente-doctrina-del-tribunal-de-justicia-de-la-union-europea\/","url_meta":{"origin":262,"position":2},"title":"La situaci\u00f3n de los indefinidos no fijos en las administraciones p\u00fablicas tras la reciente doctrina del Tribunal de Justicia de la Uni\u00f3n Europea","author":"Miguel Carlos Rodr\u00edguez-Pi\u00f1ero Royo","date":"24 octubre, 2024","format":false,"excerpt":"Por Alberto Arufe Varela, Catedr\u00e1tico de Derecho del Trabajo y de la Seguridad Social; Facultad de Derecho-Universidad de A Coru\u00f1a \u00a0 El n\u00famero 8 de la revista, \"Trabajo, persona, derecho, mercado\" ha publicado un art\u00edculo de gran actualidad sobre la situaci\u00f3n de los indefinidos no fijos en las administraciones p\u00fablicas\u2026","rel":"","context":"En \u00abAlberto Arufe Varela\u00bb","block_context":{"text":"Alberto Arufe Varela","link":"https:\/\/grupo.us.es\/iwpr\/category\/alberto-arufe-varela\/"},"img":{"alt_text":"","src":"https:\/\/i0.wp.com\/grupo.us.es\/iwpr\/wp-content\/uploads\/2020\/09\/Revista.jpg?fit=253%2C361&ssl=1&resize=350%2C200","width":350,"height":200},"classes":[]},{"id":1108,"url":"https:\/\/grupo.us.es\/iwpr\/2017\/12\/20\/primeros-comentarios-sobre-la-sentencia-del-tribunal-de-justicia-de-la-union-europea-sobre-uber\/","url_meta":{"origin":262,"position":3},"title":"Primeros comentarios sobre la sentencia del Tribunal de Justicia de la Uni\u00f3n Europea sobre Uber","author":"Miguel Carlos Rodr\u00edguez-Pi\u00f1ero Royo","date":"20 diciembre, 2017","format":false,"excerpt":"Se ha publicado en el Periscopio Fiscal y Legal de la firma PwC un primer comentario sobre la sentencia del Tribunal de Justicia de la Uni\u00f3n Europea de 20 de diciembre de 2017 sobre Uber.Ha sido preparado por Marta Alam\u00e1n Calabuig, socia directora del \u00e1rea laboral de PwC Tax &\u2026","rel":"","context":"En \u00abEconom\u00eda colaborativa y Derecho Social\u00bb","block_context":{"text":"Econom\u00eda colaborativa y Derecho Social","link":"https:\/\/grupo.us.es\/iwpr\/category\/economia-colaborativa-y-derecho-social\/"},"img":{"alt_text":"","src":"https:\/\/i0.wp.com\/grupo.us.es\/iwpr\/wp-content\/uploads\/2018\/01\/TJUE.jpg?fit=210%2C240&ssl=1&resize=350%2C200","width":350,"height":200},"classes":[]},{"id":384,"url":"https:\/\/grupo.us.es\/iwpr\/2016\/11\/30\/una-novedad-importante-en-la-saga-sobre-la-indemnizacion-de-los-trabajadores-temporales\/","url_meta":{"origin":262,"position":4},"title":"Una novedad importante en la saga sobre la indemnizaci\u00f3n de los trabajadores temporales","author":"Miguel Carlos Rodr\u00edguez-Pi\u00f1ero Royo","date":"30 noviembre, 2016","format":false,"excerpt":"La conocida como \u201csaga DE DIEGO PORRAS\u201d, esta acelerada sucesi\u00f3n de sentencias de Tribunales Superiores de Justicia extendiendo el efecto de un fallo europeo poco preciso sobre el derecho a indemnizaci\u00f3n de los trabajadores temporales, ha sufrido un vuelco estos d\u00edas. Tras una serie de pronunciamientos claramente in crescendo, cada\u2026","rel":"","context":"En \u00abMiguel C. Rodr\u00edguez-Pi\u00f1ero Royo\u00bb","block_context":{"text":"Miguel C. Rodr\u00edguez-Pi\u00f1ero Royo","link":"https:\/\/grupo.us.es\/iwpr\/category\/miguel-c-rodriguez-pinero-royo\/"},"img":{"alt_text":"","src":"","width":0,"height":0},"classes":[]},{"id":337,"url":"https:\/\/grupo.us.es\/iwpr\/2016\/11\/29\/la-saga-de-diego-porras-lo-que-es-y-lo-que-no-es\/","url_meta":{"origin":262,"position":5},"title":"La saga DE DIEGO PORRAS: lo que es y lo que no es","author":"Miguel Carlos Rodr\u00edguez-Pi\u00f1ero Royo","date":"29 noviembre, 2016","format":false,"excerpt":"\u00a0 Uno de los aspectos m\u00e1s llamativos de la sentencia del TJUE DE DIEGO PORRAS ha sido su capacidad para generar una especie de p\u00e1nico entre los operadores jur\u00eddicos, de tal manera que no s\u00f3lo se temen sus potenciales efectos futuros, a medida que m\u00e1s y m\u00e1s tribunales nacionales se\u2026","rel":"","context":"En \u00abMiguel C. Rodr\u00edguez-Pi\u00f1ero Royo\u00bb","block_context":{"text":"Miguel C. Rodr\u00edguez-Pi\u00f1ero Royo","link":"https:\/\/grupo.us.es\/iwpr\/category\/miguel-c-rodriguez-pinero-royo\/"},"img":{"alt_text":"","src":"","width":0,"height":0},"classes":[]}],"jetpack_sharing_enabled":true,"_links":{"self":[{"href":"https:\/\/grupo.us.es\/iwpr\/wp-json\/wp\/v2\/posts\/262","targetHints":{"allow":["GET"]}}],"collection":[{"href":"https:\/\/grupo.us.es\/iwpr\/wp-json\/wp\/v2\/posts"}],"about":[{"href":"https:\/\/grupo.us.es\/iwpr\/wp-json\/wp\/v2\/types\/post"}],"author":[{"embeddable":true,"href":"https:\/\/grupo.us.es\/iwpr\/wp-json\/wp\/v2\/users\/2"}],"replies":[{"embeddable":true,"href":"https:\/\/grupo.us.es\/iwpr\/wp-json\/wp\/v2\/comments?post=262"}],"version-history":[{"count":0,"href":"https:\/\/grupo.us.es\/iwpr\/wp-json\/wp\/v2\/posts\/262\/revisions"}],"wp:attachment":[{"href":"https:\/\/grupo.us.es\/iwpr\/wp-json\/wp\/v2\/media?parent=262"}],"wp:term":[{"taxonomy":"category","embeddable":true,"href":"https:\/\/grupo.us.es\/iwpr\/wp-json\/wp\/v2\/categories?post=262"},{"taxonomy":"post_tag","embeddable":true,"href":"https:\/\/grupo.us.es\/iwpr\/wp-json\/wp\/v2\/tags?post=262"}],"curies":[{"name":"wp","href":"https:\/\/api.w.org\/{rel}","templated":true}]}}