{"id":174,"date":"2016-09-10T12:21:00","date_gmt":"2016-09-10T10:21:00","guid":{"rendered":"http:\/\/grupo.us.es\/newiwpr\/?p=174"},"modified":"2016-09-10T12:30:46","modified_gmt":"2016-09-10T10:30:46","slug":"flash-eurobarometer-438-the-use-of-collaborative-platforms","status":"publish","type":"post","link":"https:\/\/grupo.us.es\/iwpr\/2016\/09\/10\/flash-eurobarometer-438-the-use-of-collaborative-platforms\/","title":{"rendered":"Flash Eurobarometer 438: The use of collaborative platforms"},"content":{"rendered":"<p><a href=\"http:\/\/data.europa.eu\/euodp\/en\/data\/dataset\/S2112_438_ENG\">Resultados <\/a>de una encuesta del Eurobarometer sobre el uso de las plataformas de econom\u00eda colaborativa en la Uni\u00f3n Europa<\/p>\n","protected":false},"excerpt":{"rendered":"<p>Resultados de una encuesta del Eurobarometer sobre el uso de las plataformas de econom\u00eda colaborativa en la Uni\u00f3n Europa<\/p>\n","protected":false},"author":2,"featured_media":0,"comment_status":"open","ping_status":"open","sticky":false,"template":"","format":"standard","meta":{"jetpack_post_was_ever_published":false,"_jetpack_newsletter_access":"","_jetpack_dont_email_post_to_subs":false,"_jetpack_newsletter_tier_id":0,"_jetpack_memberships_contains_paywalled_content":false,"_jetpack_memberships_contains_paid_content":false,"footnotes":"","jetpack_publicize_message":"","jetpack_publicize_feature_enabled":true,"jetpack_social_post_already_shared":true,"jetpack_social_options":{"image_generator_settings":{"template":"highway","default_image_id":0,"font":"","enabled":false},"version":2}},"categories":[6],"tags":[14,15],"class_list":["post-174","post","type-post","status-publish","format-standard","hentry","category-economia-colaborativa-y-derecho-social","tag-economia-colaborativa","tag-gig-economy"],"jetpack_publicize_connections":[],"jetpack_featured_media_url":"","jetpack_shortlink":"https:\/\/wp.me\/p7HIjh-2O","jetpack-related-posts":[{"id":184,"url":"https:\/\/grupo.us.es\/iwpr\/2016\/09\/16\/la-economia-colaborativa-aspectos-juridicos-laborales\/","url_meta":{"origin":174,"position":0},"title":"La econom\u00eda colaborativa: aspectos juridicos laborales.","author":"Fco. Javier Calvo Gallego","date":"16 septiembre, 2016","format":false,"excerpt":"Presentaci\u00f3n en pdf de la Intervenci\u00f3n en las Jornadas La Econom\u00eda colaborativa y la responsabilidad social empresarial: aspectos jur\u00eddicos y econ\u00f3micos","rel":"","context":"En \u00abEconom\u00eda colaborativa y Derecho Social\u00bb","block_context":{"text":"Econom\u00eda colaborativa y Derecho Social","link":"https:\/\/grupo.us.es\/iwpr\/category\/economia-colaborativa-y-derecho-social\/"},"img":{"alt_text":"","src":"","width":0,"height":0},"classes":[]},{"id":778,"url":"https:\/\/grupo.us.es\/iwpr\/2017\/06\/16\/resolucion-aprobada-por-el-parlamento-europeo-sobre-una-agenda-europea-para-la-economia-colaborativa\/","url_meta":{"origin":174,"position":1},"title":"Resoluci\u00f3n aprobada por el Parlamento Europeo sobre una agenda europea para la econom\u00eda colaborativa","author":"Fco. Javier Calvo Gallego","date":"16 junio, 2017","format":false,"excerpt":"Resoluci\u00f3n del Parlamento Europeo, de 15 de junio de 2017, sobre una Agenda Europea para la econom\u00eda colaborativa (2016\/0000(INI))","rel":"","context":"En \u00abEconom\u00eda colaborativa y Derecho Social\u00bb","block_context":{"text":"Econom\u00eda colaborativa y Derecho Social","link":"https:\/\/grupo.us.es\/iwpr\/category\/economia-colaborativa-y-derecho-social\/"},"img":{"alt_text":"","src":"","width":0,"height":0},"classes":[]},{"id":251,"url":"https:\/\/grupo.us.es\/iwpr\/2016\/10\/20\/documento-autonomia-sur-sobre-la-economia-colaborativa\/","url_meta":{"origin":174,"position":2},"title":"Documento Autonom\u00eda Sur sobre la econom\u00eda colaborativa","author":"Miguel Carlos Rodr\u00edguez-Pi\u00f1ero Royo","date":"20 octubre, 2016","format":false,"excerpt":"Documento elaborado por\u00a0Autonom\u00eda Sur, Sociedad Cooperativa Andaluza de Inter\u00e9s Social.\u00a0El Documento Autonom\u00eda 07 \u201cLa econom\u00eda colaborativa. Capitalismo de plataforma, trabajo precario y cooperativismo\u201d explica y analiza el nuevo concepto de moda de la \u201ceconom\u00eda colaborativa\u201d. Las consecuencias que est\u00e1n teniendo sobre las condiciones laborales, la concentraci\u00f3n de la riqueza o\u2026","rel":"","context":"En \u00abEconom\u00eda colaborativa y Derecho Social\u00bb","block_context":{"text":"Econom\u00eda colaborativa y Derecho Social","link":"https:\/\/grupo.us.es\/iwpr\/category\/economia-colaborativa-y-derecho-social\/"},"img":{"alt_text":"","src":"","width":0,"height":0},"classes":[]},{"id":232,"url":"https:\/\/grupo.us.es\/iwpr\/2016\/10\/07\/dictamen-del-comite-economico-y-social-europeo-sobre-el-tema-la-economia-colaborativa-y-la-autorregulacion\/","url_meta":{"origin":174,"position":3},"title":"Dictamen del Comit\u00e9 Econ\u00f3mico y Social Europeo sobre el tema \u00abLa econom\u00eda colaborativa y la autorregulaci\u00f3n\u00bb","author":"Miguel Carlos Rodr\u00edguez-Pi\u00f1ero Royo","date":"7 octubre, 2016","format":false,"excerpt":"cese-sobre-economia-colaborativa","rel":"","context":"En \u00abEconom\u00eda colaborativa y Derecho Social\u00bb","block_context":{"text":"Econom\u00eda colaborativa y Derecho Social","link":"https:\/\/grupo.us.es\/iwpr\/category\/economia-colaborativa-y-derecho-social\/"},"img":{"alt_text":"","src":"","width":0,"height":0},"classes":[]},{"id":853,"url":"https:\/\/grupo.us.es\/iwpr\/2017\/12\/14\/nuevos-contenidos-sobre-economia-colaborativa-en-la-biblioteca-digital\/","url_meta":{"origin":174,"position":4},"title":"Nuevos contenidos sobre econom\u00eda colaborativa en la Biblioteca Digital","author":"Miguel Carlos Rodr\u00edguez-Pi\u00f1ero Royo","date":"14 diciembre, 2017","format":false,"excerpt":"Se han publicado diversos estudios y documentos sobre econom\u00eda colaborativa y consecuencias laborales de los cambios tecnol\u00f3gicos en la Biblioteca Digital de este portal web","rel":"","context":"En \u00abEconom\u00eda colaborativa y Derecho Social\u00bb","block_context":{"text":"Econom\u00eda colaborativa y Derecho Social","link":"https:\/\/grupo.us.es\/iwpr\/category\/economia-colaborativa-y-derecho-social\/"},"img":{"alt_text":"","src":"","width":0,"height":0},"classes":[]},{"id":1268,"url":"https:\/\/grupo.us.es\/iwpr\/2018\/02\/20\/publicados-estudios-sobre-economia-colaborativa-en-la-revista-derecho-de-las-relaciones-laborales\/","url_meta":{"origin":174,"position":5},"title":"Publicados estudios sobre econom\u00eda colaborativa en la revista \u00abDerecho de las Relaciones Laborales\u00bb","author":"Miguel Carlos Rodr\u00edguez-Pi\u00f1ero Royo","date":"20 febrero, 2018","format":false,"excerpt":"\u00a0 La revista \u201cDerecho de las Relaciones Laborales\u201d acaba de publicar su n\u00famero 1 del a\u00f1o 2018 en el que se contiene una sesi\u00f3n dedicada monogr\u00e1ficamente al trabajo en plataformas. Encontramos en ella los siguientes trabajos: \u00a0 \u201c\u00bfNuevos trabajadores? Econom\u00eda colaborativa y Derecho del Trabajo. Repensando el Derecho del Trabajo:\u2026","rel":"","context":"En \u00abEconom\u00eda colaborativa y Derecho Social\u00bb","block_context":{"text":"Econom\u00eda colaborativa y Derecho Social","link":"https:\/\/grupo.us.es\/iwpr\/category\/economia-colaborativa-y-derecho-social\/"},"img":{"alt_text":"","src":"https:\/\/i0.wp.com\/grupo.us.es\/iwpr\/wp-content\/uploads\/2018\/02\/rdrl.png?fit=480%2C755&ssl=1&resize=350%2C200","width":350,"height":200},"classes":[]}],"jetpack_sharing_enabled":true,"_links":{"self":[{"href":"https:\/\/grupo.us.es\/iwpr\/wp-json\/wp\/v2\/posts\/174","targetHints":{"allow":["GET"]}}],"collection":[{"href":"https:\/\/grupo.us.es\/iwpr\/wp-json\/wp\/v2\/posts"}],"about":[{"href":"https:\/\/grupo.us.es\/iwpr\/wp-json\/wp\/v2\/types\/post"}],"author":[{"embeddable":true,"href":"https:\/\/grupo.us.es\/iwpr\/wp-json\/wp\/v2\/users\/2"}],"replies":[{"embeddable":true,"href":"https:\/\/grupo.us.es\/iwpr\/wp-json\/wp\/v2\/comments?post=174"}],"version-history":[{"count":0,"href":"https:\/\/grupo.us.es\/iwpr\/wp-json\/wp\/v2\/posts\/174\/revisions"}],"wp:attachment":[{"href":"https:\/\/grupo.us.es\/iwpr\/wp-json\/wp\/v2\/media?parent=174"}],"wp:term":[{"taxonomy":"category","embeddable":true,"href":"https:\/\/grupo.us.es\/iwpr\/wp-json\/wp\/v2\/categories?post=174"},{"taxonomy":"post_tag","embeddable":true,"href":"https:\/\/grupo.us.es\/iwpr\/wp-json\/wp\/v2\/tags?post=174"}],"curies":[{"name":"wp","href":"https:\/\/api.w.org\/{rel}","templated":true}]}}