{"id":1445,"date":"2018-10-02T09:59:21","date_gmt":"2018-10-02T07:59:21","guid":{"rendered":"http:\/\/grupo.us.es\/newiwpr\/?p=1445"},"modified":"2018-10-02T09:59:21","modified_gmt":"2018-10-02T07:59:21","slug":"prorrogado-plazo-de-entrega-del-call-for-papers-para-el-seminario-internacional-nuevos-modelos-de-trabajo-y-consumo-economia-colaborativa-y-trabajo-en-plataforma","status":"publish","type":"post","link":"https:\/\/grupo.us.es\/iwpr\/2018\/10\/02\/prorrogado-plazo-de-entrega-del-call-for-papers-para-el-seminario-internacional-nuevos-modelos-de-trabajo-y-consumo-economia-colaborativa-y-trabajo-en-plataforma\/","title":{"rendered":"PRORROGADO PLAZO  DE ENTREGA  DEL Call For Papers Para El Seminario Internacional \u2018Nuevos Modelos De Trabajo Y Consumo: Econom\u00eda Colaborativa Y Trabajo En Plataforma\u201d"},"content":{"rendered":"<p><strong>CALL FOR PAPERS<\/strong><\/p>\n<p>El comit\u00e9 organizador invita a aquellos que quieran presentar una comunicaci\u00f3n (Castellano o Ingl\u00e9s) relativa a cualquiera de las materias relacionadas con el Congreso a enviar, antes del 18 de octubre, un abstract (200 palabras aproximadamente) junto con el trabajo definitivo, o en su defecto, con un resumen del mismo (m\u00ednimo 2 p\u00e1ginas) a la direcci\u00f3n de correo admorales@us.es. El 25 de octubre el comit\u00e9 organizador anunciar\u00e1 las comunicaciones seleccionadas para su presentaci\u00f3n en el Congreso.<\/p>\n<p>Todas las comunicaciones seleccionadas y efectivamente defendidas en el Congreso podr\u00e1n formar parte, previa la necesaria reelaboraci\u00f3n que puedan imponer los editores y caso de que sus autores lo deseen, de la publicaci\u00f3n en forma monogr\u00e1fica de las ponencias y comunicaciones del Congreso<\/p>\n<p>&#8212;&#8212;&#8212;&#8212;&#8212;&#8212;&#8212;&#8212;&#8212;&#8212;&#8212;-<\/p>\n<p>The organizing committee invites those who wish to submit papers (Spanish or English) regarding any subject related to the Congress to send, before october 18, an abstract (approximately 200 words) along with the definitive paper, or with a summary of it (minimum 2 pages) to the email address <a href=\"mailto:admorales@us.es\">admorales@us.es<\/a>. On \u00a0October 25, the organizing committee will give notice of the papers selected for presentation at the Congress, together with 3 papers, on the base of the interest and methodological rigor of the proposal.<\/p>\n<p>All communications selected and presented at the Congress may be part, prior to the necessary reworking that can be imposed by the editors, and in case their authors wish, of the publication in a monographic form of the papers of the Congress<\/p>\n<p>&nbsp;<\/p>\n","protected":false},"excerpt":{"rendered":"<p>CALL FOR PAPERS El comit\u00e9 organizador invita a aquellos que quieran presentar una comunicaci\u00f3n (Castellano o Ingl\u00e9s) relativa a cualquiera de las materias relacionadas con el Congreso a enviar, antes del 18 de octubre, un abstract (200 palabras aproximadamente) junto con el trabajo definitivo, o en su defecto, con un resumen del mismo (m\u00ednimo 2&#8230;<\/p>\n","protected":false},"author":3,"featured_media":0,"comment_status":"open","ping_status":"open","sticky":false,"template":"","format":"standard","meta":{"jetpack_post_was_ever_published":false,"_jetpack_newsletter_access":"","_jetpack_dont_email_post_to_subs":false,"_jetpack_newsletter_tier_id":0,"_jetpack_memberships_contains_paywalled_content":false,"_jetpack_memberships_contains_paid_content":false,"footnotes":"","jetpack_publicize_message":"","jetpack_publicize_feature_enabled":true,"jetpack_social_post_already_shared":true,"jetpack_social_options":{"image_generator_settings":{"template":"highway","default_image_id":0,"font":"","enabled":false},"version":2}},"categories":[1],"tags":[],"class_list":["post-1445","post","type-post","status-publish","format-standard","hentry","category-sin-categoria"],"jetpack_publicize_connections":[],"jetpack_featured_media_url":"","jetpack_shortlink":"https:\/\/wp.me\/p7HIjh-nj","jetpack-related-posts":[{"id":713,"url":"https:\/\/grupo.us.es\/iwpr\/2017\/04\/24\/call-for-papers-para-el-congreso-internacional-sobre-el-trabajo-en-la-economia-colaborativa-gig-economy-28-y-29-septiembre-valencia\/","url_meta":{"origin":1445,"position":0},"title":"Call for papers para el Congreso internacional sobre el trabajo en la econom\u00eda colaborativa (GIG ECONOMY) 28 y 29 septiembre Valencia","author":"Miguel Carlos Rodr\u00edguez-Pi\u00f1ero Royo","date":"24 abril, 2017","format":false,"excerpt":"El comit\u00e9 organizador invita a aquellos que quieran presentar una comunicaci\u00f3n (Castellano o Ingl\u00e9s) relativa a cualquiera de las materias relacionadas con el Congreso a enviar, antes del 1 de Julio, un abstract (200 palabras aproximadamente) junto con el trabajo definitivo, o en su defecto, con un resumen del mismo\u2026","rel":"","context":"En \u00abEconom\u00eda colaborativa y Derecho Social\u00bb","block_context":{"text":"Econom\u00eda colaborativa y Derecho Social","link":"https:\/\/grupo.us.es\/iwpr\/category\/economia-colaborativa-y-derecho-social\/"},"img":{"alt_text":"","src":"","width":0,"height":0},"classes":[]},{"id":1410,"url":"https:\/\/grupo.us.es\/iwpr\/2018\/09\/12\/call-for-papers\/","url_meta":{"origin":1445,"position":1},"title":"Call for papers para el II Congreso Internacional Trabexit","author":"Miguel Carlos Rodr\u00edguez-Pi\u00f1ero Royo","date":"12 septiembre, 2018","format":false,"excerpt":"CONVOCATORIA DE COMUNICACIONES (CALL FOR PAPERS) II Congreso Internacional TRABEXIT: La huida del mercado de trabajo y la legislaci\u00f3n social en Espa\u00f1a El comit\u00e9 organizador invita a investigadores, docentes y profesionales del Derecho del Trabajo y la Seguridad Social a presentar comunicaciones originales que se encuadren en las l\u00edneas tem\u00e1ticas\u2026","rel":"","context":"En \u00abSin categor\u00eda\u00bb","block_context":{"text":"Sin categor\u00eda","link":"https:\/\/grupo.us.es\/iwpr\/category\/sin-categoria\/"},"img":{"alt_text":"","src":"","width":0,"height":0},"classes":[]},{"id":2427,"url":"https:\/\/grupo.us.es\/iwpr\/2020\/09\/23\/congreso-sobre-regulacion-del-teletrabajo\/","url_meta":{"origin":1445,"position":2},"title":"Congreso sobre regulaci\u00f3n del teletrabajo","author":"Miguel Carlos Rodr\u00edguez-Pi\u00f1ero Royo","date":"23 septiembre, 2020","format":false,"excerpt":"El\u00a0Congreso\u00a0se realizar\u00e1 on-line durante 6 sesiones que se celebrar\u00e1n en los meses de octubre y noviembre, y ser\u00e1 organizado por la\u00a0C\u00e1tedra de Econom\u00eda Colaborativa y Transformaci\u00f3n Digital\u00a0de la Universidad de Valencia en colaboraci\u00f3n con el Gobierno de Espa\u00f1a (Ministerio de Econom\u00eda y Competitividad) y la Generalitat Valenciana. Los temas a\u2026","rel":"","context":"En \u00abEventos cient\u00edficos\u00bb","block_context":{"text":"Eventos cient\u00edficos","link":"https:\/\/grupo.us.es\/iwpr\/category\/eventos-cientificos\/"},"img":{"alt_text":"","src":"https:\/\/i0.wp.com\/adriantodoli.com\/wp-content\/uploads\/2020\/09\/Cartel-3-1.jpg?resize=350%2C200&ssl=1","width":350,"height":200,"srcset":"https:\/\/i0.wp.com\/adriantodoli.com\/wp-content\/uploads\/2020\/09\/Cartel-3-1.jpg?resize=350%2C200&ssl=1 1x, https:\/\/i0.wp.com\/adriantodoli.com\/wp-content\/uploads\/2020\/09\/Cartel-3-1.jpg?resize=525%2C300&ssl=1 1.5x, https:\/\/i0.wp.com\/adriantodoli.com\/wp-content\/uploads\/2020\/09\/Cartel-3-1.jpg?resize=700%2C400&ssl=1 2x"},"classes":[]},{"id":4558,"url":"https:\/\/grupo.us.es\/iwpr\/2022\/01\/24\/abierto-el-plazo-de-presentacion-de-comunicaciones-al-congreso-internacional-congreso-internacional-discriminacion-y-nuevas-realidades-economicas-tecnologicas-y-sociales-evento-cofe\/","url_meta":{"origin":1445,"position":3},"title":"ABIERTO EL PLAZO DE PRESENTACI\u00d3N DE COMUNICACIONES AL CONGRESO INTERNACIONAL \u00abDISCRIMINACI\u00d3N Y NUEVAS REALIDADES ECON\u00d3MICAS, TECNOL\u00d3GICAS Y SOCIALES\u00bb (EVENTO COFE)","author":"Miguel Carlos Rodr\u00edguez-Pi\u00f1ero Royo","date":"24 enero, 2022","format":false,"excerpt":"Est\u00e1 abierto el plazo de presentaci\u00f3n de comunicaciones al Congreso Internacional Discriminaci\u00f3n y nuevas realidades econ\u00f3micas, tecnol\u00f3gicas y social (Evento COFE). Puedes acceder al programa de las mismas en este enlace. Las seis mejores comunicaciones ser\u00e1n objeto de presentaci\u00f3n (10 minutos), ya sea\u00a0 presencial o telem\u00e1tica, el d\u00eda 17 de\u2026","rel":"","context":"En \u00abComunicaci\u00f3n\u00bb","block_context":{"text":"Comunicaci\u00f3n","link":"https:\/\/grupo.us.es\/iwpr\/category\/comunicacion\/"},"img":{"alt_text":"","src":"https:\/\/i0.wp.com\/grupo.us.es\/iwpr\/wp-content\/uploads\/2022\/01\/Cartel_CONGRESO-INTERNACIONAL-DISCRIMINACI%E2%94%9CoN-Y-NUEVAS-REALIDADES-ECON%E2%94%9CoMICAS-TECNOL%E2%94%9CoGICAS-Y-SOCIALES376710241024_1.jpg?fit=724%2C1024&ssl=1&resize=350%2C200","width":350,"height":200,"srcset":"https:\/\/i0.wp.com\/grupo.us.es\/iwpr\/wp-content\/uploads\/2022\/01\/Cartel_CONGRESO-INTERNACIONAL-DISCRIMINACI%E2%94%9CoN-Y-NUEVAS-REALIDADES-ECON%E2%94%9CoMICAS-TECNOL%E2%94%9CoGICAS-Y-SOCIALES376710241024_1.jpg?fit=724%2C1024&ssl=1&resize=350%2C200 1x, https:\/\/i0.wp.com\/grupo.us.es\/iwpr\/wp-content\/uploads\/2022\/01\/Cartel_CONGRESO-INTERNACIONAL-DISCRIMINACI%E2%94%9CoN-Y-NUEVAS-REALIDADES-ECON%E2%94%9CoMICAS-TECNOL%E2%94%9CoGICAS-Y-SOCIALES376710241024_1.jpg?fit=724%2C1024&ssl=1&resize=525%2C300 1.5x, https:\/\/i0.wp.com\/grupo.us.es\/iwpr\/wp-content\/uploads\/2022\/01\/Cartel_CONGRESO-INTERNACIONAL-DISCRIMINACI%E2%94%9CoN-Y-NUEVAS-REALIDADES-ECON%E2%94%9CoMICAS-TECNOL%E2%94%9CoGICAS-Y-SOCIALES376710241024_1.jpg?fit=724%2C1024&ssl=1&resize=700%2C400 2x"},"classes":[]},{"id":6778,"url":"https:\/\/grupo.us.es\/iwpr\/2024\/06\/03\/trabexit-en-el-congreso-nacional-de-la-asociacion-espanola-de-derecho-del-trabajo-y-de-la-seguridad-social\/","url_meta":{"origin":1445,"position":4},"title":"TRABEXIT en el Congreso Nacional de la Asociaci\u00f3n Espa\u00f1ola de Derecho del Trabajo y de la Seguridad Social","author":"Miguel Carlos Rodr\u00edguez-Pi\u00f1ero Royo","date":"3 junio, 2024","format":false,"excerpt":"Los d\u00edas 30 y 31 de mayo se ha celebrado en la ciudad de M\u00e9rida el XXXIV Congreso Nacional de la Asociaci\u00f3n Espa\u00f1ola de Derecho del Trabajo y de la Seguridad Social, magistralmente organizado por la Universidad de Extremadura. Puede accederse a la p\u00e1gina web de este Congreso a trav\u00e9s\u2026","rel":"","context":"En \u00abAna Dom\u00ednguez Morales\u00bb","block_context":{"text":"Ana Dom\u00ednguez Morales","link":"https:\/\/grupo.us.es\/iwpr\/category\/ana-dominguez-morales\/"},"img":{"alt_text":"","src":"https:\/\/i0.wp.com\/grupo.us.es\/iwpr\/wp-content\/uploads\/2024\/06\/thumbnail_IMG20240531114901-225x300.jpg?resize=350%2C200","width":350,"height":200},"classes":[]},{"id":1541,"url":"https:\/\/grupo.us.es\/iwpr\/2019\/10\/28\/3o-congreso-mundial-cielo-laboral-2020-en-nantes\/","url_meta":{"origin":1445,"position":5},"title":"3\u00ba CONGRESO MUNDIAL CIELO LABORAL 2020 EN NANTES","author":"Miguel Carlos Rodr\u00edguez-Pi\u00f1ero Royo","date":"28 octubre, 2019","format":false,"excerpt":"Los pr\u00f3ximos d\u00edas 24 y 25 de septiembre de 2020 tendr\u00e1 lugar en la Facultad de Derecho y de Ciencias Pol\u00edticas de la Universidad de Nantes (Francia) el Tercer Congreso Mundial de la Comunidad CIELO, bajo el t\u00edtulo general EL TRABAJO GLOBALIZADO \u00bfQU\u00c9 PAPEL DESEMPE\u00d1AN LAS EMPRESAS, LOS TRABAJADORES, LAS\u2026","rel":"","context":"En \u00abEventos cient\u00edficos\u00bb","block_context":{"text":"Eventos cient\u00edficos","link":"https:\/\/grupo.us.es\/iwpr\/category\/eventos-cientificos\/"},"img":{"alt_text":"","src":"","width":0,"height":0},"classes":[]}],"jetpack_sharing_enabled":true,"_links":{"self":[{"href":"https:\/\/grupo.us.es\/iwpr\/wp-json\/wp\/v2\/posts\/1445","targetHints":{"allow":["GET"]}}],"collection":[{"href":"https:\/\/grupo.us.es\/iwpr\/wp-json\/wp\/v2\/posts"}],"about":[{"href":"https:\/\/grupo.us.es\/iwpr\/wp-json\/wp\/v2\/types\/post"}],"author":[{"embeddable":true,"href":"https:\/\/grupo.us.es\/iwpr\/wp-json\/wp\/v2\/users\/3"}],"replies":[{"embeddable":true,"href":"https:\/\/grupo.us.es\/iwpr\/wp-json\/wp\/v2\/comments?post=1445"}],"version-history":[{"count":0,"href":"https:\/\/grupo.us.es\/iwpr\/wp-json\/wp\/v2\/posts\/1445\/revisions"}],"wp:attachment":[{"href":"https:\/\/grupo.us.es\/iwpr\/wp-json\/wp\/v2\/media?parent=1445"}],"wp:term":[{"taxonomy":"category","embeddable":true,"href":"https:\/\/grupo.us.es\/iwpr\/wp-json\/wp\/v2\/categories?post=1445"},{"taxonomy":"post_tag","embeddable":true,"href":"https:\/\/grupo.us.es\/iwpr\/wp-json\/wp\/v2\/tags?post=1445"}],"curies":[{"name":"wp","href":"https:\/\/api.w.org\/{rel}","templated":true}]}}