{"id":1085,"date":"2017-12-20T13:57:20","date_gmt":"2017-12-20T12:57:20","guid":{"rendered":"http:\/\/grupo.us.es\/newiwpr\/?p=1085"},"modified":"2018-01-12T13:49:05","modified_gmt":"2018-01-12T12:49:05","slug":"publicada-una-monografia-sobre-la-proteccion-sanitaria-de-los-funcionarios-publicos","status":"publish","type":"post","link":"https:\/\/grupo.us.es\/iwpr\/2017\/12\/20\/publicada-una-monografia-sobre-la-proteccion-sanitaria-de-los-funcionarios-publicos\/","title":{"rendered":"PUBLICADA UNA MONOGRAF\u00cdA SOBRE LA PROTECCI\u00d3N SANITARIA DE LOS FUNCIONARIOS P\u00daBLICOS"},"content":{"rendered":"<p>La editorial Bomarzo acaba de publicar la monograf\u00eda titulada \u00abla protecci\u00f3n sanitaria en los Reg\u00edmenes Especiales de Seguridad Social de los funcionarios p\u00fablicos\u00bb cuya autora es la profesora Macarena Hern\u00e1ndez Bejarano, miembro de nuestro proyecto de investigaci\u00f3n.<\/p>\n<p>Enlace a la editorial en\u00a0<a href=\"https:\/\/editorialbomarzo.es\/\">https:\/\/editorialbomarzo.es\/<\/a><\/p>\n","protected":false},"excerpt":{"rendered":"<p>La editorial Bomarzo acaba de publicar la monograf\u00eda titulada \u00abla protecci\u00f3n sanitaria en los Reg\u00edmenes Especiales de Seguridad Social de los funcionarios p\u00fablicos\u00bb cuya autora es la profesora Macarena Hern\u00e1ndez Bejarano, miembro de nuestro proyecto de investigaci\u00f3n. Enlace a la editorial en\u00a0https:\/\/editorialbomarzo.es\/<\/p>\n","protected":false},"author":3,"featured_media":0,"comment_status":"open","ping_status":"open","sticky":false,"template":"","format":"standard","meta":{"jetpack_post_was_ever_published":false,"_jetpack_newsletter_access":"","_jetpack_dont_email_post_to_subs":false,"_jetpack_newsletter_tier_id":0,"_jetpack_memberships_contains_paywalled_content":false,"_jetpack_memberships_contains_paid_content":false,"footnotes":"","jetpack_publicize_message":"","jetpack_publicize_feature_enabled":true,"jetpack_social_post_already_shared":true,"jetpack_social_options":{"image_generator_settings":{"template":"highway","default_image_id":0,"font":"","enabled":false},"version":2}},"categories":[30,35],"tags":[],"class_list":["post-1085","post","type-post","status-publish","format-standard","hentry","category-macarena-hernandez-bejarano","category-publicaciones"],"jetpack_publicize_connections":[],"jetpack_featured_media_url":"","jetpack_shortlink":"https:\/\/wp.me\/p7HIjh-hv","jetpack-related-posts":[{"id":1089,"url":"https:\/\/grupo.us.es\/iwpr\/2017\/12\/20\/publicada-la-primera-monografia-de-nuestro-proyecto-economia-colaborativa-y-trabajo-en-plataformasrealidades-y-desafios\/","url_meta":{"origin":1085,"position":0},"title":"SE PUBLICAN LOS PRIMEROS RESULTADOS DE  NUESTRO PROYECTO DE INVESTIGACI\u00d3N EN LA MONOGRAF\u00cdA \u00bb ECONOM\u00cdA COLABORATIVA Y TRABAJO EN PLATAFORMAS:REALIDADES Y DESAF\u00cdOS\u00bb","author":"Macarena Hern\u00e1ndez Bejarano","date":"20 diciembre, 2017","format":false,"excerpt":"La editorial Bomarzo acaba de publicar los primeros resultados de nuestro proyecto de investigaci\u00f3n bajo el t\u00edtulo \"Econom\u00eda colaborativa y trabajo en plataformas: realidades y desaf\u00edos\" . El libro est\u00e1 dirigido por los profesores Miguel Rodr\u00edguez-Pi\u00f1ero Royo y Macarena Hern\u00e1ndez Bejarano, investigadores principales del proyecto y presenta el siguiente \u00edndice\u2026","rel":"","context":"En \u00abEconom\u00eda colaborativa y Derecho Social\u00bb","block_context":{"text":"Econom\u00eda colaborativa y Derecho Social","link":"https:\/\/grupo.us.es\/iwpr\/category\/economia-colaborativa-y-derecho-social\/"},"img":{"alt_text":"","src":"https:\/\/i0.wp.com\/grupo.us.es\/iwpr\/wp-content\/uploads\/2017\/12\/PORTADA-LIBRO-BOMARZO.png?fit=510%2C600&ssl=1&resize=350%2C200","width":350,"height":200},"classes":[]},{"id":2412,"url":"https:\/\/grupo.us.es\/iwpr\/2020\/08\/25\/publicados-los-resultados-cientificos-del-congreso-final-del-proyecto\/","url_meta":{"origin":1085,"position":1},"title":"Publicados los resultados cient\u00edficos del congreso final del proyecto","author":"Miguel Carlos Rodr\u00edguez-Pi\u00f1ero Royo","date":"25 agosto, 2020","format":false,"excerpt":"Durante los d\u00edas 8 y 9 de noviembre de 2018 tuvo lugar en el Sal\u00f3n de grados Facultad de Ciencias del Trabajo de la Universidad de Sevilla el seminario \u2018Nuevos modelos de trabajo y consumo: econom\u00eda colaborativa y trabajo en plataforma\u201d. Este seminario form\u00f3 parte del Congreso internacional \u201cInstrumentos normativos\u2026","rel":"","context":"En \u00abDerechos digitales\u00bb","block_context":{"text":"Derechos digitales","link":"https:\/\/grupo.us.es\/iwpr\/category\/derechos-digitales\/"},"img":{"alt_text":"","src":"https:\/\/i0.wp.com\/grupo.us.es\/iwpr\/wp-content\/uploads\/2020\/08\/portada-libro-tirant.jpg?resize=350%2C200","width":350,"height":200},"classes":[]},{"id":66,"url":"https:\/\/grupo.us.es\/iwpr\/2016\/07\/12\/nuevas-publicaciones\/","url_meta":{"origin":1085,"position":2},"title":"Nuevas publicaciones","author":"Macarena Hern\u00e1ndez Bejarano","date":"12 julio, 2016","format":false,"excerpt":"El pasado martes, 21 de junio, tuvo lugar la presentaci\u00f3n del libro \"Los grandes debates actuales en el Derecho del Trabajo y la Protecci\u00f3n Social\" en homenaje al Profesor Dr. Manuel Ram\u00f3n Alarc\u00f3n Caracuel","rel":"","context":"En \u00abSin categor\u00eda\u00bb","block_context":{"text":"Sin categor\u00eda","link":"https:\/\/grupo.us.es\/iwpr\/category\/sin-categoria\/"},"img":{"alt_text":"","src":"","width":0,"height":0},"classes":[]},{"id":613,"url":"https:\/\/grupo.us.es\/iwpr\/2017\/02\/10\/publicado-articulo-de-un-miembro-del-proyecto-sobre-economia-colaborativa\/","url_meta":{"origin":1085,"position":3},"title":"Publicado art\u00edculo de un miembro del proyecto sobre econom\u00eda colaborativa","author":"Miguel Carlos Rodr\u00edguez-Pi\u00f1ero Royo","date":"10 febrero, 2017","format":false,"excerpt":"La doctora Macarena Hern\u00e1ndez Bejarano, Co-investigadora principal del proyecto de investigaci\u00f3n Der 2015-63701-C3-3-R, \u201cInstrumentos normativos sociales ante el nuevo contexto tecnol\u00f3gico\u201d, que forma parte de este proyecto coordinado, acaba de publicar un art\u00edculo con resultados cient\u00edficos del mismo. Se trata del articulo \"El apoyo europeo al modelo de econom\u00eda colaborativa:\u2026","rel":"","context":"En \u00abEconom\u00eda colaborativa y Derecho Social\u00bb","block_context":{"text":"Econom\u00eda colaborativa y Derecho Social","link":"https:\/\/grupo.us.es\/iwpr\/category\/economia-colaborativa-y-derecho-social\/"},"img":{"alt_text":"","src":"","width":0,"height":0},"classes":[]},{"id":3218,"url":"https:\/\/grupo.us.es\/iwpr\/2021\/01\/19\/ii-ciclo-de-seminarios-de-proteccion-social-y-lucha-contra-la-pobreza-y-exclusion-social\/","url_meta":{"origin":1085,"position":4},"title":"II Ciclo De Seminarios De Protecci\u00f3n Social Y Lucha Contra La Pobreza Y Exclusi\u00f3n Social","author":"Juan Carlos \u00c1lvarez Cort\u00e9s","date":"19 enero, 2021","format":false,"excerpt":"El martes d\u00eda 26 de enero de 2021 tendr\u00e1 lugar el II ciclo de Seminarios de Protecci\u00f3n Social y lucha contra la Pobreza y Exclusi\u00f3n \"LAS PRESTACIONES NO CONTRIBUTIVAS DE LA SEGURIDAD SOCIAL\" El programa es el siguiente: LAS PENSIONES NO CONTRIBUTIVAS DE LA SEGURIDAD SOCIAL: Hora: 17:00 D. Miguel\u2026","rel":"","context":"En \u00abJuan Carlos \u00c1lvarez Cort\u00e9s\u00bb","block_context":{"text":"Juan Carlos \u00c1lvarez Cort\u00e9s","link":"https:\/\/grupo.us.es\/iwpr\/category\/juan-carlos-alvarez-cortes\/"},"img":{"alt_text":"","src":"","width":0,"height":0},"classes":[]},{"id":770,"url":"https:\/\/grupo.us.es\/iwpr\/2017\/05\/12\/la-editorial-thomson-reuters-aranzadi-publica-un-nuevo-estudio-sobre-la-economia-colaborativa\/","url_meta":{"origin":1085,"position":5},"title":"La editorial Thomson Reuters ARANZADI publica un nuevo estudio sobre la econom\u00eda colaborativa","author":"Macarena Hern\u00e1ndez Bejarano","date":"12 mayo, 2017","format":false,"excerpt":"La prestigiosa editorial Thomson Reuters Aranzadi ha publicado un amplio e interesante estudio sobre la econom\u00eda colaborativa. El trabajo, titulado \"RETOS JUR\u00cdDICOS DE LA ECONOM\u00cdA COLABORATIVA EN EL CONTEXTO DIGITAL\", ha sido dirigido por Rosal\u00eda Alfonso S\u00e1nchez y Juli\u00e1n Valero Torrijos y en \u00e9l participan profesores de distintas \u00a0disciplinas que\u2026","rel":"","context":"En \u00abEconom\u00eda colaborativa y Derecho Social\u00bb","block_context":{"text":"Econom\u00eda colaborativa y Derecho Social","link":"https:\/\/grupo.us.es\/iwpr\/category\/economia-colaborativa-y-derecho-social\/"},"img":{"alt_text":"","src":"","width":0,"height":0},"classes":[]}],"jetpack_sharing_enabled":true,"_links":{"self":[{"href":"https:\/\/grupo.us.es\/iwpr\/wp-json\/wp\/v2\/posts\/1085","targetHints":{"allow":["GET"]}}],"collection":[{"href":"https:\/\/grupo.us.es\/iwpr\/wp-json\/wp\/v2\/posts"}],"about":[{"href":"https:\/\/grupo.us.es\/iwpr\/wp-json\/wp\/v2\/types\/post"}],"author":[{"embeddable":true,"href":"https:\/\/grupo.us.es\/iwpr\/wp-json\/wp\/v2\/users\/3"}],"replies":[{"embeddable":true,"href":"https:\/\/grupo.us.es\/iwpr\/wp-json\/wp\/v2\/comments?post=1085"}],"version-history":[{"count":0,"href":"https:\/\/grupo.us.es\/iwpr\/wp-json\/wp\/v2\/posts\/1085\/revisions"}],"wp:attachment":[{"href":"https:\/\/grupo.us.es\/iwpr\/wp-json\/wp\/v2\/media?parent=1085"}],"wp:term":[{"taxonomy":"category","embeddable":true,"href":"https:\/\/grupo.us.es\/iwpr\/wp-json\/wp\/v2\/categories?post=1085"},{"taxonomy":"post_tag","embeddable":true,"href":"https:\/\/grupo.us.es\/iwpr\/wp-json\/wp\/v2\/tags?post=1085"}],"curies":[{"name":"wp","href":"https:\/\/api.w.org\/{rel}","templated":true}]}}