{"id":10367,"date":"2026-02-06T08:00:12","date_gmt":"2026-02-06T07:00:12","guid":{"rendered":"https:\/\/grupo.us.es\/iwpr\/?p=10367"},"modified":"2026-02-20T11:03:32","modified_gmt":"2026-02-20T10:03:32","slug":"el-papel-de-la-negociacion-colectiva-en-la-regulacion-de-las-modalidades-contractuales-tras-la-reforma-laboral-nueva-publicacion-del-proyecto-trabexit","status":"publish","type":"post","link":"https:\/\/grupo.us.es\/iwpr\/2026\/02\/06\/el-papel-de-la-negociacion-colectiva-en-la-regulacion-de-las-modalidades-contractuales-tras-la-reforma-laboral-nueva-publicacion-del-proyecto-trabexit\/","title":{"rendered":"El papel de la negociaci\u00f3n colectiva en la regulaci\u00f3n de las modalidades contractuales tras la reforma laboral: nueva publicaci\u00f3n del proyecto TRABEXIT"},"content":{"rendered":"<p>El proyecto TRABEXIT se va acercando a su terminaci\u00f3n, y en estas fases finales es el momento de dar a conocer los resultados de estos a\u00f1os de investigaci\u00f3n, que se a\u00f1aden a los que ya se han venido publicando en meses anteriores.<\/p>\n<p>Uno de los principales resultados cient\u00edficos de nuestro proyecto ha sido la completa monograf\u00eda, publicada en open access en la prestigiosa editorial jur\u00eddica Atelier, \u00abEl papel de la negociaci\u00f3n colectiva en la regulaci\u00f3n de las modalidades contractuales tras la reforma laboral\u00bb, cuyo autor ha sido el profesor Dr. Francisco Javier Calvo Gallego, miembro eminente del proyecto de investigaci\u00f3n TRABEXIT y fundador de IUSLABLOG. En este trabajo el profesor Calvo afronta uno de los temas centrales en los estudios de Derecho del Trabajo en Espa\u00f1a, el de la contrataci\u00f3n temporal.<\/p>\n<p>Este estudio examina el papel de la negociaci\u00f3n colectiva en relaci\u00f3n con uno de los problemas estructurales m\u00e1s persistentes del mercado laboral espa\u00f1ol: la elevada tasa de temporalidad. A trav\u00e9s de un enfoque cronol\u00f3gico, se analiza c\u00f3mo la negociaci\u00f3n colectiva ha contribuido a generar, mantener o combatir este fen\u00f3meno, en un contexto marcado tambi\u00e9n por otros desaf\u00edos como el desempleo cr\u00f3nico o la escasa inserci\u00f3n laboral de las mujeres en empleos de calidad. El trabajo aborda el origen y evoluci\u00f3n de esta problem\u00e1tica, revisa el marco normativo e interprofesional actual, y estudia el contenido real de los convenios colectivos estatales en esta materia.<\/p>\n<p>Es una afirmaci\u00f3n recurrente se\u00f1alar c\u00f3mo uno de los rasgos que mejor han caracterizado durante estos \u00faltimos a\u00f1os al modelo espa\u00f1ol de relaciones laborales \u2013junto con otros, ciertamente preocupantes, como la alta tasa de desempleo o la menor participaci\u00f3n en la ocupaci\u00f3n, en especial de calidad, del colectivo femenino- ha sido, sin duda, la excesiva tasa de temporalidad. Desde esta premisa com\u00fanmente compartida, el trabajo presentado trata de analizar el rol y la funci\u00f3n que, en la creaci\u00f3n, en la conservaci\u00f3n o, desde otra perspectiva, en la lucha contra esta excesiva temporalidad, ha tenido, tiene, e incluso, est\u00e1 llamada a desarrollar la negociaci\u00f3n colectiva.<\/p>\n<p>Para ello se utiliza una perspectiva inicialmente hist\u00f3rica que, en primer lugar, nos sit\u00faa temporalmente, se\u00f1alando de d\u00f3nde venimos y destacando el papel que en este \u00e1mbito ha jugado tradicionalmente nuestra negociaci\u00f3n colectiva. Se parte as\u00ed del escaso papel que en este campo jugaron tradicionalmente, no solo las viejas bases de trabajo o los pactos colectivos, sino tambi\u00e9n los denominados convenios colectivos sindicales en una materia tradicionalmente considerada casi de orden p\u00fablico desde una percepci\u00f3n inalterada con la llegada de la democracia. Desde estas premisas se destaca igualmente el impacto que en este \u00e1mbito tuvo la reforma laboral de 1994; en especial como la atribuci\u00f3n de un mayor poder configurador a nuestra negociaci\u00f3n colectiva, unida al inter\u00e9s empresarial por salvaguardar v\u00edas de articulaci\u00f3n jur\u00eddica de la temporalidad ante una contrataci\u00f3n de fomento del empleo progresivamente limitada, produjeron en ocasiones una cierta desnaturalizaci\u00f3n convencional de modalidades estructurales como el contrato de obra o servicio o el eventual o por circunstancias de la producci\u00f3n. Finalmente se analizan con detenimiento las sucesivas reformas legales y su impacto -en ocasiones infructuoso- en esta materia, tratando de resaltar los principales vectores o l\u00edneas de evoluci\u00f3n normativa.<\/p>\n<p>Con esta base, el estudio se detiene, en segundo lugar, a analizar, igualmente, en d\u00f3nde estamos; esto es, cu\u00e1l es nuestro actual marco legal e interprofesional, fruto de la reforma de diciembre de 2021. De esta forma se destacan la clara preferencia de esta norma por las medidas legales, y la clara reducci\u00f3n de la capacidad configuradora de estas modalidades por nuestra negociaci\u00f3n colectiva -salvo en el caso del fijo-discontinuo-otorgando adem\u00e1s una clara preferencia legal por el \u00e1mbito sectorial y centrando la funci\u00f3n negocial en los aspectos de mejora de calidad del empleo. Se incide adem\u00e1s en los diversos problemas que plantean la posible relaci\u00f3n entre los distintos niveles o \u00e1mbitos funcionales de negociaci\u00f3n.<\/p>\n<p>En tercer lugar, se realiza un detenido an\u00e1lisis del contenido real de nuestros convenios, b\u00e1sicamente de \u00e1mbito estatal. Se analizan as\u00ed m\u00e1s de setenta convenios estatales y otros provinciales, resaltando la r\u00e1pida incorporaci\u00f3n de estas reformas, y prestando una especial atenci\u00f3n a la medida estrella como fue, sin duda, el contrato fijo-discontinuo. Igualmente se analiza el escaso y b\u00e1sicamente ejemplificativo contenido del \u00faltimo AENC poni\u00e9ndolo en contexto con los anteriores acuerdos interprofesionales.<\/p>\n<p>En su parte final, la obra identifica los nuevos retos que enfrenta la negociaci\u00f3n colectiva frente a los intentos de eludir los l\u00edmites legales a la temporalidad, como la utilizaci\u00f3n del per\u00edodo de prueba con fines encubiertos o la creciente incidencia de la automatizaci\u00f3n y la inteligencia artificial en los procesos de contrataci\u00f3n. Se alerta sobre los riesgos de deshumanizaci\u00f3n y opacidad en la toma de decisiones laborales, y se llama a reforzar el papel regulador de la negociaci\u00f3n colectiva para garantizar condiciones de empleo m\u00e1s estables, equitativas y transparentes.<\/p>\n<p>Ya por \u00faltimo, y para concluir, se identifican y analizan algunos de los nuevos retos con los que nuestros negociadores se enfrentar\u00e1n en este \u00e1mbito. Se realizan propuestas y se destaca, en especial, el riesgo que supone el uso de algunas instituciones tradicionales como el periodo de prueba, utilizado en ocasiones como mecanismo destinado a intentar eludir la nueva regulaci\u00f3n legal en esta materia. Para finalizar, se analizan los riesgos que, especialmente en estos procesos de reclutamiento, selecci\u00f3n y contrataci\u00f3n genera la progresiva utilizaci\u00f3n de algoritmos y de la Inteligencia Artificial (IA) realizando propuestas tras un an\u00e1lisis de las diferencias entre el Reglamento de Inteligencia Artificial y la nueva Directiva de trabajo en plataformas.<\/p>\n<p>&nbsp;<\/p>\n<p>Esta importante libro est\u00e1 accesible en su totalidad en el siguiente <a href=\"https:\/\/atelieropenaccess.com\/products\/el-papel-de-la-negociacion-colectiva-en-la-regulacion-de-las-modalidades-contractuales-tras-la-reforma-laboral?srsltid=AfmBOooSvn7gCShopOOvDpaMxdVt0ehieKB6ZE6INje3mv-ksxPIx25h\">enlace<\/a>.<\/p>\n","protected":false},"excerpt":{"rendered":"<p>El proyecto TRABEXIT se va acercando a su terminaci\u00f3n, y en estas fases finales es el momento de dar a conocer los resultados de estos a\u00f1os de investigaci\u00f3n, que se a\u00f1aden a los que ya se han venido publicando en meses anteriores. Uno de los principales resultados cient\u00edficos de nuestro proyecto ha sido la completa&#8230;<\/p>\n","protected":false},"author":2,"featured_media":10368,"comment_status":"open","ping_status":"open","sticky":true,"template":"","format":"standard","meta":{"jetpack_post_was_ever_published":false,"_jetpack_newsletter_access":"","_jetpack_dont_email_post_to_subs":false,"_jetpack_newsletter_tier_id":0,"_jetpack_memberships_contains_paywalled_content":false,"_jetpack_memberships_contains_paid_content":false,"footnotes":"","jetpack_publicize_message":"","jetpack_publicize_feature_enabled":true,"jetpack_social_post_already_shared":true,"jetpack_social_options":{"image_generator_settings":{"template":"highway","default_image_id":0,"font":"","enabled":false},"version":2}},"categories":[147,252,253,227,33,83,175,249,246,331,35,228],"tags":[],"class_list":["post-10367","post","type-post","status-publish","format-standard","has-post-thumbnail","hentry","category-contratacion-temporal","category-contratos","category-contratos-formativos","category-estatuto-de-los-trabajadores","category-francisco-javier-calvo-gallego","category-inteligencia-artificial","category-iuslablog","category-negociacion-colectiva","category-nuevas-realidades","category-proyecto-trabexit","category-publicaciones","category-reforma-laboral"],"jetpack_publicize_connections":[],"jetpack_featured_media_url":"https:\/\/i0.wp.com\/grupo.us.es\/iwpr\/wp-content\/uploads\/2026\/02\/979-13-87867-67-6_cara.webp?fit=803%2C1134&ssl=1","jetpack_shortlink":"https:\/\/wp.me\/p7HIjh-2Hd","jetpack-related-posts":[{"id":4868,"url":"https:\/\/grupo.us.es\/iwpr\/2022\/04\/01\/publicado-monografico-sobre-la-reforma-laboral\/","url_meta":{"origin":10367,"position":0},"title":"Publicado Monogr\u00e1fico sobre la Reforma Laboral","author":"Admin","date":"1 abril, 2022","format":false,"excerpt":"Se ha publicado el nuevo n\u00famero monogr\u00e1fico de nuestra revista \u00abTrabajo, Persona, Derecho y Mercado\u00bb dedicado a la Reforma Laboral. Su estructura es la siguiente: Presentaci\u00f3n. Emilia Castellano Burguillo, Mar\u00eda Luisa P\u00e9rez Guerrero Editorial: Siete tesis sobre la reforma laboral. Miguel Rodr\u00edguez-Pi\u00f1ero Royo Art\u00edculos doctrinales: La reforma laboral de 2021:\u2026","rel":"","context":"En \u00abcontratos\u00bb","block_context":{"text":"contratos","link":"https:\/\/grupo.us.es\/iwpr\/category\/contratos\/"},"img":{"alt_text":"","src":"https:\/\/i0.wp.com\/grupo.us.es\/iwpr\/wp-content\/uploads\/2020\/09\/Revista.jpg?fit=253%2C361&ssl=1&resize=350%2C200","width":350,"height":200},"classes":[]},{"id":5192,"url":"https:\/\/grupo.us.es\/iwpr\/2022\/10\/08\/la-negociacion-colectiva-y-su-peso-en-la-empresa\/","url_meta":{"origin":10367,"position":1},"title":"La negociaci\u00f3n colectiva y su peso en la empresa","author":"Miguel Carlos Rodr\u00edguez-Pi\u00f1ero Royo","date":"8 octubre, 2022","format":false,"excerpt":"La reforma laboral de 2021 se plante\u00f3 como uno de sus objetivos reequilibrar el peso espec\u00edfico de la negociaci\u00f3n colectiva de empresas frente a la sectorial, tras una reforma previa, la de 2012, cuya preferencia por el convenio de empresa hab\u00eda llevado a alterar elementos estructurales de nuestro Derecho colectivo,\u2026","rel":"","context":"En \u00abDerechos colectivos\u00bb","block_context":{"text":"Derechos colectivos","link":"https:\/\/grupo.us.es\/iwpr\/category\/derechos-colectivos\/"},"img":{"alt_text":"","src":"https:\/\/i0.wp.com\/grupo.us.es\/iwpr\/wp-content\/uploads\/2022\/01\/pwc.jpg?resize=350%2C200","width":350,"height":200},"classes":[]},{"id":10343,"url":"https:\/\/grupo.us.es\/iwpr\/2026\/02\/04\/publicado-nuevo-numero-de-la-revista-trabajo-persona-derecho-mercado\/","url_meta":{"origin":10367,"position":2},"title":"Publicado nuevo n\u00famero de la revista \u00abTrabajo, persona, derecho, mercado\u00bb","author":"Miguel Carlos Rodr\u00edguez-Pi\u00f1ero Royo","date":"4 febrero, 2026","format":false,"excerpt":"Ya est\u00e1 disponible el n\u00famero 11 de la revista \"Trabajo, persona, Derecho, mercado\", el \u00faltimo n\u00famero del a\u00f1o 2025. Trabajo, persona, Derecho, mercado es una revista cient\u00edfico-t\u00e9cnica de la Universidad de Sevilla, concebida como un espacio de referencia para el an\u00e1lisis y el debate multidisciplinar e interdisciplinar sobre el mundo\u2026","rel":"","context":"En \u00abIuslablog\u00bb","block_context":{"text":"Iuslablog","link":"https:\/\/grupo.us.es\/iwpr\/category\/iuslablog\/"},"img":{"alt_text":"","src":"https:\/\/i0.wp.com\/grupo.us.es\/iwpr\/wp-content\/uploads\/2024\/11\/cover_issue_1542_es_ES.png?fit=803%2C1134&ssl=1&resize=350%2C200","width":350,"height":200,"srcset":"https:\/\/i0.wp.com\/grupo.us.es\/iwpr\/wp-content\/uploads\/2024\/11\/cover_issue_1542_es_ES.png?fit=803%2C1134&ssl=1&resize=350%2C200 1x, https:\/\/i0.wp.com\/grupo.us.es\/iwpr\/wp-content\/uploads\/2024\/11\/cover_issue_1542_es_ES.png?fit=803%2C1134&ssl=1&resize=525%2C300 1.5x, https:\/\/i0.wp.com\/grupo.us.es\/iwpr\/wp-content\/uploads\/2024\/11\/cover_issue_1542_es_ES.png?fit=803%2C1134&ssl=1&resize=700%2C400 2x"},"classes":[]},{"id":4833,"url":"https:\/\/grupo.us.es\/iwpr\/2022\/03\/22\/la-importancia-de-los-acuerdos-sectoriales-estatales-tras-la-reforma-laboral\/","url_meta":{"origin":10367,"position":3},"title":"La importancia de los acuerdos sectoriales estatales tras la reforma laboral","author":"Miguel Carlos Rodr\u00edguez-Pi\u00f1ero Royo","date":"22 marzo, 2022","format":false,"excerpt":"El profesor Lahera Forteza, uno de los mayores expertos en Espa\u00f1a en materia de negociaci\u00f3n colectiva, acaba de publicar una importante monograf\u00eda sobre esta materia en la editorial Tirant Lo Blanch, titulada \"La negociaci\u00f3n colectiva tras la reforma laboral de 2021\". Por invitaci\u00f3n de los responsables de este blog ha\u2026","rel":"","context":"En \u00abDi\u00e1logo Social\u00bb","block_context":{"text":"Di\u00e1logo Social","link":"https:\/\/grupo.us.es\/iwpr\/category\/dialogo-social\/"},"img":{"alt_text":"","src":"","width":0,"height":0},"classes":[]},{"id":4228,"url":"https:\/\/grupo.us.es\/iwpr\/2021\/12\/30\/asi-es-la-reforma-de-los-contratos-temporales\/","url_meta":{"origin":10367,"position":4},"title":"As\u00ed es la reforma de los contratos laborales de 2021","author":"Miguel Carlos Rodr\u00edguez-Pi\u00f1ero Royo","date":"30 diciembre, 2021","format":false,"excerpt":"La firma PwC Tax & Legal Services ha publicado en su Periscopio Fiscal y Legal un an\u00e1lisis de la nueva regulaci\u00f3n de los contratos laborales tras la aprobaci\u00f3n del Real Decreto-Ley 32\/2021. Alguna de esta normativa tardar\u00e1 todav\u00eda en vigor, porque el mecanismo de vigencia y derogaci\u00f3n que contiene esta\u2026","rel":"","context":"En \u00abDi\u00e1logo Social\u00bb","block_context":{"text":"Di\u00e1logo Social","link":"https:\/\/grupo.us.es\/iwpr\/category\/dialogo-social\/"},"img":{"alt_text":"Periscopio Fiscal y Legal","src":"https:\/\/i0.wp.com\/periscopiofiscalylegal.pwc.es\/wp-content\/themes\/periscopio\/library\/images\/logo.png?resize=350%2C200&ssl=1","width":350,"height":200},"classes":[]},{"id":7535,"url":"https:\/\/grupo.us.es\/iwpr\/2024\/10\/07\/publicacion-del-proyecto-trabexit-esta-vez-sobre-plataformas-digitales\/","url_meta":{"origin":10367,"position":5},"title":"Publicaci\u00f3n del proyecto TRABEXIT, esta vez sobre plataformas digitales","author":"Miguel Carlos Rodr\u00edguez-Pi\u00f1ero Royo","date":"7 octubre, 2024","format":false,"excerpt":"Uno de los miembros del equipo de investigadores del proyecto TRABEXIT, Federico Rosenbaum Carli, Profesor Asociado e investigador de alta dedicaci\u00f3n (PiAD) en Universidad Cat\u00f3lica del Uruguay en Derecho del Trabajo y Seguridad Social ha publicado un art\u00edculo en el primer n\u00famero de Labor, revista de la Sociedad Internacional de\u2026","rel":"","context":"En \u00abDerecho Internacional del Trabajo\u00bb","block_context":{"text":"Derecho Internacional del Trabajo","link":"https:\/\/grupo.us.es\/iwpr\/category\/derecho-internacional-del-trabajo\/"},"img":{"alt_text":"","src":"https:\/\/i0.wp.com\/grupo.us.es\/iwpr\/wp-content\/uploads\/2024\/02\/Trabexit-2.png?fit=1200%2C815&ssl=1&resize=350%2C200","width":350,"height":200,"srcset":"https:\/\/i0.wp.com\/grupo.us.es\/iwpr\/wp-content\/uploads\/2024\/02\/Trabexit-2.png?fit=1200%2C815&ssl=1&resize=350%2C200 1x, https:\/\/i0.wp.com\/grupo.us.es\/iwpr\/wp-content\/uploads\/2024\/02\/Trabexit-2.png?fit=1200%2C815&ssl=1&resize=525%2C300 1.5x, https:\/\/i0.wp.com\/grupo.us.es\/iwpr\/wp-content\/uploads\/2024\/02\/Trabexit-2.png?fit=1200%2C815&ssl=1&resize=700%2C400 2x, https:\/\/i0.wp.com\/grupo.us.es\/iwpr\/wp-content\/uploads\/2024\/02\/Trabexit-2.png?fit=1200%2C815&ssl=1&resize=1050%2C600 3x"},"classes":[]}],"jetpack_sharing_enabled":true,"_links":{"self":[{"href":"https:\/\/grupo.us.es\/iwpr\/wp-json\/wp\/v2\/posts\/10367","targetHints":{"allow":["GET"]}}],"collection":[{"href":"https:\/\/grupo.us.es\/iwpr\/wp-json\/wp\/v2\/posts"}],"about":[{"href":"https:\/\/grupo.us.es\/iwpr\/wp-json\/wp\/v2\/types\/post"}],"author":[{"embeddable":true,"href":"https:\/\/grupo.us.es\/iwpr\/wp-json\/wp\/v2\/users\/2"}],"replies":[{"embeddable":true,"href":"https:\/\/grupo.us.es\/iwpr\/wp-json\/wp\/v2\/comments?post=10367"}],"version-history":[{"count":1,"href":"https:\/\/grupo.us.es\/iwpr\/wp-json\/wp\/v2\/posts\/10367\/revisions"}],"predecessor-version":[{"id":10369,"href":"https:\/\/grupo.us.es\/iwpr\/wp-json\/wp\/v2\/posts\/10367\/revisions\/10369"}],"wp:featuredmedia":[{"embeddable":true,"href":"https:\/\/grupo.us.es\/iwpr\/wp-json\/wp\/v2\/media\/10368"}],"wp:attachment":[{"href":"https:\/\/grupo.us.es\/iwpr\/wp-json\/wp\/v2\/media?parent=10367"}],"wp:term":[{"taxonomy":"category","embeddable":true,"href":"https:\/\/grupo.us.es\/iwpr\/wp-json\/wp\/v2\/categories?post=10367"},{"taxonomy":"post_tag","embeddable":true,"href":"https:\/\/grupo.us.es\/iwpr\/wp-json\/wp\/v2\/tags?post=10367"}],"curies":[{"name":"wp","href":"https:\/\/api.w.org\/{rel}","templated":true}]}}