{"id":4882,"date":"2022-07-06T09:58:11","date_gmt":"2022-07-06T07:58:11","guid":{"rendered":"https:\/\/grupo.us.es\/hicpan\/?p=4882"},"modified":"2022-07-06T10:04:11","modified_gmt":"2022-07-06T08:04:11","slug":"gutierrez-jimenez-publica-un-articulo-en-la-revista-communicationsociety","status":"publish","type":"post","link":"https:\/\/grupo.us.es\/hicpan\/gutierrez-jimenez-publica-un-articulo-en-la-revista-communicationsociety\/","title":{"rendered":"Guti\u00e9rrez Jim\u00e9nez publica un art\u00edculo en la revista &#8220;Communication&#038;Society&#8221;"},"content":{"rendered":"\n<ul><li><strong>La investigadora contratada con cargo al <a href=\"https:\/\/grupo.us.es\/hicpan\/objetivos\/\">Proyecto HICPAN <\/a>inicia con este estudio una l\u00ednea de investigaci\u00f3n vinculada a la historia de las pr\u00e1cticas de lecturas que potenci\u00f3 esta singular modalidad de prensa popular: la prensa sat\u00edrica con caricaturas.<\/strong><\/li><\/ul>\n\n\n\n<div class=\"is-layout-flex wp-block-buttons\"><\/div>\n\n\n\n<p class=\"has-drop-cap\">Bajo el t\u00edtulo &#8220;La socializaci\u00f3n de lo impreso. Las lecturas fronterizas que potencian <em>El T\u00edo Clar\u00edn <\/em>(Sevilla, 1864-1867) y <em>La Campana<\/em> (Sevilla, 1867-1868)&#8221; -The socialisation of print culture. Frontier ways of reading that promoted \u00abEl T\u00edo Clar\u00edn\u00bb (Seville, 1864-1867) and \u00abLa Campana\u00bb (Seville, 1867-1868)-, se publica este \u00faltimo trabajo de <a href=\"https:\/\/grupo.us.es\/hicpan\/maria-eugenia-gutierrez-jimenez\/\">Mar\u00eda Eugenia Guti\u00e9rrez Jim\u00e9nez<\/a>, investigadora del Proyecto HICPAN, en la revista cient\u00edfica <a href=\"https:\/\/revistas.unav.edu\/index.php\/communication-and-society\/article\/view\/42040\">Communication&amp;Society<\/a> de la Universidad de Navarra. <\/p>\n\n\n\n<figure class=\"wp-block-image size-large\"><img  decoding=\"async\"  loading=\"lazy\"  width=\"1160\"  height=\"492\"  src=\"data:image\/png;base64,iVBORw0KGgoAAAANSUhEUgAABIgAAAHsAQMAAACDvwRrAAAAA1BMVEUAAP+KeNJXAAAAAXRSTlMAQObYZgAAAAlwSFlzAAAOxAAADsQBlSsOGwAAAFxJREFUeNrtwTEBAAAAwqD1T20LL6AAAAAAAAAAAAAAAAAAAAAAAAAAAAAAAAAAAAAAAAAAAAAAAAAAAAAAAAAAAAAAAAAAAAAAAAAAAAAAAAAAAAAAAAAAAADgZxinAAF7CcfTAAAAAElFTkSuQmCC\"  alt=\"\"  class=\"wp-image-4894 pk-lazyload\"  data-pk-sizes=\"auto\"  data-ls-sizes=\"(max-width: 1160px) 100vw, 1160px\"  data-pk-src=\"https:\/\/grupo.us.es\/hicpan\/wp-content\/uploads\/FUy5IybWQAEUrhb-1160x492.jpg\"  data-pk-srcset=\"https:\/\/grupo.us.es\/hicpan\/wp-content\/uploads\/FUy5IybWQAEUrhb-1160x492.jpg 1160w, https:\/\/grupo.us.es\/hicpan\/wp-content\/uploads\/FUy5IybWQAEUrhb-800x339.jpg 800w, https:\/\/grupo.us.es\/hicpan\/wp-content\/uploads\/FUy5IybWQAEUrhb-1536x652.jpg 1536w, https:\/\/grupo.us.es\/hicpan\/wp-content\/uploads\/FUy5IybWQAEUrhb-120x51.jpg 120w, https:\/\/grupo.us.es\/hicpan\/wp-content\/uploads\/FUy5IybWQAEUrhb-90x38.jpg 90w, https:\/\/grupo.us.es\/hicpan\/wp-content\/uploads\/FUy5IybWQAEUrhb-320x136.jpg 320w, https:\/\/grupo.us.es\/hicpan\/wp-content\/uploads\/FUy5IybWQAEUrhb-560x238.jpg 560w, https:\/\/grupo.us.es\/hicpan\/wp-content\/uploads\/FUy5IybWQAEUrhb-240x102.jpg 240w, https:\/\/grupo.us.es\/hicpan\/wp-content\/uploads\/FUy5IybWQAEUrhb-180x76.jpg 180w, https:\/\/grupo.us.es\/hicpan\/wp-content\/uploads\/FUy5IybWQAEUrhb-640x272.jpg 640w, https:\/\/grupo.us.es\/hicpan\/wp-content\/uploads\/FUy5IybWQAEUrhb-1120x475.jpg 1120w, https:\/\/grupo.us.es\/hicpan\/wp-content\/uploads\/FUy5IybWQAEUrhb-1600x679.jpg 1600w, https:\/\/grupo.us.es\/hicpan\/wp-content\/uploads\/FUy5IybWQAEUrhb.jpg 1897w\" ><\/figure>\n\n\n\n<p>El texto aborda de forma indiciaria los modos en los que pudieron ser manejados y le\u00eddos los semanarios sat\u00edricos sevillanos <em>El T\u00edo Clar\u00edn<\/em> (1864-1867) y <em>La Campana<\/em> (1867-1868), publicaci\u00f3n esta \u00faltima que sustituy\u00f3 a <em>El T\u00edo Clar\u00edn<\/em> tras su suspensi\u00f3n. Estudiando la estrategia editorial a partir de las huellas dejadas por el editor, se comprueba la participaci\u00f3n del periodismo sat\u00edrico en la socializaci\u00f3n de la cultura impresa, que deviene en gr\u00e1fico informativa en el cruce parad\u00f3jico de tres variables: la inestabilidad pol\u00edtica en las postrimer\u00edas del reinado de Isabel II, la vigilancia extrema que se ejerce sobre la prensa en 1867 y el avance lento, pero continuado, en la modernizaci\u00f3n del mercado editorial. Basados en la combinaci\u00f3n de la imagen sat\u00edrica, la comicidad y los g\u00e9neros populares, ambos semanarios facilitan el acceso a la actualidad desde la pr\u00e1ctica de la raz\u00f3n cr\u00edtica y la apelaci\u00f3n a los sentidos, presentando indicios reveladores sobre los modos simult\u00e1neos de manejar tal objeto.<\/p>\n\n\n\n<div class=\"wp-block-image\"><figure class=\"alignleft size-large is-resized\"><img  decoding=\"async\"  loading=\"lazy\"  src=\"data:image\/png;base64,iVBORw0KGgoAAAANSUhEUgAAAAEAAAABAQMAAAAl21bKAAAAA1BMVEUAAP+KeNJXAAAAAXRSTlMAQObYZgAAAAlwSFlzAAAOxAAADsQBlSsOGwAAAApJREFUCNdjYAAAAAIAAeIhvDMAAAAASUVORK5CYII=\"  alt=\"\"  class=\"wp-image-4895 pk-lazyload\"  width=\"288\"  height=\"407\"  data-pk-sizes=\"auto\"  data-ls-sizes=\"(max-width: 288px) 100vw, 288px\"  data-pk-src=\"https:\/\/grupo.us.es\/hicpan\/wp-content\/uploads\/Fig.-2-1160x1640.jpg\"  data-pk-srcset=\"https:\/\/grupo.us.es\/hicpan\/wp-content\/uploads\/Fig.-2-1160x1640.jpg 1160w, https:\/\/grupo.us.es\/hicpan\/wp-content\/uploads\/Fig.-2-800x1131.jpg 800w, https:\/\/grupo.us.es\/hicpan\/wp-content\/uploads\/Fig.-2-1086x1536.jpg 1086w, https:\/\/grupo.us.es\/hicpan\/wp-content\/uploads\/Fig.-2-1448x2048.jpg 1448w, https:\/\/grupo.us.es\/hicpan\/wp-content\/uploads\/Fig.-2-120x170.jpg 120w, https:\/\/grupo.us.es\/hicpan\/wp-content\/uploads\/Fig.-2-90x127.jpg 90w, https:\/\/grupo.us.es\/hicpan\/wp-content\/uploads\/Fig.-2-320x453.jpg 320w, https:\/\/grupo.us.es\/hicpan\/wp-content\/uploads\/Fig.-2-560x792.jpg 560w, https:\/\/grupo.us.es\/hicpan\/wp-content\/uploads\/Fig.-2-1920x2715.jpg 1920w, https:\/\/grupo.us.es\/hicpan\/wp-content\/uploads\/Fig.-2-2172x3072.jpg 2172w, https:\/\/grupo.us.es\/hicpan\/wp-content\/uploads\/Fig.-2-240x339.jpg 240w, https:\/\/grupo.us.es\/hicpan\/wp-content\/uploads\/Fig.-2-180x255.jpg 180w, https:\/\/grupo.us.es\/hicpan\/wp-content\/uploads\/Fig.-2-640x905.jpg 640w, https:\/\/grupo.us.es\/hicpan\/wp-content\/uploads\/Fig.-2-1120x1584.jpg 1120w, https:\/\/grupo.us.es\/hicpan\/wp-content\/uploads\/Fig.-2-1600x2263.jpg 1600w, https:\/\/grupo.us.es\/hicpan\/wp-content\/uploads\/Fig.-2-2320x3281.jpg 2320w, https:\/\/grupo.us.es\/hicpan\/wp-content\/uploads\/Fig.-2-scaled.jpg 1810w\" ><\/figure><\/div>\n\n\n\n<p> <strong>Resultados<\/strong><\/p>\n\n\n\n<p>Se pasar\u00eda, as\u00ed, de la lectura tipogr\u00e1fica a la ic\u00f3nica, de la lectura compartida a la lectura silenciosa, adem\u00e1s de se\u00f1alar tanto los espacios donde pudieron producirse, entre la esfera p\u00fablica (la calle) y la vida privada (el sal\u00f3n del hogar), como los colectivos que pudieron encarnar tales usos: las mujeres y los ni\u00f1os. Son estos modos de relaci\u00f3n establecidos por los lectores con el semanario los que convierten a esta prensa en popular antes de la Septembrina y en el tr\u00e1nsito hacia el capitalismo de edici\u00f3n.<\/p>\n\n\n\n<div class=\"is-horizontal is-content-justification-center is-layout-flex wp-container-2 wp-block-buttons\"><\/div>\n","protected":false},"excerpt":{"rendered":"<p>La investigadora contratada con cargo al Proyecto HICPAN inicia con este estudio una l\u00ednea de investigaci\u00f3n vinculada a la historia de las pr\u00e1cticas de lecturas que potenci\u00f3 esta singular modalidad&hellip;<\/p>\n","protected":false},"author":1,"featured_media":4889,"comment_status":"closed","ping_status":"closed","sticky":false,"template":"","format":"standard","meta":{"_mi_skip_tracking":false},"categories":[22],"tags":[89,87,82,102,76,46,88],"powerkit_post_featured":[],"yoast_head":"<!-- This site is optimized with the Yoast SEO plugin v19.13 - https:\/\/yoast.com\/wordpress\/plugins\/seo\/ -->\n<title>Guti\u00e9rrez Jim\u00e9nez publica un art\u00edculo en la revista &quot;Communication&amp;Society&quot; - Hicpan | Historia Cr\u00edtica del Periodismo Andaluz<\/title>\n<meta name=\"description\" content=\"Guti\u00e9rrez Jim\u00e9nez publica un art\u00edculo en la revista &quot;Communication&amp;Society&quot; | El proyecto \u201cHistoria Cr\u00edtica del Periodismo Andaluz\u201d (HICPAN) se constituye con la intenci\u00f3n fundamental de actualizar y revisar el conocimiento sobre la historia del periodismo andaluz.\" \/>\n<meta name=\"robots\" content=\"index, follow, max-snippet:-1, max-image-preview:large, max-video-preview:-1\" \/>\n<link rel=\"canonical\" href=\"https:\/\/grupo.us.es\/hicpan\/gutierrez-jimenez-publica-un-articulo-en-la-revista-communicationsociety\/\" \/>\n<meta property=\"og:locale\" content=\"es_ES\" \/>\n<meta property=\"og:type\" content=\"article\" \/>\n<meta property=\"og:title\" content=\"Guti\u00e9rrez Jim\u00e9nez publica un art\u00edculo en la revista &quot;Communication&amp;Society&quot; - Hicpan | Historia Cr\u00edtica del Periodismo Andaluz\" \/>\n<meta property=\"og:description\" content=\"Guti\u00e9rrez Jim\u00e9nez publica un art\u00edculo en la revista &quot;Communication&amp;Society&quot; | El proyecto \u201cHistoria Cr\u00edtica del Periodismo Andaluz\u201d (HICPAN) se constituye con la intenci\u00f3n fundamental de actualizar y revisar el conocimiento sobre la historia del periodismo andaluz.\" \/>\n<meta property=\"og:url\" content=\"https:\/\/grupo.us.es\/hicpan\/gutierrez-jimenez-publica-un-articulo-en-la-revista-communicationsociety\/\" \/>\n<meta property=\"og:site_name\" content=\"Hicpan\" \/>\n<meta property=\"article:publisher\" content=\"https:\/\/www.facebook.com\/Historia-Cr%c3%adtica-del-Periodismo-Andaluz-109132707510200\" \/>\n<meta property=\"article:published_time\" content=\"2022-07-06T07:58:11+00:00\" \/>\n<meta property=\"article:modified_time\" content=\"2022-07-06T08:04:11+00:00\" \/>\n<meta property=\"og:image\" content=\"https:\/\/grupo.us.es\/hicpan\/wp-content\/uploads\/Fig.-3.jpg\" \/>\n\t<meta property=\"og:image:width\" content=\"680\" \/>\n\t<meta property=\"og:image:height\" content=\"453\" \/>\n\t<meta property=\"og:image:type\" content=\"image\/jpeg\" \/>\n<meta name=\"author\" content=\"Hicpan\" \/>\n<meta name=\"twitter:card\" content=\"summary_large_image\" \/>\n<meta name=\"twitter:creator\" content=\"@hicpan\" \/>\n<meta name=\"twitter:site\" content=\"@hicpan\" \/>\n<meta name=\"twitter:label1\" content=\"Escrito por\" \/>\n\t<meta name=\"twitter:data1\" content=\"Hicpan\" \/>\n\t<meta name=\"twitter:label2\" content=\"Tiempo de lectura\" \/>\n\t<meta name=\"twitter:data2\" content=\"3 minutos\" \/>\n<script type=\"application\/ld+json\" class=\"yoast-schema-graph\">{\"@context\":\"https:\/\/schema.org\",\"@graph\":[{\"@type\":\"Article\",\"@id\":\"https:\/\/grupo.us.es\/hicpan\/gutierrez-jimenez-publica-un-articulo-en-la-revista-communicationsociety\/#article\",\"isPartOf\":{\"@id\":\"https:\/\/grupo.us.es\/hicpan\/gutierrez-jimenez-publica-un-articulo-en-la-revista-communicationsociety\/\"},\"author\":{\"name\":\"Hicpan\",\"@id\":\"https:\/\/grupo.us.es\/hicpan\/#\/schema\/person\/ffb3c3d736ac195d8a6a5100cb33762a\"},\"headline\":\"Guti\u00e9rrez Jim\u00e9nez publica un art\u00edculo en la revista &#8220;Communication&#038;Society&#8221;\",\"datePublished\":\"2022-07-06T07:58:11+00:00\",\"dateModified\":\"2022-07-06T08:04:11+00:00\",\"mainEntityOfPage\":{\"@id\":\"https:\/\/grupo.us.es\/hicpan\/gutierrez-jimenez-publica-un-articulo-en-la-revista-communicationsociety\/\"},\"wordCount\":417,\"publisher\":{\"@id\":\"https:\/\/grupo.us.es\/hicpan\/#organization\"},\"keywords\":[\"Cultura visual\",\"Historia de la prensa sat\u00edrica con caricaturas\",\"Historia del periodismo andaluz\",\"Lecturas populares\",\"Mar\u00eda Eugenia Guti\u00e9rrez Jim\u00e9nez\",\"Proyecto HICPAN\",\"Siglo XIX\"],\"articleSection\":[\"Resultados\"],\"inLanguage\":\"es\"},{\"@type\":\"WebPage\",\"@id\":\"https:\/\/grupo.us.es\/hicpan\/gutierrez-jimenez-publica-un-articulo-en-la-revista-communicationsociety\/\",\"url\":\"https:\/\/grupo.us.es\/hicpan\/gutierrez-jimenez-publica-un-articulo-en-la-revista-communicationsociety\/\",\"name\":\"Guti\u00e9rrez Jim\u00e9nez publica un art\u00edculo en la revista \\\"Communication&Society\\\" - Hicpan | Historia Cr\u00edtica del Periodismo Andaluz\",\"isPartOf\":{\"@id\":\"https:\/\/grupo.us.es\/hicpan\/#website\"},\"datePublished\":\"2022-07-06T07:58:11+00:00\",\"dateModified\":\"2022-07-06T08:04:11+00:00\",\"description\":\"Guti\u00e9rrez Jim\u00e9nez publica un art\u00edculo en la revista \\\"Communication&Society\\\" | El proyecto \u201cHistoria Cr\u00edtica del Periodismo Andaluz\u201d (HICPAN) se constituye con la intenci\u00f3n fundamental de actualizar y revisar el conocimiento sobre la historia del periodismo andaluz.\",\"breadcrumb\":{\"@id\":\"https:\/\/grupo.us.es\/hicpan\/gutierrez-jimenez-publica-un-articulo-en-la-revista-communicationsociety\/#breadcrumb\"},\"inLanguage\":\"es\",\"potentialAction\":[{\"@type\":\"ReadAction\",\"target\":[\"https:\/\/grupo.us.es\/hicpan\/gutierrez-jimenez-publica-un-articulo-en-la-revista-communicationsociety\/\"]}]},{\"@type\":\"BreadcrumbList\",\"@id\":\"https:\/\/grupo.us.es\/hicpan\/gutierrez-jimenez-publica-un-articulo-en-la-revista-communicationsociety\/#breadcrumb\",\"itemListElement\":[{\"@type\":\"ListItem\",\"position\":1,\"name\":\"Portada\",\"item\":\"https:\/\/grupo.us.es\/hicpan\/\"},{\"@type\":\"ListItem\",\"position\":2,\"name\":\"Guti\u00e9rrez Jim\u00e9nez publica un art\u00edculo en la revista &#8220;Communication&#038;Society&#8221;\"}]},{\"@type\":\"WebSite\",\"@id\":\"https:\/\/grupo.us.es\/hicpan\/#website\",\"url\":\"https:\/\/grupo.us.es\/hicpan\/\",\"name\":\"Hicpan\",\"description\":\"Historia Cr\u00edtica del Period\u00edsmo Andaluz\",\"publisher\":{\"@id\":\"https:\/\/grupo.us.es\/hicpan\/#organization\"},\"potentialAction\":[{\"@type\":\"SearchAction\",\"target\":{\"@type\":\"EntryPoint\",\"urlTemplate\":\"https:\/\/grupo.us.es\/hicpan\/?s={search_term_string}\"},\"query-input\":\"required name=search_term_string\"}],\"inLanguage\":\"es\"},{\"@type\":\"Organization\",\"@id\":\"https:\/\/grupo.us.es\/hicpan\/#organization\",\"name\":\"HICPAN\",\"url\":\"https:\/\/grupo.us.es\/hicpan\/\",\"logo\":{\"@type\":\"ImageObject\",\"inLanguage\":\"es\",\"@id\":\"https:\/\/grupo.us.es\/hicpan\/#\/schema\/logo\/image\/\",\"url\":\"https:\/\/grupo.us.es\/hicpan\/wp-content\/uploads\/hicpan-logo1.png\",\"contentUrl\":\"https:\/\/grupo.us.es\/hicpan\/wp-content\/uploads\/hicpan-logo1.png\",\"width\":205,\"height\":63,\"caption\":\"HICPAN\"},\"image\":{\"@id\":\"https:\/\/grupo.us.es\/hicpan\/#\/schema\/logo\/image\/\"},\"sameAs\":[\"https:\/\/www.facebook.com\/Historia-Cr\u00edtica-del-Periodismo-Andaluz-109132707510200\",\"https:\/\/twitter.com\/hicpan\"]},{\"@type\":\"Person\",\"@id\":\"https:\/\/grupo.us.es\/hicpan\/#\/schema\/person\/ffb3c3d736ac195d8a6a5100cb33762a\",\"name\":\"Hicpan\",\"image\":{\"@type\":\"ImageObject\",\"inLanguage\":\"es\",\"@id\":\"https:\/\/grupo.us.es\/hicpan\/#\/schema\/person\/image\/\",\"url\":\"https:\/\/grupo.us.es\/hicpan\/wp-content\/uploads\/hicpan-footer1-120x120.png\",\"contentUrl\":\"https:\/\/grupo.us.es\/hicpan\/wp-content\/uploads\/hicpan-footer1-120x120.png\",\"caption\":\"Hicpan\"},\"sameAs\":[\"http:\/\/grupo.us.es\/hicpan\"],\"url\":\"https:\/\/grupo.us.es\/hicpan\/author\/hicpanus\/\"}]}<\/script>\n<!-- \/ Yoast SEO plugin. -->","yoast_head_json":{"title":"Guti\u00e9rrez Jim\u00e9nez publica un art\u00edculo en la revista \"Communication&Society\" - Hicpan | Historia Cr\u00edtica del Periodismo Andaluz","description":"Guti\u00e9rrez Jim\u00e9nez publica un art\u00edculo en la revista \"Communication&Society\" | El proyecto \u201cHistoria Cr\u00edtica del Periodismo Andaluz\u201d (HICPAN) se constituye con la intenci\u00f3n fundamental de actualizar y revisar el conocimiento sobre la historia del periodismo andaluz.","robots":{"index":"index","follow":"follow","max-snippet":"max-snippet:-1","max-image-preview":"max-image-preview:large","max-video-preview":"max-video-preview:-1"},"canonical":"https:\/\/grupo.us.es\/hicpan\/gutierrez-jimenez-publica-un-articulo-en-la-revista-communicationsociety\/","og_locale":"es_ES","og_type":"article","og_title":"Guti\u00e9rrez Jim\u00e9nez publica un art\u00edculo en la revista \"Communication&Society\" - Hicpan | Historia Cr\u00edtica del Periodismo Andaluz","og_description":"Guti\u00e9rrez Jim\u00e9nez publica un art\u00edculo en la revista \"Communication&Society\" | El proyecto \u201cHistoria Cr\u00edtica del Periodismo Andaluz\u201d (HICPAN) se constituye con la intenci\u00f3n fundamental de actualizar y revisar el conocimiento sobre la historia del periodismo andaluz.","og_url":"https:\/\/grupo.us.es\/hicpan\/gutierrez-jimenez-publica-un-articulo-en-la-revista-communicationsociety\/","og_site_name":"Hicpan","article_publisher":"https:\/\/www.facebook.com\/Historia-Cr%c3%adtica-del-Periodismo-Andaluz-109132707510200","article_published_time":"2022-07-06T07:58:11+00:00","article_modified_time":"2022-07-06T08:04:11+00:00","og_image":[{"width":680,"height":453,"url":"https:\/\/grupo.us.es\/hicpan\/wp-content\/uploads\/Fig.-3.jpg","type":"image\/jpeg"}],"author":"Hicpan","twitter_card":"summary_large_image","twitter_creator":"@hicpan","twitter_site":"@hicpan","twitter_misc":{"Escrito por":"Hicpan","Tiempo de lectura":"3 minutos"},"schema":{"@context":"https:\/\/schema.org","@graph":[{"@type":"Article","@id":"https:\/\/grupo.us.es\/hicpan\/gutierrez-jimenez-publica-un-articulo-en-la-revista-communicationsociety\/#article","isPartOf":{"@id":"https:\/\/grupo.us.es\/hicpan\/gutierrez-jimenez-publica-un-articulo-en-la-revista-communicationsociety\/"},"author":{"name":"Hicpan","@id":"https:\/\/grupo.us.es\/hicpan\/#\/schema\/person\/ffb3c3d736ac195d8a6a5100cb33762a"},"headline":"Guti\u00e9rrez Jim\u00e9nez publica un art\u00edculo en la revista &#8220;Communication&#038;Society&#8221;","datePublished":"2022-07-06T07:58:11+00:00","dateModified":"2022-07-06T08:04:11+00:00","mainEntityOfPage":{"@id":"https:\/\/grupo.us.es\/hicpan\/gutierrez-jimenez-publica-un-articulo-en-la-revista-communicationsociety\/"},"wordCount":417,"publisher":{"@id":"https:\/\/grupo.us.es\/hicpan\/#organization"},"keywords":["Cultura visual","Historia de la prensa sat\u00edrica con caricaturas","Historia del periodismo andaluz","Lecturas populares","Mar\u00eda Eugenia Guti\u00e9rrez Jim\u00e9nez","Proyecto HICPAN","Siglo XIX"],"articleSection":["Resultados"],"inLanguage":"es"},{"@type":"WebPage","@id":"https:\/\/grupo.us.es\/hicpan\/gutierrez-jimenez-publica-un-articulo-en-la-revista-communicationsociety\/","url":"https:\/\/grupo.us.es\/hicpan\/gutierrez-jimenez-publica-un-articulo-en-la-revista-communicationsociety\/","name":"Guti\u00e9rrez Jim\u00e9nez publica un art\u00edculo en la revista \"Communication&Society\" - Hicpan | Historia Cr\u00edtica del Periodismo Andaluz","isPartOf":{"@id":"https:\/\/grupo.us.es\/hicpan\/#website"},"datePublished":"2022-07-06T07:58:11+00:00","dateModified":"2022-07-06T08:04:11+00:00","description":"Guti\u00e9rrez Jim\u00e9nez publica un art\u00edculo en la revista \"Communication&Society\" | El proyecto \u201cHistoria Cr\u00edtica del Periodismo Andaluz\u201d (HICPAN) se constituye con la intenci\u00f3n fundamental de actualizar y revisar el conocimiento sobre la historia del periodismo andaluz.","breadcrumb":{"@id":"https:\/\/grupo.us.es\/hicpan\/gutierrez-jimenez-publica-un-articulo-en-la-revista-communicationsociety\/#breadcrumb"},"inLanguage":"es","potentialAction":[{"@type":"ReadAction","target":["https:\/\/grupo.us.es\/hicpan\/gutierrez-jimenez-publica-un-articulo-en-la-revista-communicationsociety\/"]}]},{"@type":"BreadcrumbList","@id":"https:\/\/grupo.us.es\/hicpan\/gutierrez-jimenez-publica-un-articulo-en-la-revista-communicationsociety\/#breadcrumb","itemListElement":[{"@type":"ListItem","position":1,"name":"Portada","item":"https:\/\/grupo.us.es\/hicpan\/"},{"@type":"ListItem","position":2,"name":"Guti\u00e9rrez Jim\u00e9nez publica un art\u00edculo en la revista &#8220;Communication&#038;Society&#8221;"}]},{"@type":"WebSite","@id":"https:\/\/grupo.us.es\/hicpan\/#website","url":"https:\/\/grupo.us.es\/hicpan\/","name":"Hicpan","description":"Historia Cr\u00edtica del Period\u00edsmo Andaluz","publisher":{"@id":"https:\/\/grupo.us.es\/hicpan\/#organization"},"potentialAction":[{"@type":"SearchAction","target":{"@type":"EntryPoint","urlTemplate":"https:\/\/grupo.us.es\/hicpan\/?s={search_term_string}"},"query-input":"required name=search_term_string"}],"inLanguage":"es"},{"@type":"Organization","@id":"https:\/\/grupo.us.es\/hicpan\/#organization","name":"HICPAN","url":"https:\/\/grupo.us.es\/hicpan\/","logo":{"@type":"ImageObject","inLanguage":"es","@id":"https:\/\/grupo.us.es\/hicpan\/#\/schema\/logo\/image\/","url":"https:\/\/grupo.us.es\/hicpan\/wp-content\/uploads\/hicpan-logo1.png","contentUrl":"https:\/\/grupo.us.es\/hicpan\/wp-content\/uploads\/hicpan-logo1.png","width":205,"height":63,"caption":"HICPAN"},"image":{"@id":"https:\/\/grupo.us.es\/hicpan\/#\/schema\/logo\/image\/"},"sameAs":["https:\/\/www.facebook.com\/Historia-Cr\u00edtica-del-Periodismo-Andaluz-109132707510200","https:\/\/twitter.com\/hicpan"]},{"@type":"Person","@id":"https:\/\/grupo.us.es\/hicpan\/#\/schema\/person\/ffb3c3d736ac195d8a6a5100cb33762a","name":"Hicpan","image":{"@type":"ImageObject","inLanguage":"es","@id":"https:\/\/grupo.us.es\/hicpan\/#\/schema\/person\/image\/","url":"https:\/\/grupo.us.es\/hicpan\/wp-content\/uploads\/hicpan-footer1-120x120.png","contentUrl":"https:\/\/grupo.us.es\/hicpan\/wp-content\/uploads\/hicpan-footer1-120x120.png","caption":"Hicpan"},"sameAs":["http:\/\/grupo.us.es\/hicpan"],"url":"https:\/\/grupo.us.es\/hicpan\/author\/hicpanus\/"}]}},"_links":{"self":[{"href":"https:\/\/grupo.us.es\/hicpan\/wp-json\/wp\/v2\/posts\/4882"}],"collection":[{"href":"https:\/\/grupo.us.es\/hicpan\/wp-json\/wp\/v2\/posts"}],"about":[{"href":"https:\/\/grupo.us.es\/hicpan\/wp-json\/wp\/v2\/types\/post"}],"author":[{"embeddable":true,"href":"https:\/\/grupo.us.es\/hicpan\/wp-json\/wp\/v2\/users\/1"}],"replies":[{"embeddable":true,"href":"https:\/\/grupo.us.es\/hicpan\/wp-json\/wp\/v2\/comments?post=4882"}],"version-history":[{"count":6,"href":"https:\/\/grupo.us.es\/hicpan\/wp-json\/wp\/v2\/posts\/4882\/revisions"}],"predecessor-version":[{"id":4899,"href":"https:\/\/grupo.us.es\/hicpan\/wp-json\/wp\/v2\/posts\/4882\/revisions\/4899"}],"wp:featuredmedia":[{"embeddable":true,"href":"https:\/\/grupo.us.es\/hicpan\/wp-json\/wp\/v2\/media\/4889"}],"wp:attachment":[{"href":"https:\/\/grupo.us.es\/hicpan\/wp-json\/wp\/v2\/media?parent=4882"}],"wp:term":[{"taxonomy":"category","embeddable":true,"href":"https:\/\/grupo.us.es\/hicpan\/wp-json\/wp\/v2\/categories?post=4882"},{"taxonomy":"post_tag","embeddable":true,"href":"https:\/\/grupo.us.es\/hicpan\/wp-json\/wp\/v2\/tags?post=4882"},{"taxonomy":"powerkit_post_featured","embeddable":true,"href":"https:\/\/grupo.us.es\/hicpan\/wp-json\/wp\/v2\/powerkit_post_featured?post=4882"}],"curies":[{"name":"wp","href":"https:\/\/api.w.org\/{rel}","templated":true}]}}