{"id":3812,"date":"2021-09-09T17:48:34","date_gmt":"2021-09-09T15:48:34","guid":{"rendered":"https:\/\/grupo.us.es\/hicpan\/?p=3812"},"modified":"2022-12-30T14:34:35","modified_gmt":"2022-12-30T13:34:35","slug":"la-empresa-periodistica-en-andalucia-desde-la-transicion-debilidad-exilio-o-concentracion-ii","status":"publish","type":"post","link":"https:\/\/grupo.us.es\/hicpan\/la-empresa-periodistica-en-andalucia-desde-la-transicion-debilidad-exilio-o-concentracion-ii\/","title":{"rendered":"La empresa period\u00edstica en Andaluc\u00eda desde la Transici\u00f3n: Debilidad, exilio o concentraci\u00f3n (II)"},"content":{"rendered":"\n<div class=\"cnvs-block-alert cnvs-block-alert-1591263559285 is-style-cnvs-block-alert-success\" >\n\t<div class=\"cnvs-block-alert-inner\">\n\t\t\n\n<h6 id=\"ensayo\"><strong>ENSAYO<\/strong><\/h6>\n\n\n\n<p class=\"is-style-cnvs-paragraph-callout\" style=\"font-size:12px\">SI BIEN LA TRANSICI\u00d3N ESPA\u00d1OLA SUELE SITUARSE EN EL PERIODO 1975-1982, EN EL ESTUDIO DE LA PRENSA SE PRESENTA PERTINENTE AMPLIAR LA MIRADA AL PERIODO PRECEDENTE CON LA PROMULGACI\u00d3N DE LA LEY DE PRENSA E IMPRENTA DE 1966 (CONOCIDA COMO LEY FRAGA). AQUELLA NORMA JUR\u00cdDICA NO ELIMIN\u00d3 LA CENSURA, NI LAS SANCIONES A LA PRENSA, PERO S\u00cd DEVOLV\u00cdA LA HEGEMON\u00cdA A LA EMPRESA PERIOD\u00cdSTICA PRIVADA: LIBERTAD DE NOMBRAMIENTO DE DIRECTOR Y DISPOSICI\u00d3N LEGAL PARA CREAR NUEVAS EMPRESAS. EN ANDALUC\u00cdA ESTA SITUACI\u00d3N TUVO POCO IMPACTO.<\/p>\n\n\t<\/div>\n\t<\/div>\n\n\n\n<hr class=\"wp-block-separator has-css-opacity\"\/>\n\n\n\n<p class=\"is-style-default\">Realizado por <strong>Daniel Moya L\u00f3pez<\/strong><\/p>\n\n\n\n<p class=\"has-drop-cap is-cnvs-dropcap-bg-dark is-style-default\">La empresa period\u00edstica andaluza se ha caracterizado desde 1975 por su debilidad, su exilio o su concentraci\u00f3n. Son factores, no obstante, relacionados entre s\u00ed. La debilidad de la empresa local\/regional m\u00e1s la falta de una identidad regional en estas esferas ha imposibilitado que nacieran cabeceras con dicha personalidad y cobertura. El resultado ha sido la ausencia de una prensa regional que cristalizara el efervescente sentimiento surgido en la lucha por la autonom\u00eda. Bajado el fervor social, y sin medios de comunicaci\u00f3n que puedan canalizar esa recuperaci\u00f3n, Andaluc\u00eda ha sufrido un claro estancamiento en ese aspecto. Se habla de debilidad porque aquellas cabeceras que fueron iniciativas empresariales locales fueron incapaces de mantenerse: se vendieron a estructuras superiores o desaparecieron. Se habla de exilio porque varias de estas cabeceras acabaron en estructuras superiores cuya ra\u00edz estaba m\u00e1s all\u00e1 de Despe\u00f1aperros. A ellas se unen las que ya de por s\u00ed estaban integradas en esas empresas period\u00edsticas nacionales. Por \u00faltimo, se habla de concentraci\u00f3n porque, ya fuera en una matriz andaluza o nacional, las varias cabeceras han quedado integradas en pocos grupos. En estas l\u00edneas se va a analizar el caso de algunas de las principales cabeceras andaluzas[1]. <\/p>\n\n\n\n<hr class=\"wp-block-separator has-css-opacity alignwide\"\/>\n\n\n\n<p class=\"is-style-default\">[1] Esta entrada analiza el caso de los principales peri\u00f3dicos de las capitales de provincia m\u00e1s Jerez de la Frontera.<\/p>\n\n\n\n<!--nextpage-->\n\n\n\n<p><strong>La Cadena de Prensa del Movimiento<\/strong><\/p>\n\n\n\n<p>En una <a href=\"https:\/\/grupo.us.es\/hicpan\/autonomista-pero-acritica-andalucia-y-su-prensa-en-la-transicion\/\">publicaci\u00f3n anterior<\/a>,  ya se mencion\u00f3 la notable presencia de la Cadena de Prensa del Movimiento en Andaluc\u00eda. La debilidad empresarial de sus peri\u00f3dicos, unido a un pasado de dif\u00edcil separaci\u00f3n, provocaron la desaparici\u00f3n de varias de estas cabeceras. El paso intermedio a la subasta de 1984 fue su integraci\u00f3n en los Medios de Comunicaci\u00f3n Social del Estado (MCSE). Se convert\u00edan en prensa estatal. El onubense <em>Odiel <\/em>cerr\u00f3 en 1984, tras no encontrar comprador. Apenas logr\u00f3 superar los 5.000 ejemplares de tirada en su mejor momento (Reig, 2011). No ayud\u00f3, como se\u00f1ala el estudio de N\u00fa\u00f1ez Garc\u00eda y Calero Delgado (2009), su t\u00edmida reconversi\u00f3n en el periodo democr\u00e1tico: rechaz\u00f3 todo lo que estuviera en la izquierda y apoy\u00f3 en exceso a la UCD, partido en el Gobierno. Tampoco encontr\u00f3 comprador el jerezano <em>La Voz del Sur<\/em>. Ni siquiera alcanzaron en vida la subasta el malague\u00f1o <em>La Tarde<\/em> (cerrado en 1975); <em>Sevilla <\/em>(en 1976), sustituido por <em>Suroeste <\/em>(en 1983); y <em>Patria <\/em>(en 1983). Es decir, m\u00e1s de la mitad de los peri\u00f3dicos andaluces de la Cadena de Prensa del Movimiento no sobrevivieron m\u00e1s all\u00e1 de 1984. Antag\u00f3nico a todos ellos fue <em>Sur<\/em>, de notable tirada y rentabilidad, perteneciente tambi\u00e9n a la Cadena de Prensa del Movimiento. Claro que el peri\u00f3dico malague\u00f1o se anticip\u00f3 r\u00e1pido a lo que estaba por venir.<\/p>\n\n\n\n<p>Como se\u00f1ala F\u00e1bregas Mart\u00ednez (2016), el diario suprimi\u00f3 el yugo y las flechas al d\u00eda siguiente de morir Franco -el resto de la cadena tardar\u00eda meses- y busc\u00f3 adem\u00e1s alternativas empresariales para la supervivencia del medio. Todo ello cristaliz\u00f3 en el hecho de que en 1984 el peri\u00f3dico no s\u00f3lo encontrase comprador, sino que \u00e9ste adem\u00e1s fuera una cooperativa surgida de la uni\u00f3n entre trabajadores y empresarios locales. Fue el \u00fanico caso en toda la subasta. La misma autora considera que el peri\u00f3dico no asumi\u00f3 los postulados de UCD durante su pertenencia a los MCSE (F\u00e1bregas Mart\u00ednez, 2016). <\/p>\n\n\n\n<p>Los peri\u00f3dicos <em>C\u00f3rdoba <\/em>y <em>Ja\u00e9n <\/em>tambi\u00e9n encontraron comprador, en este caso empresas surgidas para esta subasta y ligadas al PSOE. Ambos compart\u00edan su pertenencia al Movimiento y su condici\u00f3n hegem\u00f3nica, al ser los \u00fanicos diarios de sus ciudades. En el caso cordob\u00e9s, este hecho se rompi\u00f3 en el periodo 1981-1984, en el que coexisti\u00f3 con <em>La Voz de C\u00f3rdoba<\/em>, perteneciente a la misma empresa que tras adquirir <em>C\u00f3rdoba<\/em>, lo cerr\u00f3. <em>La Voz de Almer\u00eda<\/em>, renombrado as\u00ed en los sesenta (su anterior t\u00edtulo, <em>Yugo<\/em>, era lo suficientemente expl\u00edcito), tambi\u00e9n hall\u00f3 comprador en la empresa local Novot\u00e9cnica. Tambi\u00e9n era el \u00fanico diario de la capital almeriense.<\/p>\n\n\n\n<!--nextpage-->\n\n\n\n<p><strong>Viaje de ida y vuelta: de lo local a lo nacional y de vuelta a lo local<\/strong><\/p>\n\n\n\n<p>No fue la \u00fanica confluencia que tuvieron los diarios subastados. Su compra por propietarios de \u00edndole local no tendr\u00eda mucho recorrido. <em>Sur <\/em>pas\u00f3 a formar parte del Grupo Correo en 1990, empresa period\u00edstica vasca que culminar\u00eda su salto nacional (tras el fallido intento despu\u00e9s de adquirir el <em>Ya <\/em>a la Editorial Cat\u00f3lica en 1988) despu\u00e9s de absorber el 80% de Prensa Espa\u00f1ola en 2001. <em>C\u00f3rdoba <\/em>tambi\u00e9n saltar\u00eda a estructuras for\u00e1neas como la del Grupo Zeta, que lo adquiri\u00f3. Hoy Zeta pertenece a Prensa Ib\u00e9rica tras la adquisici\u00f3n de esta \u00faltima empresa en 2019. <em>Odiel Informaci\u00f3n<\/em>, nacido en 1999, tambi\u00e9n har\u00eda el mismo recorrido: fue comprado por el Grupo PRISA y \u00e9ste lo vendi\u00f3 m\u00e1s tarde al Grupo Zeta. Finalmente desaparecer\u00e1 en 2013. <em>Ja\u00e9n <\/em>y <em>La Voz de Almer\u00eda<\/em> vivir\u00edan un proceso parecido tras ser adquirido por el mastod\u00f3ntico Grupo PRISA. En el caso jiennense el porcentaje ser\u00eda superior al 50%, mientras que en el almeriense fue de un 30%, transacci\u00f3n realizada en 1999. En 1983 nace <em>Diario M\u00e1laga-Costa del Sol<\/em>, que tambi\u00e9n pas\u00f3 a formar parte de capital for\u00e1neo, concretamente el de Construcciones Salamanca. La cabecera cierra en 2006.<\/p>\n\n\n\n<p>Este camino tambi\u00e9n fue recorrido por <em>El Correo de Andaluc\u00eda<\/em>, propiedad de organizaciones cat\u00f3licas como el Arzobispado de Sevilla, el Obispado de C\u00f3rdoba y tambi\u00e9n, en un 18%, de la Editorial Cat\u00f3lica, una de las grandes empresas period\u00edsticas nacionales. El peri\u00f3dico sevillano es un ejemplo del reposicionamiento de las familias del r\u00e9gimen franquista. En consonancia con el Concilio Vaticano II de 1962, el diario comenz\u00f3 a dar protagonismo en sus p\u00e1ginas a otros colectivos, de manera que se configur\u00f3 como un peri\u00f3dico que apoyaba los valores democr\u00e1ticos (M\u00e9ndez Muros, 2011). En 1986 la cabecera conoce cambios accionariales que lo ligan a Arturo Moya, ex diputado de UCD, y a Emilio Mart\u00edn, de Mundic\u00f3n, empresa cercana al PSOE que adquiri\u00f3 varios peri\u00f3dicos de la propia Cadena de Prensa del Movimiento (Fuentes y Fern\u00e1ndez Sebasti\u00e1n, 1997). Acabar\u00e1 m\u00e1s tarde integrado, tambi\u00e9n, en el Grupo PRISA.<\/p>\n\n\n\n<p>Otro ejemplo lo constituye <em>Huelva Informaci\u00f3n<\/em>, perteneciente a la Federaci\u00f3n Onubense de Empresarios y con una importante influencia de la Asociaci\u00f3n de Industrias Qu\u00edmicas y B\u00e1sicas de Huelva, protectoras del polo industrial de la ciudad (Tellechea Rodr\u00edguez, 2004). Su posicionamiento con los problemas de contaminaci\u00f3n, se\u00f1ala este autor, fue tibio. La \u00e9lite econ\u00f3mica onubense vender\u00eda el peri\u00f3dico a Prensa Espa\u00f1ola, que m\u00e1s tarde quedar\u00eda integrada en Vocento tras la absorci\u00f3n del Grupo Correo.<\/p>\n\n\n\n<!--nextpage-->\n\n\n\n<p>La prensa regional fue, por tanto, desde tiempos de la Transici\u00f3n uno de los \u00faltimos nichos de mercado que quisieron ocupar los grandes conglomerados (Moya L\u00f3pez, 2016). Sin embargo, la ca\u00edda del soporte papel ha provocado la crisis de numerosas cabeceras y las grandes empresas nacionales compraron billete de vuelta para algunas de estas inversiones. Sobre todo por parte del Grupo PRISA, que vend\u00eda el 100% de <em>El Correo de Andaluc\u00eda<\/em> y m\u00e1s del 50% de <em>Ja\u00e9n <\/em>al Grupo Gallardo. El 30% que ten\u00eda sobre <em>La Voz de Almer\u00eda<\/em> fue a parar, de nuevo, a Novot\u00e9cnica. En el caso del diario jiennense, acabar\u00e1 en las manos de un grupo de empresarios locales, actuales propietarios. <em>El Correo de Andaluc\u00eda<\/em> acab\u00f3 en el grupo Morera y Vallejo, que no pudo retener el papel y mantiene la versi\u00f3n digital. Y Vocento tambi\u00e9n hizo una peque\u00f1a desinversi\u00f3n con <em>Huelva Informaci\u00f3n<\/em>, cabecera que vender\u00eda en 2002 al andaluz Grupo Joly.<\/p>\n\n\n\n<p><strong>La empresa period\u00edstica nacional en Andaluc\u00eda<\/strong><\/p>\n\n\n\n<p>Adem\u00e1s de estas cabeceras, otros importantes peri\u00f3dicos ya ten\u00edan su matriz fuera de la delimitaci\u00f3n geogr\u00e1fica andaluza. Es el caso de <em>ABC de Sevilla<\/em>, cuya propiedad estaba en manos de Prensa Espa\u00f1ola, editora de <em>ABC<\/em>, acabar\u00e1 en Vocento. La edici\u00f3n <em>ABC de C\u00f3rdoba<\/em> tambi\u00e9n pertenece a esta rama. En el caso de Sevilla, destaca <em>El Correo de Andaluc\u00eda<\/em>, perteneciente en un 18% a la Editorial Cat\u00f3lica. Esta empresa tendr\u00eda otra gran cabecera andaluza: <em>Ideal<\/em>, de Granada. De hecho, el peri\u00f3dico granadino ha sido uno de los m\u00e1s solventes, lo que le ha llevado a intentar el dif\u00edcil reto de superar los l\u00edmites locales para convertirse en regional. <em>Ideal <\/em>tiene sus ediciones tambi\u00e9n en Ja\u00e9n y Almer\u00eda e intent\u00f3 penetrar, sin \u00e9xito, en M\u00e1laga. Una aventura a la que, por cierto, aspir\u00f3 <em>Sur <\/em>con <em>Granada 2000<\/em>, tambi\u00e9n sin \u00e9xito (Checa Godoy, 1991). Esta orientaci\u00f3n regional es mencionada por V\u00e1zquez Allegue (2010), que recuerda c\u00f3mo el peri\u00f3dico cambi\u00f3 su subt\u00edtulo de \u201cDiario Regional de Andaluc\u00eda Oriental\u201d a \u201cDiario Regional de Andaluc\u00eda\u201d. Lema, este \u00faltimo, que coincide al 100% con el que llev\u00f3 a cabo el mencionado <em>Suroeste <\/em>(1976-1983). Al igual que otras cabeceras defendi\u00f3 posturas andalucistas dentro de la identidad espa\u00f1ola.<\/p>\n\n\n\n<p>En 1988 la Editorial Cat\u00f3lica desaparece despu\u00e9s de haber sido una de las m\u00e1s importantes empresas period\u00edsticas espa\u00f1olas del siglo. Es el Grupo Correo quien adquiere sus medios, entre ellos <em>Ideal<\/em>, que forma parte hoy del mismo conglomerado, ahora Vocento. En los ochenta se iniciar\u00e1 el desembarco de las ediciones andaluzas de las marcas period\u00edsticas nacionales. Ser\u00e1 <em>Diario 16 Andaluc\u00eda<\/em>, del Grupo 16, el que marque el punto de salida en 1982. Desde Sevilla, pero con vocaci\u00f3n regional (Farias, 2000), tendr\u00e1 un hermano en M\u00e1laga, <em>Diario 16 M\u00e1laga<\/em>, nacido en 1989. Ambos desaparecer\u00e1n en la segunda mitad de los noventa con la enorme crisis sufrida por la empresa. <em>El Pa\u00eds <\/em>y <em>El Mundo<\/em> ser\u00e1n los siguientes en penetrar en Andaluc\u00eda con ediciones propias.<\/p>\n\n\n\n<!--nextpage-->\n\n\n\n<p><strong>La concentraci\u00f3n del Grupo Joly<\/strong><\/p>\n\n\n\n<p>Como grupo medi\u00e1tico andaluz se ha consolidado desde tiempos de la Transici\u00f3n el Grupo Joly. A la muerte de Franco dispon\u00eda de <em>Diario de C\u00e1diz<\/em>, peri\u00f3dico en activo m\u00e1s longevo de la regi\u00f3n. En la d\u00e9cada de los ochenta nacer\u00eda <em>Diario de Jerez<\/em> (1984), que sustituye a <em>La Voz del Sur<\/em>, y <em>Europa Sur<\/em> (1989). Este crecimiento se confirmar\u00eda a finales del Siglo XX y entrada del Siglo XXI: <em>Diario de Sevilla<\/em> (1999), <em>El D\u00eda de C\u00f3rdoba<\/em> (2000), <em>Huelva Informaci\u00f3n<\/em> (2002, comprado a Vocento), <em>Granada Hoy<\/em> (2003), <em>M\u00e1laga Hoy<\/em> (2004) y <em>Diario de Almer\u00eda<\/em> (2007). S\u00f3lo Ja\u00e9n no posee una cabecera perteneciente a esta empresa.<\/p>\n\n\n\n<p>La situaci\u00f3n desde la Transici\u00f3n hasta nuestros d\u00edas ha germinado en una concentraci\u00f3n medi\u00e1tica que ha estado presente en todas las escalas (regional, nacional e internacional). Grupo Joly y Vocento son hoy los dominadores de la prensa andaluza, pues mantienen sus principales cabeceras por tirada y rentabilidad. Apenas <em>Ja\u00e9n <\/em>y <em>La Voz de Almer\u00eda<\/em> sobreviven aparte, puesto que <em>El Correo de Andaluc\u00eda<\/em> est\u00e1 muy lejos de sus mejores a\u00f1os. <\/p>\n\n\n\n<p>Hay, en este periplo, un ejemplo que muestra la dificultad de sobrevivir fuera de la gran estructura medi\u00e1tica. Es el caso de <em>Sol de Espa\u00f1a<\/em>, que nace en 1967, pero desaparece en 1982. La cabecera malague\u00f1a lleg\u00f3 a pelear con el hegem\u00f3nico <em>Sur <\/em>(Reig, 2011) y constituy\u00f3 una aventura que dio matices a la monol\u00edtica prensa de M\u00e1laga, aunque su debilidad empresarial se llev\u00f3 por delante una iniciativa ca\u00edda en el olvido dr\u00e1sticamente (Sarria G\u00f3mez, 2012).<\/p>\n\n\n\n<p><strong>Vaiv\u00e9n de publicaciones sin mercado<\/strong><\/p>\n\n\n\n<p>Esta concentraci\u00f3n propici\u00f3 que Andaluc\u00eda viviera tambi\u00e9n el vaiv\u00e9n de nacimiento y desaparici\u00f3n de peri\u00f3dicos que se reflej\u00f3 a ra\u00edz de la Transici\u00f3n. Sevilla y Granada se llevan la palma en este sentido. En la ciudad hispalense nacer\u00edan dos vespertinos. <em>Informaciones de Andaluc\u00eda<\/em>, de Prensa Castellana (participada en un 25% por Prensa Espa\u00f1ola), apenas saldr\u00eda los a\u00f1os 1976 y 1977. En 1976 nacer\u00eda tambi\u00e9n <em>Nueva Andaluc\u00eda<\/em>, hermano de <em>El Correo de Andaluc\u00eda<\/em>, que cerrar\u00eda en 1984. El peri\u00f3dico vespertino hab\u00eda quedado desfasado: la radio ya pod\u00eda informar y la televisi\u00f3n segu\u00eda ganando adeptos. Aquellas iniciativas respond\u00edan a un viejo anhelo, a la formaci\u00f3n de un t\u00e1ndem que en el primer tercio del siglo XX daba r\u00e9ditos (<em>El Sol<\/em> y <em>La Voz<\/em> o <em>El Debate<\/em> y <em>Ya<\/em>), que el nuevo mercado period\u00edstico ya no pod\u00eda abordar.<\/p>\n\n\n\n<p>En Granada el resultado no fue distinto, aunque s\u00ed se trat\u00f3 de otras iniciativas. En el a\u00f1o 1982 nac\u00eda <em>Diario de Granada<\/em>, que desaparece en 1986. Dej\u00f3 como legado el Robinson Urbano de Mu\u00f1oz Molina (Ruiz Rico, 2013). Checa Godoy (1991) se\u00f1ala su aproximaci\u00f3n al PSOE. Misma aproximaci\u00f3n de un peri\u00f3dico que le sustitu\u00eda, <em>El D\u00eda de Granada<\/em>, cuya vida se extendi\u00f3 tan s\u00f3lo entre 1986 y 1987. Entre medio, en 1983, nac\u00eda <em>El Defensor de Granada<\/em>, cuyo t\u00edtulo ya evocaba a uno de los titanes de la prensa granadina. Qued\u00f3 indefenso en el nuevo mercado y desapareci\u00f3 un a\u00f1o m\u00e1s tarde, en 1984.<\/p>\n\n\n\n<!--nextpage-->\n\n\n\n<p>En conclusi\u00f3n, la prensa escrita andaluza vivi\u00f3 de primera mano los enormes cambios producidos en el mercado period\u00edstico desde los tiempos de la Transici\u00f3n. El vaiv\u00e9n de publicaciones acab\u00f3 en un mercado m\u00e1s estable pero tambi\u00e9n concentrado. El espacio se ha reducido y subsistir fuera de los grandes grupos medi\u00e1ticos es una proeza. Andaluc\u00eda conoci\u00f3 esa debilidad empresarial, el exilio hacia una matriz m\u00e1s all\u00e1 de su geograf\u00eda o la concentraci\u00f3n enorme de su grupo medi\u00e1tico. Debilidad, exilio y concentraci\u00f3n.<\/p>\n\n\n\n<figure class=\"wp-block-image size-large is-resized\"><a href=\"https:\/\/hdl.handle.net\/11441\/128974\"><img  decoding=\"async\"  loading=\"lazy\"  src=\"data:image\/png;base64,iVBORw0KGgoAAAANSUhEUgAAAAEAAAABAQMAAAAl21bKAAAAA1BMVEUAAP+KeNJXAAAAAXRSTlMAQObYZgAAAAlwSFlzAAAOxAAADsQBlSsOGwAAAApJREFUCNdjYAAAAAIAAeIhvDMAAAAASUVORK5CYII=\"  alt=\"\"  class=\"wp-image-4215 pk-lazyload\"  width=\"222\"  height=\"65\"  data-pk-sizes=\"auto\"  data-ls-sizes=\"(max-width: 222px) 100vw, 222px\"  data-pk-src=\"https:\/\/grupo.us.es\/hicpan\/wp-content\/uploads\/logo_idUS.png\"  data-pk-srcset=\"https:\/\/grupo.us.es\/hicpan\/wp-content\/uploads\/logo_idUS.png 229w, https:\/\/grupo.us.es\/hicpan\/wp-content\/uploads\/logo_idUS-120x35.png 120w, https:\/\/grupo.us.es\/hicpan\/wp-content\/uploads\/logo_idUS-90x26.png 90w, https:\/\/grupo.us.es\/hicpan\/wp-content\/uploads\/logo_idUS-180x53.png 180w\" ><\/a><\/figure>\n\n\n\n<hr class=\"wp-block-separator has-css-opacity alignwide\"\/>\n\n\n\n<p><strong>Referencias bibliogr\u00e1ficas<\/strong>:<\/p>\n\n\n\n<p>CHECA GODOY, Antonio (1991). <em>Historia de la prensa andaluza.<\/em> Sevilla: Fundaci\u00f3n Blas Infante.<\/p>\n\n\n\n<p>FARIAS, Pedro (2000). <em>16 a\u00f1os de Diario 16. Historia y an\u00e1lisis empresarial (1976-1992)<\/em>. M\u00e1laga: Asociaci\u00f3n para la Investigaci\u00f3n y el desarrollo de la Comunicaci\u00f3n (I+D.COM).<\/p>\n\n\n\n<p>FUENTES, Juan, y FERN\u00c1NDEZ SEBASTI\u00c1N, Javier (1997). <em>Historia del periodismo espa\u00f1ol prensa, pol\u00edtica y opini\u00f3n p\u00fablica en la Espa\u00f1a contempor\u00e1nea<\/em>. Espa\u00f1a: S\u00edntesis.<\/p>\n\n\n\n<p>MART\u00cdNEZ F\u00c1BREGAS, Jezabel (2016). \u201cDe pro Franquista a anti Gobierno. La evoluci\u00f3n de \u201cSur\u201d con respecto a la pol\u00edtica nacional durante la transici\u00f3n espa\u00f1ola (1975-1978)\u201d. <em>Pol\u00edtica y Sociedad<\/em>, Vol. 53 (n\u00ba2), pp. 285-307.<\/p>\n\n\n\n<p>M\u00c9NDEZ MUROS, Sandra (2011). La transici\u00f3n democr\u00e1tica espa\u00f1ola a trav\u00e9s de los editoriales de<em> El Correo de Andaluc\u00eda.<\/em> <em>Hologram\u00e1tica<\/em>, n\u00ba 14 (vol. 2), pp. 17-44.<\/p>\n\n\n\n<p>MOYA L\u00d3PEZ, Daniel (2016). Las empresas period\u00edsticas de Espa\u00f1a en el siglo XX (1881-1989). Antecedentes de los actuales conglomerados medi\u00e1ticos. <em>Trabajo Fin de M\u00e1ster<\/em>: Universidad de Sevilla.<\/p>\n\n\n\n<p>N\u00da\u00d1EZ GARC\u00cdA, V\u00edctor Manuel, y CALERO DELGADO, Mar\u00eda Luisa (2009). Diario <em>Odiel<\/em>, evoluci\u00f3n del discurso period\u00edstico en el contexto de la transici\u00f3n a la democracia en Espa\u00f1a. <em>Historia Actual Online<\/em>, n\u00ba 18, pp. 77-90.<\/p>\n\n\n\n<p>REIG, Ram\u00f3n (2011). <em>La comunicaci\u00f3n en Andaluc\u00eda: historia, estructura y nuevas tecnolog\u00edas<\/em>. Sevilla: Centro de Estudios Andaluces.<\/p>\n\n\n\n<p>SARRIA G\u00d3MEZ, Carlos (2012). Un diario en transici\u00f3n: Sol de Espa\u00f1a (1967-1982). <em>Isla de Arriar\u00e1n<\/em>, XXXIX, pp. 327-344.<\/p>\n\n\n\n<p>TELLECHEA RODR\u00cdGUEZ, Jos\u00e9 Manuel (2004). El conflicto &#8220;info-ambiental&#8221;: el caso de <em>Huelva Informaci\u00f3n<\/em> (agosto de 1983 &#8211; diciembre de 1992). <em>\u00c1mbitos. Revista internacional de comunicaci\u00f3n<\/em>, n\u00ba 11-12, pp. 319-340.<\/p>\n\n\n\n<p>V\u00c1ZQUEZ ALLEGUE, Jaime (2010). El Ideal de la Transici\u00f3n. Melchor Saiz-Pardo, periodista granadino. <em>Tesis doctoral<\/em>: Universidad de Sevilla.<\/p>\n\n\n\n<hr class=\"wp-block-separator has-css-opacity alignwide\"\/>\n","protected":false},"excerpt":{"rendered":"<p>Realizado por Daniel Moya L\u00f3pez La empresa period\u00edstica andaluza se ha caracterizado desde 1975 por su debilidad, su exilio o su concentraci\u00f3n. Son factores, no obstante, relacionados entre s\u00ed. La&hellip;<\/p>\n","protected":false},"author":1,"featured_media":5160,"comment_status":"closed","ping_status":"closed","sticky":false,"template":"","format":"standard","meta":{"_mi_skip_tracking":false},"categories":[19],"tags":[],"powerkit_post_featured":[],"yoast_head":"<!-- This site is optimized with the Yoast SEO plugin v19.13 - https:\/\/yoast.com\/wordpress\/plugins\/seo\/ -->\n<title>La empresa period\u00edstica en Andaluc\u00eda desde la Transici\u00f3n: Debilidad, exilio o concentraci\u00f3n (II) - Hicpan | Historia Cr\u00edtica del Periodismo Andaluz<\/title>\n<meta name=\"description\" content=\"La empresa period\u00edstica en Andaluc\u00eda desde la Transici\u00f3n: Debilidad, exilio o concentraci\u00f3n (II) | El proyecto \u201cHistoria Cr\u00edtica del Periodismo Andaluz\u201d (HICPAN) se constituye con la intenci\u00f3n fundamental de actualizar y revisar el conocimiento sobre la historia del periodismo andaluz.\" \/>\n<meta name=\"robots\" content=\"index, follow, max-snippet:-1, max-image-preview:large, max-video-preview:-1\" \/>\n<link rel=\"canonical\" href=\"https:\/\/grupo.us.es\/hicpan\/la-empresa-periodistica-en-andalucia-desde-la-transicion-debilidad-exilio-o-concentracion-ii\/\" \/>\n<link rel=\"next\" href=\"https:\/\/grupo.us.es\/hicpan\/la-empresa-periodistica-en-andalucia-desde-la-transicion-debilidad-exilio-o-concentracion-ii\/2\/\" \/>\n<meta property=\"og:locale\" content=\"es_ES\" \/>\n<meta property=\"og:type\" content=\"article\" \/>\n<meta property=\"og:title\" content=\"La empresa period\u00edstica en Andaluc\u00eda desde la Transici\u00f3n: Debilidad, exilio o concentraci\u00f3n (II) - Hicpan | Historia Cr\u00edtica del Periodismo Andaluz\" \/>\n<meta property=\"og:description\" content=\"La empresa period\u00edstica en Andaluc\u00eda desde la Transici\u00f3n: Debilidad, exilio o concentraci\u00f3n (II) | El proyecto \u201cHistoria Cr\u00edtica del Periodismo Andaluz\u201d (HICPAN) se constituye con la intenci\u00f3n fundamental de actualizar y revisar el conocimiento sobre la historia del periodismo andaluz.\" \/>\n<meta property=\"og:url\" content=\"https:\/\/grupo.us.es\/hicpan\/la-empresa-periodistica-en-andalucia-desde-la-transicion-debilidad-exilio-o-concentracion-ii\/\" \/>\n<meta property=\"og:site_name\" content=\"Hicpan\" \/>\n<meta property=\"article:publisher\" content=\"https:\/\/www.facebook.com\/Historia-Cr%c3%adtica-del-Periodismo-Andaluz-109132707510200\" \/>\n<meta property=\"article:published_time\" content=\"2021-09-09T15:48:34+00:00\" \/>\n<meta property=\"article:modified_time\" content=\"2022-12-30T13:34:35+00:00\" \/>\n<meta property=\"og:image\" content=\"https:\/\/grupo.us.es\/hicpan\/wp-content\/uploads\/2021\/09\/newspapers-g2fa26d940_640.jpg\" \/>\n\t<meta property=\"og:image:width\" content=\"800\" \/>\n\t<meta property=\"og:image:height\" content=\"450\" \/>\n\t<meta property=\"og:image:type\" content=\"image\/jpeg\" \/>\n<meta name=\"author\" content=\"Hicpan\" \/>\n<meta name=\"twitter:card\" content=\"summary_large_image\" \/>\n<meta name=\"twitter:creator\" content=\"@hicpan\" \/>\n<meta name=\"twitter:site\" content=\"@hicpan\" \/>\n<meta name=\"twitter:label1\" content=\"Escrito por\" \/>\n\t<meta name=\"twitter:data1\" content=\"Hicpan\" \/>\n\t<meta name=\"twitter:label2\" content=\"Tiempo de lectura\" \/>\n\t<meta name=\"twitter:data2\" content=\"12 minutos\" \/>\n<script type=\"application\/ld+json\" class=\"yoast-schema-graph\">{\"@context\":\"https:\/\/schema.org\",\"@graph\":[{\"@type\":\"Article\",\"@id\":\"https:\/\/grupo.us.es\/hicpan\/la-empresa-periodistica-en-andalucia-desde-la-transicion-debilidad-exilio-o-concentracion-ii\/#article\",\"isPartOf\":{\"@id\":\"https:\/\/grupo.us.es\/hicpan\/la-empresa-periodistica-en-andalucia-desde-la-transicion-debilidad-exilio-o-concentracion-ii\/\"},\"author\":{\"name\":\"Hicpan\",\"@id\":\"https:\/\/grupo.us.es\/hicpan\/#\/schema\/person\/ffb3c3d736ac195d8a6a5100cb33762a\"},\"headline\":\"La empresa period\u00edstica en Andaluc\u00eda desde la Transici\u00f3n: Debilidad, exilio o concentraci\u00f3n (II)\",\"datePublished\":\"2021-09-09T15:48:34+00:00\",\"dateModified\":\"2022-12-30T13:34:35+00:00\",\"mainEntityOfPage\":{\"@id\":\"https:\/\/grupo.us.es\/hicpan\/la-empresa-periodistica-en-andalucia-desde-la-transicion-debilidad-exilio-o-concentracion-ii\/\"},\"wordCount\":2758,\"publisher\":{\"@id\":\"https:\/\/grupo.us.es\/hicpan\/#organization\"},\"articleSection\":[\"Patrimonio\"],\"inLanguage\":\"es\"},{\"@type\":\"WebPage\",\"@id\":\"https:\/\/grupo.us.es\/hicpan\/la-empresa-periodistica-en-andalucia-desde-la-transicion-debilidad-exilio-o-concentracion-ii\/\",\"url\":\"https:\/\/grupo.us.es\/hicpan\/la-empresa-periodistica-en-andalucia-desde-la-transicion-debilidad-exilio-o-concentracion-ii\/\",\"name\":\"La empresa period\u00edstica en Andaluc\u00eda desde la Transici\u00f3n: Debilidad, exilio o concentraci\u00f3n (II) - Hicpan | Historia Cr\u00edtica del Periodismo Andaluz\",\"isPartOf\":{\"@id\":\"https:\/\/grupo.us.es\/hicpan\/#website\"},\"datePublished\":\"2021-09-09T15:48:34+00:00\",\"dateModified\":\"2022-12-30T13:34:35+00:00\",\"description\":\"La empresa period\u00edstica en Andaluc\u00eda desde la Transici\u00f3n: Debilidad, exilio o concentraci\u00f3n (II) | El proyecto \u201cHistoria Cr\u00edtica del Periodismo Andaluz\u201d (HICPAN) se constituye con la intenci\u00f3n fundamental de actualizar y revisar el conocimiento sobre la historia del periodismo andaluz.\",\"inLanguage\":\"es\",\"potentialAction\":[{\"@type\":\"ReadAction\",\"target\":[\"https:\/\/grupo.us.es\/hicpan\/la-empresa-periodistica-en-andalucia-desde-la-transicion-debilidad-exilio-o-concentracion-ii\/\"]}]},{\"@type\":\"WebSite\",\"@id\":\"https:\/\/grupo.us.es\/hicpan\/#website\",\"url\":\"https:\/\/grupo.us.es\/hicpan\/\",\"name\":\"Hicpan\",\"description\":\"Historia Cr\u00edtica del Period\u00edsmo Andaluz\",\"publisher\":{\"@id\":\"https:\/\/grupo.us.es\/hicpan\/#organization\"},\"potentialAction\":[{\"@type\":\"SearchAction\",\"target\":{\"@type\":\"EntryPoint\",\"urlTemplate\":\"https:\/\/grupo.us.es\/hicpan\/?s={search_term_string}\"},\"query-input\":\"required name=search_term_string\"}],\"inLanguage\":\"es\"},{\"@type\":\"Organization\",\"@id\":\"https:\/\/grupo.us.es\/hicpan\/#organization\",\"name\":\"HICPAN\",\"url\":\"https:\/\/grupo.us.es\/hicpan\/\",\"logo\":{\"@type\":\"ImageObject\",\"inLanguage\":\"es\",\"@id\":\"https:\/\/grupo.us.es\/hicpan\/#\/schema\/logo\/image\/\",\"url\":\"https:\/\/grupo.us.es\/hicpan\/wp-content\/uploads\/hicpan-logo1.png\",\"contentUrl\":\"https:\/\/grupo.us.es\/hicpan\/wp-content\/uploads\/hicpan-logo1.png\",\"width\":205,\"height\":63,\"caption\":\"HICPAN\"},\"image\":{\"@id\":\"https:\/\/grupo.us.es\/hicpan\/#\/schema\/logo\/image\/\"},\"sameAs\":[\"https:\/\/www.facebook.com\/Historia-Cr\u00edtica-del-Periodismo-Andaluz-109132707510200\",\"https:\/\/twitter.com\/hicpan\"]},{\"@type\":\"Person\",\"@id\":\"https:\/\/grupo.us.es\/hicpan\/#\/schema\/person\/ffb3c3d736ac195d8a6a5100cb33762a\",\"name\":\"Hicpan\",\"image\":{\"@type\":\"ImageObject\",\"inLanguage\":\"es\",\"@id\":\"https:\/\/grupo.us.es\/hicpan\/#\/schema\/person\/image\/\",\"url\":\"https:\/\/grupo.us.es\/hicpan\/wp-content\/uploads\/hicpan-footer1-120x120.png\",\"contentUrl\":\"https:\/\/grupo.us.es\/hicpan\/wp-content\/uploads\/hicpan-footer1-120x120.png\",\"caption\":\"Hicpan\"},\"sameAs\":[\"http:\/\/grupo.us.es\/hicpan\"],\"url\":\"https:\/\/grupo.us.es\/hicpan\/author\/hicpanus\/\"}]}<\/script>\n<!-- \/ Yoast SEO plugin. -->","yoast_head_json":{"title":"La empresa period\u00edstica en Andaluc\u00eda desde la Transici\u00f3n: Debilidad, exilio o concentraci\u00f3n (II) - Hicpan | Historia Cr\u00edtica del Periodismo Andaluz","description":"La empresa period\u00edstica en Andaluc\u00eda desde la Transici\u00f3n: Debilidad, exilio o concentraci\u00f3n (II) | El proyecto \u201cHistoria Cr\u00edtica del Periodismo Andaluz\u201d (HICPAN) se constituye con la intenci\u00f3n fundamental de actualizar y revisar el conocimiento sobre la historia del periodismo andaluz.","robots":{"index":"index","follow":"follow","max-snippet":"max-snippet:-1","max-image-preview":"max-image-preview:large","max-video-preview":"max-video-preview:-1"},"canonical":"https:\/\/grupo.us.es\/hicpan\/la-empresa-periodistica-en-andalucia-desde-la-transicion-debilidad-exilio-o-concentracion-ii\/","next":"https:\/\/grupo.us.es\/hicpan\/la-empresa-periodistica-en-andalucia-desde-la-transicion-debilidad-exilio-o-concentracion-ii\/2\/","og_locale":"es_ES","og_type":"article","og_title":"La empresa period\u00edstica en Andaluc\u00eda desde la Transici\u00f3n: Debilidad, exilio o concentraci\u00f3n (II) - Hicpan | Historia Cr\u00edtica del Periodismo Andaluz","og_description":"La empresa period\u00edstica en Andaluc\u00eda desde la Transici\u00f3n: Debilidad, exilio o concentraci\u00f3n (II) | El proyecto \u201cHistoria Cr\u00edtica del Periodismo Andaluz\u201d (HICPAN) se constituye con la intenci\u00f3n fundamental de actualizar y revisar el conocimiento sobre la historia del periodismo andaluz.","og_url":"https:\/\/grupo.us.es\/hicpan\/la-empresa-periodistica-en-andalucia-desde-la-transicion-debilidad-exilio-o-concentracion-ii\/","og_site_name":"Hicpan","article_publisher":"https:\/\/www.facebook.com\/Historia-Cr%c3%adtica-del-Periodismo-Andaluz-109132707510200","article_published_time":"2021-09-09T15:48:34+00:00","article_modified_time":"2022-12-30T13:34:35+00:00","og_image":[{"width":800,"height":450,"url":"https:\/\/grupo.us.es\/hicpan\/wp-content\/uploads\/2021\/09\/newspapers-g2fa26d940_640.jpg","type":"image\/jpeg"}],"author":"Hicpan","twitter_card":"summary_large_image","twitter_creator":"@hicpan","twitter_site":"@hicpan","twitter_misc":{"Escrito por":"Hicpan","Tiempo de lectura":"12 minutos"},"schema":{"@context":"https:\/\/schema.org","@graph":[{"@type":"Article","@id":"https:\/\/grupo.us.es\/hicpan\/la-empresa-periodistica-en-andalucia-desde-la-transicion-debilidad-exilio-o-concentracion-ii\/#article","isPartOf":{"@id":"https:\/\/grupo.us.es\/hicpan\/la-empresa-periodistica-en-andalucia-desde-la-transicion-debilidad-exilio-o-concentracion-ii\/"},"author":{"name":"Hicpan","@id":"https:\/\/grupo.us.es\/hicpan\/#\/schema\/person\/ffb3c3d736ac195d8a6a5100cb33762a"},"headline":"La empresa period\u00edstica en Andaluc\u00eda desde la Transici\u00f3n: Debilidad, exilio o concentraci\u00f3n (II)","datePublished":"2021-09-09T15:48:34+00:00","dateModified":"2022-12-30T13:34:35+00:00","mainEntityOfPage":{"@id":"https:\/\/grupo.us.es\/hicpan\/la-empresa-periodistica-en-andalucia-desde-la-transicion-debilidad-exilio-o-concentracion-ii\/"},"wordCount":2758,"publisher":{"@id":"https:\/\/grupo.us.es\/hicpan\/#organization"},"articleSection":["Patrimonio"],"inLanguage":"es"},{"@type":"WebPage","@id":"https:\/\/grupo.us.es\/hicpan\/la-empresa-periodistica-en-andalucia-desde-la-transicion-debilidad-exilio-o-concentracion-ii\/","url":"https:\/\/grupo.us.es\/hicpan\/la-empresa-periodistica-en-andalucia-desde-la-transicion-debilidad-exilio-o-concentracion-ii\/","name":"La empresa period\u00edstica en Andaluc\u00eda desde la Transici\u00f3n: Debilidad, exilio o concentraci\u00f3n (II) - Hicpan | Historia Cr\u00edtica del Periodismo Andaluz","isPartOf":{"@id":"https:\/\/grupo.us.es\/hicpan\/#website"},"datePublished":"2021-09-09T15:48:34+00:00","dateModified":"2022-12-30T13:34:35+00:00","description":"La empresa period\u00edstica en Andaluc\u00eda desde la Transici\u00f3n: Debilidad, exilio o concentraci\u00f3n (II) | El proyecto \u201cHistoria Cr\u00edtica del Periodismo Andaluz\u201d (HICPAN) se constituye con la intenci\u00f3n fundamental de actualizar y revisar el conocimiento sobre la historia del periodismo andaluz.","inLanguage":"es","potentialAction":[{"@type":"ReadAction","target":["https:\/\/grupo.us.es\/hicpan\/la-empresa-periodistica-en-andalucia-desde-la-transicion-debilidad-exilio-o-concentracion-ii\/"]}]},{"@type":"WebSite","@id":"https:\/\/grupo.us.es\/hicpan\/#website","url":"https:\/\/grupo.us.es\/hicpan\/","name":"Hicpan","description":"Historia Cr\u00edtica del Period\u00edsmo Andaluz","publisher":{"@id":"https:\/\/grupo.us.es\/hicpan\/#organization"},"potentialAction":[{"@type":"SearchAction","target":{"@type":"EntryPoint","urlTemplate":"https:\/\/grupo.us.es\/hicpan\/?s={search_term_string}"},"query-input":"required name=search_term_string"}],"inLanguage":"es"},{"@type":"Organization","@id":"https:\/\/grupo.us.es\/hicpan\/#organization","name":"HICPAN","url":"https:\/\/grupo.us.es\/hicpan\/","logo":{"@type":"ImageObject","inLanguage":"es","@id":"https:\/\/grupo.us.es\/hicpan\/#\/schema\/logo\/image\/","url":"https:\/\/grupo.us.es\/hicpan\/wp-content\/uploads\/hicpan-logo1.png","contentUrl":"https:\/\/grupo.us.es\/hicpan\/wp-content\/uploads\/hicpan-logo1.png","width":205,"height":63,"caption":"HICPAN"},"image":{"@id":"https:\/\/grupo.us.es\/hicpan\/#\/schema\/logo\/image\/"},"sameAs":["https:\/\/www.facebook.com\/Historia-Cr\u00edtica-del-Periodismo-Andaluz-109132707510200","https:\/\/twitter.com\/hicpan"]},{"@type":"Person","@id":"https:\/\/grupo.us.es\/hicpan\/#\/schema\/person\/ffb3c3d736ac195d8a6a5100cb33762a","name":"Hicpan","image":{"@type":"ImageObject","inLanguage":"es","@id":"https:\/\/grupo.us.es\/hicpan\/#\/schema\/person\/image\/","url":"https:\/\/grupo.us.es\/hicpan\/wp-content\/uploads\/hicpan-footer1-120x120.png","contentUrl":"https:\/\/grupo.us.es\/hicpan\/wp-content\/uploads\/hicpan-footer1-120x120.png","caption":"Hicpan"},"sameAs":["http:\/\/grupo.us.es\/hicpan"],"url":"https:\/\/grupo.us.es\/hicpan\/author\/hicpanus\/"}]}},"_links":{"self":[{"href":"https:\/\/grupo.us.es\/hicpan\/wp-json\/wp\/v2\/posts\/3812"}],"collection":[{"href":"https:\/\/grupo.us.es\/hicpan\/wp-json\/wp\/v2\/posts"}],"about":[{"href":"https:\/\/grupo.us.es\/hicpan\/wp-json\/wp\/v2\/types\/post"}],"author":[{"embeddable":true,"href":"https:\/\/grupo.us.es\/hicpan\/wp-json\/wp\/v2\/users\/1"}],"replies":[{"embeddable":true,"href":"https:\/\/grupo.us.es\/hicpan\/wp-json\/wp\/v2\/comments?post=3812"}],"version-history":[{"count":18,"href":"https:\/\/grupo.us.es\/hicpan\/wp-json\/wp\/v2\/posts\/3812\/revisions"}],"predecessor-version":[{"id":5161,"href":"https:\/\/grupo.us.es\/hicpan\/wp-json\/wp\/v2\/posts\/3812\/revisions\/5161"}],"wp:featuredmedia":[{"embeddable":true,"href":"https:\/\/grupo.us.es\/hicpan\/wp-json\/wp\/v2\/media\/5160"}],"wp:attachment":[{"href":"https:\/\/grupo.us.es\/hicpan\/wp-json\/wp\/v2\/media?parent=3812"}],"wp:term":[{"taxonomy":"category","embeddable":true,"href":"https:\/\/grupo.us.es\/hicpan\/wp-json\/wp\/v2\/categories?post=3812"},{"taxonomy":"post_tag","embeddable":true,"href":"https:\/\/grupo.us.es\/hicpan\/wp-json\/wp\/v2\/tags?post=3812"},{"taxonomy":"powerkit_post_featured","embeddable":true,"href":"https:\/\/grupo.us.es\/hicpan\/wp-json\/wp\/v2\/powerkit_post_featured?post=3812"}],"curies":[{"name":"wp","href":"https:\/\/api.w.org\/{rel}","templated":true}]}}