{"id":2200,"date":"2020-04-15T12:57:51","date_gmt":"2020-04-15T10:57:51","guid":{"rendered":"http:\/\/grupo.us.es\/hicpan\/?p=2200"},"modified":"2021-11-19T09:47:23","modified_gmt":"2021-11-19T08:47:23","slug":"objetivos","status":"publish","type":"post","link":"https:\/\/grupo.us.es\/hicpan\/objetivos\/","title":{"rendered":"Objetivos"},"content":{"rendered":"\n<div class=\"cnvs-block-toc cnvs-block-toc-1586947486562\" >\n\t<\/div>\n\n\n\n<h2 id=\"objetivos-del-proyecto\">Objetivos del proyecto<\/h2>\n\n\n\n<ol class=\"pk-list-styled\"><li>Actualizar y revisar el conocimiento sobre la historia del periodismo andaluz que se ofrece en la literatura cient\u00edfica y de divulgaci\u00f3n.<\/li><li>Proponer una valoraci\u00f3n de la Historia del Periodismo Andaluz a la luz de los conocimientos acumulados por la investigaci\u00f3n hasta el presente.<\/li><li>Identificar los nombres de periodistas, editores, ilustradores, etc. y las etapas de la historia del periodismo andaluz con mayor valor y significaci\u00f3n hist\u00f3rica global, de manera que se ayude a la transferencia de conocimiento hacia las empresas del \u00e1mbito tur\u00edstico y de las industrias culturales.<\/li><li>Recuperaci\u00f3n y digitalizaci\u00f3n de colecciones de prensa p\u00fablicas y privadas, as\u00ed como de fuentes secundarias de dif\u00edcil acceso como estudios mecanografiados, manuscritos o impresos descatalogados.<\/li><li>Divulgaci\u00f3n de las conclusiones del Proyecto a trav\u00e9s de la celebraci\u00f3n de un congreso para especialistas, de la publicaci\u00f3n de un volumen en una colecci\u00f3n universitaria de prestigio, y de una gu\u00eda sobre el Patrimonio Period\u00edstico Andaluz para uso de instituciones, empresas, medios de comunicaci\u00f3n, etc.<\/li><li>Organizaci\u00f3n de encuentros acad\u00e9micos que permitan avanzar en la posible creaci\u00f3n de una Asociaci\u00f3n de Historiadores de la Prensa Andaluza.<\/li><\/ol>\n\n\n\n<figure class=\"wp-block-embed is-type-video is-provider-youtube wp-block-embed-youtube wp-embed-aspect-16-9 wp-has-aspect-ratio\"><div class=\"wp-block-embed__wrapper\">\n<div class=\"cs-embed cs-embed-responsive\"><iframe loading=\"lazy\" title=\"La UMA participa en el proyecto &#039;HICPAN&#039; que actualiza y divulga la historia del periodismo andaluz\" width=\"1160\" height=\"653\" src=\"https:\/\/www.youtube.com\/embed\/-T5SKLlJcvw?feature=oembed\" frameborder=\"0\" allow=\"accelerometer; autoplay; clipboard-write; encrypted-media; gyroscope; picture-in-picture\" allowfullscreen><\/iframe><\/div>\n<\/div><\/figure>\n\n\n\n<h2 id=\"resultados-comprometidos\">Resultados comprometidos<\/h2>\n\n\n\n<p>Tras las diversas acciones programadas se esperan tres resultados fundamentales:<\/p>\n\n\n\n<ul class=\"pk-list-positive\"><li>Publicaci\u00f3n de un volumen de autor\u00eda conjunta, titulado provisionalmente \u201cHistoria Cr\u00edtica del Periodismo Andaluz\u201d, donde se describir\u00e1 el marco com\u00fan de interpretaci\u00f3n que se propone.<\/li><li>Edici\u00f3n y publicaci\u00f3n en formato digital de una <em>Gu\u00eda del Patrimonio Period\u00edstico Andaluz<\/em>, de car\u00e1cter divulgativo, donde se se\u00f1alar\u00e1n los hitos de este periodismo y se propondr\u00e1n acciones concretas de divulgaci\u00f3n de este patrimonio.<\/li><li>Producci\u00f3n de un \u201cBanco de la memoria\u201d en formato audiovisual de los periodistas andaluces, particularmente de los que vivieron momentos destacados de la Historia de Andaluc\u00eda como los a\u00f1os finales de la Dictadura, la Transici\u00f3n, etc.<\/li><\/ul>\n\n\n\n<div class=\"wp-block-image\"><figure class=\"aligncenter size-large\"><img  decoding=\"async\"  loading=\"lazy\"  width=\"546\"  height=\"640\"  src=\"data:image\/png;base64,iVBORw0KGgoAAAANSUhEUgAAAiIAAAKAAQMAAACbroGMAAAAA1BMVEUAAP+KeNJXAAAAAXRSTlMAQObYZgAAAAlwSFlzAAAOxAAADsQBlSsOGwAAAEJJREFUeNrtwQENAAAAwqD3T20ON6AAAAAAAAAAAAAAAAAAAAAAAAAAAAAAAAAAAAAAAAAAAAAAAAAAAAAAAAAAeDCvAAABYKKSAwAAAABJRU5ErkJggg==\"  alt=\"\"  class=\"wp-image-3973 pk-lazyload\"  data-pk-sizes=\"auto\"  data-ls-sizes=\"(max-width: 546px) 100vw, 546px\"  data-pk-src=\"https:\/\/grupo.us.es\/hicpan\/wp-content\/uploads\/FB_IMG_16370921757630877.jpg\"  data-pk-srcset=\"https:\/\/grupo.us.es\/hicpan\/wp-content\/uploads\/FB_IMG_16370921757630877.jpg 546w, https:\/\/grupo.us.es\/hicpan\/wp-content\/uploads\/FB_IMG_16370921757630877-120x141.jpg 120w, https:\/\/grupo.us.es\/hicpan\/wp-content\/uploads\/FB_IMG_16370921757630877-90x105.jpg 90w, https:\/\/grupo.us.es\/hicpan\/wp-content\/uploads\/FB_IMG_16370921757630877-320x375.jpg 320w, https:\/\/grupo.us.es\/hicpan\/wp-content\/uploads\/FB_IMG_16370921757630877-240x281.jpg 240w, https:\/\/grupo.us.es\/hicpan\/wp-content\/uploads\/FB_IMG_16370921757630877-180x211.jpg 180w\" ><\/figure><\/div>\n\n\n\n<p class=\"has-text-align-center\" style=\"font-size:11px\">\u00a9 Imagen cedida por el autor: Jes\u00fas Mart\u00edn Cartaya. <\/p>\n","protected":false},"excerpt":{"rendered":"<p>Objetivos del proyecto Actualizar y revisar el conocimiento sobre la historia del periodismo andaluz que se ofrece en la literatura cient\u00edfica y de divulgaci\u00f3n. Proponer una valoraci\u00f3n de la Historia&hellip;<\/p>\n","protected":false},"author":1,"featured_media":2524,"comment_status":"closed","ping_status":"closed","sticky":false,"template":"","format":"standard","meta":{"_mi_skip_tracking":false},"categories":[15],"tags":[],"powerkit_post_featured":[],"yoast_head":"<!-- This site is optimized with the Yoast SEO plugin v19.13 - https:\/\/yoast.com\/wordpress\/plugins\/seo\/ -->\n<title>Objetivos - Hicpan | Historia Cr\u00edtica del Periodismo Andaluz<\/title>\n<meta name=\"description\" content=\"Objetivos | El proyecto \u201cHistoria Cr\u00edtica del Periodismo Andaluz\u201d (HICPAN) se constituye con la intenci\u00f3n fundamental de actualizar y revisar el conocimiento sobre la historia del periodismo andaluz.\" \/>\n<meta name=\"robots\" content=\"index, follow, max-snippet:-1, max-image-preview:large, max-video-preview:-1\" \/>\n<link rel=\"canonical\" href=\"https:\/\/grupo.us.es\/hicpan\/objetivos\/\" \/>\n<meta property=\"og:locale\" content=\"es_ES\" \/>\n<meta property=\"og:type\" content=\"article\" \/>\n<meta property=\"og:title\" content=\"Objetivos - Hicpan | Historia Cr\u00edtica del Periodismo Andaluz\" \/>\n<meta property=\"og:description\" content=\"Objetivos | El proyecto \u201cHistoria Cr\u00edtica del Periodismo Andaluz\u201d (HICPAN) se constituye con la intenci\u00f3n fundamental de actualizar y revisar el conocimiento sobre la historia del periodismo andaluz.\" \/>\n<meta property=\"og:url\" content=\"https:\/\/grupo.us.es\/hicpan\/objetivos\/\" \/>\n<meta property=\"og:site_name\" content=\"Hicpan\" \/>\n<meta property=\"article:publisher\" content=\"https:\/\/www.facebook.com\/Historia-Cr%c3%adtica-del-Periodismo-Andaluz-109132707510200\" \/>\n<meta property=\"article:published_time\" content=\"2020-04-15T10:57:51+00:00\" \/>\n<meta property=\"article:modified_time\" content=\"2021-11-19T08:47:23+00:00\" \/>\n<meta property=\"og:image\" content=\"https:\/\/grupo.us.es\/hicpan\/wp-content\/uploads\/objetivos-hicpan4.jpg\" \/>\n\t<meta property=\"og:image:width\" content=\"1382\" \/>\n\t<meta property=\"og:image:height\" content=\"400\" \/>\n\t<meta property=\"og:image:type\" content=\"image\/jpeg\" \/>\n<meta name=\"author\" content=\"Hicpan\" \/>\n<meta name=\"twitter:card\" content=\"summary_large_image\" \/>\n<meta name=\"twitter:creator\" content=\"@hicpan\" \/>\n<meta name=\"twitter:site\" content=\"@hicpan\" \/>\n<meta name=\"twitter:label1\" content=\"Escrito por\" \/>\n\t<meta name=\"twitter:data1\" content=\"Hicpan\" \/>\n\t<meta name=\"twitter:label2\" content=\"Tiempo de lectura\" \/>\n\t<meta name=\"twitter:data2\" content=\"2 minutos\" \/>\n<script type=\"application\/ld+json\" class=\"yoast-schema-graph\">{\"@context\":\"https:\/\/schema.org\",\"@graph\":[{\"@type\":\"Article\",\"@id\":\"https:\/\/grupo.us.es\/hicpan\/objetivos\/#article\",\"isPartOf\":{\"@id\":\"https:\/\/grupo.us.es\/hicpan\/objetivos\/\"},\"author\":{\"name\":\"Hicpan\",\"@id\":\"https:\/\/grupo.us.es\/hicpan\/#\/schema\/person\/ffb3c3d736ac195d8a6a5100cb33762a\"},\"headline\":\"Objetivos\",\"datePublished\":\"2020-04-15T10:57:51+00:00\",\"dateModified\":\"2021-11-19T08:47:23+00:00\",\"mainEntityOfPage\":{\"@id\":\"https:\/\/grupo.us.es\/hicpan\/objetivos\/\"},\"wordCount\":346,\"publisher\":{\"@id\":\"https:\/\/grupo.us.es\/hicpan\/#organization\"},\"articleSection\":[\"Proyecto HICPAN\"],\"inLanguage\":\"es\"},{\"@type\":\"WebPage\",\"@id\":\"https:\/\/grupo.us.es\/hicpan\/objetivos\/\",\"url\":\"https:\/\/grupo.us.es\/hicpan\/objetivos\/\",\"name\":\"Objetivos - Hicpan | Historia Cr\u00edtica del Periodismo Andaluz\",\"isPartOf\":{\"@id\":\"https:\/\/grupo.us.es\/hicpan\/#website\"},\"datePublished\":\"2020-04-15T10:57:51+00:00\",\"dateModified\":\"2021-11-19T08:47:23+00:00\",\"description\":\"Objetivos | El proyecto \u201cHistoria Cr\u00edtica del Periodismo Andaluz\u201d (HICPAN) se constituye con la intenci\u00f3n fundamental de actualizar y revisar el conocimiento sobre la historia del periodismo andaluz.\",\"breadcrumb\":{\"@id\":\"https:\/\/grupo.us.es\/hicpan\/objetivos\/#breadcrumb\"},\"inLanguage\":\"es\",\"potentialAction\":[{\"@type\":\"ReadAction\",\"target\":[\"https:\/\/grupo.us.es\/hicpan\/objetivos\/\"]}]},{\"@type\":\"BreadcrumbList\",\"@id\":\"https:\/\/grupo.us.es\/hicpan\/objetivos\/#breadcrumb\",\"itemListElement\":[{\"@type\":\"ListItem\",\"position\":1,\"name\":\"Portada\",\"item\":\"https:\/\/grupo.us.es\/hicpan\/\"},{\"@type\":\"ListItem\",\"position\":2,\"name\":\"Objetivos\"}]},{\"@type\":\"WebSite\",\"@id\":\"https:\/\/grupo.us.es\/hicpan\/#website\",\"url\":\"https:\/\/grupo.us.es\/hicpan\/\",\"name\":\"Hicpan\",\"description\":\"Historia Cr\u00edtica del Period\u00edsmo Andaluz\",\"publisher\":{\"@id\":\"https:\/\/grupo.us.es\/hicpan\/#organization\"},\"potentialAction\":[{\"@type\":\"SearchAction\",\"target\":{\"@type\":\"EntryPoint\",\"urlTemplate\":\"https:\/\/grupo.us.es\/hicpan\/?s={search_term_string}\"},\"query-input\":\"required name=search_term_string\"}],\"inLanguage\":\"es\"},{\"@type\":\"Organization\",\"@id\":\"https:\/\/grupo.us.es\/hicpan\/#organization\",\"name\":\"HICPAN\",\"url\":\"https:\/\/grupo.us.es\/hicpan\/\",\"logo\":{\"@type\":\"ImageObject\",\"inLanguage\":\"es\",\"@id\":\"https:\/\/grupo.us.es\/hicpan\/#\/schema\/logo\/image\/\",\"url\":\"https:\/\/grupo.us.es\/hicpan\/wp-content\/uploads\/hicpan-logo1.png\",\"contentUrl\":\"https:\/\/grupo.us.es\/hicpan\/wp-content\/uploads\/hicpan-logo1.png\",\"width\":205,\"height\":63,\"caption\":\"HICPAN\"},\"image\":{\"@id\":\"https:\/\/grupo.us.es\/hicpan\/#\/schema\/logo\/image\/\"},\"sameAs\":[\"https:\/\/www.facebook.com\/Historia-Cr\u00edtica-del-Periodismo-Andaluz-109132707510200\",\"https:\/\/twitter.com\/hicpan\"]},{\"@type\":\"Person\",\"@id\":\"https:\/\/grupo.us.es\/hicpan\/#\/schema\/person\/ffb3c3d736ac195d8a6a5100cb33762a\",\"name\":\"Hicpan\",\"image\":{\"@type\":\"ImageObject\",\"inLanguage\":\"es\",\"@id\":\"https:\/\/grupo.us.es\/hicpan\/#\/schema\/person\/image\/\",\"url\":\"https:\/\/grupo.us.es\/hicpan\/wp-content\/uploads\/hicpan-footer1-120x120.png\",\"contentUrl\":\"https:\/\/grupo.us.es\/hicpan\/wp-content\/uploads\/hicpan-footer1-120x120.png\",\"caption\":\"Hicpan\"},\"sameAs\":[\"http:\/\/grupo.us.es\/hicpan\"],\"url\":\"https:\/\/grupo.us.es\/hicpan\/author\/hicpanus\/\"}]}<\/script>\n<!-- \/ Yoast SEO plugin. -->","yoast_head_json":{"title":"Objetivos - Hicpan | Historia Cr\u00edtica del Periodismo Andaluz","description":"Objetivos | El proyecto \u201cHistoria Cr\u00edtica del Periodismo Andaluz\u201d (HICPAN) se constituye con la intenci\u00f3n fundamental de actualizar y revisar el conocimiento sobre la historia del periodismo andaluz.","robots":{"index":"index","follow":"follow","max-snippet":"max-snippet:-1","max-image-preview":"max-image-preview:large","max-video-preview":"max-video-preview:-1"},"canonical":"https:\/\/grupo.us.es\/hicpan\/objetivos\/","og_locale":"es_ES","og_type":"article","og_title":"Objetivos - Hicpan | Historia Cr\u00edtica del Periodismo Andaluz","og_description":"Objetivos | El proyecto \u201cHistoria Cr\u00edtica del Periodismo Andaluz\u201d (HICPAN) se constituye con la intenci\u00f3n fundamental de actualizar y revisar el conocimiento sobre la historia del periodismo andaluz.","og_url":"https:\/\/grupo.us.es\/hicpan\/objetivos\/","og_site_name":"Hicpan","article_publisher":"https:\/\/www.facebook.com\/Historia-Cr%c3%adtica-del-Periodismo-Andaluz-109132707510200","article_published_time":"2020-04-15T10:57:51+00:00","article_modified_time":"2021-11-19T08:47:23+00:00","og_image":[{"width":1382,"height":400,"url":"https:\/\/grupo.us.es\/hicpan\/wp-content\/uploads\/objetivos-hicpan4.jpg","type":"image\/jpeg"}],"author":"Hicpan","twitter_card":"summary_large_image","twitter_creator":"@hicpan","twitter_site":"@hicpan","twitter_misc":{"Escrito por":"Hicpan","Tiempo de lectura":"2 minutos"},"schema":{"@context":"https:\/\/schema.org","@graph":[{"@type":"Article","@id":"https:\/\/grupo.us.es\/hicpan\/objetivos\/#article","isPartOf":{"@id":"https:\/\/grupo.us.es\/hicpan\/objetivos\/"},"author":{"name":"Hicpan","@id":"https:\/\/grupo.us.es\/hicpan\/#\/schema\/person\/ffb3c3d736ac195d8a6a5100cb33762a"},"headline":"Objetivos","datePublished":"2020-04-15T10:57:51+00:00","dateModified":"2021-11-19T08:47:23+00:00","mainEntityOfPage":{"@id":"https:\/\/grupo.us.es\/hicpan\/objetivos\/"},"wordCount":346,"publisher":{"@id":"https:\/\/grupo.us.es\/hicpan\/#organization"},"articleSection":["Proyecto HICPAN"],"inLanguage":"es"},{"@type":"WebPage","@id":"https:\/\/grupo.us.es\/hicpan\/objetivos\/","url":"https:\/\/grupo.us.es\/hicpan\/objetivos\/","name":"Objetivos - Hicpan | Historia Cr\u00edtica del Periodismo Andaluz","isPartOf":{"@id":"https:\/\/grupo.us.es\/hicpan\/#website"},"datePublished":"2020-04-15T10:57:51+00:00","dateModified":"2021-11-19T08:47:23+00:00","description":"Objetivos | El proyecto \u201cHistoria Cr\u00edtica del Periodismo Andaluz\u201d (HICPAN) se constituye con la intenci\u00f3n fundamental de actualizar y revisar el conocimiento sobre la historia del periodismo andaluz.","breadcrumb":{"@id":"https:\/\/grupo.us.es\/hicpan\/objetivos\/#breadcrumb"},"inLanguage":"es","potentialAction":[{"@type":"ReadAction","target":["https:\/\/grupo.us.es\/hicpan\/objetivos\/"]}]},{"@type":"BreadcrumbList","@id":"https:\/\/grupo.us.es\/hicpan\/objetivos\/#breadcrumb","itemListElement":[{"@type":"ListItem","position":1,"name":"Portada","item":"https:\/\/grupo.us.es\/hicpan\/"},{"@type":"ListItem","position":2,"name":"Objetivos"}]},{"@type":"WebSite","@id":"https:\/\/grupo.us.es\/hicpan\/#website","url":"https:\/\/grupo.us.es\/hicpan\/","name":"Hicpan","description":"Historia Cr\u00edtica del Period\u00edsmo Andaluz","publisher":{"@id":"https:\/\/grupo.us.es\/hicpan\/#organization"},"potentialAction":[{"@type":"SearchAction","target":{"@type":"EntryPoint","urlTemplate":"https:\/\/grupo.us.es\/hicpan\/?s={search_term_string}"},"query-input":"required name=search_term_string"}],"inLanguage":"es"},{"@type":"Organization","@id":"https:\/\/grupo.us.es\/hicpan\/#organization","name":"HICPAN","url":"https:\/\/grupo.us.es\/hicpan\/","logo":{"@type":"ImageObject","inLanguage":"es","@id":"https:\/\/grupo.us.es\/hicpan\/#\/schema\/logo\/image\/","url":"https:\/\/grupo.us.es\/hicpan\/wp-content\/uploads\/hicpan-logo1.png","contentUrl":"https:\/\/grupo.us.es\/hicpan\/wp-content\/uploads\/hicpan-logo1.png","width":205,"height":63,"caption":"HICPAN"},"image":{"@id":"https:\/\/grupo.us.es\/hicpan\/#\/schema\/logo\/image\/"},"sameAs":["https:\/\/www.facebook.com\/Historia-Cr\u00edtica-del-Periodismo-Andaluz-109132707510200","https:\/\/twitter.com\/hicpan"]},{"@type":"Person","@id":"https:\/\/grupo.us.es\/hicpan\/#\/schema\/person\/ffb3c3d736ac195d8a6a5100cb33762a","name":"Hicpan","image":{"@type":"ImageObject","inLanguage":"es","@id":"https:\/\/grupo.us.es\/hicpan\/#\/schema\/person\/image\/","url":"https:\/\/grupo.us.es\/hicpan\/wp-content\/uploads\/hicpan-footer1-120x120.png","contentUrl":"https:\/\/grupo.us.es\/hicpan\/wp-content\/uploads\/hicpan-footer1-120x120.png","caption":"Hicpan"},"sameAs":["http:\/\/grupo.us.es\/hicpan"],"url":"https:\/\/grupo.us.es\/hicpan\/author\/hicpanus\/"}]}},"_links":{"self":[{"href":"https:\/\/grupo.us.es\/hicpan\/wp-json\/wp\/v2\/posts\/2200"}],"collection":[{"href":"https:\/\/grupo.us.es\/hicpan\/wp-json\/wp\/v2\/posts"}],"about":[{"href":"https:\/\/grupo.us.es\/hicpan\/wp-json\/wp\/v2\/types\/post"}],"author":[{"embeddable":true,"href":"https:\/\/grupo.us.es\/hicpan\/wp-json\/wp\/v2\/users\/1"}],"replies":[{"embeddable":true,"href":"https:\/\/grupo.us.es\/hicpan\/wp-json\/wp\/v2\/comments?post=2200"}],"version-history":[{"count":4,"href":"https:\/\/grupo.us.es\/hicpan\/wp-json\/wp\/v2\/posts\/2200\/revisions"}],"predecessor-version":[{"id":5143,"href":"https:\/\/grupo.us.es\/hicpan\/wp-json\/wp\/v2\/posts\/2200\/revisions\/5143"}],"wp:featuredmedia":[{"embeddable":true,"href":"https:\/\/grupo.us.es\/hicpan\/wp-json\/wp\/v2\/media\/2524"}],"wp:attachment":[{"href":"https:\/\/grupo.us.es\/hicpan\/wp-json\/wp\/v2\/media?parent=2200"}],"wp:term":[{"taxonomy":"category","embeddable":true,"href":"https:\/\/grupo.us.es\/hicpan\/wp-json\/wp\/v2\/categories?post=2200"},{"taxonomy":"post_tag","embeddable":true,"href":"https:\/\/grupo.us.es\/hicpan\/wp-json\/wp\/v2\/tags?post=2200"},{"taxonomy":"powerkit_post_featured","embeddable":true,"href":"https:\/\/grupo.us.es\/hicpan\/wp-json\/wp\/v2\/powerkit_post_featured?post=2200"}],"curies":[{"name":"wp","href":"https:\/\/api.w.org\/{rel}","templated":true}]}}