{"id":694,"date":"2019-08-19T16:00:24","date_gmt":"2019-08-19T14:00:24","guid":{"rendered":"https:\/\/the7.io\/agency\/?p=694"},"modified":"2019-11-27T16:45:35","modified_gmt":"2019-11-27T15:45:35","slug":"noticia-3","status":"publish","type":"post","link":"https:\/\/grupo.us.es\/healthterritory\/noticia-3\/","title":{"rendered":"13\/06\/2019 &#8211; International Mapping of Axial Spondyloarthritis (IMAS)"},"content":{"rendered":"<h2>International Mapping of Axial Spondyloarthritis (IMAS)<\/h2>\n<p>&nbsp;<\/p>\n<p><b>13\/06\/2019<\/b><\/p>\n<p>&nbsp;<\/p>\n<p>En EULAR se celebr\u00f3 la presentaci\u00f3n del estudio International Mapping of Axial Spondyloarthritis (IMAS) con el objetivo de mostrar la perspectiva del paciente, recalcar sus necesidades y optimizar el manejo de la espondiloartritis axial (EspA), con las presencia de Pedro Plazuelo, Presidente de la Coordinadora Espa\u00f1ola de Asociaciones de Espondiloartritis (CEADE), as\u00ed como con Marco Garrido, profesor e investigador de la Universidad de Sevilla.<\/p>\n<p><img loading=\"lazy\" decoding=\"async\" class=\"alignnone wp-image-1618\" src=\"http:\/\/grupo.us.es\/healthterritory\/wp-content\/uploads\/2019\/08\/580984.jpg\" alt=\"\" width=\"322\" height=\"426\" \/>\u00a0 \u00a0 \u00a0 \u00a0 \u00a0 \u00a0 \u00a0 \u00a0 \u00a0 \u00a0 \u00a0 \u00a0 <img loading=\"lazy\" decoding=\"async\" class=\"wp-image-1619 alignnone\" src=\"http:\/\/grupo.us.es\/healthterritory\/wp-content\/uploads\/2019\/08\/580993.jpg\" alt=\"\" width=\"539\" height=\"359\" \/><\/p>\n<p>&nbsp;<\/p>\n<p><img loading=\"lazy\" decoding=\"async\" class=\"alignnone wp-image-1620\" src=\"http:\/\/grupo.us.es\/healthterritory\/wp-content\/uploads\/2019\/08\/581005.jpg\" alt=\"\" width=\"500\" height=\"242\" \/>\u00a0 \u00a0 \u00a0 \u00a0 \u00a0 \u00a0<img loading=\"lazy\" decoding=\"async\" class=\"alignnone wp-image-1621\" src=\"http:\/\/grupo.us.es\/healthterritory\/wp-content\/uploads\/2019\/08\/581016.jpg\" alt=\"\" width=\"363\" height=\"242\" \/><\/p>\n<p>&nbsp;<\/p>\n<p><img loading=\"lazy\" decoding=\"async\" class=\"alignnone wp-image-1622\" src=\"http:\/\/grupo.us.es\/healthterritory\/wp-content\/uploads\/2019\/08\/581048.jpg\" alt=\"\" width=\"332\" height=\"221\" \/>\u00a0 \u00a0 \u00a0 \u00a0 \u00a0 \u00a0 <img loading=\"lazy\" decoding=\"async\" class=\"alignnone wp-image-1623\" src=\"http:\/\/grupo.us.es\/healthterritory\/wp-content\/uploads\/2019\/08\/581053.jpg\" alt=\"\" width=\"616\" height=\"216\" \/><\/p>\n<p>&nbsp;<\/p>\n<p>El 74 por ciento de las personas que padecen espondiloartritis axial (EspA-ax), una enfermedad inflamatoria de la columna de larga duraci\u00f3n, tiene dificultades para encontrar trabajo a causa de la enfermedad, seg\u00fan los resultados del Mapa Internacional de la Espondiloartritis Axial (IMAS), que se han presentado en el Congreso Europeo Anual de Reumatolog\u00eda (EULAR 2019), que se celebr\u00f3 en Madrid.<\/p>\n<p>De acuerdo con este informe, casi dos tercios de los 2.846 participantes experimentaron problemas laborales. La mayor\u00eda tuvieron que pedir una baja por enfermedad (56%) y muchos (45%) tuvieron problemas para cumplir su horario laboral. Muchos empezaron experimentando estos s\u00edntomas desestabilizantes y debilitantes con alrededor de 26 a\u00f1os.<\/p>\n<p>&nbsp;<\/p>\n<p><img loading=\"lazy\" decoding=\"async\" class=\"alignnone wp-image-1615\" src=\"http:\/\/grupo.us.es\/healthterritory\/wp-content\/uploads\/2019\/08\/VVSA-on-facebook-e1566309413619.jpg\" alt=\"\" width=\"352\" height=\"466\" \/><img loading=\"lazy\" decoding=\"async\" class=\"wp-image-1614 alignleft\" src=\"http:\/\/grupo.us.es\/healthterritory\/wp-content\/uploads\/2019\/08\/Arthrites-on-facebook-e1566309379898.jpg\" alt=\"\" width=\"396\" height=\"460\" \/><\/p>\n<p>&nbsp;<\/p>\n<p><strong>Enlaces a la noticia: <\/strong><\/p>\n<p><a href=\"https:\/\/www.infosalus.com\/asistencia\/noticia-74-personas-espondiloartritis-axial-tiene-problemas-encontrar-trabajo-20190613135956.html\">Infosalus.com<\/a><\/p>\n<p><a href=\"http:\/\/www.diariosigloxxi.com\/texto-ep\/mostrar\/20190613135956\/74-personas-espondiloartritis-axial-tiene-problemas-encontrar-trabajo-segun-encuesta-imas\">Diariossigloxxi.com<\/a><\/p>\n<p>&nbsp;<\/p>\n<p><strong>V\u00eddeo:<\/strong><\/p>\n<p><a href=\"https:\/\/www.youtube.com\/watch?v=e18hDl4QIfo\">International Mapping of Axial Spondyloarthritis (IMAS)<\/a><\/p>\n<p>&nbsp;<\/p>\n","protected":false},"excerpt":{"rendered":"<p>International Mapping of Axial Spondyloarthritis (IMAS) &nbsp; 13\/06\/2019 &nbsp; En EULAR se celebr\u00f3 la presentaci\u00f3n del estudio International Mapping of Axial Spondyloarthritis (IMAS) con el objetivo de mostrar la perspectiva del paciente, recalcar sus necesidades y optimizar el manejo de la espondiloartritis axial (EspA), con las presencia de Pedro Plazuelo, Presidente de la Coordinadora Espa\u00f1ola&hellip;<\/p>\n","protected":false},"author":7,"featured_media":1554,"comment_status":"closed","ping_status":"open","sticky":false,"template":"","format":"standard","meta":{"footnotes":""},"categories":[37],"tags":[],"class_list":["post-694","post","type-post","status-publish","format-standard","has-post-thumbnail","hentry","category-noticias","category-37","description-off"],"yoast_head":"<!-- This site is optimized with the Yoast SEO plugin v26.1.1 - https:\/\/yoast.com\/wordpress\/plugins\/seo\/ -->\n<title>13\/06\/2019 - International Mapping of Axial Spondyloarthritis (IMAS) - Health &amp; Territory Research<\/title>\n<meta name=\"robots\" content=\"index, follow, max-snippet:-1, max-image-preview:large, max-video-preview:-1\" \/>\n<link rel=\"canonical\" href=\"https:\/\/grupo.us.es\/healthterritory\/noticia-3\/\" \/>\n<meta property=\"og:locale\" content=\"es_ES\" \/>\n<meta property=\"og:type\" content=\"article\" \/>\n<meta property=\"og:title\" content=\"13\/06\/2019 - International Mapping of Axial Spondyloarthritis (IMAS) - Health &amp; Territory Research\" \/>\n<meta property=\"og:description\" content=\"International Mapping of Axial Spondyloarthritis (IMAS) &nbsp; 13\/06\/2019 &nbsp; En EULAR se celebr\u00f3 la presentaci\u00f3n del estudio International Mapping of Axial Spondyloarthritis (IMAS) con el objetivo de mostrar la perspectiva del paciente, recalcar sus necesidades y optimizar el manejo de la espondiloartritis axial (EspA), con las presencia de Pedro Plazuelo, Presidente de la Coordinadora Espa\u00f1ola&hellip;\" \/>\n<meta property=\"og:url\" content=\"https:\/\/grupo.us.es\/healthterritory\/noticia-3\/\" \/>\n<meta property=\"og:site_name\" content=\"Health &amp; Territory Research\" \/>\n<meta property=\"article:published_time\" content=\"2019-08-19T14:00:24+00:00\" \/>\n<meta property=\"article:modified_time\" content=\"2019-11-27T15:45:35+00:00\" \/>\n<meta property=\"og:image\" content=\"https:\/\/grupo.us.es\/newthterritory\/wp-content\/uploads\/2017\/11\/IMAS2019.jpg\" \/>\n\t<meta property=\"og:image:width\" content=\"4032\" \/>\n\t<meta property=\"og:image:height\" content=\"3024\" \/>\n\t<meta property=\"og:image:type\" content=\"image\/jpeg\" \/>\n<meta name=\"author\" content=\"Jos\u00e9 Correa Fern\u00e1ndez\" \/>\n<meta name=\"twitter:card\" content=\"summary_large_image\" \/>\n<meta name=\"twitter:label1\" content=\"Escrito por\" \/>\n\t<meta name=\"twitter:data1\" content=\"Jos\u00e9 Correa Fern\u00e1ndez\" \/>\n\t<meta name=\"twitter:label2\" content=\"Tiempo de lectura\" \/>\n\t<meta name=\"twitter:data2\" content=\"1 minuto\" \/>\n<script type=\"application\/ld+json\" class=\"yoast-schema-graph\">{\"@context\":\"https:\/\/schema.org\",\"@graph\":[{\"@type\":\"WebPage\",\"@id\":\"https:\/\/grupo.us.es\/healthterritory\/noticia-3\/\",\"url\":\"https:\/\/grupo.us.es\/healthterritory\/noticia-3\/\",\"name\":\"13\/06\/2019 - International Mapping of Axial Spondyloarthritis (IMAS) - Health &amp; Territory Research\",\"isPartOf\":{\"@id\":\"https:\/\/grupo.us.es\/healthterritory\/#website\"},\"primaryImageOfPage\":{\"@id\":\"https:\/\/grupo.us.es\/healthterritory\/noticia-3\/#primaryimage\"},\"image\":{\"@id\":\"https:\/\/grupo.us.es\/healthterritory\/noticia-3\/#primaryimage\"},\"thumbnailUrl\":\"https:\/\/grupo.us.es\/healthterritory\/wp-content\/uploads\/2017\/11\/IMAS2019.jpg\",\"datePublished\":\"2019-08-19T14:00:24+00:00\",\"dateModified\":\"2019-11-27T15:45:35+00:00\",\"author\":{\"@id\":\"https:\/\/grupo.us.es\/healthterritory\/#\/schema\/person\/6edfd257e38aaa36b2d51b61392dfb7b\"},\"breadcrumb\":{\"@id\":\"https:\/\/grupo.us.es\/healthterritory\/noticia-3\/#breadcrumb\"},\"inLanguage\":\"es\",\"potentialAction\":[{\"@type\":\"ReadAction\",\"target\":[\"https:\/\/grupo.us.es\/healthterritory\/noticia-3\/\"]}]},{\"@type\":\"ImageObject\",\"inLanguage\":\"es\",\"@id\":\"https:\/\/grupo.us.es\/healthterritory\/noticia-3\/#primaryimage\",\"url\":\"https:\/\/grupo.us.es\/healthterritory\/wp-content\/uploads\/2017\/11\/IMAS2019.jpg\",\"contentUrl\":\"https:\/\/grupo.us.es\/healthterritory\/wp-content\/uploads\/2017\/11\/IMAS2019.jpg\",\"width\":4032,\"height\":3024},{\"@type\":\"BreadcrumbList\",\"@id\":\"https:\/\/grupo.us.es\/healthterritory\/noticia-3\/#breadcrumb\",\"itemListElement\":[{\"@type\":\"ListItem\",\"position\":1,\"name\":\"Portada\",\"item\":\"https:\/\/grupo.us.es\/newthterritory\/\"},{\"@type\":\"ListItem\",\"position\":2,\"name\":\"13\/06\/2019 &#8211; International Mapping of Axial Spondyloarthritis (IMAS)\"}]},{\"@type\":\"WebSite\",\"@id\":\"https:\/\/grupo.us.es\/healthterritory\/#website\",\"url\":\"https:\/\/grupo.us.es\/healthterritory\/\",\"name\":\"Health &amp; Territory Research\",\"description\":\"Interdisciplinary Research Group of the University of Seville\",\"potentialAction\":[{\"@type\":\"SearchAction\",\"target\":{\"@type\":\"EntryPoint\",\"urlTemplate\":\"https:\/\/grupo.us.es\/healthterritory\/?s={search_term_string}\"},\"query-input\":{\"@type\":\"PropertyValueSpecification\",\"valueRequired\":true,\"valueName\":\"search_term_string\"}}],\"inLanguage\":\"es\"},{\"@type\":\"Person\",\"@id\":\"https:\/\/grupo.us.es\/healthterritory\/#\/schema\/person\/6edfd257e38aaa36b2d51b61392dfb7b\",\"name\":\"Jos\u00e9 Correa Fern\u00e1ndez\",\"sameAs\":[\"http:\/\/grupo.us.es\/healthterritory\/\"],\"url\":\"https:\/\/grupo.us.es\/healthterritory\/author\/pepe\/\"}]}<\/script>\n<!-- \/ Yoast SEO plugin. -->","yoast_head_json":{"title":"13\/06\/2019 - International Mapping of Axial Spondyloarthritis (IMAS) - Health &amp; Territory Research","robots":{"index":"index","follow":"follow","max-snippet":"max-snippet:-1","max-image-preview":"max-image-preview:large","max-video-preview":"max-video-preview:-1"},"canonical":"https:\/\/grupo.us.es\/healthterritory\/noticia-3\/","og_locale":"es_ES","og_type":"article","og_title":"13\/06\/2019 - International Mapping of Axial Spondyloarthritis (IMAS) - Health &amp; Territory Research","og_description":"International Mapping of Axial Spondyloarthritis (IMAS) &nbsp; 13\/06\/2019 &nbsp; En EULAR se celebr\u00f3 la presentaci\u00f3n del estudio International Mapping of Axial Spondyloarthritis (IMAS) con el objetivo de mostrar la perspectiva del paciente, recalcar sus necesidades y optimizar el manejo de la espondiloartritis axial (EspA), con las presencia de Pedro Plazuelo, Presidente de la Coordinadora Espa\u00f1ola&hellip;","og_url":"https:\/\/grupo.us.es\/healthterritory\/noticia-3\/","og_site_name":"Health &amp; Territory Research","article_published_time":"2019-08-19T14:00:24+00:00","article_modified_time":"2019-11-27T15:45:35+00:00","og_image":[{"url":"https:\/\/grupo.us.es\/newthterritory\/wp-content\/uploads\/2017\/11\/IMAS2019.jpg","width":4032,"height":3024,"type":"image\/jpeg"}],"author":"Jos\u00e9 Correa Fern\u00e1ndez","twitter_card":"summary_large_image","twitter_misc":{"Escrito por":"Jos\u00e9 Correa Fern\u00e1ndez","Tiempo de lectura":"1 minuto"},"schema":{"@context":"https:\/\/schema.org","@graph":[{"@type":"WebPage","@id":"https:\/\/grupo.us.es\/healthterritory\/noticia-3\/","url":"https:\/\/grupo.us.es\/healthterritory\/noticia-3\/","name":"13\/06\/2019 - International Mapping of Axial Spondyloarthritis (IMAS) - Health &amp; Territory Research","isPartOf":{"@id":"https:\/\/grupo.us.es\/healthterritory\/#website"},"primaryImageOfPage":{"@id":"https:\/\/grupo.us.es\/healthterritory\/noticia-3\/#primaryimage"},"image":{"@id":"https:\/\/grupo.us.es\/healthterritory\/noticia-3\/#primaryimage"},"thumbnailUrl":"https:\/\/grupo.us.es\/healthterritory\/wp-content\/uploads\/2017\/11\/IMAS2019.jpg","datePublished":"2019-08-19T14:00:24+00:00","dateModified":"2019-11-27T15:45:35+00:00","author":{"@id":"https:\/\/grupo.us.es\/healthterritory\/#\/schema\/person\/6edfd257e38aaa36b2d51b61392dfb7b"},"breadcrumb":{"@id":"https:\/\/grupo.us.es\/healthterritory\/noticia-3\/#breadcrumb"},"inLanguage":"es","potentialAction":[{"@type":"ReadAction","target":["https:\/\/grupo.us.es\/healthterritory\/noticia-3\/"]}]},{"@type":"ImageObject","inLanguage":"es","@id":"https:\/\/grupo.us.es\/healthterritory\/noticia-3\/#primaryimage","url":"https:\/\/grupo.us.es\/healthterritory\/wp-content\/uploads\/2017\/11\/IMAS2019.jpg","contentUrl":"https:\/\/grupo.us.es\/healthterritory\/wp-content\/uploads\/2017\/11\/IMAS2019.jpg","width":4032,"height":3024},{"@type":"BreadcrumbList","@id":"https:\/\/grupo.us.es\/healthterritory\/noticia-3\/#breadcrumb","itemListElement":[{"@type":"ListItem","position":1,"name":"Portada","item":"https:\/\/grupo.us.es\/newthterritory\/"},{"@type":"ListItem","position":2,"name":"13\/06\/2019 &#8211; International Mapping of Axial Spondyloarthritis (IMAS)"}]},{"@type":"WebSite","@id":"https:\/\/grupo.us.es\/healthterritory\/#website","url":"https:\/\/grupo.us.es\/healthterritory\/","name":"Health &amp; Territory Research","description":"Interdisciplinary Research Group of the University of Seville","potentialAction":[{"@type":"SearchAction","target":{"@type":"EntryPoint","urlTemplate":"https:\/\/grupo.us.es\/healthterritory\/?s={search_term_string}"},"query-input":{"@type":"PropertyValueSpecification","valueRequired":true,"valueName":"search_term_string"}}],"inLanguage":"es"},{"@type":"Person","@id":"https:\/\/grupo.us.es\/healthterritory\/#\/schema\/person\/6edfd257e38aaa36b2d51b61392dfb7b","name":"Jos\u00e9 Correa Fern\u00e1ndez","sameAs":["http:\/\/grupo.us.es\/healthterritory\/"],"url":"https:\/\/grupo.us.es\/healthterritory\/author\/pepe\/"}]}},"wps_subtitle":"Grupo de Investigaci\u00f3n Health & Territory Research (HTR) de la Universidad de Sevilla en colaboraci\u00f3n con la Coordinadora Espa\u00f1ola de Asociaciones de Espondiloartritis (CEADE)","_links":{"self":[{"href":"https:\/\/grupo.us.es\/healthterritory\/wp-json\/wp\/v2\/posts\/694","targetHints":{"allow":["GET"]}}],"collection":[{"href":"https:\/\/grupo.us.es\/healthterritory\/wp-json\/wp\/v2\/posts"}],"about":[{"href":"https:\/\/grupo.us.es\/healthterritory\/wp-json\/wp\/v2\/types\/post"}],"author":[{"embeddable":true,"href":"https:\/\/grupo.us.es\/healthterritory\/wp-json\/wp\/v2\/users\/7"}],"replies":[{"embeddable":true,"href":"https:\/\/grupo.us.es\/healthterritory\/wp-json\/wp\/v2\/comments?post=694"}],"version-history":[{"count":1,"href":"https:\/\/grupo.us.es\/healthterritory\/wp-json\/wp\/v2\/posts\/694\/revisions"}],"predecessor-version":[{"id":1809,"href":"https:\/\/grupo.us.es\/healthterritory\/wp-json\/wp\/v2\/posts\/694\/revisions\/1809"}],"wp:featuredmedia":[{"embeddable":true,"href":"https:\/\/grupo.us.es\/healthterritory\/wp-json\/wp\/v2\/media\/1554"}],"wp:attachment":[{"href":"https:\/\/grupo.us.es\/healthterritory\/wp-json\/wp\/v2\/media?parent=694"}],"wp:term":[{"taxonomy":"category","embeddable":true,"href":"https:\/\/grupo.us.es\/healthterritory\/wp-json\/wp\/v2\/categories?post=694"},{"taxonomy":"post_tag","embeddable":true,"href":"https:\/\/grupo.us.es\/healthterritory\/wp-json\/wp\/v2\/tags?post=694"}],"curies":[{"name":"wp","href":"https:\/\/api.w.org\/{rel}","templated":true}]}}