{"id":9491,"date":"2025-04-10T20:00:13","date_gmt":"2025-04-10T20:00:13","guid":{"rendered":"https:\/\/grupo.us.es\/hac\/?p=9491\/"},"modified":"2025-06-29T09:16:27","modified_gmt":"2025-06-29T09:16:27","slug":"curso-formacion-colegio-arquitectos-madrid","status":"publish","type":"post","link":"https:\/\/grupo.us.es\/hac\/curso-formacion-colegio-arquitectos-madrid\/","title":{"rendered":"IMPARTIMOS FORMACI\u00d3N EN EL COLEGIO DE ARQUITECTOS DE MADRID"},"content":{"rendered":"<h4><span style=\"font-size: 14pt;\">MADRID \/ 10 de abril de 2025<\/span><\/h4>\n<p>&nbsp;<\/p>\n<p>&nbsp;<\/p>\n<p>&nbsp;<\/p>\n<p>Un a\u00f1o m\u00e1s el <a href=\"https:\/\/formacion.coam.org\/curso\/3731\/4178\" target=\"_blank\" rel=\"noopener\"><strong>Instituto de Formaci\u00f3n Continua COAM<\/strong><\/a> junto con la <a href=\"https:\/\/www.fundaciononce.es\/es\" target=\"_blank\" rel=\"noopener\"><strong>Fundaci\u00f3n ONCE<\/strong> <\/a>presentan el <strong>Plan de Formaci\u00f3n Especializada en Dise\u00f1o Universal y Accesibilidad en el Entorno Construido<\/strong> (edici\u00f3n 2025), siendo ya un referente a nivel nacional para los profesionales que proyectan y gestionan la construcci\u00f3n del entorno construido de nuestras ciudades. Esta edici\u00f3n 2025 se presenta renovada en contenidos y con una nueva estructura que facilitar\u00e1 el seguimiento de cada uno de los cursos.<\/p>\n<p><a href=\"https:\/\/grupo.us.es\/hac\/quienes-somos\/santiago-quesada-garcia\/\" rel=\"noopener\"><strong>Santiago Quesada<\/strong><\/a> participa como docente en el curso <strong>Neuroarquitectura y Accesibilidad\u00a0<\/strong>impartiendo la clase titulada: <strong>Arquitectura y Alzheimer: edificios para necesidades emergentes<\/strong>.<\/p>\n<p>.<img loading=\"lazy\" decoding=\"async\" class=\"wp-image-9493 aligncenter\" src=\"https:\/\/grupo.us.es\/hac\/wp-content\/uploads\/2025\/04\/COAM_Neuroarquitectura-y-accesibilidad_panel-profesores.jpg\" alt=\"\" width=\"521\" height=\"516\" srcset=\"https:\/\/grupo.us.es\/hac\/wp-content\/uploads\/2025\/04\/COAM_Neuroarquitectura-y-accesibilidad_panel-profesores.jpg 521w, https:\/\/grupo.us.es\/hac\/wp-content\/uploads\/2025\/04\/COAM_Neuroarquitectura-y-accesibilidad_panel-profesores-480x475.jpg 480w\" sizes=\"(min-width: 0px) and (max-width: 480px) 480px, (min-width: 481px) 521px, 100vw\" \/><\/p>\n<p>&nbsp;<\/p>\n<p>El contenido de la lecci\u00f3n se articula en torno a los siguientes puntos:<\/p>\n<ul>\n<li>El grupo de investigaci\u00f3n Healthy Architecture &amp; City<\/li>\n<li>Arquitectura y Alzheimer: la enfermedad del olvido<\/li>\n<li>Proyectar para la ausencia de memoria: una l\u00ednea de investigaci\u00f3n<\/li>\n<li>Escalas de intervenci\u00f3n: urban\u00edstica, equipamientos, dom\u00e9stica<\/li>\n<li>La vivienda como exo-cerebro<\/li>\n<\/ul>\n<p>&nbsp;<\/p>\n<p><img loading=\"lazy\" decoding=\"async\" class=\"alignright size-full wp-image-9494\" src=\"https:\/\/grupo.us.es\/hac\/wp-content\/uploads\/2025\/04\/PORTADA-PRESENTACION.png\" alt=\"\" width=\"2934\" height=\"1630\" srcset=\"https:\/\/grupo.us.es\/hac\/wp-content\/uploads\/2025\/04\/PORTADA-PRESENTACION.png 2934w, https:\/\/grupo.us.es\/hac\/wp-content\/uploads\/2025\/04\/PORTADA-PRESENTACION-1280x711.png 1280w, https:\/\/grupo.us.es\/hac\/wp-content\/uploads\/2025\/04\/PORTADA-PRESENTACION-980x544.png 980w, https:\/\/grupo.us.es\/hac\/wp-content\/uploads\/2025\/04\/PORTADA-PRESENTACION-480x267.png 480w\" sizes=\"(min-width: 0px) and (max-width: 480px) 480px, (min-width: 481px) and (max-width: 980px) 980px, (min-width: 981px) and (max-width: 1280px) 1280px, (min-width: 1281px) 2934px, 100vw\" \/><\/p>\n<p>&nbsp;<\/p>\n<p>&nbsp;<\/p>\n<p>&nbsp;<\/p>\n<p>&nbsp;<\/p>\n","protected":false},"excerpt":{"rendered":"<p>MADRID \/ 10 de abril de 2025.<br \/>\nSantiago Quesada expone en el curso sobre Accesibilidad Transversal, organizado por el COAM y Fundaci\u00f3n ONCE, c\u00f3mo proyectar edificios para necesidades emergentes como las demandadas por las personas con alzh\u00e9imer<\/p>\n","protected":false},"author":2,"featured_media":9494,"comment_status":"closed","ping_status":"closed","sticky":false,"template":"","format":"standard","meta":{"_et_pb_use_builder":"","_et_pb_old_content":"","_et_gb_content_width":"","wpupg_custom_link":[],"wpupg_custom_link_behaviour":["default"],"wpupg_custom_link_nofollow":["default"],"wpupg_custom_image":[],"wpupg_custom_image_id":[],"footnotes":""},"categories":[13,102,19],"tags":[77,33,69,61,64,2585,2587,2586,34],"class_list":["post-9491","post","type-post","status-publish","format-standard","has-post-thumbnail","hentry","category-eventos","category-jornadas","category-noticias","tag-accesibilidad","tag-alzheimer","tag-arquitectura-saludable","tag-arquitectura-y-alzheimer","tag-arquitectura-y-salud","tag-colegio-arquitectos-de-madrid","tag-diseno-universal","tag-fundacion-once","tag-investigacion"],"_links":{"self":[{"href":"https:\/\/grupo.us.es\/hac\/wp-json\/wp\/v2\/posts\/9491","targetHints":{"allow":["GET"]}}],"collection":[{"href":"https:\/\/grupo.us.es\/hac\/wp-json\/wp\/v2\/posts"}],"about":[{"href":"https:\/\/grupo.us.es\/hac\/wp-json\/wp\/v2\/types\/post"}],"author":[{"embeddable":true,"href":"https:\/\/grupo.us.es\/hac\/wp-json\/wp\/v2\/users\/2"}],"replies":[{"embeddable":true,"href":"https:\/\/grupo.us.es\/hac\/wp-json\/wp\/v2\/comments?post=9491"}],"version-history":[{"count":2,"href":"https:\/\/grupo.us.es\/hac\/wp-json\/wp\/v2\/posts\/9491\/revisions"}],"predecessor-version":[{"id":10107,"href":"https:\/\/grupo.us.es\/hac\/wp-json\/wp\/v2\/posts\/9491\/revisions\/10107"}],"wp:featuredmedia":[{"embeddable":true,"href":"https:\/\/grupo.us.es\/hac\/wp-json\/wp\/v2\/media\/9494"}],"wp:attachment":[{"href":"https:\/\/grupo.us.es\/hac\/wp-json\/wp\/v2\/media?parent=9491"}],"wp:term":[{"taxonomy":"category","embeddable":true,"href":"https:\/\/grupo.us.es\/hac\/wp-json\/wp\/v2\/categories?post=9491"},{"taxonomy":"post_tag","embeddable":true,"href":"https:\/\/grupo.us.es\/hac\/wp-json\/wp\/v2\/tags?post=9491"}],"curies":[{"name":"wp","href":"https:\/\/api.w.org\/{rel}","templated":true}]}}