{"id":3405,"date":"2021-06-18T17:00:20","date_gmt":"2021-06-18T17:00:20","guid":{"rendered":"http:\/\/grupo.us.es\/hac\/?p=3405\/"},"modified":"2023-08-30T09:51:47","modified_gmt":"2023-08-30T09:51:47","slug":"nuevo-proyecto-idi-conseguido-por-investigadores-del-grupo-hac","status":"publish","type":"post","link":"https:\/\/grupo.us.es\/hac\/nuevo-proyecto-idi-conseguido-por-investigadores-del-grupo-hac\/","title":{"rendered":"NUEVO PROYECTO I+D+i SOBRE \u00abARQUITECTURA y ALZHEIMER\u00bb DENTRO DEL PLAN ESTATAL INVESTIGACI\u00d3N"},"content":{"rendered":"<h4>SEVILLA \/ 18 de junio de 2021<\/h4>\n<p>&nbsp;<\/p>\n<h3>INVESTIGADORES DE Healthy Architecture &amp; City HAN OBTENIDO UN NUEVO PROYECTO COMPETITIVO<\/h3>\n<p>&nbsp;<\/p>\n<p>El proyecto I+D+i:\u00a0<strong>VARIABLES ESPACIALES, AMBIENTALES Y ARQUITECT\u00d3NICAS QUE INFLUYEN EN LA CAPACIDAD FUNCIONAL DE LA VIDA DIARIA EN PERSONAS CON ENFERMEDAD DE ALZHEIMER (ALZARQ)<\/strong>, presentado por varios investigadores del grupo HEALTHY ARCHITECTURE &amp; CITY en la convocatoria competitiva 2020 de Proyectos de I+D+i\u00a0en el marco del <strong>Programa Estatal de I+D+i Orientada a los Retos de la Sociedad<\/strong> del Plan Estatal de Investigaci\u00f3n Cient\u00edfica y T\u00e9cnica y de Innovaci\u00f3n, ha sido valorado <strong>positivamente\u00a0<\/strong>por la Comisi\u00f3n Evaluadora\u00a0y, por tanto,\u00a0ha obtenido\u00a0financiaci\u00f3n para su desarrollo en los pr\u00f3ximos tres a\u00f1os.<\/p>\n<p>El proyecto tiene como reto principal la <strong>salud<\/strong>, el <strong>cambio demogr\u00e1fico<\/strong> y el <strong>bienestar<\/strong>, y tiene implicaciones relevantes en otros retos enmarcados en las <strong>ciencias sociales<\/strong>, las <strong>humanidades<\/strong> y de la <strong>ciencia con y para la sociedad<\/strong>. Tambi\u00e9n se alinea con los <strong>Objetivos de Desarrollo Sostenible<\/strong> de la Agenda 2030, <strong>n\u00ba3:<\/strong> <strong>Salud y Bienestar,\u00a0<\/strong>adem\u00e1s del <strong>n\u00ba 11:<\/strong> <strong>Ciudades y Comunidades Sostenibles.<\/strong><\/p>\n<p><strong><img loading=\"lazy\" decoding=\"async\" class=\"wp-image-3349 alignright\" src=\"https:\/\/grupo.us.es\/hac\/wp-content\/uploads\/2021\/05\/ODS_3-salud-y-bienestar.png\" alt=\"\" width=\"125\" height=\"125\" srcset=\"https:\/\/grupo.us.es\/hac\/wp-content\/uploads\/2021\/05\/ODS_3-salud-y-bienestar.png 225w, https:\/\/grupo.us.es\/hac\/wp-content\/uploads\/2021\/05\/ODS_3-salud-y-bienestar-150x150.png 150w\" sizes=\"(max-width: 125px) 100vw, 125px\" \/><\/strong><strong><img loading=\"lazy\" decoding=\"async\" class=\"wp-image-3351 alignright\" src=\"https:\/\/grupo.us.es\/hac\/wp-content\/uploads\/2021\/05\/ODS_11-ciudades-sostenibles.jpg\" alt=\"\" width=\"127\" height=\"127\" srcset=\"https:\/\/grupo.us.es\/hac\/wp-content\/uploads\/2021\/05\/ODS_11-ciudades-sostenibles.jpg 225w, https:\/\/grupo.us.es\/hac\/wp-content\/uploads\/2021\/05\/ODS_11-ciudades-sostenibles-150x150.jpg 150w\" sizes=\"(max-width: 127px) 100vw, 127px\" \/><\/strong><\/p>\n<p>&nbsp;<\/p>\n<p><strong>\u00a0<\/strong><\/p>\n<p>&nbsp;<\/p>\n<p>&nbsp;<\/p>\n<p>La enfermedad de Alzheimer (EA) es un s\u00edndrome multifactorial que se caracteriza por una alteraci\u00f3n de la funci\u00f3n cerebral de forma difusa y progresiva. Presenta una elevada incidencia y prevalencia en los pa\u00edses desarrollados (60-80%) que aumenta de forma exponencial a partir de los 65 a\u00f1os. Acompa\u00f1ando a los importantes problemas de salud aparecen tambi\u00e9n inseguridad, desorientaci\u00f3n, falta de control, cambios en la intimidad dom\u00e9stica y el propio desconocimiento de la evoluci\u00f3n de la EA, todo ello produce cambios en la forma de habitar tanto del paciente como de sus cuidadores y familiares, generando elevados niveles de estr\u00e9s.<\/p>\n<p>Junto con el impacto emocional, la EA tiene tambi\u00e9n un gran efecto social y econ\u00f3mico. Desde el punto de vista social produce un cambio sustancial en las relaciones inter e intrapersonales, en la familia y en las relaciones con el resto de la sociedad. No menos importante es el efecto econ\u00f3mico. Algunos estudios cuantifican el coste anual del cuidado de un paciente con EA entre 31.000 y 35.000, donde el 18-25% representan costes directos (f\u00e1rmacos, asistencia, etc.), y el resto derivan de la p\u00e9rdida de productividad de familiares, el tiempo empleado, el sueldo asociado al cuidador profesional. En este apartado, las soluciones habitacionales que deben implementarse para facilitar el cuidado del paciente con EA toman un protagonismo insospechado por el importante gasto que generan.<\/p>\n<p><strong> \u00bfC\u00f3mo construir un entorno inclusivo y adaptable a la evoluci\u00f3n de la enfermedad? \u00bfc\u00f3mo dise\u00f1ar un espacio para alguien que se despierta todos los d\u00edas en un lugar diferente?\u00bfcu\u00e1les son las necesidades que este colectivo demanda a su entorno f\u00edsico?<\/strong><\/p>\n<p>Para responder a esas preguntas, es necesario saber c\u00f3mo estas personas con ausencia de memoria perciben el espacio que habitan y la repercusi\u00f3n que tiene sobre su estado emocional, orientaci\u00f3n y\/o reminiscencias.\u00a0<strong>La finalidad del proyecto ALZARQ<\/strong> <strong>es determinar, cuantitativamente, cu\u00e1les son las variables espaciales y ambientales \u00f3ptimas para que alguien afectado por EA, durante las primeras fases de la misma (leve e intermedia), pueda\u00a0<\/strong><strong> desarrollar Actividades Instrumentales de la Vida Diaria (AIVD) el mayor tiempo posible de forma aut\u00f3noma y\/o con la ayuda del entorno.<br \/>\n<\/strong><\/p>\n<p>El conocimiento obtenido ser\u00e1 utilizado para abordar el reto de dise\u00f1ar entornos asistidos como eficaces estimuladores sensoriales-emocionales que mejoren su calidad de vida a lo largo de la evoluci\u00f3n de la EA. El valor a\u00f1adido de esta investigaci\u00f3n consiste en analizar la influencia conjunta de factores como la temperatura, iluminaci\u00f3n, sonido, orientaci\u00f3n, texturas, dimensi\u00f3n espacial. En definitiva, quiere profundizar en el conocimiento de los ambientes que habitan los pacientes de EA para, a partir de ah\u00ed, proponer soluciones arquitect\u00f3nicas que mejoren su confort y bienestar dom\u00e9stico.<\/p>\n<p>Para ello, se ha dise\u00f1ado una innovadora metodolog\u00eda, enmarcada en el \u00e1mbito de la Neuroarquitectura, que coloca a la persona como centro de investigaci\u00f3n analizando su comportamiento, percepci\u00f3n y emociones al experimentar determinados espacios o entornos. Se proponen varios ensayos cuantitativos en los que, a trav\u00e9s de indicadores validables, se miden cu\u00e1les son los aspectos ambientales y espaciales que condicionan el comportamiento de estas personas. Los resultados esperados servir\u00e1n para establecer criterios en la planificaci\u00f3n de entornos asistidos destinados a mejorar la calidad de vida de los enfermos con EA.<\/p>\n","protected":false},"excerpt":{"rendered":"<p>SEVILLA \/ 18 de junio de 2021 &nbsp; INVESTIGADORES DE Healthy Architecture &amp; City HAN OBTENIDO UN NUEVO PROYECTO COMPETITIVO &nbsp; El proyecto I+D+i:\u00a0VARIABLES ESPACIALES, AMBIENTALES Y ARQUITECT\u00d3NICAS QUE INFLUYEN EN LA CAPACIDAD FUNCIONAL DE LA VIDA DIARIA EN PERSONAS CON ENFERMEDAD DE ALZHEIMER (ALZARQ), presentado por varios investigadores del grupo HEALTHY ARCHITECTURE &amp; CITY [&hellip;]<\/p>\n","protected":false},"author":2,"featured_media":3406,"comment_status":"closed","ping_status":"closed","sticky":false,"template":"","format":"standard","meta":{"_et_pb_use_builder":"","_et_pb_old_content":"","_et_gb_content_width":"","wpupg_custom_link":[],"wpupg_custom_link_behaviour":["default"],"wpupg_custom_link_nofollow":[],"wpupg_custom_image":[],"wpupg_custom_image_id":[],"footnotes":""},"categories":[13,19],"tags":[77,61,34,81],"class_list":["post-3405","post","type-post","status-publish","format-standard","has-post-thumbnail","hentry","category-eventos","category-noticias","tag-accesibilidad","tag-arquitectura-y-alzheimer","tag-investigacion","tag-proyectos-arquitectonicos"],"_links":{"self":[{"href":"https:\/\/grupo.us.es\/hac\/wp-json\/wp\/v2\/posts\/3405","targetHints":{"allow":["GET"]}}],"collection":[{"href":"https:\/\/grupo.us.es\/hac\/wp-json\/wp\/v2\/posts"}],"about":[{"href":"https:\/\/grupo.us.es\/hac\/wp-json\/wp\/v2\/types\/post"}],"author":[{"embeddable":true,"href":"https:\/\/grupo.us.es\/hac\/wp-json\/wp\/v2\/users\/2"}],"replies":[{"embeddable":true,"href":"https:\/\/grupo.us.es\/hac\/wp-json\/wp\/v2\/comments?post=3405"}],"version-history":[{"count":0,"href":"https:\/\/grupo.us.es\/hac\/wp-json\/wp\/v2\/posts\/3405\/revisions"}],"wp:featuredmedia":[{"embeddable":true,"href":"https:\/\/grupo.us.es\/hac\/wp-json\/wp\/v2\/media\/3406"}],"wp:attachment":[{"href":"https:\/\/grupo.us.es\/hac\/wp-json\/wp\/v2\/media?parent=3405"}],"wp:term":[{"taxonomy":"category","embeddable":true,"href":"https:\/\/grupo.us.es\/hac\/wp-json\/wp\/v2\/categories?post=3405"},{"taxonomy":"post_tag","embeddable":true,"href":"https:\/\/grupo.us.es\/hac\/wp-json\/wp\/v2\/tags?post=3405"}],"curies":[{"name":"wp","href":"https:\/\/api.w.org\/{rel}","templated":true}]}}