{"id":3157,"date":"2019-10-03T21:20:07","date_gmt":"2019-10-03T21:20:07","guid":{"rendered":"http:\/\/grupo.us.es\/hac\/?p=3157\/"},"modified":"2024-03-30T10:17:00","modified_gmt":"2024-03-30T10:17:00","slug":"jornada-el-alzheimer-del-diagnostico-al-encuentro-social","status":"publish","type":"post","link":"https:\/\/grupo.us.es\/hac\/jornada-el-alzheimer-del-diagnostico-al-encuentro-social\/","title":{"rendered":"JORNADA UIMP_EL ALZHEIMER: DEL DIAGN\u00d3STICO AL ENCUENTRO SOCIAL"},"content":{"rendered":"<h4>VALENCIA \/ 13 de noviembre de 2019.<\/h4>\n<p>&nbsp;<\/p>\n<p>Bajo la direcci\u00f3n de <strong>Mar\u00eda de los Angeles\u00a0<\/strong><b>Rodr\u00edguez<\/b>\u00a0tendr\u00e1 lugar en el <strong>Palau Pineda<\/strong>,\u00a0<strong>sede de la UIMP<\/strong><strong>,\u00a0<\/strong>la jornada <strong>El Alzheimer: del diagn\u00f3stico al encuentro social.\u00a0<\/strong><span lang=\"EN-US\">Se trata de u<\/span><span lang=\"EN-US\">na jornada abierta al p\u00fablico que exponen<\/span><span lang=\"EN-US\">\u00a0ponentes y profesionales de la Farmacia, la<\/span>\u00a0<span lang=\"EN-US\">G<\/span><span lang=\"EN-US\">eriatr\u00eda, la Psicolog\u00eda, la Logopedia,\u00a0<\/span>la Arquitectura o la M\u00fasica y que abordar\u00e1n el problema de la enfermedad de Alzheimer desde una perspectiva social.<\/p>\n<p>El profesor e investigador Santiago Quesada-Garc\u00eda, del grupo Healthy Architecture &amp; City, participar\u00e1 impartiendo la conferencia: <strong>Proyectar para la ausencia de memoria: Arquitectura y emoci\u00f3n.<\/strong><\/p>\n<p>&nbsp;<\/p>\n<p><a href=\"https:\/\/grupo.us.es\/hac\/wp-content\/uploads\/2019\/10\/Informaci\u00f3n_Jornada_UIMP.pdf\" target=\"_blank\" rel=\"noopener\">VER PROGRAMA<\/a><\/p>\n","protected":false},"excerpt":{"rendered":"<p>VALENCIA \/ 13 de noviembre de 2019. &nbsp; Bajo la direcci\u00f3n de Mar\u00eda de los Angeles\u00a0Rodr\u00edguez\u00a0tendr\u00e1 lugar en el Palau Pineda,\u00a0sede de la UIMP,\u00a0la jornada El Alzheimer: del diagn\u00f3stico al encuentro social.\u00a0Se trata de una jornada abierta al p\u00fablico que exponen\u00a0ponentes y profesionales de la Farmacia, la\u00a0Geriatr\u00eda, la Psicolog\u00eda, la Logopedia,\u00a0la Arquitectura o la M\u00fasica [&hellip;]<\/p>\n","protected":false},"author":2,"featured_media":3159,"comment_status":"closed","ping_status":"closed","sticky":false,"template":"","format":"standard","meta":{"_et_pb_use_builder":"","_et_pb_old_content":"","_et_gb_content_width":"","wpupg_custom_link":[],"wpupg_custom_link_behaviour":["default"],"wpupg_custom_link_nofollow":[],"wpupg_custom_image":[],"wpupg_custom_image_id":[],"footnotes":""},"categories":[13,102,19],"tags":[33,61],"class_list":["post-3157","post","type-post","status-publish","format-standard","has-post-thumbnail","hentry","category-eventos","category-jornadas","category-noticias","tag-alzheimer","tag-arquitectura-y-alzheimer"],"_links":{"self":[{"href":"https:\/\/grupo.us.es\/hac\/wp-json\/wp\/v2\/posts\/3157","targetHints":{"allow":["GET"]}}],"collection":[{"href":"https:\/\/grupo.us.es\/hac\/wp-json\/wp\/v2\/posts"}],"about":[{"href":"https:\/\/grupo.us.es\/hac\/wp-json\/wp\/v2\/types\/post"}],"author":[{"embeddable":true,"href":"https:\/\/grupo.us.es\/hac\/wp-json\/wp\/v2\/users\/2"}],"replies":[{"embeddable":true,"href":"https:\/\/grupo.us.es\/hac\/wp-json\/wp\/v2\/comments?post=3157"}],"version-history":[{"count":1,"href":"https:\/\/grupo.us.es\/hac\/wp-json\/wp\/v2\/posts\/3157\/revisions"}],"predecessor-version":[{"id":7362,"href":"https:\/\/grupo.us.es\/hac\/wp-json\/wp\/v2\/posts\/3157\/revisions\/7362"}],"wp:featuredmedia":[{"embeddable":true,"href":"https:\/\/grupo.us.es\/hac\/wp-json\/wp\/v2\/media\/3159"}],"wp:attachment":[{"href":"https:\/\/grupo.us.es\/hac\/wp-json\/wp\/v2\/media?parent=3157"}],"wp:term":[{"taxonomy":"category","embeddable":true,"href":"https:\/\/grupo.us.es\/hac\/wp-json\/wp\/v2\/categories?post=3157"},{"taxonomy":"post_tag","embeddable":true,"href":"https:\/\/grupo.us.es\/hac\/wp-json\/wp\/v2\/tags?post=3157"}],"curies":[{"name":"wp","href":"https:\/\/api.w.org\/{rel}","templated":true}]}}