{"id":1894,"date":"2018-04-13T22:03:31","date_gmt":"2018-04-13T22:03:31","guid":{"rendered":"http:\/\/grupo.us.es\/hac\/?p=1894\/"},"modified":"2024-11-03T10:35:00","modified_gmt":"2024-11-03T10:35:00","slug":"18-septiembre-2017","status":"publish","type":"post","link":"https:\/\/grupo.us.es\/hac\/18-septiembre-2017\/","title":{"rendered":"ALZHEIMER\u2019S GLOBAL SUMMIT"},"content":{"rendered":"<h4>LISBOA \/ 18, 19, 20, 21, 22 de Septiembre 2017<\/h4>\n<p>&nbsp;<\/p>\n<p>La <strong>Cumbre Global de Alzheimer <\/strong>tendr\u00e1 lugar del 18 al 22 de septiembre de 2017 en Lisboa (Portugal) en la <strong>Fundaci\u00f3n Champalimaud<\/strong> con el apoyo de la <strong>Fundaci\u00f3n Reina Sof\u00eda<\/strong>. Este encuentro clave sobre la enfermedad de Alzheimer se basa en dos pilares principales: \u00a0la secci\u00f3n de <strong>Investigaci\u00f3n social y sanitaria<\/strong> organizada por el <strong>Centro Estatal de Referencia para el Alzheimer y otras demencias <\/strong>(CREA) del IMSERSO y la secci\u00f3n <strong>Cient\u00edfica <\/strong>organizada por la <strong>Fundaci\u00f3n del Centro de Investigaci\u00f3n en Enfermedades Neurol\u00f3gicas<\/strong> (CIEN) y el <strong>Centro de Investigaci\u00f3n Biom\u00e9dica en Red en Enfermedades Neurodegenerativas <\/strong>(CIBERNED).<\/p>\n<p>Se mostrar\u00e1n experiencias innovadoras relacionadas con el uso de terapias no farmacol\u00f3gicas y la atenci\u00f3n centrada en las personas, con el fin de promover la investigaci\u00f3n socio-sanitaria y normalizar la vida cotidiana de las personas con demencia y sus familias. Este foro, que albergar\u00e1 a los expertos e investigadores m\u00e1s relevantes a nivel internacional, buscando responder tanto a profesionales como a cuidadores sobre c\u00f3mo mejorar la calidad de vida de las personas que viven con la enfermedad de Alzheimer. \u00a0El <strong>CRE Alzheimer<\/strong> junto con la <strong>Fundaci\u00f3n Reina Sof\u00eda<\/strong>, pretenden acercar a la sociedad a los avances de la investigaci\u00f3n en la lucha contra la enfermedad de Alzheimer y, sobre todo, plantear la evidente necesidad de avanzar en la buscar soluciones y respuestas globales.<\/p>\n<p>El grupo de investigaci\u00f3n <strong>Healthy Architecture &amp; City <\/strong><strong>contribuye con la aportaci\u00f3n:<\/strong><\/p>\n<p><a href=\"https:\/\/grupo.us.es\/hac\/wp-content\/uploads\/2018\/02\/Poster-Lisboa.pdf\"><strong>Nuevas t\u00e9cnicas en investigaci\u00f3n arquitect\u00f3nica para determinar influencia entorno f\u00edsico en las personas con alzh\u00e9imer<\/strong><\/a><\/p>\n","protected":false},"excerpt":{"rendered":"<p>LISBOA \/ 18, 19, 20, 21, 22 de Septiembre 2017 &nbsp; La Cumbre Global de Alzheimer tendr\u00e1 lugar del 18 al 22 de septiembre de 2017 en Lisboa (Portugal) en la Fundaci\u00f3n Champalimaud con el apoyo de la Fundaci\u00f3n Reina Sof\u00eda. Este encuentro clave sobre la enfermedad de Alzheimer se basa en dos pilares principales: [&hellip;]<\/p>\n","protected":false},"author":2,"featured_media":1923,"comment_status":"closed","ping_status":"closed","sticky":false,"template":"","format":"standard","meta":{"_et_pb_use_builder":"","_et_pb_old_content":"","_et_gb_content_width":"","wpupg_custom_link":[],"wpupg_custom_link_behaviour":["default"],"wpupg_custom_link_nofollow":[],"wpupg_custom_image":[],"wpupg_custom_image_id":[],"footnotes":""},"categories":[13,102,19],"tags":[],"class_list":["post-1894","post","type-post","status-publish","format-standard","has-post-thumbnail","hentry","category-eventos","category-jornadas","category-noticias"],"_links":{"self":[{"href":"https:\/\/grupo.us.es\/hac\/wp-json\/wp\/v2\/posts\/1894","targetHints":{"allow":["GET"]}}],"collection":[{"href":"https:\/\/grupo.us.es\/hac\/wp-json\/wp\/v2\/posts"}],"about":[{"href":"https:\/\/grupo.us.es\/hac\/wp-json\/wp\/v2\/types\/post"}],"author":[{"embeddable":true,"href":"https:\/\/grupo.us.es\/hac\/wp-json\/wp\/v2\/users\/2"}],"replies":[{"embeddable":true,"href":"https:\/\/grupo.us.es\/hac\/wp-json\/wp\/v2\/comments?post=1894"}],"version-history":[{"count":1,"href":"https:\/\/grupo.us.es\/hac\/wp-json\/wp\/v2\/posts\/1894\/revisions"}],"predecessor-version":[{"id":7357,"href":"https:\/\/grupo.us.es\/hac\/wp-json\/wp\/v2\/posts\/1894\/revisions\/7357"}],"wp:featuredmedia":[{"embeddable":true,"href":"https:\/\/grupo.us.es\/hac\/wp-json\/wp\/v2\/media\/1923"}],"wp:attachment":[{"href":"https:\/\/grupo.us.es\/hac\/wp-json\/wp\/v2\/media?parent=1894"}],"wp:term":[{"taxonomy":"category","embeddable":true,"href":"https:\/\/grupo.us.es\/hac\/wp-json\/wp\/v2\/categories?post=1894"},{"taxonomy":"post_tag","embeddable":true,"href":"https:\/\/grupo.us.es\/hac\/wp-json\/wp\/v2\/tags?post=1894"}],"curies":[{"name":"wp","href":"https:\/\/api.w.org\/{rel}","templated":true}]}}