{"id":8127,"date":"2024-09-21T10:00:06","date_gmt":"2024-09-21T10:00:06","guid":{"rendered":"https:\/\/grupo.us.es\/hac\/nuestro-grupo-hac-en-el-parlamento-de-andalucia-copy\/"},"modified":"2024-11-12T22:25:55","modified_gmt":"2024-11-12T22:25:55","slug":"diario-de-sevilla-highligts-the-work-of-the-healthy-architecture-and-city-research-group","status":"publish","type":"post","link":"https:\/\/grupo.us.es\/hac\/en\/diario-de-sevilla-highligts-the-work-of-the-healthy-architecture-and-city-research-group\/","title":{"rendered":"DIARIO DE SEVILLA HIGHLIGHTS THE WORK OF THE HEALTHY ARCHITECTURE &#038; CITY GROUP"},"content":{"rendered":"<h4 style=\"text-align: left;\" align=\"right\">SEVILLE \/ September 21, 2024<\/h4>\n<p>&nbsp;<\/p>\n<p>&nbsp;<\/p>\n<p>Coincidiendo con el <strong>D\u00eda Mundial del Alzheimer<\/strong> el <a href=\"https:\/\/www.diariodesevilla.es\/sevilla\/vivienda-sevillana-echa-pulso-alzheimer_0_2002416507.html\" target=\"_blank\" rel=\"noopener\"><strong>DIARIO DE SEVILLA<\/strong><\/a> ha publicado, en su edici\u00f3n del d\u00eda <strong>21 de septiembre<\/strong>, un reportaje en el que recoge algunos de los resultados que el grupo <a href=\"https:\/\/www.grupo.us.es\/hac\/\"><strong>Healthy Architecture &amp; City<\/strong><\/a> est\u00e1 obteniendo en sus proyectos de investigaci\u00f3n para mejorar la calidad de vida de las personas con enfermedad de alzheimer y de sus cuidadores y familiares. Tambi\u00e9n se hace eco del prototipo de<\/p>\n<div class=\"mb-5\">\n<p class=\"\" style=\"text-align: center;\"><span style=\"font-size: 12pt;\"><b class=\"\"><a class=\"\" href=\"https:\/\/www.us.es\/actualidad-de-la-us\/un-prototipo-de-vivienda-inteligente-para-personas-con-deterioro-cognitivo\" target=\"_blank\" rel=\"noopener\">Vivienda inteligente adaptada a las necesidades de personas con deterioro cognitivo<\/a><\/b><\/span><\/p>\n<\/div>\n<div class=\"mb-5\">\n<p>&nbsp;<\/p>\n<p class=\"\">Se trata de un prototipo desarrollado en <strong>realidad virtual<\/strong>, en la que se pueden visualizar diferentes adaptaciones que se pueden realizar en la casa para adaptarla a necesidades especificas de personas con enfermedad de Alzheimer. Es uno de los innovadores <strong>resultados de transferencia<\/strong> obtenidos en el <b class=\"\">proyecto estatal de investigaci\u00f3n<\/b>\u00a0<b class=\"\"><a class=\"\" href=\"www.grupo.us.es\/alzarq\/\" target=\"_blank\" rel=\"noopener\">ALZARQ<\/a><\/b> durante estos tres \u00faltimos a\u00f1os. En este prototipo se investiga <strong>c\u00f3mo adaptar el entorno dom\u00e9stico, aplicando algunos de los criterios e indicaciones de la reciente normativa sobre accesibilidad cognitiva<\/strong>, de la reciente Ley 6\/2022 y del Real Decreto 193\/2023. <strong>La investigaci\u00f3n se realiza sobre una poblaci\u00f3n concreta: los usuarios con Alzheimer en fase leve o moderada<\/strong>.<\/p>\n<p>&nbsp;<\/p>\n<\/div>\n<div id=\"attachment_8124\" style=\"width: 400px\" class=\"wp-caption aligncenter\"><img loading=\"lazy\" decoding=\"async\" aria-describedby=\"caption-attachment-8124\" class=\"wp-image-8124 size-full\" src=\"https:\/\/grupo.us.es\/hac\/wp-content\/uploads\/2024\/09\/IMG_1020-e1728843836648.jpg\" alt=\"\" width=\"390\" height=\"1334\" \/><p id=\"caption-attachment-8124\" class=\"wp-caption-text\">Diario de Sevilla, 22 de septiembre 2024<\/p><\/div>\n<p>&nbsp;<\/p>\n<p>&nbsp;<\/p>\n<div class=\"mb-5\">\n<div class=\"mb-5\"><\/div>\n<\/div>\n","protected":false},"excerpt":{"rendered":"<p>SEVILLE \/ September 21, 2024. Coinciding with World Alzheimer&#8217;s Day, DIARIO DE SEVILLA has published, in its September 21 edition, a report in which it includes some of the results that the Healthy Architecture &#038; City group<\/p>\n","protected":false},"author":2,"featured_media":8123,"comment_status":"closed","ping_status":"closed","sticky":false,"template":"","format":"standard","meta":{"_et_pb_use_builder":"","_et_pb_old_content":"","_et_gb_content_width":"","wpupg_custom_link":[],"wpupg_custom_link_behaviour":["default"],"wpupg_custom_link_nofollow":["default"],"wpupg_custom_image":[],"wpupg_custom_image_id":[],"footnotes":""},"categories":[15,21,21],"tags":[108,108,109,109,110,110,72,72,63,63,66,66,549,549,67,67,75,112,112,116,116],"class_list":{"0":"post-8127","1":"post","2":"type-post","3":"status-publish","4":"format-standard","5":"has-post-thumbnail","6":"hentry","7":"category-events-en","8":"category-news-en","10":"tag-architectural-design-en","12":"tag-architecture-health-en","14":"tag-arquitectura-en","16":"tag-arquitectura-saludable-en","18":"tag-arquitectura-y-alzheimer-en","20":"tag-arquitectura-y-salud-en","22":"tag-deterioro-cognitivo-en","24":"tag-health-humanities-en","26":"tag-healthy-architecture","27":"tag-investigacion-en","29":"tag-proyectos-arquitectonicos-en"},"_links":{"self":[{"href":"https:\/\/grupo.us.es\/hac\/en\/wp-json\/wp\/v2\/posts\/8127","targetHints":{"allow":["GET"]}}],"collection":[{"href":"https:\/\/grupo.us.es\/hac\/en\/wp-json\/wp\/v2\/posts"}],"about":[{"href":"https:\/\/grupo.us.es\/hac\/en\/wp-json\/wp\/v2\/types\/post"}],"author":[{"embeddable":true,"href":"https:\/\/grupo.us.es\/hac\/en\/wp-json\/wp\/v2\/users\/2"}],"replies":[{"embeddable":true,"href":"https:\/\/grupo.us.es\/hac\/en\/wp-json\/wp\/v2\/comments?post=8127"}],"version-history":[{"count":2,"href":"https:\/\/grupo.us.es\/hac\/en\/wp-json\/wp\/v2\/posts\/8127\/revisions"}],"predecessor-version":[{"id":8729,"href":"https:\/\/grupo.us.es\/hac\/en\/wp-json\/wp\/v2\/posts\/8127\/revisions\/8729"}],"wp:featuredmedia":[{"embeddable":true,"href":"https:\/\/grupo.us.es\/hac\/en\/wp-json\/wp\/v2\/media\/8123"}],"wp:attachment":[{"href":"https:\/\/grupo.us.es\/hac\/en\/wp-json\/wp\/v2\/media?parent=8127"}],"wp:term":[{"taxonomy":"category","embeddable":true,"href":"https:\/\/grupo.us.es\/hac\/en\/wp-json\/wp\/v2\/categories?post=8127"},{"taxonomy":"post_tag","embeddable":true,"href":"https:\/\/grupo.us.es\/hac\/en\/wp-json\/wp\/v2\/tags?post=8127"}],"curies":[{"name":"wp","href":"https:\/\/api.w.org\/{rel}","templated":true}]}}