{"id":267,"date":"2025-04-14T09:39:39","date_gmt":"2025-04-14T07:39:39","guid":{"rendered":"https:\/\/grupo.us.es\/habitae\/?p=267"},"modified":"2025-05-23T09:28:28","modified_gmt":"2025-05-23T07:28:28","slug":"escandon-ramirez-rocio","status":"publish","type":"post","link":"https:\/\/grupo.us.es\/habitae\/escandon-ramirez-rocio\/","title":{"rendered":"Escand\u00f3n Ram\u00edrez, Roc\u00edo"},"content":{"rendered":"\t\t<div data-elementor-type=\"wp-post\" data-elementor-id=\"267\" class=\"elementor elementor-267\" data-elementor-post-type=\"post\">\n\t\t\t\t<div class=\"elementor-element elementor-element-4fdecff e-flex e-con-boxed e-con e-parent\" data-id=\"4fdecff\" data-element_type=\"container\" data-e-type=\"container\">\n\t\t\t\t\t<div class=\"e-con-inner\">\n\t\t\t\t<div class=\"elementor-element elementor-element-69c16ba elementor-widget elementor-widget-text-editor\" data-id=\"69c16ba\" data-element_type=\"widget\" data-e-type=\"widget\" data-widget_type=\"text-editor.default\">\n\t\t\t\t<div class=\"elementor-widget-container\">\n\t\t\t\t\t\t\t\t\t<p>Su actividad investigadora, iniciada en 2012, se centra en la evaluaci\u00f3n del confort t\u00e9rmico en el parque edificatorio existente, el desarrollo de modelos predictivos de simulaci\u00f3n num\u00e9rica, y la optimizaci\u00f3n de toma de decisiones en procesos de rehabilitaci\u00f3n, contemplando escenarios de cambio clim\u00e1tico.<\/p><p>Doctora en Arquitectura (Premio Extraordinario de Doctorado) por la Universidad de Sevilla (2019). Ha desarrollado estancias de investigaci\u00f3n durante 17 meses en centros internacionales como la Universidad Tecnol\u00f3gica de Delft, la Universidad Federico II de N\u00e1poles, la Universidad del Algarve, y la Universidad Polit\u00e9cnica de Mil\u00e1n.<\/p><p>Su producci\u00f3n cient\u00edfica consta de m\u00e1s de 20 art\u00edculos revisados por pares, con m\u00e1s de la mitad de ellos publicados como primera autora y en colaboraci\u00f3n con investigadores internacionales. Cuenta con un \u00edndice-H 11 (WOS). Ha participado en numerosos proyectos de investigaci\u00f3n, liderando uno de ellos, y contratos de transferencia del conocimiento, dos de ellos como Investigadora Principal.<\/p><p>Actualmente imparte docencia en Grado, M\u00e1ster y Doctorado, como contratada postdoctoral en el departamento de Estructuras de Edificaci\u00f3n e Ingenier\u00eda del Terreno en la Escuela T\u00e9cnica Superior de Arquitectura de la Universidad de Sevilla.<\/p>\t\t\t\t\t\t\t\t<\/div>\n\t\t\t\t<\/div>\n\t\t<div class=\"elementor-element elementor-element-375b802 e-con-full e-flex e-con e-child\" data-id=\"375b802\" data-element_type=\"container\" data-e-type=\"container\">\n\t\t\t\t<div class=\"elementor-element elementor-element-009a02b elementor-widget elementor-widget-image\" data-id=\"009a02b\" data-element_type=\"widget\" data-e-type=\"widget\" data-widget_type=\"image.default\">\n\t\t\t\t<div class=\"elementor-widget-container\">\n\t\t\t\t\t\t\t\t\t\t\t\t\t\t\t\t<a href=\"https:\/\/orcid.org\/0000-0003-0531-698X\" target=\"_blank\" rel=\"nofollow\">\n\t\t\t\t\t\t\t<img decoding=\"async\" width=\"30\" height=\"29\" src=\"https:\/\/grupo.us.es\/habitae\/wp-content\/uploads\/2025\/04\/logo-orcid-1.webp\" class=\"attachment-large size-large wp-image-375\" alt=\"\" \/>\t\t\t\t\t\t\t\t<\/a>\n\t\t\t\t\t\t\t\t\t\t\t\t\t\t\t<\/div>\n\t\t\t\t<\/div>\n\t\t\t\t<div class=\"elementor-element elementor-element-e3deb7a elementor-widget elementor-widget-image\" data-id=\"e3deb7a\" data-element_type=\"widget\" data-e-type=\"widget\" data-widget_type=\"image.default\">\n\t\t\t\t<div class=\"elementor-widget-container\">\n\t\t\t\t\t\t\t\t\t\t\t\t\t\t\t\t<a href=\"https:\/\/www.webofscience.com\/wos\/author\/record\/J-6522-2013\" target=\"_blank\" rel=\"nofollow\">\n\t\t\t\t\t\t\t<img decoding=\"async\" width=\"30\" height=\"29\" src=\"https:\/\/grupo.us.es\/habitae\/wp-content\/uploads\/2025\/04\/logo-woc.webp\" class=\"attachment-large size-large wp-image-371\" alt=\"\" \/>\t\t\t\t\t\t\t\t<\/a>\n\t\t\t\t\t\t\t\t\t\t\t\t\t\t\t<\/div>\n\t\t\t\t<\/div>\n\t\t\t\t<div class=\"elementor-element elementor-element-5b29597 elementor-widget elementor-widget-image\" data-id=\"5b29597\" data-element_type=\"widget\" data-e-type=\"widget\" data-widget_type=\"image.default\">\n\t\t\t\t<div class=\"elementor-widget-container\">\n\t\t\t\t\t\t\t\t\t\t\t\t\t\t\t\t<a href=\"https:\/\/www.scopus.com\/authid\/detail.uri?authorId=57217861152\" target=\"_blank\" rel=\"nofollow\">\n\t\t\t\t\t\t\t<img decoding=\"async\" width=\"30\" height=\"30\" src=\"https:\/\/grupo.us.es\/habitae\/wp-content\/uploads\/2025\/04\/LOGOSCOPUS.webp\" class=\"attachment-large size-large wp-image-377\" alt=\"\" \/>\t\t\t\t\t\t\t\t<\/a>\n\t\t\t\t\t\t\t\t\t\t\t\t\t\t\t<\/div>\n\t\t\t\t<\/div>\n\t\t\t\t<div class=\"elementor-element elementor-element-5fda07c elementor-widget elementor-widget-image\" data-id=\"5fda07c\" data-element_type=\"widget\" data-e-type=\"widget\" data-widget_type=\"image.default\">\n\t\t\t\t<div class=\"elementor-widget-container\">\n\t\t\t\t\t\t\t\t\t\t\t\t\t\t\t\t<a href=\"https:\/\/scholar.google.es\/citations?user=aPKmEKgAAAAJ\" target=\"_blank\" rel=\"nofollow\">\n\t\t\t\t\t\t\t<img loading=\"lazy\" decoding=\"async\" width=\"30\" height=\"30\" src=\"https:\/\/grupo.us.es\/habitae\/wp-content\/uploads\/2025\/04\/Google_Scholar_icon.webp\" class=\"attachment-large size-large wp-image-373\" alt=\"\" \/>\t\t\t\t\t\t\t\t<\/a>\n\t\t\t\t\t\t\t\t\t\t\t\t\t\t\t<\/div>\n\t\t\t\t<\/div>\n\t\t\t\t<div class=\"elementor-element elementor-element-4983809 elementor-widget elementor-widget-image\" data-id=\"4983809\" data-element_type=\"widget\" data-e-type=\"widget\" data-widget_type=\"image.default\">\n\t\t\t\t<div class=\"elementor-widget-container\">\n\t\t\t\t\t\t\t\t\t\t\t\t\t\t\t\t<a href=\"https:\/\/dialnet.unirioja.es\/servlet\/autor?codigo=4286928\" target=\"_blank\" rel=\"nofollow\">\n\t\t\t\t\t\t\t<img loading=\"lazy\" decoding=\"async\" width=\"30\" height=\"30\" src=\"https:\/\/grupo.us.es\/habitae\/wp-content\/uploads\/2025\/04\/wZm_OpR5_400x400.webp\" class=\"attachment-large size-large wp-image-372\" alt=\"\" \/>\t\t\t\t\t\t\t\t<\/a>\n\t\t\t\t\t\t\t\t\t\t\t\t\t\t\t<\/div>\n\t\t\t\t<\/div>\n\t\t\t\t<div class=\"elementor-element elementor-element-f1b34fc elementor-widget elementor-widget-image\" data-id=\"f1b34fc\" data-element_type=\"widget\" data-e-type=\"widget\" data-widget_type=\"image.default\">\n\t\t\t\t<div class=\"elementor-widget-container\">\n\t\t\t\t\t\t\t\t\t\t\t\t\t\t\t\t<a href=\"https:\/\/idus.us.es\/author-profiles\/4585\" target=\"_blank\" rel=\"nofollow\">\n\t\t\t\t\t\t\t<img loading=\"lazy\" decoding=\"async\" width=\"30\" height=\"30\" src=\"https:\/\/grupo.us.es\/habitae\/wp-content\/uploads\/2025\/04\/logo-idus.webp\" class=\"attachment-large size-large wp-image-374\" alt=\"\" \/>\t\t\t\t\t\t\t\t<\/a>\n\t\t\t\t\t\t\t\t\t\t\t\t\t\t\t<\/div>\n\t\t\t\t<\/div>\n\t\t\t\t<div class=\"elementor-element elementor-element-2997b92 elementor-widget elementor-widget-image\" data-id=\"2997b92\" data-element_type=\"widget\" data-e-type=\"widget\" data-widget_type=\"image.default\">\n\t\t\t\t<div class=\"elementor-widget-container\">\n\t\t\t\t\t\t\t\t\t\t\t\t\t\t\t\t<a href=\"https:\/\/investigacion.us.es\/sisius\/sis_showpub.php?idpers=19880\" target=\"_blank\" rel=\"nofollow\">\n\t\t\t\t\t\t\t<img loading=\"lazy\" decoding=\"async\" width=\"30\" height=\"28\" src=\"https:\/\/grupo.us.es\/habitae\/wp-content\/uploads\/2025\/04\/logo-SISIUS.webp\" class=\"attachment-large size-large wp-image-376\" alt=\"\" \/>\t\t\t\t\t\t\t\t<\/a>\n\t\t\t\t\t\t\t\t\t\t\t\t\t\t\t<\/div>\n\t\t\t\t<\/div>\n\t\t\t\t<\/div>\n\t\t\t\t\t<\/div>\n\t\t\t\t<\/div>\n\t\t\t\t<\/div>\n\t\t","protected":false},"excerpt":{"rendered":"<p>Su actividad investigadora, iniciada en 2012, se centra en la evaluaci\u00f3n del confort t\u00e9rmico en el parque edificatorio existente, el desarrollo de modelos predictivos de simulaci\u00f3n num\u00e9rica, y la optimizaci\u00f3n de toma de decisiones en procesos de rehabilitaci\u00f3n, contemplando escenarios de cambio clim\u00e1tico. Doctora en Arquitectura (Premio Extraordinario de Doctorado) por la Universidad de Sevilla [&hellip;]<\/p>\n","protected":false},"author":2,"featured_media":424,"comment_status":"open","ping_status":"open","sticky":false,"template":"","format":"standard","meta":{"_acf_changed":false,"footnotes":""},"categories":[14],"tags":[22],"class_list":["post-267","post","type-post","status-publish","format-standard","has-post-thumbnail","hentry","category-investigadores","tag-investigador"],"acf":[],"yoast_head":"<!-- This site is optimized with the Yoast SEO plugin v27.3 - https:\/\/yoast.com\/product\/yoast-seo-wordpress\/ -->\n<title>Escand\u00f3n Ram\u00edrez, Roc\u00edo - HABITAE - Habitabilidad, Acondicionamiento y Energ\u00eda en Arquitectura<\/title>\n<meta name=\"robots\" content=\"index, follow, max-snippet:-1, max-image-preview:large, max-video-preview:-1\" \/>\n<link rel=\"canonical\" href=\"https:\/\/grupo.us.es\/habitae\/escandon-ramirez-rocio\/\" \/>\n<meta property=\"og:locale\" content=\"es_ES\" \/>\n<meta property=\"og:type\" content=\"article\" \/>\n<meta property=\"og:title\" content=\"Escand\u00f3n Ram\u00edrez, Roc\u00edo - HABITAE - Habitabilidad, Acondicionamiento y Energ\u00eda en Arquitectura\" \/>\n<meta property=\"og:description\" content=\"Su actividad investigadora, iniciada en 2012, se centra en la evaluaci\u00f3n del confort t\u00e9rmico en el parque edificatorio existente, el desarrollo de modelos predictivos de simulaci\u00f3n num\u00e9rica, y la optimizaci\u00f3n de toma de decisiones en procesos de rehabilitaci\u00f3n, contemplando escenarios de cambio clim\u00e1tico. Doctora en Arquitectura (Premio Extraordinario de Doctorado) por la Universidad de Sevilla [&hellip;]\" \/>\n<meta property=\"og:url\" content=\"https:\/\/grupo.us.es\/habitae\/escandon-ramirez-rocio\/\" \/>\n<meta property=\"og:site_name\" content=\"HABITAE - Habitabilidad, Acondicionamiento y Energ\u00eda en Arquitectura\" \/>\n<meta property=\"article:published_time\" content=\"2025-04-14T07:39:39+00:00\" \/>\n<meta property=\"article:modified_time\" content=\"2025-05-23T07:28:28+00:00\" \/>\n<meta property=\"og:image\" content=\"https:\/\/grupo.us.es\/habitae\/wp-content\/uploads\/2025\/04\/Escandon-Rocio.jpg\" \/>\n\t<meta property=\"og:image:width\" content=\"957\" \/>\n\t<meta property=\"og:image:height\" content=\"958\" \/>\n\t<meta property=\"og:image:type\" content=\"image\/jpeg\" \/>\n<meta name=\"author\" content=\"David Artigas Campos\" \/>\n<meta name=\"twitter:card\" content=\"summary_large_image\" \/>\n<meta name=\"twitter:label1\" content=\"Escrito por\" \/>\n\t<meta name=\"twitter:data1\" content=\"David Artigas Campos\" \/>\n\t<meta name=\"twitter:label2\" content=\"Tiempo de lectura\" \/>\n\t<meta name=\"twitter:data2\" content=\"3 minutos\" \/>\n<script type=\"application\/ld+json\" class=\"yoast-schema-graph\">{\"@context\":\"https:\\\/\\\/schema.org\",\"@graph\":[{\"@type\":\"Article\",\"@id\":\"https:\\\/\\\/grupo.us.es\\\/habitae\\\/escandon-ramirez-rocio\\\/#article\",\"isPartOf\":{\"@id\":\"https:\\\/\\\/grupo.us.es\\\/habitae\\\/escandon-ramirez-rocio\\\/\"},\"author\":{\"name\":\"David Artigas Campos\",\"@id\":\"https:\\\/\\\/grupo.us.es\\\/habitae\\\/#\\\/schema\\\/person\\\/523f40faa9ae5f9c327fe3185873ff27\"},\"headline\":\"Escand\u00f3n Ram\u00edrez, Roc\u00edo\",\"datePublished\":\"2025-04-14T07:39:39+00:00\",\"dateModified\":\"2025-05-23T07:28:28+00:00\",\"mainEntityOfPage\":{\"@id\":\"https:\\\/\\\/grupo.us.es\\\/habitae\\\/escandon-ramirez-rocio\\\/\"},\"wordCount\":205,\"commentCount\":0,\"publisher\":{\"@id\":\"https:\\\/\\\/grupo.us.es\\\/habitae\\\/#organization\"},\"image\":{\"@id\":\"https:\\\/\\\/grupo.us.es\\\/habitae\\\/escandon-ramirez-rocio\\\/#primaryimage\"},\"thumbnailUrl\":\"https:\\\/\\\/grupo.us.es\\\/habitae\\\/wp-content\\\/uploads\\\/2025\\\/04\\\/Escandon-Rocio.jpg\",\"keywords\":[\"investigador\"],\"articleSection\":[\"Investigadores\"],\"inLanguage\":\"es\",\"potentialAction\":[{\"@type\":\"CommentAction\",\"name\":\"Comment\",\"target\":[\"https:\\\/\\\/grupo.us.es\\\/habitae\\\/escandon-ramirez-rocio\\\/#respond\"]}]},{\"@type\":\"WebPage\",\"@id\":\"https:\\\/\\\/grupo.us.es\\\/habitae\\\/escandon-ramirez-rocio\\\/\",\"url\":\"https:\\\/\\\/grupo.us.es\\\/habitae\\\/escandon-ramirez-rocio\\\/\",\"name\":\"Escand\u00f3n Ram\u00edrez, Roc\u00edo - HABITAE - Habitabilidad, Acondicionamiento y Energ\u00eda en Arquitectura\",\"isPartOf\":{\"@id\":\"https:\\\/\\\/grupo.us.es\\\/habitae\\\/#website\"},\"primaryImageOfPage\":{\"@id\":\"https:\\\/\\\/grupo.us.es\\\/habitae\\\/escandon-ramirez-rocio\\\/#primaryimage\"},\"image\":{\"@id\":\"https:\\\/\\\/grupo.us.es\\\/habitae\\\/escandon-ramirez-rocio\\\/#primaryimage\"},\"thumbnailUrl\":\"https:\\\/\\\/grupo.us.es\\\/habitae\\\/wp-content\\\/uploads\\\/2025\\\/04\\\/Escandon-Rocio.jpg\",\"datePublished\":\"2025-04-14T07:39:39+00:00\",\"dateModified\":\"2025-05-23T07:28:28+00:00\",\"breadcrumb\":{\"@id\":\"https:\\\/\\\/grupo.us.es\\\/habitae\\\/escandon-ramirez-rocio\\\/#breadcrumb\"},\"inLanguage\":\"es\",\"potentialAction\":[{\"@type\":\"ReadAction\",\"target\":[\"https:\\\/\\\/grupo.us.es\\\/habitae\\\/escandon-ramirez-rocio\\\/\"]}]},{\"@type\":\"ImageObject\",\"inLanguage\":\"es\",\"@id\":\"https:\\\/\\\/grupo.us.es\\\/habitae\\\/escandon-ramirez-rocio\\\/#primaryimage\",\"url\":\"https:\\\/\\\/grupo.us.es\\\/habitae\\\/wp-content\\\/uploads\\\/2025\\\/04\\\/Escandon-Rocio.jpg\",\"contentUrl\":\"https:\\\/\\\/grupo.us.es\\\/habitae\\\/wp-content\\\/uploads\\\/2025\\\/04\\\/Escandon-Rocio.jpg\",\"width\":957,\"height\":958},{\"@type\":\"BreadcrumbList\",\"@id\":\"https:\\\/\\\/grupo.us.es\\\/habitae\\\/escandon-ramirez-rocio\\\/#breadcrumb\",\"itemListElement\":[{\"@type\":\"ListItem\",\"position\":1,\"name\":\"Portada\",\"item\":\"https:\\\/\\\/grupo.us.es\\\/habitae\\\/\"},{\"@type\":\"ListItem\",\"position\":2,\"name\":\"Escand\u00f3n Ram\u00edrez, Roc\u00edo\"}]},{\"@type\":\"WebSite\",\"@id\":\"https:\\\/\\\/grupo.us.es\\\/habitae\\\/#website\",\"url\":\"https:\\\/\\\/grupo.us.es\\\/habitae\\\/\",\"name\":\"HABITAE - Habitabilidad, Acondicionamiento y Energ\u00eda en Arquitectura\",\"description\":\"HABITAE - Grupo TEP-999\",\"publisher\":{\"@id\":\"https:\\\/\\\/grupo.us.es\\\/habitae\\\/#organization\"},\"potentialAction\":[{\"@type\":\"SearchAction\",\"target\":{\"@type\":\"EntryPoint\",\"urlTemplate\":\"https:\\\/\\\/grupo.us.es\\\/habitae\\\/?s={search_term_string}\"},\"query-input\":{\"@type\":\"PropertyValueSpecification\",\"valueRequired\":true,\"valueName\":\"search_term_string\"}}],\"inLanguage\":\"es\"},{\"@type\":\"Organization\",\"@id\":\"https:\\\/\\\/grupo.us.es\\\/habitae\\\/#organization\",\"name\":\"HABITAE - Habitabilidad, Acondicionamiento y Energ\u00eda en Arquitectura\",\"url\":\"https:\\\/\\\/grupo.us.es\\\/habitae\\\/\",\"logo\":{\"@type\":\"ImageObject\",\"inLanguage\":\"es\",\"@id\":\"https:\\\/\\\/grupo.us.es\\\/habitae\\\/#\\\/schema\\\/logo\\\/image\\\/\",\"url\":\"https:\\\/\\\/grupo.us.es\\\/habitae\\\/wp-content\\\/uploads\\\/2024\\\/11\\\/LOGO_HABITAE_3_sin-fondo_horizontal_3.png\",\"contentUrl\":\"https:\\\/\\\/grupo.us.es\\\/habitae\\\/wp-content\\\/uploads\\\/2024\\\/11\\\/LOGO_HABITAE_3_sin-fondo_horizontal_3.png\",\"width\":1025,\"height\":396,\"caption\":\"HABITAE - Habitabilidad, Acondicionamiento y Energ\u00eda en Arquitectura\"},\"image\":{\"@id\":\"https:\\\/\\\/grupo.us.es\\\/habitae\\\/#\\\/schema\\\/logo\\\/image\\\/\"}},{\"@type\":\"Person\",\"@id\":\"https:\\\/\\\/grupo.us.es\\\/habitae\\\/#\\\/schema\\\/person\\\/523f40faa9ae5f9c327fe3185873ff27\",\"name\":\"David Artigas Campos\",\"image\":{\"@type\":\"ImageObject\",\"inLanguage\":\"es\",\"@id\":\"https:\\\/\\\/secure.gravatar.com\\\/avatar\\\/2ef85687ff0d3d82be312d59cb72f849b0e166ba82ad9eede91d680525fa2f7b?s=96&d=mm&r=g\",\"url\":\"https:\\\/\\\/secure.gravatar.com\\\/avatar\\\/2ef85687ff0d3d82be312d59cb72f849b0e166ba82ad9eede91d680525fa2f7b?s=96&d=mm&r=g\",\"contentUrl\":\"https:\\\/\\\/secure.gravatar.com\\\/avatar\\\/2ef85687ff0d3d82be312d59cb72f849b0e166ba82ad9eede91d680525fa2f7b?s=96&d=mm&r=g\",\"caption\":\"David Artigas Campos\"},\"url\":\"https:\\\/\\\/grupo.us.es\\\/habitae\\\/author\\\/dartigas\\\/\"}]}<\/script>\n<!-- \/ Yoast SEO plugin. -->","yoast_head_json":{"title":"Escand\u00f3n Ram\u00edrez, Roc\u00edo - HABITAE - Habitabilidad, Acondicionamiento y Energ\u00eda en Arquitectura","robots":{"index":"index","follow":"follow","max-snippet":"max-snippet:-1","max-image-preview":"max-image-preview:large","max-video-preview":"max-video-preview:-1"},"canonical":"https:\/\/grupo.us.es\/habitae\/escandon-ramirez-rocio\/","og_locale":"es_ES","og_type":"article","og_title":"Escand\u00f3n Ram\u00edrez, Roc\u00edo - HABITAE - Habitabilidad, Acondicionamiento y Energ\u00eda en Arquitectura","og_description":"Su actividad investigadora, iniciada en 2012, se centra en la evaluaci\u00f3n del confort t\u00e9rmico en el parque edificatorio existente, el desarrollo de modelos predictivos de simulaci\u00f3n num\u00e9rica, y la optimizaci\u00f3n de toma de decisiones en procesos de rehabilitaci\u00f3n, contemplando escenarios de cambio clim\u00e1tico. Doctora en Arquitectura (Premio Extraordinario de Doctorado) por la Universidad de Sevilla [&hellip;]","og_url":"https:\/\/grupo.us.es\/habitae\/escandon-ramirez-rocio\/","og_site_name":"HABITAE - Habitabilidad, Acondicionamiento y Energ\u00eda en Arquitectura","article_published_time":"2025-04-14T07:39:39+00:00","article_modified_time":"2025-05-23T07:28:28+00:00","og_image":[{"width":957,"height":958,"url":"https:\/\/grupo.us.es\/habitae\/wp-content\/uploads\/2025\/04\/Escandon-Rocio.jpg","type":"image\/jpeg"}],"author":"David Artigas Campos","twitter_card":"summary_large_image","twitter_misc":{"Escrito por":"David Artigas Campos","Tiempo de lectura":"3 minutos"},"schema":{"@context":"https:\/\/schema.org","@graph":[{"@type":"Article","@id":"https:\/\/grupo.us.es\/habitae\/escandon-ramirez-rocio\/#article","isPartOf":{"@id":"https:\/\/grupo.us.es\/habitae\/escandon-ramirez-rocio\/"},"author":{"name":"David Artigas Campos","@id":"https:\/\/grupo.us.es\/habitae\/#\/schema\/person\/523f40faa9ae5f9c327fe3185873ff27"},"headline":"Escand\u00f3n Ram\u00edrez, Roc\u00edo","datePublished":"2025-04-14T07:39:39+00:00","dateModified":"2025-05-23T07:28:28+00:00","mainEntityOfPage":{"@id":"https:\/\/grupo.us.es\/habitae\/escandon-ramirez-rocio\/"},"wordCount":205,"commentCount":0,"publisher":{"@id":"https:\/\/grupo.us.es\/habitae\/#organization"},"image":{"@id":"https:\/\/grupo.us.es\/habitae\/escandon-ramirez-rocio\/#primaryimage"},"thumbnailUrl":"https:\/\/grupo.us.es\/habitae\/wp-content\/uploads\/2025\/04\/Escandon-Rocio.jpg","keywords":["investigador"],"articleSection":["Investigadores"],"inLanguage":"es","potentialAction":[{"@type":"CommentAction","name":"Comment","target":["https:\/\/grupo.us.es\/habitae\/escandon-ramirez-rocio\/#respond"]}]},{"@type":"WebPage","@id":"https:\/\/grupo.us.es\/habitae\/escandon-ramirez-rocio\/","url":"https:\/\/grupo.us.es\/habitae\/escandon-ramirez-rocio\/","name":"Escand\u00f3n Ram\u00edrez, Roc\u00edo - HABITAE - Habitabilidad, Acondicionamiento y Energ\u00eda en Arquitectura","isPartOf":{"@id":"https:\/\/grupo.us.es\/habitae\/#website"},"primaryImageOfPage":{"@id":"https:\/\/grupo.us.es\/habitae\/escandon-ramirez-rocio\/#primaryimage"},"image":{"@id":"https:\/\/grupo.us.es\/habitae\/escandon-ramirez-rocio\/#primaryimage"},"thumbnailUrl":"https:\/\/grupo.us.es\/habitae\/wp-content\/uploads\/2025\/04\/Escandon-Rocio.jpg","datePublished":"2025-04-14T07:39:39+00:00","dateModified":"2025-05-23T07:28:28+00:00","breadcrumb":{"@id":"https:\/\/grupo.us.es\/habitae\/escandon-ramirez-rocio\/#breadcrumb"},"inLanguage":"es","potentialAction":[{"@type":"ReadAction","target":["https:\/\/grupo.us.es\/habitae\/escandon-ramirez-rocio\/"]}]},{"@type":"ImageObject","inLanguage":"es","@id":"https:\/\/grupo.us.es\/habitae\/escandon-ramirez-rocio\/#primaryimage","url":"https:\/\/grupo.us.es\/habitae\/wp-content\/uploads\/2025\/04\/Escandon-Rocio.jpg","contentUrl":"https:\/\/grupo.us.es\/habitae\/wp-content\/uploads\/2025\/04\/Escandon-Rocio.jpg","width":957,"height":958},{"@type":"BreadcrumbList","@id":"https:\/\/grupo.us.es\/habitae\/escandon-ramirez-rocio\/#breadcrumb","itemListElement":[{"@type":"ListItem","position":1,"name":"Portada","item":"https:\/\/grupo.us.es\/habitae\/"},{"@type":"ListItem","position":2,"name":"Escand\u00f3n Ram\u00edrez, Roc\u00edo"}]},{"@type":"WebSite","@id":"https:\/\/grupo.us.es\/habitae\/#website","url":"https:\/\/grupo.us.es\/habitae\/","name":"HABITAE - Habitabilidad, Acondicionamiento y Energ\u00eda en Arquitectura","description":"HABITAE - Grupo TEP-999","publisher":{"@id":"https:\/\/grupo.us.es\/habitae\/#organization"},"potentialAction":[{"@type":"SearchAction","target":{"@type":"EntryPoint","urlTemplate":"https:\/\/grupo.us.es\/habitae\/?s={search_term_string}"},"query-input":{"@type":"PropertyValueSpecification","valueRequired":true,"valueName":"search_term_string"}}],"inLanguage":"es"},{"@type":"Organization","@id":"https:\/\/grupo.us.es\/habitae\/#organization","name":"HABITAE - Habitabilidad, Acondicionamiento y Energ\u00eda en Arquitectura","url":"https:\/\/grupo.us.es\/habitae\/","logo":{"@type":"ImageObject","inLanguage":"es","@id":"https:\/\/grupo.us.es\/habitae\/#\/schema\/logo\/image\/","url":"https:\/\/grupo.us.es\/habitae\/wp-content\/uploads\/2024\/11\/LOGO_HABITAE_3_sin-fondo_horizontal_3.png","contentUrl":"https:\/\/grupo.us.es\/habitae\/wp-content\/uploads\/2024\/11\/LOGO_HABITAE_3_sin-fondo_horizontal_3.png","width":1025,"height":396,"caption":"HABITAE - Habitabilidad, Acondicionamiento y Energ\u00eda en Arquitectura"},"image":{"@id":"https:\/\/grupo.us.es\/habitae\/#\/schema\/logo\/image\/"}},{"@type":"Person","@id":"https:\/\/grupo.us.es\/habitae\/#\/schema\/person\/523f40faa9ae5f9c327fe3185873ff27","name":"David Artigas Campos","image":{"@type":"ImageObject","inLanguage":"es","@id":"https:\/\/secure.gravatar.com\/avatar\/2ef85687ff0d3d82be312d59cb72f849b0e166ba82ad9eede91d680525fa2f7b?s=96&d=mm&r=g","url":"https:\/\/secure.gravatar.com\/avatar\/2ef85687ff0d3d82be312d59cb72f849b0e166ba82ad9eede91d680525fa2f7b?s=96&d=mm&r=g","contentUrl":"https:\/\/secure.gravatar.com\/avatar\/2ef85687ff0d3d82be312d59cb72f849b0e166ba82ad9eede91d680525fa2f7b?s=96&d=mm&r=g","caption":"David Artigas Campos"},"url":"https:\/\/grupo.us.es\/habitae\/author\/dartigas\/"}]}},"_links":{"self":[{"href":"https:\/\/grupo.us.es\/habitae\/wp-json\/wp\/v2\/posts\/267","targetHints":{"allow":["GET"]}}],"collection":[{"href":"https:\/\/grupo.us.es\/habitae\/wp-json\/wp\/v2\/posts"}],"about":[{"href":"https:\/\/grupo.us.es\/habitae\/wp-json\/wp\/v2\/types\/post"}],"author":[{"embeddable":true,"href":"https:\/\/grupo.us.es\/habitae\/wp-json\/wp\/v2\/users\/2"}],"replies":[{"embeddable":true,"href":"https:\/\/grupo.us.es\/habitae\/wp-json\/wp\/v2\/comments?post=267"}],"version-history":[{"count":0,"href":"https:\/\/grupo.us.es\/habitae\/wp-json\/wp\/v2\/posts\/267\/revisions"}],"wp:featuredmedia":[{"embeddable":true,"href":"https:\/\/grupo.us.es\/habitae\/wp-json\/wp\/v2\/media\/424"}],"wp:attachment":[{"href":"https:\/\/grupo.us.es\/habitae\/wp-json\/wp\/v2\/media?parent=267"}],"wp:term":[{"taxonomy":"category","embeddable":true,"href":"https:\/\/grupo.us.es\/habitae\/wp-json\/wp\/v2\/categories?post=267"},{"taxonomy":"post_tag","embeddable":true,"href":"https:\/\/grupo.us.es\/habitae\/wp-json\/wp\/v2\/tags?post=267"}],"curies":[{"name":"wp","href":"https:\/\/api.w.org\/{rel}","templated":true}]}}