{"id":3637,"date":"2023-01-09T15:43:46","date_gmt":"2023-01-09T15:43:46","guid":{"rendered":"https:\/\/grupo.us.es\/encrucijada\/?p=3637"},"modified":"2023-01-09T15:43:46","modified_gmt":"2023-01-09T15:43:46","slug":"la-trashumancia-de-colmenas-durante-el-siglo-xvi-en-la-tierra-de-vera-almeria","status":"publish","type":"post","link":"https:\/\/grupo.us.es\/encrucijada\/la-trashumancia-de-colmenas-durante-el-siglo-xvi-en-la-tierra-de-vera-almeria\/","title":{"rendered":"La trashumancia de colmenas durante el siglo XVI en la Tierra de Vera (Almer\u00eda)"},"content":{"rendered":"\n<div class=\"wp-block-columns is-layout-flex wp-container-core-columns-is-layout-9d6595d7 wp-block-columns-is-layout-flex\">\n<div class=\"wp-block-column is-layout-flow wp-block-column-is-layout-flow\" style=\"flex-basis:66.66%\">\n<p style=\"text-align: justify;\">La <a href=\"http:\/\/www2.ual.es\/ideimand\/la-transhumancia-y-la-ganaderia-estante\/\" target=\"_blank\" rel=\"noopener\">trashumancia<\/a> ha sido analizada casi siempre por la historiograf\u00eda contempor\u00e1nea en la Meseta castellana; adem\u00e1s, la mayor\u00eda de los estudios se han centrado en los traslados de los reba\u00f1os de ovino y vacuno. En el caso que presentamos se va a realizar un acercamiento centrado en una especie muy poco frecuente por desconocida, las abejas, las colmenas.<\/p>\n<p style=\"text-align: justify;\">Es de sobra conocido el inter\u00e9s de los musulmanes por la apicultura, sobre todo en relaci\u00f3n con la producci\u00f3n de miel y <a href=\"https:\/\/grupo.us.es\/encrucijada\/fabricas-de-blanqueo-de-cera\/\" target=\"_blank\" rel=\"noopener\">cera<\/a>. Aunque hay referencias sobre estas cuestiones en investigaciones m\u00e1s amplias, casi ha pasado desapercibido un fen\u00f3meno peculiar: el traslado de las colmenas desde las tierras altas hacia las m\u00e1s costeras con objeto de aprovechar los \u201cpastos\u201d de verano y de invierno. El marco geogr\u00e1fico analizado es la Tierra de Vera, la comarca m\u00e1s oriental del reino granadino. La documentaci\u00f3n que sirve de base son los registros de herbajes que se conservan en el Archivo Municipal de Vera.<\/p>\n<p style=\"text-align: justify;\">La caracter\u00edstica b\u00e1sica de esta trashumancia en el siglo XVI es su aleatoriedad, con una tendencia general claramente decreciente, como puede verse en el gr\u00e1fico 1. Cuando llegaban a la jurisdicci\u00f3n veratense, la ubicaci\u00f3n de los abejares, al igual que los otros reba\u00f1os, no era aleatoria. Las colmenas eran depositadas en los corrales de vecinos de Vera o en los bald\u00edos de la ciudad, en lugares alejados de las viviendas.<\/p>\n<p style=\"text-align: justify;\">El precio que el concejo fijaba durante la \u00e9poca morisca para cada colmena y su evoluci\u00f3n resulta sorprendente. Por cada unidad se pagaba m\u00e1s que por una oveja. As\u00ed, mientras se cobraban 6\u20197 maraved\u00eds de media por abejar, a los ganaderos de ovino y caprino se les ped\u00edan 6\u20191 maraved\u00edes por cabeza. \u00danicamente podemos hablar de una ca\u00edda del precio de la \u201chierba\u201d para las colmenas al terminar la \u00e9poca morisca, en las pocas que son registradas por cristianos a partir de la d\u00e9cada de los a\u00f1os setenta. No parece aventurado llegar a la conclusi\u00f3n de que se trataba de una forma m\u00e1s de extorsi\u00f3n fiscal contra la comunidad neoconversa, puesto que casi la totalidad de los propietarios eran neoconversos. En definitiva, otra forma de discriminaci\u00f3n que se a\u00f1adir\u00eda a las que marginaban a los <a href=\"http:\/\/www2.ual.es\/ideimand\/mentalidad-y-religiosidad-de-los-moriscos\/\" target=\"_blank\" rel=\"noopener\">moriscos<\/a> frente al colectivo cristianoviejo. No puede decirse que este tipo de aportes econ\u00f3micos fuesen decisivos para las arcas concejiles, puesto que su total casi nunca superaba el uno por ciento de los ingresos anuales del concejo. Adem\u00e1s, a estos elevados costes de arrendamiento de los \u201cpastos\u201d, era preciso a\u00f1adir los correspondientes al transporte, al asiento notarial del contrato, as\u00ed como a la intermediaci\u00f3n o la fianza. Una serie de gastos que se sumaban a la ya de por s\u00ed decr\u00e9pita econom\u00eda morisca, con escasos excedentes y con pocas posibilidades de acercarse a los circuitos controlados por la oligarqu\u00eda cristianovieja.<\/p>\n<p style=\"text-align: justify;\">Los propietarios de las colmenas, como se ha apuntado, eran pr\u00e1cticamente todos moriscos. Sus apellidos (Chaar\u00ed, Alalax, etc.), as\u00ed como su vecindad en lugares de poblaci\u00f3n morisca como Benimina o Serena, nos hablan claramente de su adscripci\u00f3n a esta comunidad. Podemos establecer que la trashumancia de colmenas era una actividad exclusivamente morisca. La propiedad de las colmenas estaba tremendamente dispersa. Es raro que se superen las 25 unidades por propietario, con una media de 19.<\/p>\n<p style=\"text-align: justify;\">En cuanto al origen geogr\u00e1fico, la elevada frecuencia de colmenas procedentes de algunos lugares concretos (Ser\u00f3n, Benimina, por ejemplo) e incluso de los mismos propietarios en numerosos inviernos, no puede hacernos perder de vista que la dispersi\u00f3n en la procedencia es la caracter\u00edstica fundamental que preside la geograf\u00eda de este tipo de trashumancia. La mayor\u00eda llegaban de lugares de la sierra de Filabres (Uleila, B\u00e9dar, Serena, Teresa, Cabrera, Tahal, Benitagla, Sen\u00e9s, Ser\u00f3n, Armu\u00f1a y Bayarque), aunque tambi\u00e9n de lugares del valle de Almanzora como Purchena, Zurgena o Arboleas, de otros cercanos a Vera como Antas, e incluso de algunos m\u00e1s alejados como Tabernas, N\u00edjar, Xiquena, Caniles o Lorca. Tenemos, por tanto, tres comarcas b\u00e1sicas de procedencia: de los alrededores o de la propia Tierra de Vera, de la zona central de la sierra de los Filabres, y del valle alto del r\u00edo Almanzora. Terminada la guerra de las Alpujarras, desde 1572 la trashumancia de colmenas pr\u00e1cticamente desaparece, registr\u00e1ndose \u00fanicamente tres partidas entre ese a\u00f1o y el final de siglo. La primera procede de Arboleas y est\u00e1 integrada por 43 unidades propias de Pedro Ramos. Las otras dos, procedentes de Lorca, llegan en 1592 y 1596 con similar n\u00famero de ejemplares, una treintena. Podemos decir, pues, que la guerra y la posterior expulsi\u00f3n de los moriscos termina con esta costumbre, al menos en la Tierra de Vera.<\/p>\n<p style=\"text-align: justify;\">La estacionalidad en el caso de las colmenas era paralela a la de las otras especies. Como norma, la entrada de los reba\u00f1os o de las colmenas en los bald\u00edos fuese en el d\u00eda de san Andr\u00e9s (30 de noviembre), permaneciendo en ellos hasta finales de marzo. Algunos a\u00f1os la llegada se adelantaba incluso hasta el mes de agosto e incluso se retrasaba su regreso hasta mayo, seguramente debido a las condiciones de temperatura o precipitaciones de esos a\u00f1os concretos.<\/p>\n<p style=\"text-align: justify;\">En definitiva, era una actividad desarrollada fundamentalmente por los moriscos, con escasa incidencia en la econom\u00eda del concejo, suponiendo m\u00e1s bien otra forma de presi\u00f3n fiscal dirigida contra la comunidad neoconversa, en la que los traslados eran muy aleatorios y que presenta una tendencia negativa durante la \u00e9poca morisca. Una actividad en la que su producci\u00f3n, miel y cera, deb\u00eda tener un elevado valor a\u00f1adido, en el contexto de la econom\u00eda familiar de subsistencia en la que se circunscrib\u00eda, puesto que permit\u00eda a sus propietarios pagar elevados costes de arrendamiento de las hierbas. Una trashumancia con un origen geogr\u00e1fico que casi nunca superaba el medio centenar de kil\u00f3metros y que se nucleaba en torno a la propia Tierra de Vera, en las poblaciones moriscas, en los n\u00facleos cercanos de Filabres e incluso en la cabecera del r\u00edo Almanzora, que se desarrollaba, en cuanto a su cronolog\u00eda, de forma paralela a la de los dem\u00e1s reba\u00f1os de otras especies.<\/p>\n<p>\u00a0<\/p>\n<p style=\"text-align: right;\">Autor: <a href=\"https:\/\/grupo.us.es\/encrucijada\/tag\/julian-pablo-diaz-lopez\/\" target=\"_blank\" rel=\"noopener\">Juli\u00e1n Pablo D\u00edaz L\u00f3pez<\/a><\/p>\n<hr \/>\n<h4><strong>Bibliograf\u00eda<\/strong><\/h4>\n<p style=\"text-align: justify;\">CABRILLANA CI\u00c9ZAR, Nicol\u00e1s, \u201cYunquera (M\u00e1laga): historia rural de un pueblo morisco (1500\u00ad1571)\u201d, en <em>Actas del II Coloquio de Historia de Andaluc\u00eda. Andaluc\u00eda Moderna I<\/em>, C\u00f3rdoba, 1983.<\/p>\n<p style=\"text-align: justify;\">VINCENT, Bernard, \u201cLes morisques et l\u2019\u00e9levage\u201d, en <em>Revue d\u2019Histoire Maghr\u00e9bine<\/em>, 61-62, 1991, pp. 155-162.<\/p>\n<p style=\"text-align: justify;\">D\u00cdAZ L\u00d3PEZ, Juli\u00e1n Pablo, \u201cLa fiscalidad concejil sobre los abejares trashumantes en la Tierra de Vera (Almer\u00eda) durante la \u00e9poca morisca\u201d, en <em>Tiempos Modernos<\/em>, 16, 2008, pp. 1-19. <a href=\"http:\/\/www.tiemposmodernos.org\/tm3\/index.php\/tm\/article\/view\/129\/138\" target=\"_blank\" rel=\"noopener\">Disponible en l\u00ednea<\/a>.<\/p>\n<\/div>\n\n\n\n<div class=\"wp-block-column is-layout-flow wp-block-column-is-layout-flow\" style=\"flex-basis:33.33%\">        <div class=\"wp-block-visual-portfolio\">\n            \n<div class=\"vp-portfolio vp-uid-986da3ce vp-id-2gBvvD\"\n    data-vp-layout=\"masonry\" data-vp-items-style=\"emerge\" data-vp-items-click-action=\"popup_gallery\" data-vp-items-gap=\"15\" data-vp-items-gap-vertical=\"\" data-vp-pagination=\"load-more\" data-vp-next-page-url=\"\" data-vp-masonry-columns=\"1\" >\n    <div class=\"vp-portfolio__preloader-wrap\">\n        <div class=\"vp-portfolio__preloader\">\n            <img decoding=\"async\" loading=\"eager\" src=\"https:\/\/grupo.us.es\/encrucijada\/wp-content\/plugins\/visual-portfolio\/assets\/images\/logo-dark.svg\" alt=\"Visual Portfolio, Posts &amp; Image Gallery para WordPress\" width=\"20\" height=\"20\" data-skip-lazy>\n        <\/div>\n    <\/div>\n        <div class=\"vp-portfolio__items-wrap\">\n            \n<div class=\"vp-portfolio__items vp-portfolio__items-style-emerge vp-portfolio__items-show-overlay-hover vp-portfolio__items-show-img-overlay-hover\">\n\n        <div class=\"vp-portfolio__item-wrap vp-portfolio__item-uid-28bd743b\" data-vp-filter=\"\">\n                        <div class=\"vp-portfolio__item-popup\"\n                style=\"display: none;\"\n                data-vp-popup-img=\"https:\/\/grupo.us.es\/encrucijada\/wp-content\/uploads\/2023\/01\/colmenas1.png\"\n                data-vp-popup-img-srcset=\"\"\n                data-vp-popup-img-size=\"862x392\"\n                data-vp-popup-md-img=\"https:\/\/grupo.us.es\/encrucijada\/wp-content\/uploads\/2023\/01\/colmenas1.png\"\n                data-vp-popup-md-img-size=\"862x392\"\n                data-vp-popup-sm-img=\"https:\/\/grupo.us.es\/encrucijada\/wp-content\/uploads\/2023\/01\/colmenas1.png\"\n                data-vp-popup-sm-img-size=\"862x392\"\n            >\n                                    <h3 class=\"vp-portfolio__item-popup-title\">Evoluci\u00f3n del n\u00famero de colmenas que llegan a la Tierra de Vera (1528-1597)<\/h3>\n                                        <div class=\"vp-portfolio__item-popup-description\">Evoluci\u00f3n del n\u00famero de colmenas que llegan a la Tierra de Vera (1528-1597). Fuente: Archivo Municipal de Vera, Libros de registro de herbajes, L-947. Elaborado por Juli\u00e1n Pablo D\u00edaz L\u00f3pez.<\/div>\n                                <\/div>\n                                    <figure class=\"vp-portfolio__item\">\n                \n<div class=\"vp-portfolio__item-img-wrap\">\n    <div class=\"vp-portfolio__item-img\">\n        <a  href=\"https:\/\/grupo.us.es\/encrucijada\/wp-content\/uploads\/2023\/01\/colmenas1.png\" >\n        <img loading=\"lazy\" decoding=\"async\" width=\"862\" height=\"392\" src=\"https:\/\/grupo.us.es\/encrucijada\/wp-content\/uploads\/2023\/01\/colmenas1.png\" class=\"wp-image-3638\" alt=\"\" \/>\n        <div class=\"vp-portfolio__item-img-overlay\"><\/div>\n\n        <\/a>    <\/div>\n<\/div>\n\n<figcaption class=\"vp-portfolio__item-overlay vp-portfolio__item-align-center\">\n            <div class=\"vp-portfolio__item-meta-wrap vp-portfolio__custom-scrollbar\">\n            <div class=\"vp-portfolio__item-meta\">\n                \n<h2 class=\"vp-portfolio__item-meta-title\">\n    <a  href=\"https:\/\/grupo.us.es\/encrucijada\/wp-content\/uploads\/2023\/01\/colmenas1.png\" >Evoluci\u00f3n del n\u00famero de colmenas que llegan a la Tierra de Vera (1528-1597)<\/a><\/h2>\n            <\/div>\n        <\/div>\n    <\/figcaption>\n            <\/figure>\n                    <\/div>\n        \n        <div class=\"vp-portfolio__item-wrap vp-portfolio__item-uid-62da6d1d\" data-vp-filter=\"\">\n                        <div class=\"vp-portfolio__item-popup\"\n                style=\"display: none;\"\n                data-vp-popup-img=\"https:\/\/grupo.us.es\/encrucijada\/wp-content\/uploads\/2023\/01\/colmenas2.png\"\n                data-vp-popup-img-srcset=\"\"\n                data-vp-popup-img-size=\"768x392\"\n                data-vp-popup-md-img=\"https:\/\/grupo.us.es\/encrucijada\/wp-content\/uploads\/2023\/01\/colmenas2.png\"\n                data-vp-popup-md-img-size=\"768x392\"\n                data-vp-popup-sm-img=\"https:\/\/grupo.us.es\/encrucijada\/wp-content\/uploads\/2023\/01\/colmenas2.png\"\n                data-vp-popup-sm-img-size=\"768x392\"\n            >\n                                    <h3 class=\"vp-portfolio__item-popup-title\">Precios medios del \u201cpasto\u201d de colmenas y ovino-caprino en la Tierra de Vera (mrs) (1531-1592)<\/h3>\n                                        <div class=\"vp-portfolio__item-popup-description\">Precios medios del \u201cpasto\u201d de colmenas y ovino-caprino en la Tierra de Vera (mrs) (1531-1592). Fuente: Archivo Municipal de Vera, Libros de registro de herbajes, L-947.  Elaborado por Juli\u00e1n Pablo D\u00edaz L\u00f3pez.<\/div>\n                                <\/div>\n                                    <figure class=\"vp-portfolio__item\">\n                \n<div class=\"vp-portfolio__item-img-wrap\">\n    <div class=\"vp-portfolio__item-img\">\n        <a  href=\"https:\/\/grupo.us.es\/encrucijada\/wp-content\/uploads\/2023\/01\/colmenas2.png\" >\n        <img loading=\"lazy\" decoding=\"async\" width=\"768\" height=\"392\" src=\"https:\/\/grupo.us.es\/encrucijada\/wp-content\/uploads\/2023\/01\/colmenas2.png\" class=\"wp-image-3639\" alt=\"\" \/>\n        <div class=\"vp-portfolio__item-img-overlay\"><\/div>\n\n        <\/a>    <\/div>\n<\/div>\n\n<figcaption class=\"vp-portfolio__item-overlay vp-portfolio__item-align-center\">\n            <div class=\"vp-portfolio__item-meta-wrap vp-portfolio__custom-scrollbar\">\n            <div class=\"vp-portfolio__item-meta\">\n                \n<h2 class=\"vp-portfolio__item-meta-title\">\n    <a  href=\"https:\/\/grupo.us.es\/encrucijada\/wp-content\/uploads\/2023\/01\/colmenas2.png\" >Precios medios del \u201cpasto\u201d de colmenas y ovino-caprino en la Tierra de Vera (mrs) (1531-1592)<\/a><\/h2>\n            <\/div>\n        <\/div>\n    <\/figcaption>\n            <\/figure>\n                    <\/div>\n        \n<\/div>\n        <\/div>\n        \n<\/div>\n        <\/div>\n        <\/div>\n<\/div>\n","protected":false},"excerpt":{"rendered":"<p>La trashumancia ha sido analizada casi siempre por la historiograf\u00eda contempor\u00e1nea en la Meseta castellana; adem\u00e1s, la mayor\u00eda de los estudios se han centrado en los traslados de los reba\u00f1os de ovino y vacuno. En el caso que presentamos se va a realizar un acercamiento centrado en una especie muy poco frecuente por desconocida, las [&hellip;]<\/p>\n","protected":false},"author":1,"featured_media":3638,"comment_status":"closed","ping_status":"","sticky":false,"template":"","format":"standard","meta":{"_vp_format_video_url":"","_vp_image_focal_point":[],"footnotes":""},"categories":[4,197],"tags":[70],"class_list":["post-3637","post","type-post","status-publish","format-standard","has-post-thumbnail","hentry","category-economia","category-sector-primario","tag-julian-pablo-diaz-lopez","entry","has-media"],"_links":{"self":[{"href":"https:\/\/grupo.us.es\/encrucijada\/wp-json\/wp\/v2\/posts\/3637","targetHints":{"allow":["GET"]}}],"collection":[{"href":"https:\/\/grupo.us.es\/encrucijada\/wp-json\/wp\/v2\/posts"}],"about":[{"href":"https:\/\/grupo.us.es\/encrucijada\/wp-json\/wp\/v2\/types\/post"}],"author":[{"embeddable":true,"href":"https:\/\/grupo.us.es\/encrucijada\/wp-json\/wp\/v2\/users\/1"}],"replies":[{"embeddable":true,"href":"https:\/\/grupo.us.es\/encrucijada\/wp-json\/wp\/v2\/comments?post=3637"}],"version-history":[{"count":1,"href":"https:\/\/grupo.us.es\/encrucijada\/wp-json\/wp\/v2\/posts\/3637\/revisions"}],"predecessor-version":[{"id":3640,"href":"https:\/\/grupo.us.es\/encrucijada\/wp-json\/wp\/v2\/posts\/3637\/revisions\/3640"}],"wp:featuredmedia":[{"embeddable":true,"href":"https:\/\/grupo.us.es\/encrucijada\/wp-json\/wp\/v2\/media\/3638"}],"wp:attachment":[{"href":"https:\/\/grupo.us.es\/encrucijada\/wp-json\/wp\/v2\/media?parent=3637"}],"wp:term":[{"taxonomy":"category","embeddable":true,"href":"https:\/\/grupo.us.es\/encrucijada\/wp-json\/wp\/v2\/categories?post=3637"},{"taxonomy":"post_tag","embeddable":true,"href":"https:\/\/grupo.us.es\/encrucijada\/wp-json\/wp\/v2\/tags?post=3637"}],"curies":[{"name":"wp","href":"https:\/\/api.w.org\/{rel}","templated":true}]}}