{"id":2779,"date":"2022-09-14T07:43:06","date_gmt":"2022-09-14T07:43:06","guid":{"rendered":"https:\/\/grupo.us.es\/encrucijada\/?p=2779"},"modified":"2022-09-14T07:43:06","modified_gmt":"2022-09-14T07:43:06","slug":"la-oligarquia-gaditana-en-los-siglos-xvi-y-xvii","status":"publish","type":"post","link":"https:\/\/grupo.us.es\/encrucijada\/la-oligarquia-gaditana-en-los-siglos-xvi-y-xvii\/","title":{"rendered":"La oligarqu\u00eda gaditana en los siglos XVI y XVII"},"content":{"rendered":"\n<div class=\"wp-block-columns is-layout-flex wp-container-core-columns-is-layout-9d6595d7 wp-block-columns-is-layout-flex\">\n<div class=\"wp-block-column is-layout-flow wp-block-column-is-layout-flow\" style=\"flex-basis:66.66%\">\n<p style=\"text-align: justify;\">En la configuraci\u00f3n de las \u00e9lites gaditanas modernas confluyeron elementos diversos que se amalgamaron entre s\u00ed. De un lado, los descendientes de los primeros pobladores de la ciudad tras su incorporaci\u00f3n a la Corona de Castilla en la segunda mitad del siglo XIII; por otro, elementos de la nobleza jerezana que entroncaron con las familias de la oligarqu\u00eda gaditana; finalmente, los numerosos mercaderes for\u00e1neos que acudieron a partir del siglo XIV en sucesivas oleadas al calor del proceso de revalorizaci\u00f3n de <a href=\"https:\/\/grupo.us.es\/encrucijada\/el-puerto-de-cadiz-y-el-comercio-atlantico\/\" target=\"_blank\" rel=\"noopener\">C\u00e1diz<\/a> como plaza mercantil, entre los que destacaron particularmente los <a href=\"http:\/\/www2.ual.es\/ideimand\/512-2\/\" target=\"_blank\" rel=\"noopener\">genoveses<\/a>, pero tambi\u00e9n los <a href=\"https:\/\/grupo.us.es\/encrucijada\/florentinos-y-milaneses-en-la-andalucia-del-renacimiento\/\" target=\"_blank\" rel=\"noopener\">florentinos<\/a>, los <a href=\"https:\/\/grupo.us.es\/encrucijada\/ingleses-en-andalucia-en-el-siglo-xvi\/\" target=\"_blank\" rel=\"noopener\">brit\u00e1nicos<\/a> y los <a href=\"http:\/\/www2.ual.es\/ideimand\/los-flamencos-en-andalucia\/\" target=\"_blank\" rel=\"noopener\">flamencos<\/a>.<\/p>\n<p style=\"text-align: justify;\">Todos estos elementos establecieron s\u00f3lidos lazos, tanto de tipo comercial como de \u00edndole relacional y familiar, logrando tejer una tupida red de parentesco que sirvi\u00f3 eficazmente a sus intereses individuales y grupales. El mundo de los negocios y la pol\u00edtica local, estrechamente vinculada al mismo, se desarrollaron as\u00ed en gran medida sobre la base de un intenso circuito de relaciones familiares que sirvi\u00f3 para reforzar la posici\u00f3n y asegurar la reproducci\u00f3n de una clase dirigente de acusadas tendencias endog\u00e1micas, aunque permanentemente abierta a la incorporaci\u00f3n de elementos nuevos, que logr\u00f3 autoperpetuarse a lo largo de los siglos modernos.<\/p>\n<p style=\"text-align: justify;\">Las estrategias matrimoniales jugaron, desde luego, un papel destacado en la configuraci\u00f3n de esa red de parentesco. Tales v\u00ednculos ten\u00edan significados y consecuencias pr\u00e1cticas innegables. Para empezar, apuntan a la pr\u00e1ctica de una intensa homogamia y endogamia dentro de la \u00e9lite gaditana. Sin embargo, ello no significa que se tratara de un grupo cerrado a la incorporaci\u00f3n de elementos nuevos. Todo lo contrario, el car\u00e1cter abierto del mundo mercantil gaditano de los siglos modernos implic\u00f3 una permanente renovaci\u00f3n de la clase comercial, a la que se fueron sumando nuevos agentes de muy diversas procedencias. En los siglos XVI y XVII se produjo una r\u00e1pida asimilaci\u00f3n de estos nuevos elementos, que se incorporaron con extraordinaria celeridad a la \u00e9lite dirigente urbana, representada por el c\u00edrculo de regidores perpetuos. Desde las \u00faltimas d\u00e9cadas del XVII, la incorporaci\u00f3n de elementos mercantiles fue igualmente \u00e1gil y din\u00e1mica; no obstante, se constataba ya el bloqueo estamental de las regidur\u00edas a cargo de las viejas familias integrantes de la oligarqu\u00eda ciudadana. El traslado a C\u00e1diz de la <a href=\"http:\/\/www2.ual.es\/ideimand\/la-casa-de-contratacion\/\" target=\"_blank\" rel=\"noopener\">Casa de Contrataci\u00f3n<\/a> y del <a href=\"http:\/\/www2.ual.es\/ideimand\/el-consulado-de-cargadores-a-indias\/\" target=\"_blank\" rel=\"noopener\">Consulado de Indias<\/a> proporcion\u00f3 sin embargo a los comerciantes cauces de representaci\u00f3n y de intervenci\u00f3n p\u00fablica que suavizaron aquel bloqueo, aunque fueron el origen de otro tipo de tensiones.<\/p>\n<p style=\"text-align: justify;\">El matrimonio entre miembros de las familias integrantes de la \u00e9lite socio-mercantil en el C\u00e1diz de comienzos de la Edad Moderna tuvo efectos diversos:<\/p>\n<p style=\"text-align: justify;\">a) En primer lugar, constituy\u00f3 un eficaz factor de integraci\u00f3n para los comerciantes reci\u00e9n llegados, que emparentaron con familias anteriormente asentadas en la ciudad incorpor\u00e1ndose as\u00ed a las redes relacionales ya existentes.<\/p>\n<p style=\"text-align: justify;\">b) En segundo lugar, los matrimonios permitieron generar o reforzar alianzas mercantiles en el seno de las redes familiares del comercio. No es infrecuente encontrar matrimonios concertados entre familias asociadas a trav\u00e9s de compa\u00f1\u00edas mercantiles, por lo que en este tipo de uniones familiares se reconocen tambi\u00e9n estrategias y motivaciones de car\u00e1cter econ\u00f3mico y basadas en el inter\u00e9s mutuo.<\/p>\n<p style=\"text-align: justify;\">c) En tercer lugar, los v\u00ednculos familiares representaron un poderoso instrumento de control patrimonial. Los procesos de fundaci\u00f3n de v\u00ednculos y mayorazgos apuntan a la existencia de calculadas estrategias de inversi\u00f3n y acumulaci\u00f3n, que tuvieron efectos evidentes en el ascenso social de estas familias y tendieron a la perpetuaci\u00f3n de las bases econ\u00f3micas de su poder. La transformaci\u00f3n del capital de origen mercantil en propiedades inmuebles urbanas y r\u00fasticas vinculadas familiarmente no represent\u00f3, en consecuencia, una manifestaci\u00f3n de la \u201ctraici\u00f3n de la burgues\u00eda\u201d, sino la expresi\u00f3n genuina de su triunfo.<\/p>\n<p style=\"text-align: justify;\">d) Finalmente, la endogamia grupal dentro de la \u00e9lite mercantil gaditana constituy\u00f3 una conveniente herramienta de control pol\u00edtico, por cuanto los oficios municipales, tambi\u00e9n vinculados, representaron un potente mecanismo de intervenci\u00f3n p\u00fablica y otorg\u00f3 a sus poseedores autoridad, notoriedad, facultad para manejar los asuntos en inter\u00e9s propio y capacidad de negociaci\u00f3n con las instancias superiores de poder.<\/p>\n<p style=\"text-align: justify;\">La trayectoria seguida por las familias integrantes de la elite gaditana fue muy similar, observando un modelo de comportamiento social homog\u00e9neo con unos hitos claramente reconocibles. Entre ellas hubo varias, muy destacadas, como los Estopi\u00f1\u00e1n, los L\u00f3pez de Morla o los Villavicencio, que proced\u00edan de la nobleza de caballeros urbanos jerezanos vinculados a la milicia y a la propiedad de la tierra. Pero tambi\u00e9n los mercaderes venidos de Italia, de Inglaterra o de los Pa\u00edses Bajos protagonizaron un proceso de asimilaci\u00f3n y de ascenso social, reproducido una y otra vez, que los encumbr\u00f3 r\u00e1pidamente como \u00e9lite ciudadana.<\/p>\n<p style=\"text-align: justify;\">El enriquecimiento mediante la pr\u00e1ctica de los negocios, en primer lugar, los situ\u00f3 en muy buena posici\u00f3n para adquirir oficios municipales en una ciudad plet\u00f3rica de oportunidades de promoci\u00f3n. Este denominador com\u00fan, el de ser comerciantes y regidores perpetuos, es el que mejor los define como oligarqu\u00eda econ\u00f3mica y pol\u00edtica urbana en los siglos XVI y XVII. Sorprende la rapidez con la que los mercaderes de origen extranjero lograron acceder al cabildo gaditano. Un ejemplo claro es el de Polo Batista de Negr\u00f3n, quien en 1493 obten\u00eda el permiso real para venir a comerciar y tan s\u00f3lo doce a\u00f1os despu\u00e9s, en 1505, ya era regidor. Otro ejemplo similar, aunque algo posterior en el tiempo, es el de Santi Fantoni. Aunque no conocemos la fecha exacta de su llegada a C\u00e1diz, s\u00ed nos consta que en 1575 contrajo matrimonio en la ciudad, y que en 1580 se hallaba ya s\u00f3lidamente asentado en el comercio de Indias. A fines del siglo XVI no s\u00f3lo actuaba como c\u00f3nsul de Florencia en C\u00e1diz, sino que tambi\u00e9n figuraba como regidor perpetuo. As\u00ed pues, los mercaderes extranjeros instalados en C\u00e1diz durante los siglos XVI y XVII tuvieron grandes oportunidades de adquirir y vincular oficios p\u00fablicos municipales en la primera o la segunda generaci\u00f3n familiar. Entre los regidores perpetuos de la ciudad encontramos a los Boqu\u00edn, los Chilton, los Colarte, los Doria, los Fantoni, los Lila, los Marrufo, los Negr\u00f3n y los Sopranis.<\/p>\n<p style=\"text-align: justify;\">El af\u00e1n por ascender puestos en la escala del prestigio social se proyect\u00f3 en los grupos dirigentes urbanos del C\u00e1diz de la temprana Edad Moderna hacia la carrera nobiliaria. Los elementos procedentes de la antigua nobleza jerezana no tuvieron ning\u00fan obst\u00e1culo para ver reconocido su estatus. Tampoco parece que los tuvieran en demas\u00eda los mercaderes extranjeros, que alegaron disponer de una ascendencia noble en sus pa\u00edses de origen, sin que en apariencia les fuera discutida. As\u00ed, por ejemplo, los italianos argumentaron que proven\u00edan de acreditadas familias del patriciado genov\u00e9s o florentino. Pero fue sobre todo la capacidad que tuvieron esos mercaderes para incrustarse con rapidez en la oligarqu\u00eda pol\u00edtica gaditana mediante la adquisici\u00f3n de regidur\u00edas y oficios p\u00fablicos municipales y, consecuentemente, el desempe\u00f1o de puestos en las milicias urbanas, as\u00ed como la adopci\u00f3n de los signos externos de la condici\u00f3n nobiliaria, lo que les granje\u00f3 opini\u00f3n de nobles en aquella peque\u00f1a rep\u00fablica urbana y mercantil, por lo dem\u00e1s fuertemente militarizada, que fue el C\u00e1diz de los siglos XVI y XVII.<\/p>\n<p style=\"text-align: justify;\">As\u00ed pues, la nobleza, como catalizador de la calidad y el prestigio social, represent\u00f3 un prop\u00f3sito perseguido por la elite mercantil gaditana, que puso en pr\u00e1ctica estrategias dirigidas a afianzar su estatus y a progresar dentro de la jerarqu\u00eda nobiliaria, sin que su dedicaci\u00f3n a los negocios les supusiera ning\u00fan obst\u00e1culo para conseguirlo.<\/p>\n<p style=\"text-align: justify;\">Para alcanzar sus prop\u00f3sitos de ascensi\u00f3n social, a los miembros de la elite gaditana les result\u00f3 extraordinariamente \u00fatil la sucesi\u00f3n de entronques, por v\u00eda de matrimonio, que llevaron a cabo. Consolidaban de este modo su posici\u00f3n en el seno de un grupo dominante caracterizado no s\u00f3lo por el control del poder econ\u00f3mico y pol\u00edtico urbano y por la ostentaci\u00f3n de puestos en la milicia (en una ciudad que, como presidio que era, ten\u00eda un fuerte car\u00e1cter militar), sino tambi\u00e9n por sus claras aspiraciones nobiliarias. Unas aspiraciones que, desde fines del siglo XVI, pero sobre todo en el siglo XVII, tuvieron una meta definida en la adquisici\u00f3n de h\u00e1bitos de las \u00d3rdenes Militares. La admisi\u00f3n como caballero de una Orden Militar representaba una certificaci\u00f3n de estatus nobiliario indiscutida y resultaba una situaci\u00f3n muy apreciada y apetecida. Por lo dem\u00e1s, se fundamentaba en unos principios que constitu\u00edan profundos valores arraigados en el seno de la sociedad castellana, al tiempo que estrictos requisitos, como eran los de cristiandad vieja, limpieza de sangre e hidalgu\u00eda.<\/p>\n<p style=\"text-align: justify;\">Entre los mecanismos m\u00e1s eficaces para la acreditaci\u00f3n de la limpieza de sangre se encontraban las familiaturas y cargos del Santo Oficio. As\u00ed, por ejemplo, Diego de Villavicencio fue alguacil mayor del Santo Oficio y regidor de la ciudad. Varios miembros m\u00e1s de su familia estuvieron tambi\u00e9n estrechamente vinculados a este tribunal.<\/p>\n<p style=\"text-align: justify;\">No menos de una veintena larga de familias de la elite gaditana, muchas de ellas de origen comerciante, tuvieron miembros que ingresaron en alguna de las \u00d3rdenes Militares castellanas. La mayor\u00eda de ellos lo hizo en el siglo XVII, durante los reinados de Felipe IV y Carlos II. De 1626 data el expediente de ingreso en la Orden de Santiago de Bartolom\u00e9 de Estopi\u00f1\u00e1n Doria. En 1699 se sustanciaron los expedientes de J\u00e1come y Rafael Fantoni Sopranis. Sobre una amplia muestra de familias encontramos 14 vinculadas a la orden de Santiago, 14 a la de Calatrava, 7 a la de Alc\u00e1ntara y 2 a la de San Juan.<\/p>\n<p style=\"text-align: justify;\">Los mercaderes del siglo XVI y sus descendientes utilizaron tambi\u00e9n la adquisici\u00f3n de bienes inmuebles como inversi\u00f3n econ\u00f3mica y socialmente rentable. La adquisici\u00f3n de inmuebles urbanos se fue perfilando cada vez m\u00e1s como un negocio lucrativo a medida que C\u00e1diz crec\u00eda como resultado del papel que desempe\u00f1\u00f3 la ciudad en el <a href=\"http:\/\/www2.ual.es\/ideimand\/impuestos-sobre-el-comercio-de-indias-almojarifazgos-de-indias-alcabalas-averia\/\" target=\"_blank\" rel=\"noopener\">comercio de Indias<\/a>. Esta tendencia alcanzar\u00eda su c\u00e9nit en el siglo XVIII, pero ya hab\u00eda comenzado en las anteriores centurias. Los comerciantes compraron inmuebles urbanos, en primer lugar, para edificar sus casas principales, que les serv\u00edan al mismo tiempo de residencia y como almacenes de mercanc\u00edas o tiendas. En segundo lugar, como forma de inversi\u00f3n productiva en el mercado de los alquileres urbanos. Y, por \u00faltimo, como forma de adquirir prestigio. Fue frecuente que la \u00e9lite mercantil gaditana vinculara sus bienes. Ese tipo de decisiones se inscrib\u00eda en una pr\u00e1ctica social generalizada entre los miembros de la nobleza, pero tuvo un significado especial entre la elite mercantil gaditana como medio de aseguramiento del capital y como plasmaci\u00f3n pr\u00e1ctica del intento de perpetuaci\u00f3n del poder econ\u00f3mico familiar obtenido mediante el comercio.<\/p>\n<p style=\"text-align: justify;\">Para algunas de las familias de la \u00e9lite gaditana la culminaci\u00f3n de su carrera social ascendente lleg\u00f3 en el siglo XVII con la adquisici\u00f3n de se\u00f1or\u00edos de vasallos y de t\u00edtulos de la nobleza castellana, una tendencia que se intensificar\u00eda notablemente en el siglo XVIII, la centuria dorada de C\u00e1diz. Aprovecharon para ello las oportunidades que depar\u00f3 la venalidad de honores que se produjo durante los reinados de Felipe IV y, sobre todo, de Carlos II. Las ventas de se\u00f1or\u00edo aprovecharon a una Real Hacienda angustiosamente necesitada de recursos, pero tambi\u00e9n a las poderosas \u00e9lites vinculadas a la <a href=\"http:\/\/www2.ual.es\/ideimand\/la-carrera-de-indias\/\" target=\"_blank\" rel=\"noopener\">Carrera de Indias<\/a>, que de este modo alcanzaron los m\u00e1s altos escalones de la nobleza.<\/p>\n<p style=\"text-align: justify;\">No en la ciudad de C\u00e1diz, pero s\u00ed en su bah\u00eda, el <a href=\"https:\/\/grupo.us.es\/encrucijada\/francisco-diaz-pimienta-el-meteorico-ascenso-de-un-general-de-la-flota-de-indias\/\" target=\"_blank\" rel=\"noopener\">general D\u00edaz Pimienta<\/a> compr\u00f3 la villa de Puerto Real por precio de 13.844.635 maraved\u00eds de plata. Por su parte, Juan N\u00fa\u00f1ez de Villavicencio y Negr\u00f3n, alguacil mayor de la Inquisici\u00f3n, regidor de C\u00e1diz y veinticuatro de Jerez de la Frontera, fue se\u00f1or de la villa de Casal de Montalvin. En 1667, Esteban Chilton Fantoni compr\u00f3 el se\u00f1or\u00edo de Jimera de L\u00edbar y en 1684 obtuvo los t\u00edtulos de conde de Jimera de L\u00edbar, de la Fuensanta y Asperilla y vizconde de Almendralejo. El se\u00f1or\u00edo y el t\u00edtulo sirvieron m\u00e1s para dar lustre al apellido que riqueza a la familia, pues esta inici\u00f3 a partir de entonces una etapa de acusado declive econ\u00f3mico. Tambi\u00e9n Pedro Colarte compr\u00f3 un se\u00f1or\u00edo: el de la villa de El Pedroso, obteniendo el t\u00edtulo de marqu\u00e9s del mismo nombre en 1690. Y su yerno, Jos\u00e9 de Lila y Vald\u00e9s, comerciante con Am\u00e9rica procedente de una familia flamenca asentada en Sanl\u00facar de Barrameda, caballero de Calatrava y regidor de C\u00e1diz, compr\u00f3 la jurisdicci\u00f3n de Villamart\u00edn y alcanz\u00f3 en 1685 el t\u00edtulo de marqu\u00e9s de los \u00c1lamos de Guadalete.<\/p>\n<p style=\"text-align: justify;\">Algunos de los miembros de las distinguidas familias de la \u00e9lite de C\u00e1diz llegaron incluso a desempe\u00f1ar puestos en la Corte. As\u00ed, por ejemplo, Francisco de Soto, caballero de Santiago y regidor de la ciudad, fue gentilhombre de la boca del rey y alguacil mayor del Consejo de Estado. Don Rodrigo de Villavicencio, hijo de don Juan N\u00fa\u00f1ez de Villavicencio, fue por su parte menino de la reina.<\/p>\n<p>\u00a0<\/p>\n<p style=\"text-align: right;\">Autor: <a href=\"https:\/\/grupo.us.es\/encrucijada\/tag\/juan-jose-iglesias-rodriguez\/\" target=\"_blank\" rel=\"noopener\">Juan Jos\u00e9 Iglesias Rodr\u00edguez<\/a><\/p>\n<hr \/>\n<h4><strong>Fuentes<\/strong><\/h4>\n<p style=\"text-align: justify;\">DE LA CONCEPCI\u00d3N, fray Ger\u00f3nimo de, <em>Emporio de el orbe. C\u00e1diz ilustrada<\/em>, \u00c1msterdam, Imprenta de Joan Bus, 1690. En <em><a href=\"http:\/\/www.bibliotecavirtualdeandalucia.es\/catalogo\/es\/consulta\/registro.cmd?id=6636\" target=\"_blank\" rel=\"noopener\">Biblioteca Virtual de Andaluc\u00eda<\/a>.\u00a0 <\/em><\/p>\n<p style=\"text-align: justify;\">HOROZCO, Agust\u00edn, <em>Historia de C\u00e1diz<\/em>, C\u00e1diz, Ayuntamiento, 1845. En <em><a href=\"http:\/\/www.bibliotecavirtualdeandalucia.es\/catalogo\/es\/consulta\/registro.cmd?id=1023974\" target=\"_blank\" rel=\"noopener\">Biblioteca Virtual de Andaluc\u00eda<\/a>.\u00a0 <\/em><\/p>\n<h4><strong>Bibliograf\u00eda<\/strong><\/h4>\n<p style=\"text-align: justify;\">BUSTOS RODR\u00cdGUEZ, Manuel, \u201cPoder econ\u00f3mico y poder pol\u00edtico en el C\u00e1diz de la Edad Moderna\u201d, en <em>Gades<\/em>, 14, 1986, pp. 29-43.<\/p>\n<p style=\"text-align: justify;\">BUSTOS RODR\u00cdGUEZ, Manuel, <em>Burgues\u00eda de negocios y capitalismo: los Colarte (1650-1750)<\/em>, C\u00e1diz, Diputaci\u00f3n Provincial, 1991.<\/p>\n<p style=\"text-align: justify;\">DE LA PASCUA S\u00c1NCHEZ, Mar\u00eda Jos\u00e9, \u201cFamilia, matrimonio y redes de poder entre la \u00e9lite social gaditana de los siglos XVII y XVIII\u201d, en SORIA, Enrique; BRAVO, Juan Jes\u00fas y DELGADO, Jos\u00e9 Miguel (coord.), <em>Las \u00e9lites en la \u00e9poca moderna. La monarqu\u00eda espa\u00f1ola<\/em>, C\u00f3rdoba, Universidad de C\u00f3rdoba, vol. 1, pp. 157-174.<\/p>\n<p style=\"text-align: justify;\">IGLESIAS RODR\u00cdGUEZ, Juan Jos\u00e9, \u201cRedes familiares y \u00e9lites mercantiles internacionales en la Andaluc\u00eda atl\u00e1ntica moderna (C\u00e1diz, siglos XVI-XVII)\u201d, en S\u00c1NCHEZ-MONTES GONZ\u00c1LEZ, Francisco; LOZANO NAVARRO, Juli\u00e1n J. y JIM\u00c9NEZ ESTRELLA, Antonio (eds.), <em>Familias, \u00e9lites y redes de poder cosmopolitas de la Monarqu\u00eda Hisp\u00e1nica en la Edad Moderna<\/em>, Granada, Comares, 2016, pp. 143-169.<\/p>\n<p style=\"text-align: justify;\">S\u00c1NCHEZ SAUS, Rafael, <em>Linajes medievales de Jerez de la Frontera<\/em>, Sevilla, Guadalquivir, 1996.<\/p>\n<\/div>\n\n\n\n<div class=\"wp-block-column is-layout-flow wp-block-column-is-layout-flow\" style=\"flex-basis:33.33%\">        <div class=\"wp-block-visual-portfolio\">\n            \n<div class=\"vp-portfolio vp-uid-1f3db7b7 vp-id-ZaILlg\"\n    data-vp-layout=\"masonry\" data-vp-items-style=\"emerge\" data-vp-items-click-action=\"popup_gallery\" data-vp-items-gap=\"15\" data-vp-items-gap-vertical=\"\" data-vp-pagination=\"load-more\" data-vp-next-page-url=\"\" data-vp-masonry-columns=\"1\" >\n    <div class=\"vp-portfolio__preloader-wrap\">\n        <div class=\"vp-portfolio__preloader\">\n            <img decoding=\"async\" loading=\"eager\" src=\"https:\/\/grupo.us.es\/encrucijada\/wp-content\/plugins\/visual-portfolio\/assets\/images\/logo-dark.svg\" alt=\"Visual Portfolio, Posts &amp; Image Gallery para WordPress\" width=\"20\" height=\"20\" data-skip-lazy>\n        <\/div>\n    <\/div>\n        <div class=\"vp-portfolio__items-wrap\">\n            \n<div class=\"vp-portfolio__items vp-portfolio__items-style-emerge vp-portfolio__items-show-overlay-hover vp-portfolio__items-show-img-overlay-hover\">\n\n        <div class=\"vp-portfolio__item-wrap vp-portfolio__item-uid-843d22cd\" data-vp-filter=\"\">\n                        <div class=\"vp-portfolio__item-popup\"\n                style=\"display: none;\"\n                data-vp-popup-img=\"https:\/\/grupo.us.es\/encrucijada\/wp-content\/uploads\/2022\/05\/cadetes2.jpeg\"\n                data-vp-popup-img-srcset=\"\"\n                data-vp-popup-img-size=\"1436x1054\"\n                data-vp-popup-md-img=\"https:\/\/grupo.us.es\/encrucijada\/wp-content\/uploads\/2022\/05\/cadetes2.jpeg\"\n                data-vp-popup-md-img-size=\"1436x1054\"\n                data-vp-popup-sm-img=\"https:\/\/grupo.us.es\/encrucijada\/wp-content\/uploads\/2022\/05\/cadetes2.jpeg\"\n                data-vp-popup-sm-img-size=\"1436x1054\"\n            >\n                                    <h3 class=\"vp-portfolio__item-popup-title\">Vista de la ciudad de C\u00e1diz en el siglo XVIII<\/h3>\n                                        <div class=\"vp-portfolio__item-popup-description\">Vista de la ciudad de C\u00e1diz en el siglo XVIII. Fuente: Biblioteca Nacional de Francia. D\u00e9partement Estampes et Photographie, LI-72 (5)-FOL.<\/div>\n                                <\/div>\n                                    <figure class=\"vp-portfolio__item\">\n                \n<div class=\"vp-portfolio__item-img-wrap\">\n    <div class=\"vp-portfolio__item-img\">\n        <a  href=\"https:\/\/grupo.us.es\/encrucijada\/wp-content\/uploads\/2022\/05\/cadetes2.jpeg\" >\n        <img loading=\"lazy\" decoding=\"async\" width=\"1436\" height=\"1054\" src=\"https:\/\/grupo.us.es\/encrucijada\/wp-content\/uploads\/2022\/05\/cadetes2.jpeg\" class=\"wp-image-1165\" alt=\"\" \/>\n        <div class=\"vp-portfolio__item-img-overlay\"><\/div>\n\n        <\/a>    <\/div>\n<\/div>\n\n<figcaption class=\"vp-portfolio__item-overlay vp-portfolio__item-align-center\">\n            <div class=\"vp-portfolio__item-meta-wrap vp-portfolio__custom-scrollbar\">\n            <div class=\"vp-portfolio__item-meta\">\n                \n<h2 class=\"vp-portfolio__item-meta-title\">\n    <a  href=\"https:\/\/grupo.us.es\/encrucijada\/wp-content\/uploads\/2022\/05\/cadetes2.jpeg\" >Vista de la ciudad de C\u00e1diz en el siglo XVIII<\/a><\/h2>\n            <\/div>\n        <\/div>\n    <\/figcaption>\n            <\/figure>\n                    <\/div>\n        \n        <div class=\"vp-portfolio__item-wrap vp-portfolio__item-uid-d885509a\" data-vp-filter=\"\">\n                        <div class=\"vp-portfolio__item-popup\"\n                style=\"display: none;\"\n                data-vp-popup-img=\"https:\/\/grupo.us.es\/encrucijada\/wp-content\/uploads\/2022\/09\/oligarquiascadiz2-2.jpeg\"\n                data-vp-popup-img-srcset=\"\"\n                data-vp-popup-img-size=\"2200x1797\"\n                data-vp-popup-md-img=\"https:\/\/grupo.us.es\/encrucijada\/wp-content\/uploads\/2022\/09\/oligarquiascadiz2-2.jpeg\"\n                data-vp-popup-md-img-size=\"2200x1797\"\n                data-vp-popup-sm-img=\"https:\/\/grupo.us.es\/encrucijada\/wp-content\/uploads\/2022\/09\/oligarquiascadiz2-2.jpeg\"\n                data-vp-popup-sm-img-size=\"2200x1797\"\n            >\n                                    <h3 class=\"vp-portfolio__item-popup-title\">Vista de la ciudad de C\u00e1diz. El palacio real y la plaza principal de C\u00e1diz. Pesca de at\u00fan en C\u00e1diz, 1729<\/h3>\n                                        <div class=\"vp-portfolio__item-popup-description\">Vista de la ciudad de C\u00e1diz. El palacio real y la plaza principal de C\u00e1diz. Pesca de at\u00fan en C\u00e1diz, 1729. Fuente: Biblioteca Nazionale Marciana Venezia, IT-VE0049 (https:\/\/www.europeana.eu\/es\/item\/447\/GEO0021286)<\/div>\n                                <\/div>\n                                    <figure class=\"vp-portfolio__item\">\n                \n<div class=\"vp-portfolio__item-img-wrap\">\n    <div class=\"vp-portfolio__item-img\">\n        <a  href=\"https:\/\/grupo.us.es\/encrucijada\/wp-content\/uploads\/2022\/09\/oligarquiascadiz2-2.jpeg\" >\n        <img loading=\"lazy\" decoding=\"async\" width=\"2200\" height=\"1797\" src=\"https:\/\/grupo.us.es\/encrucijada\/wp-content\/uploads\/2022\/09\/oligarquiascadiz2-2.jpeg\" class=\"wp-image-2783\" alt=\"\" \/>\n        <div class=\"vp-portfolio__item-img-overlay\"><\/div>\n\n        <\/a>    <\/div>\n<\/div>\n\n<figcaption class=\"vp-portfolio__item-overlay vp-portfolio__item-align-center\">\n            <div class=\"vp-portfolio__item-meta-wrap vp-portfolio__custom-scrollbar\">\n            <div class=\"vp-portfolio__item-meta\">\n                \n<h2 class=\"vp-portfolio__item-meta-title\">\n    <a  href=\"https:\/\/grupo.us.es\/encrucijada\/wp-content\/uploads\/2022\/09\/oligarquiascadiz2-2.jpeg\" >Vista de la ciudad de C\u00e1diz. El palacio real y la plaza principal de C\u00e1diz. Pesca de at\u00fan en C\u00e1diz, 1729<\/a><\/h2>\n            <\/div>\n        <\/div>\n    <\/figcaption>\n            <\/figure>\n                    <\/div>\n        \n<\/div>\n        <\/div>\n        \n<\/div>\n        <\/div>\n        <\/div>\n<\/div>\n","protected":false},"excerpt":{"rendered":"<p>En la configuraci\u00f3n de las \u00e9lites gaditanas modernas confluyeron elementos diversos que se amalgamaron entre s\u00ed. De un lado, los descendientes de los primeros pobladores de la ciudad tras su incorporaci\u00f3n a la Corona de Castilla en la segunda mitad del siglo XIII; por otro, elementos de la nobleza jerezana que entroncaron con las familias [&hellip;]<\/p>\n","protected":false},"author":1,"featured_media":1165,"comment_status":"closed","ping_status":"","sticky":false,"template":"","format":"standard","meta":{"_vp_format_video_url":"","_vp_image_focal_point":[],"footnotes":""},"categories":[109,3],"tags":[79],"class_list":["post-2779","post","type-post","status-publish","format-standard","has-post-thumbnail","hentry","category-oligarquias-locales","category-sociedad","tag-juan-jose-iglesias-rodriguez","entry","has-media"],"_links":{"self":[{"href":"https:\/\/grupo.us.es\/encrucijada\/wp-json\/wp\/v2\/posts\/2779","targetHints":{"allow":["GET"]}}],"collection":[{"href":"https:\/\/grupo.us.es\/encrucijada\/wp-json\/wp\/v2\/posts"}],"about":[{"href":"https:\/\/grupo.us.es\/encrucijada\/wp-json\/wp\/v2\/types\/post"}],"author":[{"embeddable":true,"href":"https:\/\/grupo.us.es\/encrucijada\/wp-json\/wp\/v2\/users\/1"}],"replies":[{"embeddable":true,"href":"https:\/\/grupo.us.es\/encrucijada\/wp-json\/wp\/v2\/comments?post=2779"}],"version-history":[{"count":2,"href":"https:\/\/grupo.us.es\/encrucijada\/wp-json\/wp\/v2\/posts\/2779\/revisions"}],"predecessor-version":[{"id":2784,"href":"https:\/\/grupo.us.es\/encrucijada\/wp-json\/wp\/v2\/posts\/2779\/revisions\/2784"}],"wp:featuredmedia":[{"embeddable":true,"href":"https:\/\/grupo.us.es\/encrucijada\/wp-json\/wp\/v2\/media\/1165"}],"wp:attachment":[{"href":"https:\/\/grupo.us.es\/encrucijada\/wp-json\/wp\/v2\/media?parent=2779"}],"wp:term":[{"taxonomy":"category","embeddable":true,"href":"https:\/\/grupo.us.es\/encrucijada\/wp-json\/wp\/v2\/categories?post=2779"},{"taxonomy":"post_tag","embeddable":true,"href":"https:\/\/grupo.us.es\/encrucijada\/wp-json\/wp\/v2\/tags?post=2779"}],"curies":[{"name":"wp","href":"https:\/\/api.w.org\/{rel}","templated":true}]}}