{"id":2742,"date":"2022-09-13T07:59:11","date_gmt":"2022-09-13T07:59:11","guid":{"rendered":"https:\/\/grupo.us.es\/encrucijada\/?p=2742"},"modified":"2022-09-13T07:59:11","modified_gmt":"2022-09-13T07:59:11","slug":"el-procedimiento-judicial-en-primera-instancia-como-fuente-para-la-historia-de-la-criminalidad-y-la-conflictividad-social","status":"publish","type":"post","link":"https:\/\/grupo.us.es\/encrucijada\/el-procedimiento-judicial-en-primera-instancia-como-fuente-para-la-historia-de-la-criminalidad-y-la-conflictividad-social\/","title":{"rendered":"El procedimiento judicial en primera instancia como fuente para la historia de la criminalidad y la conflictividad social"},"content":{"rendered":"\n<div class=\"wp-block-columns is-layout-flex wp-container-core-columns-is-layout-9d6595d7 wp-block-columns-is-layout-flex\">\n<div class=\"wp-block-column is-layout-flow wp-block-column-is-layout-flow\" style=\"flex-basis:66.66%\">\n<p style=\"text-align: justify;\">La documentaci\u00f3n judicial representa una fuente de primer orden para el estudio de la <a href=\"https:\/\/grupo.us.es\/encrucijada\/los-planes-de-reforma-del-sistema-carcelario\/\" target=\"_blank\" rel=\"noopener\">criminalidad<\/a>, la conflictividad y la <a href=\"https:\/\/grupo.us.es\/encrucijada\/violencia-contra-la-mujer\/\" target=\"_blank\" rel=\"noopener\">violencia<\/a> en la sociedad moderna. Su an\u00e1lisis permite tambi\u00e9n una aproximaci\u00f3n a m\u00faltiples facetas de la realidad de la vida cotidiana. El sistema judicial del Antiguo R\u00e9gimen presentaba una notable fragmentaci\u00f3n de jurisdicciones, lo que provocaba frecuentes superposiciones y frecuentes conflictos de competencias. Algunos tribunales utilizaban procedimientos espec\u00edficos que los hac\u00edan diferentes a los observados en otros de diferente naturaleza. Es dif\u00edcil reducir a un esquema \u00fanico el proceso judicial. Aunque \u00e9ste se encuentra ordenadamente expuesto en diferentes obras jur\u00eddicas y manuales para jueces, no siempre se observaba de igual manera y a menudo el procedimiento quedaba interrumpido por diferentes causas, sin llegar a sentenciarse la causa. Cuando s\u00ed hab\u00eda sentencia, no era infrecuente que esta se recurriese ante instancias superiores, lo que ten\u00eda el efecto de complicar a\u00fan m\u00e1s y de prolongar en el tiempo los procesos. En fin, la casu\u00edstica es amplia y variada.<\/p>\n<p style=\"text-align: justify;\">Exponemos a continuaci\u00f3n sucintamente el esquema b\u00e1sico de un proceso criminal en primera instancia, seg\u00fan se deduce de la propia pr\u00e1ctica judicial de los alcaldes encargados de juzgarlos:<\/p>\n<ol>\n<li style=\"text-align: justify;\">El proceso pod\u00eda iniciarse bien <em>de oficio<\/em> (poniendo el juez testimonio de los hechos que han llegado a su noticia como \u201c<em>cabeza de proceso<\/em>\u201d) o bien <em>por querella de parte<\/em>.<\/li>\n<li style=\"text-align: justify;\">A continuaci\u00f3n, el juez toma declaraci\u00f3n a los <em>testigos<\/em> de los hechos venidos a su conocimiento o denunciados. Al final del testimonio se suele consignar la edad aproximada del testigo y la firma de este, o constancia de que no firma por accidente, enfermedad o por no saber escribir. Si el proceso es por heridas o lesiones, a menudo se incluye tambi\u00e9n el <em>testimonio del cirujano<\/em>, dejando constancia de la naturaleza y gravedad de estas.<\/li>\n<li style=\"text-align: justify;\">Si de los testimonios se deduce la existencia de indicios de haberse cometido actos punibles, el juez puede decretar <em>auto de prisi\u00f3n<\/em>, que suelen ejecutar los alguaciles de la justicia, poniendo al reo bajo la custodia del alcaide de la c\u00e1rcel p\u00fablica. En algunos casos se decreta arresto domiciliario, o se pone al reo bajo la custodia de una persona de garant\u00eda, lo que ocurre a menudo en el caso de presos de calidad y de mujeres, sobre todo si gozaban de cierta posici\u00f3n. Todos los autos judiciales y notificaciones se hacen constar en el expediente. Si el reo no puede \u201cser habido\u201d (encontrado y detenido), es com\u00fan que se le busque por las iglesias y conventos del lugar, por si se ha acogido <em>a sagrado,<\/em> es decir, por si ha tomado<em> asilo eclesi\u00e1stico<\/em>. De ser as\u00ed, el juez puede tomarle declaraci\u00f3n en su refugio, pero no prenderlo, salvo en casos excepcionales previstos por la ley (p. ej.: que emplee armas dentro del recinto sagrado o violente el respeto debido al lugar). Si constata que el reo ha huido, el juez env\u00eda <em>requisitorias<\/em> a las justicias de las ciudades y villas del contorno o m\u00e1s lejanas adonde puede conjeturar que se ha marchado, a fin de que lo busquen y, en caso de encontrarlo, lo prendan y lo remitan bajo custodia al lugar en el que se le requiere.<\/li>\n<li style=\"text-align: justify;\">Una vez puesto bajo custodia, se procede a tomar <em>declaraci\u00f3n<\/em> bajo juramento al reo. El juez interroga a \u00e9ste para intentar averiguar los hechos y, a continuaci\u00f3n, puede practicar <em>diligencias<\/em> para comprobar lo declarado o reunir pruebas, as\u00ed como decretar la <em>confiscaci\u00f3n<\/em> de los bienes del reo, a fin de cubrir las responsabilidades econ\u00f3micas que pudieran derivarse del proceso y garantizar, en su caso, el pago de las costas de este.<\/li>\n<li style=\"text-align: justify;\">Cuando el juez considera que ha llegado el momento oportuno, procede a tomar <em>confesi\u00f3n<\/em> al reo. Se trata de un momento procesal m\u00e1s solemne y trascendente que la simple declaraci\u00f3n, la cual puede ser ratificada o modificada por el reo en el momento de confesar.<\/li>\n<li style=\"text-align: justify;\">Si el juez considera que existen indicios suficientes de delito, dicta auto para que la causa se traslade al <em>promotor fiscal<\/em>, que es el encargado de formalizar la acusaci\u00f3n. A su vez, el reo puede nombrar <em>procurador<\/em> para que lo represente y defienda, algo que resulta obligado en el caso de los reos menores de edad, es decir, que no han cumplido los veinticinco a\u00f1os (en este caso, el representante legal del menor recibe la denominaci\u00f3n de curador <em>ad litem<\/em>).<\/li>\n<li style=\"text-align: justify;\">Una vez formalizada la acusaci\u00f3n <em>se recibe la causa a prueba<\/em>. Parte fundamental de este momento procesal es la <em>ratificaci\u00f3n de los testigos<\/em>.<\/li>\n<li style=\"text-align: justify;\">En algunos casos excepcionales, el juez puede decretar que se someta al reo a tormento. De la correspondiente sesi\u00f3n se levanta acta puntual, cuyo contenido ha de ratificar posteriormente el reo.<\/li>\n<li style=\"text-align: justify;\">Una vez que el proceso est\u00e1 finalizado, el juez procede a dictar <em>sentencia<\/em>, que es pronunciada en presencia de testigos y posteriormente notificada al reo y ejecutada, excepto si el condenado recurre la sentencia ante un tribunal superior. Las sentencias, en funci\u00f3n de las circunstancias y de la gravedad del delito, pod\u00edan ser de muy distinto tipo, desde la pena capital hasta presidio, galeras, destierro o penas pecuniarias. Muchos de los procesos quedaban sin sentenciar, por diferentes motivos. Algunas de las causas, relativamente frecuentes, eran la composici\u00f3n privada extrajudicial entre las partes, que se resolv\u00eda ante notario (<em>escrituras de perd\u00f3n<\/em>) o la conciliaci\u00f3n entre querellante y querellado gestionada por un intermediario (<em>hacer amistad <\/em>entre las partes).<\/li>\n<\/ol>\n<p>El an\u00e1lisis de los procesos judiciales permite, entre otras cosas:<\/p>\n<ul>\n<li style=\"text-align: justify;\">Comprobar el funcionamiento de la justicia en la Edad Moderna: jurisdicciones, actores, procedimientos, resultas.<\/li>\n<li style=\"text-align: justify;\">Analizar el universo del conflicto y el delito, establecer tipolog\u00edas, tendencias, mecanismos de resoluci\u00f3n.<\/li>\n<li style=\"text-align: justify;\">Establecer relaciones entre discursos normativos y pr\u00e1cticas en el \u00e1mbito de la justicia.<\/li>\n<li style=\"text-align: justify;\">Penetrar en el universo de la vida cotidiana del Antiguo R\u00e9gimen: regulaciones (del poder o comunitarias), transgresiones, resistencias, \u00e1mbitos de sociabilidad, vida material (p. ej., a trav\u00e9s de las declaraciones de testigos o de la confiscaci\u00f3n de bienes obtenemos mucha informaci\u00f3n sobre costumbres, pr\u00e1cticas, instrumentos, muebles, ropa\u2026), etc\u00e9tera.<\/li>\n<\/ul>\n<p>\u00a0<\/p>\n<p style=\"text-align: right;\">Autor: <a href=\"https:\/\/grupo.us.es\/encrucijada\/tag\/juan-jose-iglesias-rodriguez\/\" target=\"_blank\" rel=\"noopener\">Juan Jos\u00e9 Iglesias Rodr\u00edguez<\/a><\/p>\n<hr \/>\n<h4><strong>Bibliograf\u00eda<\/strong><\/h4>\n<p style=\"text-align: justify;\">HERAS SANTOS, Jos\u00e9 Luis de las, <em>La justicia penal de los Austrias en la Corona de Castilla<\/em>, Salamanca, Universidad de Salamanca, 1994.<\/p>\n<p style=\"text-align: justify;\">IGLESIAS RODR\u00cdGUEZ, Juan Jos\u00e9, \u201cLa figura del juez local. Entre representante jurisdiccional y mediador social\u201d, en PEREZ, B\u00e9atrice y GUILLAUME-ALONSO, Araceli (eds.), <em>Figures de la monarchie espagnole des Habsbourgs. Charges, fonctions, parcours<\/em>, Lisboa, Serie Monogr\u00e1fica Alberto Benveniste, 2020.<\/p>\n<p style=\"text-align: justify;\">TOM\u00c1S Y VALIENTE, Francisco, <em>El derecho penal de la monarqu\u00eda absoluta<\/em>, Madrid, Tecnos, 1969.<\/p>\n<p style=\"text-align: justify;\">TORREMOCHA HERN\u00c1NDEZ, Margarita, \u201cEspiritualidad y moralidad en el patr\u00f3n de un juez perfecto en la Edad Moderna\u201d, en P\u00c9REZ \u00c1LVAREZ, Mar\u00eda Jos\u00e9 y MART\u00cdN GARC\u00cdA, Alfredo (coord.), <em>Religi\u00f3n, pol\u00edtica y patrimonio en la Pen\u00ednsula Ib\u00e9rica (siglos XIII-XXI)<\/em>, Madrid, S\u00edntesis, 2018, pp. 167-188.<\/p>\n<p style=\"text-align: justify;\">VILLALBA P\u00c9REZ, Enrique, <em>La administraci\u00f3n de la justicia penal en Castilla y en la Corte a comienzos del siglo XVII<\/em>, Madrid, Actas, 1993.<\/p>\n<\/div>\n\n\n\n<div class=\"wp-block-column is-layout-flow wp-block-column-is-layout-flow\" style=\"flex-basis:33.33%\">        <div class=\"wp-block-visual-portfolio\">\n            \n<div class=\"vp-portfolio vp-uid-cd41a289 vp-id-1khmA8\"\n    data-vp-layout=\"masonry\" data-vp-items-style=\"emerge\" data-vp-items-click-action=\"popup_gallery\" data-vp-items-gap=\"15\" data-vp-items-gap-vertical=\"\" data-vp-pagination=\"load-more\" data-vp-next-page-url=\"\" data-vp-masonry-columns=\"1\" >\n    <div class=\"vp-portfolio__preloader-wrap\">\n        <div class=\"vp-portfolio__preloader\">\n            <img decoding=\"async\" loading=\"eager\" src=\"https:\/\/grupo.us.es\/encrucijada\/wp-content\/plugins\/visual-portfolio\/assets\/images\/logo-dark.svg\" alt=\"Visual Portfolio, Posts &amp; Image Gallery para WordPress\" width=\"20\" height=\"20\" data-skip-lazy>\n        <\/div>\n    <\/div>\n        <div class=\"vp-portfolio__items-wrap\">\n            \n<div class=\"vp-portfolio__items vp-portfolio__items-style-emerge vp-portfolio__items-show-overlay-hover vp-portfolio__items-show-img-overlay-hover\">\n\n        <div class=\"vp-portfolio__item-wrap vp-portfolio__item-uid-d734a385\" data-vp-filter=\"\">\n                        <div class=\"vp-portfolio__item-popup\"\n                style=\"display: none;\"\n                data-vp-popup-img=\"https:\/\/grupo.us.es\/encrucijada\/wp-content\/uploads\/2022\/09\/procedimiento_judicial1.jpg\"\n                data-vp-popup-img-srcset=\"\"\n                data-vp-popup-img-size=\"4896x3672\"\n                data-vp-popup-md-img=\"https:\/\/grupo.us.es\/encrucijada\/wp-content\/uploads\/2022\/09\/procedimiento_judicial1.jpg\"\n                data-vp-popup-md-img-size=\"4896x3672\"\n                data-vp-popup-sm-img=\"https:\/\/grupo.us.es\/encrucijada\/wp-content\/uploads\/2022\/09\/procedimiento_judicial1.jpg\"\n                data-vp-popup-sm-img-size=\"4896x3672\"\n            >\n                                    <h3 class=\"vp-portfolio__item-popup-title\">Detalle de la pintura titulada &quot;Milagro de la Virgen de Atocha en las obras de construcci\u00f3n de la Casa de la Villa&quot;, hacia los a\u00f1os 1676-1700. El tema es la salvaci\u00f3n de un caballero v\u00edctima de un lance de capa y espada. \u00d3leo sobre lienzo. Museo de Historia de Madrid<\/h3>\n                                        <div class=\"vp-portfolio__item-popup-description\">Detalle de la pintura titulada \u00abMilagro de la Virgen de Atocha en las obras de construcci\u00f3n de la Casa de la Villa\u00bb, hacia los a\u00f1os 1676-1700. El tema es la salvaci\u00f3n de un caballero v\u00edctima de un lance de capa y espada. \u00d3leo sobre lienzo. Museo de Historia de Madrid. Fuente: Wikipedia, dominio p\u00fablico (https:\/\/es.wikipedia.org\/wiki\/Archivo:A_espada_ri%C3%B1endo,_detalle_de_una_pintura_del_siglo_XVII,_Milagro_de_la_Virgen_de_Atocha,_del_Museo_de_Historia_de_Madrid.jpg)<\/div>\n                                <\/div>\n                                    <figure class=\"vp-portfolio__item\">\n                \n<div class=\"vp-portfolio__item-img-wrap\">\n    <div class=\"vp-portfolio__item-img\">\n        <a  href=\"https:\/\/grupo.us.es\/encrucijada\/wp-content\/uploads\/2022\/09\/procedimiento_judicial1.jpg\" >\n        <img loading=\"lazy\" decoding=\"async\" width=\"4896\" height=\"3672\" src=\"https:\/\/grupo.us.es\/encrucijada\/wp-content\/uploads\/2022\/09\/procedimiento_judicial1.jpg\" class=\"wp-image-2744\" alt=\"\" \/>\n        <div class=\"vp-portfolio__item-img-overlay\"><\/div>\n\n        <\/a>    <\/div>\n<\/div>\n\n<figcaption class=\"vp-portfolio__item-overlay vp-portfolio__item-align-center\">\n            <div class=\"vp-portfolio__item-meta-wrap vp-portfolio__custom-scrollbar\">\n            <div class=\"vp-portfolio__item-meta\">\n                \n<h2 class=\"vp-portfolio__item-meta-title\">\n    <a  href=\"https:\/\/grupo.us.es\/encrucijada\/wp-content\/uploads\/2022\/09\/procedimiento_judicial1.jpg\" >Detalle de la pintura titulada \u00abMilagro de la Virgen de Atocha en las obras de construcci\u00f3n de la Casa de la Villa\u00bb, hacia los a\u00f1os 1676-1700. El tema es la salvaci\u00f3n de un caballero v\u00edctima de un lance de capa y espada. \u00d3leo sobre lienzo. Museo de Historia de Madrid<\/a><\/h2>\n            <\/div>\n        <\/div>\n    <\/figcaption>\n            <\/figure>\n                    <\/div>\n        \n        <div class=\"vp-portfolio__item-wrap vp-portfolio__item-uid-9d53baa3\" data-vp-filter=\"\">\n                        <div class=\"vp-portfolio__item-popup\"\n                style=\"display: none;\"\n                data-vp-popup-img=\"https:\/\/grupo.us.es\/encrucijada\/wp-content\/uploads\/2022\/09\/procedimiento_judicial2.jpg\"\n                data-vp-popup-img-srcset=\"\"\n                data-vp-popup-img-size=\"990x700\"\n                data-vp-popup-md-img=\"https:\/\/grupo.us.es\/encrucijada\/wp-content\/uploads\/2022\/09\/procedimiento_judicial2.jpg\"\n                data-vp-popup-md-img-size=\"990x700\"\n                data-vp-popup-sm-img=\"https:\/\/grupo.us.es\/encrucijada\/wp-content\/uploads\/2022\/09\/procedimiento_judicial2.jpg\"\n                data-vp-popup-sm-img-size=\"990x700\"\n            >\n                                    <h3 class=\"vp-portfolio__item-popup-title\">Discusi\u00f3n por una partida de cartas, \u00f3leo de Jan Steen. Staatliche Museen (Berl\u00edn)<\/h3>\n                                        <div class=\"vp-portfolio__item-popup-description\">Discusi\u00f3n por una partida de cartas, \u00f3leo de Jan Steen. Staatliche Museen (Berl\u00edn). Fuente: Wikioo, dominio p\u00fablico (https:\/\/wikioo.org\/es\/paintings.php?refarticle=8Y3J4X&amp;titlepainting=Argument%20over%20a%20Card%20Game&amp;artistname=Jan%20Steen)<\/div>\n                                <\/div>\n                                    <figure class=\"vp-portfolio__item\">\n                \n<div class=\"vp-portfolio__item-img-wrap\">\n    <div class=\"vp-portfolio__item-img\">\n        <a  href=\"https:\/\/grupo.us.es\/encrucijada\/wp-content\/uploads\/2022\/09\/procedimiento_judicial2.jpg\" >\n        <img loading=\"lazy\" decoding=\"async\" width=\"990\" height=\"700\" src=\"https:\/\/grupo.us.es\/encrucijada\/wp-content\/uploads\/2022\/09\/procedimiento_judicial2.jpg\" class=\"wp-image-2745\" alt=\"\" \/>\n        <div class=\"vp-portfolio__item-img-overlay\"><\/div>\n\n        <\/a>    <\/div>\n<\/div>\n\n<figcaption class=\"vp-portfolio__item-overlay vp-portfolio__item-align-center\">\n            <div class=\"vp-portfolio__item-meta-wrap vp-portfolio__custom-scrollbar\">\n            <div class=\"vp-portfolio__item-meta\">\n                \n<h2 class=\"vp-portfolio__item-meta-title\">\n    <a  href=\"https:\/\/grupo.us.es\/encrucijada\/wp-content\/uploads\/2022\/09\/procedimiento_judicial2.jpg\" >Discusi\u00f3n por una partida de cartas, \u00f3leo de Jan Steen. Staatliche Museen (Berl\u00edn)<\/a><\/h2>\n            <\/div>\n        <\/div>\n    <\/figcaption>\n            <\/figure>\n                    <\/div>\n        \n        <div class=\"vp-portfolio__item-wrap vp-portfolio__item-uid-43fa91c9\" data-vp-filter=\"\">\n                        <div class=\"vp-portfolio__item-popup\"\n                style=\"display: none;\"\n                data-vp-popup-img=\"https:\/\/grupo.us.es\/encrucijada\/wp-content\/uploads\/2022\/09\/procedimiento_judicial3.jpg\"\n                data-vp-popup-img-srcset=\"\"\n                data-vp-popup-img-size=\"714x960\"\n                data-vp-popup-md-img=\"https:\/\/grupo.us.es\/encrucijada\/wp-content\/uploads\/2022\/09\/procedimiento_judicial3.jpg\"\n                data-vp-popup-md-img-size=\"714x960\"\n                data-vp-popup-sm-img=\"https:\/\/grupo.us.es\/encrucijada\/wp-content\/uploads\/2022\/09\/procedimiento_judicial3.jpg\"\n                data-vp-popup-sm-img-size=\"714x960\"\n            >\n                                    <h3 class=\"vp-portfolio__item-popup-title\">Ri\u00f1a de vecinos. Cer\u00e1mica del monasterio de Santa Chiara (N\u00e1poles)<\/h3>\n                                        <div class=\"vp-portfolio__item-popup-description\">Ri\u00f1a de vecinos. Cer\u00e1mica del monasterio de Santa Chiara (N\u00e1poles). Fuente: Fotograf\u00eda de Juan Jos\u00e9 Iglesias Rodr\u00edguez. <\/div>\n                                <\/div>\n                                    <figure class=\"vp-portfolio__item\">\n                \n<div class=\"vp-portfolio__item-img-wrap\">\n    <div class=\"vp-portfolio__item-img\">\n        <a  href=\"https:\/\/grupo.us.es\/encrucijada\/wp-content\/uploads\/2022\/09\/procedimiento_judicial3.jpg\" >\n        <img loading=\"lazy\" decoding=\"async\" width=\"714\" height=\"960\" src=\"https:\/\/grupo.us.es\/encrucijada\/wp-content\/uploads\/2022\/09\/procedimiento_judicial3.jpg\" class=\"wp-image-2746\" alt=\"\" \/>\n        <div class=\"vp-portfolio__item-img-overlay\"><\/div>\n\n        <\/a>    <\/div>\n<\/div>\n\n<figcaption class=\"vp-portfolio__item-overlay vp-portfolio__item-align-center\">\n            <div class=\"vp-portfolio__item-meta-wrap vp-portfolio__custom-scrollbar\">\n            <div class=\"vp-portfolio__item-meta\">\n                \n<h2 class=\"vp-portfolio__item-meta-title\">\n    <a  href=\"https:\/\/grupo.us.es\/encrucijada\/wp-content\/uploads\/2022\/09\/procedimiento_judicial3.jpg\" >Ri\u00f1a de vecinos. Cer\u00e1mica del monasterio de Santa Chiara (N\u00e1poles)<\/a><\/h2>\n            <\/div>\n        <\/div>\n    <\/figcaption>\n            <\/figure>\n                    <\/div>\n        \n<\/div>\n        <\/div>\n        \n<\/div>\n        <\/div>\n        <\/div>\n<\/div>\n","protected":false},"excerpt":{"rendered":"<p>La documentaci\u00f3n judicial representa una fuente de primer orden para el estudio de la criminalidad, la conflictividad y la violencia en la sociedad moderna. Su an\u00e1lisis permite tambi\u00e9n una aproximaci\u00f3n a m\u00faltiples facetas de la realidad de la vida cotidiana. El sistema judicial del Antiguo R\u00e9gimen presentaba una notable fragmentaci\u00f3n de jurisdicciones, lo que provocaba [&hellip;]<\/p>\n","protected":false},"author":1,"featured_media":2744,"comment_status":"closed","ping_status":"","sticky":false,"template":"","format":"standard","meta":{"_vp_format_video_url":"","_vp_image_focal_point":[],"footnotes":""},"categories":[167,3],"tags":[79],"class_list":["post-2742","post","type-post","status-publish","format-standard","has-post-thumbnail","hentry","category-conflictividad","category-sociedad","tag-juan-jose-iglesias-rodriguez","entry","has-media"],"_links":{"self":[{"href":"https:\/\/grupo.us.es\/encrucijada\/wp-json\/wp\/v2\/posts\/2742","targetHints":{"allow":["GET"]}}],"collection":[{"href":"https:\/\/grupo.us.es\/encrucijada\/wp-json\/wp\/v2\/posts"}],"about":[{"href":"https:\/\/grupo.us.es\/encrucijada\/wp-json\/wp\/v2\/types\/post"}],"author":[{"embeddable":true,"href":"https:\/\/grupo.us.es\/encrucijada\/wp-json\/wp\/v2\/users\/1"}],"replies":[{"embeddable":true,"href":"https:\/\/grupo.us.es\/encrucijada\/wp-json\/wp\/v2\/comments?post=2742"}],"version-history":[{"count":2,"href":"https:\/\/grupo.us.es\/encrucijada\/wp-json\/wp\/v2\/posts\/2742\/revisions"}],"predecessor-version":[{"id":2747,"href":"https:\/\/grupo.us.es\/encrucijada\/wp-json\/wp\/v2\/posts\/2742\/revisions\/2747"}],"wp:featuredmedia":[{"embeddable":true,"href":"https:\/\/grupo.us.es\/encrucijada\/wp-json\/wp\/v2\/media\/2744"}],"wp:attachment":[{"href":"https:\/\/grupo.us.es\/encrucijada\/wp-json\/wp\/v2\/media?parent=2742"}],"wp:term":[{"taxonomy":"category","embeddable":true,"href":"https:\/\/grupo.us.es\/encrucijada\/wp-json\/wp\/v2\/categories?post=2742"},{"taxonomy":"post_tag","embeddable":true,"href":"https:\/\/grupo.us.es\/encrucijada\/wp-json\/wp\/v2\/tags?post=2742"}],"curies":[{"name":"wp","href":"https:\/\/api.w.org\/{rel}","templated":true}]}}