{"id":2309,"date":"2022-07-19T09:04:13","date_gmt":"2022-07-19T09:04:13","guid":{"rendered":"https:\/\/grupo.us.es\/encrucijada\/?p=2309"},"modified":"2023-01-25T09:12:48","modified_gmt":"2023-01-25T09:12:48","slug":"paisaje-y-cartografia-historica","status":"publish","type":"post","link":"https:\/\/grupo.us.es\/encrucijada\/paisaje-y-cartografia-historica\/","title":{"rendered":"Paisaje y cartograf\u00eda hist\u00f3rica"},"content":{"rendered":"        <div class=\"wp-block-visual-portfolio\">\n            \n<div class=\"vp-portfolio vp-uid-a626dd12 vp-id-Z1SXMs6\"\n    data-vp-layout=\"masonry\" data-vp-items-style=\"emerge\" data-vp-items-click-action=\"popup_gallery\" data-vp-items-gap=\"15\" data-vp-items-gap-vertical=\"\" data-vp-pagination=\"load-more\" data-vp-next-page-url=\"\" data-vp-masonry-columns=\"4\" >\n    <div class=\"vp-portfolio__preloader-wrap\">\n        <div class=\"vp-portfolio__preloader\">\n            <img decoding=\"async\" loading=\"eager\" src=\"https:\/\/grupo.us.es\/encrucijada\/wp-content\/plugins\/visual-portfolio\/assets\/images\/logo-dark.svg\" alt=\"Visual Portfolio, Posts &amp; Image Gallery para WordPress\" width=\"20\" height=\"20\" data-skip-lazy>\n        <\/div>\n    <\/div>\n        <div class=\"vp-portfolio__items-wrap\">\n            \n<div class=\"vp-portfolio__items vp-portfolio__items-style-emerge vp-portfolio__items-show-overlay-hover vp-portfolio__items-show-img-overlay-hover\">\n\n        <div class=\"vp-portfolio__item-wrap vp-portfolio__item-uid-d7ea0314\" data-vp-filter=\"\">\n                        <div class=\"vp-portfolio__item-popup\"\n                style=\"display: none;\"\n                data-vp-popup-img=\"https:\/\/grupo.us.es\/encrucijada\/wp-content\/uploads\/2023\/01\/aramburu1.jpg\"\n                data-vp-popup-img-srcset=\"\"\n                data-vp-popup-img-size=\"4116x3331\"\n                data-vp-popup-md-img=\"https:\/\/grupo.us.es\/encrucijada\/wp-content\/uploads\/2023\/01\/aramburu1.jpg\"\n                data-vp-popup-md-img-size=\"4116x3331\"\n                data-vp-popup-sm-img=\"https:\/\/grupo.us.es\/encrucijada\/wp-content\/uploads\/2023\/01\/aramburu1.jpg\"\n                data-vp-popup-sm-img-size=\"4116x3331\"\n            >\n                                    <h3 class=\"vp-portfolio__item-popup-title\">Vista Ar\u00e1mburu (c.a. 1647), Museo de las Cortes de C\u00e1diz<\/h3>\n                                        <div class=\"vp-portfolio__item-popup-description\">Vista Ar\u00e1mburu (c.a. 1647), Museo de las Cortes de C\u00e1diz. Fuente: Imagen cedida por el Museo de las Cortes de C\u00e1diz. Ayuntamiento de C\u00e1diz<\/div>\n                                <\/div>\n                                    <figure class=\"vp-portfolio__item\">\n                \n<div class=\"vp-portfolio__item-img-wrap\">\n    <div class=\"vp-portfolio__item-img\">\n        <a  href=\"https:\/\/grupo.us.es\/encrucijada\/wp-content\/uploads\/2023\/01\/aramburu1.jpg\" >\n        <img loading=\"lazy\" decoding=\"async\" width=\"4116\" height=\"3331\" src=\"https:\/\/grupo.us.es\/encrucijada\/wp-content\/uploads\/2023\/01\/aramburu1.jpg\" class=\"wp-image-3891\" alt=\"\" \/>\n        <div class=\"vp-portfolio__item-img-overlay\"><\/div>\n\n        <\/a>    <\/div>\n<\/div>\n\n<figcaption class=\"vp-portfolio__item-overlay vp-portfolio__item-align-center\">\n            <div class=\"vp-portfolio__item-meta-wrap vp-portfolio__custom-scrollbar\">\n            <div class=\"vp-portfolio__item-meta\">\n                \n<h2 class=\"vp-portfolio__item-meta-title\">\n    <a  href=\"https:\/\/grupo.us.es\/encrucijada\/wp-content\/uploads\/2023\/01\/aramburu1.jpg\" >Vista Ar\u00e1mburu (c.a. 1647), Museo de las Cortes de C\u00e1diz<\/a><\/h2>\n            <\/div>\n        <\/div>\n    <\/figcaption>\n            <\/figure>\n                    <\/div>\n        \n        <div class=\"vp-portfolio__item-wrap vp-portfolio__item-uid-6762f2b8\" data-vp-filter=\"\">\n                        <div class=\"vp-portfolio__item-popup\"\n                style=\"display: none;\"\n                data-vp-popup-img=\"https:\/\/grupo.us.es\/encrucijada\/wp-content\/uploads\/2023\/01\/cadizcivitates3-e1674131762474.jpg\"\n                data-vp-popup-img-srcset=\"https:\/\/grupo.us.es\/encrucijada\/wp-content\/uploads\/2023\/01\/cadizcivitates3-e1674131762474.jpg 1750w, https:\/\/grupo.us.es\/encrucijada\/wp-content\/uploads\/2023\/01\/cadizcivitates3-e1674131762474-999x809.jpg 999w, https:\/\/grupo.us.es\/encrucijada\/wp-content\/uploads\/2023\/01\/cadizcivitates3-e1674131762474-768x622.jpg 768w, https:\/\/grupo.us.es\/encrucijada\/wp-content\/uploads\/2023\/01\/cadizcivitates3-e1674131762474-1536x1244.jpg 1536w\"\n                data-vp-popup-img-size=\"1750x1417\"\n                data-vp-popup-md-img=\"https:\/\/grupo.us.es\/encrucijada\/wp-content\/uploads\/2023\/01\/cadizcivitates3-e1674131762474.jpg\"\n                data-vp-popup-md-img-size=\"1750x1417\"\n                data-vp-popup-sm-img=\"https:\/\/grupo.us.es\/encrucijada\/wp-content\/uploads\/2023\/01\/cadizcivitates3-e1674131762474.jpg\"\n                data-vp-popup-sm-img-size=\"1750x1417\"\n            >\n                                    <h3 class=\"vp-portfolio__item-popup-title\">Vista de C\u00e1diz en Civitates Orbis Terrarum, libro V, 1599?<\/h3>\n                                        <div class=\"vp-portfolio__item-popup-description\">Vista de C\u00e1diz en Civitates Orbis Terrarum, libro V, 1599?. Fuente: Heidelberg University Library (https:\/\/doi.org\/10.11588\/diglit.16956#0041)<\/div>\n                                <\/div>\n                                    <figure class=\"vp-portfolio__item\">\n                \n<div class=\"vp-portfolio__item-img-wrap\">\n    <div class=\"vp-portfolio__item-img\">\n        <a  href=\"https:\/\/grupo.us.es\/encrucijada\/wp-content\/uploads\/2023\/01\/cadizcivitates3-e1674131762474.jpg\" >\n        <img loading=\"lazy\" decoding=\"async\" width=\"1750\" height=\"1417\" src=\"https:\/\/grupo.us.es\/encrucijada\/wp-content\/uploads\/2023\/01\/cadizcivitates3-e1674131762474.jpg\" class=\"wp-image-3830\" alt=\"\" srcset=\"https:\/\/grupo.us.es\/encrucijada\/wp-content\/uploads\/2023\/01\/cadizcivitates3-e1674131762474.jpg 1750w, https:\/\/grupo.us.es\/encrucijada\/wp-content\/uploads\/2023\/01\/cadizcivitates3-e1674131762474-999x809.jpg 999w, https:\/\/grupo.us.es\/encrucijada\/wp-content\/uploads\/2023\/01\/cadizcivitates3-e1674131762474-768x622.jpg 768w, https:\/\/grupo.us.es\/encrucijada\/wp-content\/uploads\/2023\/01\/cadizcivitates3-e1674131762474-1536x1244.jpg 1536w\" sizes=\"auto, (max-width: 1750px) 100vw, 1750px\" \/>\n        <div class=\"vp-portfolio__item-img-overlay\"><\/div>\n\n        <\/a>    <\/div>\n<\/div>\n\n<figcaption class=\"vp-portfolio__item-overlay vp-portfolio__item-align-center\">\n            <div class=\"vp-portfolio__item-meta-wrap vp-portfolio__custom-scrollbar\">\n            <div class=\"vp-portfolio__item-meta\">\n                \n<h2 class=\"vp-portfolio__item-meta-title\">\n    <a  href=\"https:\/\/grupo.us.es\/encrucijada\/wp-content\/uploads\/2023\/01\/cadizcivitates3-e1674131762474.jpg\" >Vista de C\u00e1diz en Civitates Orbis Terrarum, libro V, 1599?<\/a><\/h2>\n            <\/div>\n        <\/div>\n    <\/figcaption>\n            <\/figure>\n                    <\/div>\n        \n        <div class=\"vp-portfolio__item-wrap vp-portfolio__item-uid-4e0d5651\" data-vp-filter=\"\">\n                        <div class=\"vp-portfolio__item-popup\"\n                style=\"display: none;\"\n                data-vp-popup-img=\"https:\/\/grupo.us.es\/encrucijada\/wp-content\/uploads\/2023\/01\/cadizcivitates2-e1674055539931.jpg\"\n                data-vp-popup-img-srcset=\"https:\/\/grupo.us.es\/encrucijada\/wp-content\/uploads\/2023\/01\/cadizcivitates2-e1674055539931.jpg 1900w, https:\/\/grupo.us.es\/encrucijada\/wp-content\/uploads\/2023\/01\/cadizcivitates2-e1674055539931-999x794.jpg 999w, https:\/\/grupo.us.es\/encrucijada\/wp-content\/uploads\/2023\/01\/cadizcivitates2-e1674055539931-768x610.jpg 768w, https:\/\/grupo.us.es\/encrucijada\/wp-content\/uploads\/2023\/01\/cadizcivitates2-e1674055539931-1536x1221.jpg 1536w\"\n                data-vp-popup-img-size=\"1900x1510\"\n                data-vp-popup-md-img=\"https:\/\/grupo.us.es\/encrucijada\/wp-content\/uploads\/2023\/01\/cadizcivitates2-e1674055539931.jpg\"\n                data-vp-popup-md-img-size=\"1900x1510\"\n                data-vp-popup-sm-img=\"https:\/\/grupo.us.es\/encrucijada\/wp-content\/uploads\/2023\/01\/cadizcivitates2-e1674055539931.jpg\"\n                data-vp-popup-sm-img-size=\"1900x1510\"\n            >\n                                    <h3 class=\"vp-portfolio__item-popup-title\">Vista de C\u00e1diz en Civitates Orbis Terrarum, libro V, 1599?<\/h3>\n                                        <div class=\"vp-portfolio__item-popup-description\">Vista de C\u00e1diz en Civitates Orbis Terrarum, libro V, 1599?. Fuente: Heidelberg University Library (https:\/\/doi.org\/10.11588\/diglit.16956#0038)<\/div>\n                                <\/div>\n                                    <figure class=\"vp-portfolio__item\">\n                \n<div class=\"vp-portfolio__item-img-wrap\">\n    <div class=\"vp-portfolio__item-img\">\n        <a  href=\"https:\/\/grupo.us.es\/encrucijada\/wp-content\/uploads\/2023\/01\/cadizcivitates2-e1674055539931.jpg\" >\n        <img loading=\"lazy\" decoding=\"async\" width=\"1900\" height=\"1510\" src=\"https:\/\/grupo.us.es\/encrucijada\/wp-content\/uploads\/2023\/01\/cadizcivitates2-e1674055539931.jpg\" class=\"wp-image-3813\" alt=\"\" srcset=\"https:\/\/grupo.us.es\/encrucijada\/wp-content\/uploads\/2023\/01\/cadizcivitates2-e1674055539931.jpg 1900w, https:\/\/grupo.us.es\/encrucijada\/wp-content\/uploads\/2023\/01\/cadizcivitates2-e1674055539931-999x794.jpg 999w, https:\/\/grupo.us.es\/encrucijada\/wp-content\/uploads\/2023\/01\/cadizcivitates2-e1674055539931-768x610.jpg 768w, https:\/\/grupo.us.es\/encrucijada\/wp-content\/uploads\/2023\/01\/cadizcivitates2-e1674055539931-1536x1221.jpg 1536w\" sizes=\"auto, (max-width: 1900px) 100vw, 1900px\" \/>\n        <div class=\"vp-portfolio__item-img-overlay\"><\/div>\n\n        <\/a>    <\/div>\n<\/div>\n\n<figcaption class=\"vp-portfolio__item-overlay vp-portfolio__item-align-center\">\n            <div class=\"vp-portfolio__item-meta-wrap vp-portfolio__custom-scrollbar\">\n            <div class=\"vp-portfolio__item-meta\">\n                \n<h2 class=\"vp-portfolio__item-meta-title\">\n    <a  href=\"https:\/\/grupo.us.es\/encrucijada\/wp-content\/uploads\/2023\/01\/cadizcivitates2-e1674055539931.jpg\" >Vista de C\u00e1diz en Civitates Orbis Terrarum, libro V, 1599?<\/a><\/h2>\n            <\/div>\n        <\/div>\n    <\/figcaption>\n            <\/figure>\n                    <\/div>\n        \n        <div class=\"vp-portfolio__item-wrap vp-portfolio__item-uid-046a4f77\" data-vp-filter=\"\">\n                        <div class=\"vp-portfolio__item-popup\"\n                style=\"display: none;\"\n                data-vp-popup-img=\"https:\/\/grupo.us.es\/encrucijada\/wp-content\/uploads\/2023\/01\/cadizcivitates1.jpg\"\n                data-vp-popup-img-srcset=\"\"\n                data-vp-popup-img-size=\"1884x442\"\n                data-vp-popup-md-img=\"https:\/\/grupo.us.es\/encrucijada\/wp-content\/uploads\/2023\/01\/cadizcivitates1.jpg\"\n                data-vp-popup-md-img-size=\"1884x442\"\n                data-vp-popup-sm-img=\"https:\/\/grupo.us.es\/encrucijada\/wp-content\/uploads\/2023\/01\/cadizcivitates1.jpg\"\n                data-vp-popup-sm-img-size=\"1884x442\"\n            >\n                                    <h3 class=\"vp-portfolio__item-popup-title\">Vista de C\u00e1diz en Civitates Orbis Terrarum, libro I, 1593<\/h3>\n                                        <div class=\"vp-portfolio__item-popup-description\">Vista de C\u00e1diz en Civitates Orbis Terrarum, libro I, 1593. Fuente: Heidelberg University Library (https:\/\/doi.org\/10.11588\/diglit.12704#0030)<\/div>\n                                <\/div>\n                                    <figure class=\"vp-portfolio__item\">\n                \n<div class=\"vp-portfolio__item-img-wrap\">\n    <div class=\"vp-portfolio__item-img\">\n        <a  href=\"https:\/\/grupo.us.es\/encrucijada\/wp-content\/uploads\/2023\/01\/cadizcivitates1.jpg\" >\n        <img loading=\"lazy\" decoding=\"async\" width=\"1884\" height=\"442\" src=\"https:\/\/grupo.us.es\/encrucijada\/wp-content\/uploads\/2023\/01\/cadizcivitates1.jpg\" class=\"wp-image-3812\" alt=\"\" \/>\n        <div class=\"vp-portfolio__item-img-overlay\"><\/div>\n\n        <\/a>    <\/div>\n<\/div>\n\n<figcaption class=\"vp-portfolio__item-overlay vp-portfolio__item-align-center\">\n            <div class=\"vp-portfolio__item-meta-wrap vp-portfolio__custom-scrollbar\">\n            <div class=\"vp-portfolio__item-meta\">\n                \n<h2 class=\"vp-portfolio__item-meta-title\">\n    <a  href=\"https:\/\/grupo.us.es\/encrucijada\/wp-content\/uploads\/2023\/01\/cadizcivitates1.jpg\" >Vista de C\u00e1diz en Civitates Orbis Terrarum, libro I, 1593<\/a><\/h2>\n            <\/div>\n        <\/div>\n    <\/figcaption>\n            <\/figure>\n                    <\/div>\n        \n        <div class=\"vp-portfolio__item-wrap vp-portfolio__item-uid-18637b32\" data-vp-filter=\"\">\n                        <div class=\"vp-portfolio__item-popup\"\n                style=\"display: none;\"\n                data-vp-popup-img=\"https:\/\/grupo.us.es\/encrucijada\/wp-content\/uploads\/2023\/01\/texeira2.jpg\"\n                data-vp-popup-img-srcset=\"\"\n                data-vp-popup-img-size=\"2525x1660\"\n                data-vp-popup-md-img=\"https:\/\/grupo.us.es\/encrucijada\/wp-content\/uploads\/2023\/01\/texeira2.jpg\"\n                data-vp-popup-md-img-size=\"2525x1660\"\n                data-vp-popup-sm-img=\"https:\/\/grupo.us.es\/encrucijada\/wp-content\/uploads\/2023\/01\/texeira2.jpg\"\n                data-vp-popup-sm-img-size=\"2525x1660\"\n            >\n                                    <h3 class=\"vp-portfolio__item-popup-title\">Tabla del Reyno de Andalucia, 1634. En Pedro Texeira, Descripcion de Espa\u00f1a y de las Costas y Puertos de sus Reynos, p. 119<\/h3>\n                                        <div class=\"vp-portfolio__item-popup-description\">Tabla del Reyno de Andalucia, 1634. En Pedro Texeira, Descripcion de Espa\u00f1a y de las Costas y Puertos de sus Reynos, p. 119. Fuente: \u00d6sterreichische Nationalbibliothek (https:\/\/digital.onb.ac.at\/RepViewer\/viewer.faces?doc=DTL_8438409&amp;order=1&amp;view=SINGLE)<\/div>\n                                <\/div>\n                                    <figure class=\"vp-portfolio__item\">\n                \n<div class=\"vp-portfolio__item-img-wrap\">\n    <div class=\"vp-portfolio__item-img\">\n        <a  href=\"https:\/\/grupo.us.es\/encrucijada\/wp-content\/uploads\/2023\/01\/texeira2.jpg\" >\n        <img loading=\"lazy\" decoding=\"async\" width=\"2525\" height=\"1660\" src=\"https:\/\/grupo.us.es\/encrucijada\/wp-content\/uploads\/2023\/01\/texeira2.jpg\" class=\"wp-image-3676\" alt=\"\" \/>\n        <div class=\"vp-portfolio__item-img-overlay\"><\/div>\n\n        <\/a>    <\/div>\n<\/div>\n\n<figcaption class=\"vp-portfolio__item-overlay vp-portfolio__item-align-center\">\n            <div class=\"vp-portfolio__item-meta-wrap vp-portfolio__custom-scrollbar\">\n            <div class=\"vp-portfolio__item-meta\">\n                \n<h2 class=\"vp-portfolio__item-meta-title\">\n    <a  href=\"https:\/\/grupo.us.es\/encrucijada\/wp-content\/uploads\/2023\/01\/texeira2.jpg\" >Tabla del Reyno de Andalucia, 1634. En Pedro Texeira, Descripcion de Espa\u00f1a y de las Costas y Puertos de sus Reynos, p. 119<\/a><\/h2>\n            <\/div>\n        <\/div>\n    <\/figcaption>\n            <\/figure>\n                    <\/div>\n        \n        <div class=\"vp-portfolio__item-wrap vp-portfolio__item-uid-bc0a0338\" data-vp-filter=\"\">\n                        <div class=\"vp-portfolio__item-popup\"\n                style=\"display: none;\"\n                data-vp-popup-img=\"https:\/\/grupo.us.es\/encrucijada\/wp-content\/uploads\/2023\/01\/texeira1.jpg\"\n                data-vp-popup-img-srcset=\"\"\n                data-vp-popup-img-size=\"2530x1657\"\n                data-vp-popup-md-img=\"https:\/\/grupo.us.es\/encrucijada\/wp-content\/uploads\/2023\/01\/texeira1.jpg\"\n                data-vp-popup-md-img-size=\"2530x1657\"\n                data-vp-popup-sm-img=\"https:\/\/grupo.us.es\/encrucijada\/wp-content\/uploads\/2023\/01\/texeira1.jpg\"\n                data-vp-popup-sm-img-size=\"2530x1657\"\n            >\n                                    <h3 class=\"vp-portfolio__item-popup-title\">Tabla del Reyno de Andalucia, 1634. En Pedro Texeira, Descripcion de Espa\u00f1a y de las Costas y Puertos de sus Reynos, p. 108<\/h3>\n                                        <div class=\"vp-portfolio__item-popup-description\">Tabla del Reyno de Andalucia, 1634. En Pedro Texeira, Descripcion de Espa\u00f1a y de las Costas y Puertos de sus Reynos, p. 108. Fuente: \u00d6sterreichische Nationalbibliothek (https:\/\/digital.onb.ac.at\/RepViewer\/viewer.faces?doc=DTL_8438409&amp;order=1&amp;view=SINGLE)<\/div>\n                                <\/div>\n                                    <figure class=\"vp-portfolio__item\">\n                \n<div class=\"vp-portfolio__item-img-wrap\">\n    <div class=\"vp-portfolio__item-img\">\n        <a  href=\"https:\/\/grupo.us.es\/encrucijada\/wp-content\/uploads\/2023\/01\/texeira1.jpg\" >\n        <img loading=\"lazy\" decoding=\"async\" width=\"2530\" height=\"1657\" src=\"https:\/\/grupo.us.es\/encrucijada\/wp-content\/uploads\/2023\/01\/texeira1.jpg\" class=\"wp-image-3675\" alt=\"\" \/>\n        <div class=\"vp-portfolio__item-img-overlay\"><\/div>\n\n        <\/a>    <\/div>\n<\/div>\n\n<figcaption class=\"vp-portfolio__item-overlay vp-portfolio__item-align-center\">\n            <div class=\"vp-portfolio__item-meta-wrap vp-portfolio__custom-scrollbar\">\n            <div class=\"vp-portfolio__item-meta\">\n                \n<h2 class=\"vp-portfolio__item-meta-title\">\n    <a  href=\"https:\/\/grupo.us.es\/encrucijada\/wp-content\/uploads\/2023\/01\/texeira1.jpg\" >Tabla del Reyno de Andalucia, 1634. En Pedro Texeira, Descripcion de Espa\u00f1a y de las Costas y Puertos de sus Reynos, p. 108<\/a><\/h2>\n            <\/div>\n        <\/div>\n    <\/figcaption>\n            <\/figure>\n                    <\/div>\n        \n        <div class=\"vp-portfolio__item-wrap vp-portfolio__item-uid-904e4a8b\" data-vp-filter=\"\">\n                        <div class=\"vp-portfolio__item-popup\"\n                style=\"display: none;\"\n                data-vp-popup-img=\"https:\/\/grupo.us.es\/encrucijada\/wp-content\/uploads\/2023\/01\/feuille1.jpg\"\n                data-vp-popup-img-srcset=\"\"\n                data-vp-popup-img-size=\"2500x1759\"\n                data-vp-popup-md-img=\"https:\/\/grupo.us.es\/encrucijada\/wp-content\/uploads\/2023\/01\/feuille1.jpg\"\n                data-vp-popup-md-img-size=\"2500x1759\"\n                data-vp-popup-sm-img=\"https:\/\/grupo.us.es\/encrucijada\/wp-content\/uploads\/2023\/01\/feuille1.jpg\"\n                data-vp-popup-sm-img-size=\"2500x1759\"\n            >\n                                    <h3 class=\"vp-portfolio__item-popup-title\">Royaume D&#039;Andalousie et de Grenade = Kaart van Andalusien, en Granade. Daniel de La Feuille. Mapa iluminado. Edici\u00f3n de 1747<\/h3>\n                                        <div class=\"vp-portfolio__item-popup-description\">Royaume D&#8217;Andalousie et de Grenade = Kaart van Andalusien, en Granade. Daniel de La Feuille. Mapa iluminado. Edici\u00f3n de 1747. Fuente: Wikipedia, Dominio p\u00fablico (https:\/\/commons.wikimedia.org\/wiki\/File:1747_La_Feuille_Map_of_Andalusia,_Spain_%28Sevilla%29_-_Geographicus_-_Andalusia-ratelband-1747.jpg)<\/div>\n                                <\/div>\n                                    <figure class=\"vp-portfolio__item\">\n                \n<div class=\"vp-portfolio__item-img-wrap\">\n    <div class=\"vp-portfolio__item-img\">\n        <a  href=\"https:\/\/grupo.us.es\/encrucijada\/wp-content\/uploads\/2023\/01\/feuille1.jpg\" >\n        <img loading=\"lazy\" decoding=\"async\" width=\"2500\" height=\"1759\" src=\"https:\/\/grupo.us.es\/encrucijada\/wp-content\/uploads\/2023\/01\/feuille1.jpg\" class=\"wp-image-3672\" alt=\"\" \/>\n        <div class=\"vp-portfolio__item-img-overlay\"><\/div>\n\n        <\/a>    <\/div>\n<\/div>\n\n<figcaption class=\"vp-portfolio__item-overlay vp-portfolio__item-align-center\">\n            <div class=\"vp-portfolio__item-meta-wrap vp-portfolio__custom-scrollbar\">\n            <div class=\"vp-portfolio__item-meta\">\n                \n<h2 class=\"vp-portfolio__item-meta-title\">\n    <a  href=\"https:\/\/grupo.us.es\/encrucijada\/wp-content\/uploads\/2023\/01\/feuille1.jpg\" >Royaume D&#8217;Andalousie et de Grenade = Kaart van Andalusien, en Granade. Daniel de La Feuille. Mapa iluminado. Edici\u00f3n de 1747<\/a><\/h2>\n            <\/div>\n        <\/div>\n    <\/figcaption>\n            <\/figure>\n                    <\/div>\n        \n        <div class=\"vp-portfolio__item-wrap vp-portfolio__item-uid-23e78bf2\" data-vp-filter=\"\">\n                        <div class=\"vp-portfolio__item-popup\"\n                style=\"display: none;\"\n                data-vp-popup-img=\"https:\/\/grupo.us.es\/encrucijada\/wp-content\/uploads\/2023\/01\/cantelli1.jpg\"\n                data-vp-popup-img-srcset=\"\"\n                data-vp-popup-img-size=\"2400x1646\"\n                data-vp-popup-md-img=\"https:\/\/grupo.us.es\/encrucijada\/wp-content\/uploads\/2023\/01\/cantelli1.jpg\"\n                data-vp-popup-md-img-size=\"2400x1646\"\n                data-vp-popup-sm-img=\"https:\/\/grupo.us.es\/encrucijada\/wp-content\/uploads\/2023\/01\/cantelli1.jpg\"\n                data-vp-popup-sm-img-size=\"2400x1646\"\n            >\n                                    <h3 class=\"vp-portfolio__item-popup-title\">Li Regni di Granata \u00e8 d&#039;Andalvcia Dedicati All&#039;Illmo. et Eccmo. Sigre. Il Sigr. D. Cesare Michel&#039;Angelo d\u00b4Avalos \/ Descritti da Giacomo Cantelli Geografo; A. Barbey Sc. Roma: da Domco. de Rossi erede di Gio. Giaco. de Rossi (1696)<\/h3>\n                                        <div class=\"vp-portfolio__item-popup-description\">Li Regni di Granata \u00e8 d&#8217;Andalvcia Dedicati All&#8217;Illmo. et Eccmo. Sigre. Il Sigr. D. Cesare Michel&#8217;Angelo d\u00b4Avalos \/ Descritti da Giacomo Cantelli Geografo; A. Barbey Sc. Roma: da Domco. de Rossi erede di Gio. Giaco. de Rossi (1696). Fuente: Institut Cartogr\u00e0fic i Geol\u00f2gic de Catalunya (https:\/\/cartotecadigital.icgc.cat\/digital\/collection\/espanya\/id\/1929\/rec\/1)<\/div>\n                                <\/div>\n                                    <figure class=\"vp-portfolio__item\">\n                \n<div class=\"vp-portfolio__item-img-wrap\">\n    <div class=\"vp-portfolio__item-img\">\n        <a  href=\"https:\/\/grupo.us.es\/encrucijada\/wp-content\/uploads\/2023\/01\/cantelli1.jpg\" >\n        <img loading=\"lazy\" decoding=\"async\" width=\"2400\" height=\"1646\" src=\"https:\/\/grupo.us.es\/encrucijada\/wp-content\/uploads\/2023\/01\/cantelli1.jpg\" class=\"wp-image-3669\" alt=\"\" \/>\n        <div class=\"vp-portfolio__item-img-overlay\"><\/div>\n\n        <\/a>    <\/div>\n<\/div>\n\n<figcaption class=\"vp-portfolio__item-overlay vp-portfolio__item-align-center\">\n            <div class=\"vp-portfolio__item-meta-wrap vp-portfolio__custom-scrollbar\">\n            <div class=\"vp-portfolio__item-meta\">\n                \n<h2 class=\"vp-portfolio__item-meta-title\">\n    <a  href=\"https:\/\/grupo.us.es\/encrucijada\/wp-content\/uploads\/2023\/01\/cantelli1.jpg\" >Li Regni di Granata \u00e8 d&#8217;Andalvcia Dedicati All&#8217;Illmo. et Eccmo. Sigre. Il Sigr. D. Cesare Michel&#8217;Angelo d\u00b4Avalos \/ Descritti da Giacomo Cantelli Geografo; A. Barbey Sc. Roma: da Domco. de Rossi erede di Gio. Giaco. de Rossi (1696)<\/a><\/h2>\n            <\/div>\n        <\/div>\n    <\/figcaption>\n            <\/figure>\n                    <\/div>\n        \n        <div class=\"vp-portfolio__item-wrap vp-portfolio__item-uid-f4f8ecb3\" data-vp-filter=\"\">\n                        <div class=\"vp-portfolio__item-popup\"\n                style=\"display: none;\"\n                data-vp-popup-img=\"https:\/\/grupo.us.es\/encrucijada\/wp-content\/uploads\/2023\/01\/pretot1.jpg\"\n                data-vp-popup-img-srcset=\"\"\n                data-vp-popup-img-size=\"3500x2398\"\n                data-vp-popup-md-img=\"https:\/\/grupo.us.es\/encrucijada\/wp-content\/uploads\/2023\/01\/pretot1.jpg\"\n                data-vp-popup-md-img-size=\"3500x2398\"\n                data-vp-popup-sm-img=\"https:\/\/grupo.us.es\/encrucijada\/wp-content\/uploads\/2023\/01\/pretot1.jpg\"\n                data-vp-popup-sm-img-size=\"3500x2398\"\n            >\n                                    <h3 class=\"vp-portfolio__item-popup-title\">Chorographie des Royaumes d`Andalousie, de Grenade, et de Murcie dirig\u00e9es par Mr. Philippe censeur royal, de Ac\u00e1demie Royale, des Sciences ez beller-lettres d`Angers, et de Rouen, profefseur en histoires<\/h3>\n                                        <div class=\"vp-portfolio__item-popup-description\">Chorographie des Royaumes d`Andalousie, de Grenade, et de Murcie dirig\u00e9es par Mr. Philippe censeur royal, de Ac\u00e1demie Royale, des Sciences ez beller-lettres d`Angers, et de Rouen, profefseur en histoires. Fuente: Biblioteca C\u00e1novas del Castillo, M\u00e1laga. Biblioteca Virtual de la Provincia de M\u00e1laga (http:\/\/bibliotecavirtual.malaga.es\/es\/consulta\/registro.cmd?id=13375)<\/div>\n                                <\/div>\n                                    <figure class=\"vp-portfolio__item\">\n                \n<div class=\"vp-portfolio__item-img-wrap\">\n    <div class=\"vp-portfolio__item-img\">\n        <a  href=\"https:\/\/grupo.us.es\/encrucijada\/wp-content\/uploads\/2023\/01\/pretot1.jpg\" >\n        <img loading=\"lazy\" decoding=\"async\" width=\"3500\" height=\"2398\" src=\"https:\/\/grupo.us.es\/encrucijada\/wp-content\/uploads\/2023\/01\/pretot1.jpg\" class=\"wp-image-3666\" alt=\"\" \/>\n        <div class=\"vp-portfolio__item-img-overlay\"><\/div>\n\n        <\/a>    <\/div>\n<\/div>\n\n<figcaption class=\"vp-portfolio__item-overlay vp-portfolio__item-align-center\">\n            <div class=\"vp-portfolio__item-meta-wrap vp-portfolio__custom-scrollbar\">\n            <div class=\"vp-portfolio__item-meta\">\n                \n<h2 class=\"vp-portfolio__item-meta-title\">\n    <a  href=\"https:\/\/grupo.us.es\/encrucijada\/wp-content\/uploads\/2023\/01\/pretot1.jpg\" >Chorographie des Royaumes d`Andalousie, de Grenade, et de Murcie dirig\u00e9es par Mr. Philippe censeur royal, de Ac\u00e1demie Royale, des Sciences ez beller-lettres d`Angers, et de Rouen, profefseur en histoires<\/a><\/h2>\n            <\/div>\n        <\/div>\n    <\/figcaption>\n            <\/figure>\n                    <\/div>\n        \n        <div class=\"vp-portfolio__item-wrap vp-portfolio__item-uid-b9f2318c\" data-vp-filter=\"\">\n                        <div class=\"vp-portfolio__item-popup\"\n                style=\"display: none;\"\n                data-vp-popup-img=\"https:\/\/grupo.us.es\/encrucijada\/wp-content\/uploads\/2023\/01\/zattagranada1.jpg\"\n                data-vp-popup-img-srcset=\"\"\n                data-vp-popup-img-size=\"1400x1073\"\n                data-vp-popup-md-img=\"https:\/\/grupo.us.es\/encrucijada\/wp-content\/uploads\/2023\/01\/zattagranada1.jpg\"\n                data-vp-popup-md-img-size=\"1400x1073\"\n                data-vp-popup-sm-img=\"https:\/\/grupo.us.es\/encrucijada\/wp-content\/uploads\/2023\/01\/zattagranada1.jpg\"\n                data-vp-popup-sm-img-size=\"1400x1073\"\n            >\n                                    <h3 class=\"vp-portfolio__item-popup-title\">Andalusia e Granada: Di Novissima Projezione (1776). Antonio Zatta<\/h3>\n                                        <div class=\"vp-portfolio__item-popup-description\">Andalusia e Granada: Di Novissima Projezione (1776). Antonio Zatta. Fuente: Biblioteca Nacional de Espa\u00f1a, MV\/10 (http:\/\/bdh-rd.bne.es\/viewer.vm?id=0000034211)<\/div>\n                                <\/div>\n                                    <figure class=\"vp-portfolio__item\">\n                \n<div class=\"vp-portfolio__item-img-wrap\">\n    <div class=\"vp-portfolio__item-img\">\n        <a  href=\"https:\/\/grupo.us.es\/encrucijada\/wp-content\/uploads\/2023\/01\/zattagranada1.jpg\" >\n        <img loading=\"lazy\" decoding=\"async\" width=\"1400\" height=\"1073\" src=\"https:\/\/grupo.us.es\/encrucijada\/wp-content\/uploads\/2023\/01\/zattagranada1.jpg\" class=\"wp-image-3663\" alt=\"\" \/>\n        <div class=\"vp-portfolio__item-img-overlay\"><\/div>\n\n        <\/a>    <\/div>\n<\/div>\n\n<figcaption class=\"vp-portfolio__item-overlay vp-portfolio__item-align-center\">\n            <div class=\"vp-portfolio__item-meta-wrap vp-portfolio__custom-scrollbar\">\n            <div class=\"vp-portfolio__item-meta\">\n                \n<h2 class=\"vp-portfolio__item-meta-title\">\n    <a  href=\"https:\/\/grupo.us.es\/encrucijada\/wp-content\/uploads\/2023\/01\/zattagranada1.jpg\" >Andalusia e Granada: Di Novissima Projezione (1776). Antonio Zatta<\/a><\/h2>\n            <\/div>\n        <\/div>\n    <\/figcaption>\n            <\/figure>\n                    <\/div>\n        \n        <div class=\"vp-portfolio__item-wrap vp-portfolio__item-uid-23b550e4\" data-vp-filter=\"\">\n                        <div class=\"vp-portfolio__item-popup\"\n                style=\"display: none;\"\n                data-vp-popup-img=\"https:\/\/grupo.us.es\/encrucijada\/wp-content\/uploads\/2022\/11\/sevillacordoba1.jpg\"\n                data-vp-popup-img-srcset=\"\"\n                data-vp-popup-img-size=\"3992x2845\"\n                data-vp-popup-md-img=\"https:\/\/grupo.us.es\/encrucijada\/wp-content\/uploads\/2022\/11\/sevillacordoba1.jpg\"\n                data-vp-popup-md-img-size=\"3992x2845\"\n                data-vp-popup-sm-img=\"https:\/\/grupo.us.es\/encrucijada\/wp-content\/uploads\/2022\/11\/sevillacordoba1.jpg\"\n                data-vp-popup-sm-img-size=\"3992x2845\"\n            >\n                                    <h3 class=\"vp-portfolio__item-popup-title\">Andaluzia continens Sevillam et Cordobam (1634-35). Joan Blaeu<\/h3>\n                                        <div class=\"vp-portfolio__item-popup-description\">Andaluzia continens Sevillam et Cordobam (1634-35). Joan Blaeu. Fuente: Biblioteca de Andaluc\u00eda. Copia digital: Biblioteca Virtual de Andaluc\u00eda (https:\/\/www.juntadeandalucia.es\/institutodeestadisticaycartografia\/cartoteca\/buscar\/getisbn\/id\/19879, quinto mapa)<\/div>\n                                <\/div>\n                                    <figure class=\"vp-portfolio__item\">\n                \n<div class=\"vp-portfolio__item-img-wrap\">\n    <div class=\"vp-portfolio__item-img\">\n        <a  href=\"https:\/\/grupo.us.es\/encrucijada\/wp-content\/uploads\/2022\/11\/sevillacordoba1.jpg\" >\n        <img loading=\"lazy\" decoding=\"async\" width=\"3992\" height=\"2845\" src=\"https:\/\/grupo.us.es\/encrucijada\/wp-content\/uploads\/2022\/11\/sevillacordoba1.jpg\" class=\"wp-image-3516\" alt=\"\" \/>\n        <div class=\"vp-portfolio__item-img-overlay\"><\/div>\n\n        <\/a>    <\/div>\n<\/div>\n\n<figcaption class=\"vp-portfolio__item-overlay vp-portfolio__item-align-center\">\n            <div class=\"vp-portfolio__item-meta-wrap vp-portfolio__custom-scrollbar\">\n            <div class=\"vp-portfolio__item-meta\">\n                \n<h2 class=\"vp-portfolio__item-meta-title\">\n    <a  href=\"https:\/\/grupo.us.es\/encrucijada\/wp-content\/uploads\/2022\/11\/sevillacordoba1.jpg\" >Andaluzia continens Sevillam et Cordobam (1634-35). Joan Blaeu<\/a><\/h2>\n            <\/div>\n        <\/div>\n    <\/figcaption>\n            <\/figure>\n                    <\/div>\n        \n        <div class=\"vp-portfolio__item-wrap vp-portfolio__item-uid-296d852d\" data-vp-filter=\"\">\n                        <div class=\"vp-portfolio__item-popup\"\n                style=\"display: none;\"\n                data-vp-popup-img=\"https:\/\/grupo.us.es\/encrucijada\/wp-content\/uploads\/2022\/11\/sevillacordoba2.jpg\"\n                data-vp-popup-img-srcset=\"\"\n                data-vp-popup-img-size=\"3000x2605\"\n                data-vp-popup-md-img=\"https:\/\/grupo.us.es\/encrucijada\/wp-content\/uploads\/2022\/11\/sevillacordoba2.jpg\"\n                data-vp-popup-md-img-size=\"3000x2605\"\n                data-vp-popup-sm-img=\"https:\/\/grupo.us.es\/encrucijada\/wp-content\/uploads\/2022\/11\/sevillacordoba2.jpg\"\n                data-vp-popup-sm-img-size=\"3000x2605\"\n            >\n                                    <h3 class=\"vp-portfolio__item-popup-title\">Andaluzia continens Sevillam et Cordubam (1633). Jodocus Hondius<\/h3>\n                                        <div class=\"vp-portfolio__item-popup-description\">Andaluzia continens Sevillam et Cordubam (1633). Jodocus Hondius. Fuente: Espa\u00f1a. Ministerio de Defensa. Archivo Cartogr\u00e1fico y de Estudios Geogr\u00e1ficos del Centro Geogr\u00e1fico del Ej\u00e9rcito<\/div>\n                                <\/div>\n                                    <figure class=\"vp-portfolio__item\">\n                \n<div class=\"vp-portfolio__item-img-wrap\">\n    <div class=\"vp-portfolio__item-img\">\n        <a  href=\"https:\/\/grupo.us.es\/encrucijada\/wp-content\/uploads\/2022\/11\/sevillacordoba2.jpg\" >\n        <img loading=\"lazy\" decoding=\"async\" width=\"3000\" height=\"2605\" src=\"https:\/\/grupo.us.es\/encrucijada\/wp-content\/uploads\/2022\/11\/sevillacordoba2.jpg\" class=\"wp-image-3488\" alt=\"\" \/>\n        <div class=\"vp-portfolio__item-img-overlay\"><\/div>\n\n        <\/a>    <\/div>\n<\/div>\n\n<figcaption class=\"vp-portfolio__item-overlay vp-portfolio__item-align-center\">\n            <div class=\"vp-portfolio__item-meta-wrap vp-portfolio__custom-scrollbar\">\n            <div class=\"vp-portfolio__item-meta\">\n                \n<h2 class=\"vp-portfolio__item-meta-title\">\n    <a  href=\"https:\/\/grupo.us.es\/encrucijada\/wp-content\/uploads\/2022\/11\/sevillacordoba2.jpg\" >Andaluzia continens Sevillam et Cordubam (1633). Jodocus Hondius<\/a><\/h2>\n            <\/div>\n        <\/div>\n    <\/figcaption>\n            <\/figure>\n                    <\/div>\n        \n        <div class=\"vp-portfolio__item-wrap vp-portfolio__item-uid-25134218\" data-vp-filter=\"\">\n                        <div class=\"vp-portfolio__item-popup\"\n                style=\"display: none;\"\n                data-vp-popup-img=\"https:\/\/grupo.us.es\/encrucijada\/wp-content\/uploads\/2022\/11\/vientos3.jpg\"\n                data-vp-popup-img-srcset=\"\"\n                data-vp-popup-img-size=\"2649x3440\"\n                data-vp-popup-md-img=\"https:\/\/grupo.us.es\/encrucijada\/wp-content\/uploads\/2022\/11\/vientos3.jpg\"\n                data-vp-popup-md-img-size=\"2649x3440\"\n                data-vp-popup-sm-img=\"https:\/\/grupo.us.es\/encrucijada\/wp-content\/uploads\/2022\/11\/vientos3.jpg\"\n                data-vp-popup-sm-img-size=\"2649x3440\"\n            >\n                                    <h3 class=\"vp-portfolio__item-popup-title\">Detalles de rosas de los vientos de 16 rumbos<\/h3>\n                                        <div class=\"vp-portfolio__item-popup-description\">Detalles de rosas de los vientos de 16 rumbos de los siguientes mapas: Betica antigua, con sus montes, rios, i pueblos conocidos (1752) de Enrique Fl\u00f3rez (fuente: Biblioteca Digital Real Academia de la Historia, https:\/\/bibliotecadigital.rah.es\/es\/consulta\/registro.do?id=57647). Carte Nouvelle de l&#8217;Isle de Cadix &amp; du Detroit de Gibraltar (1730) de Homman (fuente: Institut Cartogr\u00e0fic i Geol\u00f2gic de Catalunya, https:\/\/cartotecadigital.icgc.cat\/digital\/collection\/espanya\/id\/2235). Tabla del Reyno de Andaluzia (1634) de Pedro Texeira (fuente: Biblioteca Nacional de Viena, https:\/\/digital.onb.ac.at\/RepViewer\/viewer.faces?doc=DTL_8438409&amp;order=1&amp;view=SINGLE). Carta Geografica del Condado de Niebla (1770) de Pedro Alonso Eguilart de Salanoba (fuente: Archivo General Fundaci\u00f3n Casa Medina Sidonia, S.N.7)<\/div>\n                                <\/div>\n                                    <figure class=\"vp-portfolio__item\">\n                \n<div class=\"vp-portfolio__item-img-wrap\">\n    <div class=\"vp-portfolio__item-img\">\n        <a  href=\"https:\/\/grupo.us.es\/encrucijada\/wp-content\/uploads\/2022\/11\/vientos3.jpg\" >\n        <img loading=\"lazy\" decoding=\"async\" width=\"2649\" height=\"3440\" src=\"https:\/\/grupo.us.es\/encrucijada\/wp-content\/uploads\/2022\/11\/vientos3.jpg\" class=\"wp-image-3474\" alt=\"\" \/>\n        <div class=\"vp-portfolio__item-img-overlay\"><\/div>\n\n        <\/a>    <\/div>\n<\/div>\n\n<figcaption class=\"vp-portfolio__item-overlay vp-portfolio__item-align-center\">\n            <div class=\"vp-portfolio__item-meta-wrap vp-portfolio__custom-scrollbar\">\n            <div class=\"vp-portfolio__item-meta\">\n                \n<h2 class=\"vp-portfolio__item-meta-title\">\n    <a  href=\"https:\/\/grupo.us.es\/encrucijada\/wp-content\/uploads\/2022\/11\/vientos3.jpg\" >Detalles de rosas de los vientos de 16 rumbos<\/a><\/h2>\n            <\/div>\n        <\/div>\n    <\/figcaption>\n            <\/figure>\n                    <\/div>\n        \n        <div class=\"vp-portfolio__item-wrap vp-portfolio__item-uid-23f34501\" data-vp-filter=\"\">\n                        <div class=\"vp-portfolio__item-popup\"\n                style=\"display: none;\"\n                data-vp-popup-img=\"https:\/\/grupo.us.es\/encrucijada\/wp-content\/uploads\/2022\/11\/cristobalrojas2.jpg\"\n                data-vp-popup-img-srcset=\"\"\n                data-vp-popup-img-size=\"2307x1675\"\n                data-vp-popup-md-img=\"https:\/\/grupo.us.es\/encrucijada\/wp-content\/uploads\/2022\/11\/cristobalrojas2.jpg\"\n                data-vp-popup-md-img-size=\"2307x1675\"\n                data-vp-popup-sm-img=\"https:\/\/grupo.us.es\/encrucijada\/wp-content\/uploads\/2022\/11\/cristobalrojas2.jpg\"\n                data-vp-popup-sm-img-size=\"2307x1675\"\n            >\n                                    <h3 class=\"vp-portfolio__item-popup-title\">Plano de C\u00e1diz. 1598. Crist\u00f3bal de Rojas, Teorica y practica de fortificacion, conforme a las medidas y defensas destos tiempos, repartida en tres partes<\/h3>\n                                        <div class=\"vp-portfolio__item-popup-description\">Plano de C\u00e1diz. 1598. Crist\u00f3bal de Rojas, Teorica y practica de fortificacion, conforme a las medidas y defensas destos tiempos, repartida en tres partes. Fuente: Biblioteca Nacional de Espa\u00f1a, R\/12093 (https:\/\/bdh-rd.bne.es\/viewer.vm?id=0000092039&amp;page=53)<\/div>\n                                <\/div>\n                                    <figure class=\"vp-portfolio__item\">\n                \n<div class=\"vp-portfolio__item-img-wrap\">\n    <div class=\"vp-portfolio__item-img\">\n        <a  href=\"https:\/\/grupo.us.es\/encrucijada\/wp-content\/uploads\/2022\/11\/cristobalrojas2.jpg\" >\n        <img loading=\"lazy\" decoding=\"async\" width=\"2307\" height=\"1675\" src=\"https:\/\/grupo.us.es\/encrucijada\/wp-content\/uploads\/2022\/11\/cristobalrojas2.jpg\" class=\"wp-image-3458\" alt=\"\" \/>\n        <div class=\"vp-portfolio__item-img-overlay\"><\/div>\n\n        <\/a>    <\/div>\n<\/div>\n\n<figcaption class=\"vp-portfolio__item-overlay vp-portfolio__item-align-center\">\n            <div class=\"vp-portfolio__item-meta-wrap vp-portfolio__custom-scrollbar\">\n            <div class=\"vp-portfolio__item-meta\">\n                \n<h2 class=\"vp-portfolio__item-meta-title\">\n    <a  href=\"https:\/\/grupo.us.es\/encrucijada\/wp-content\/uploads\/2022\/11\/cristobalrojas2.jpg\" >Plano de C\u00e1diz. 1598. Crist\u00f3bal de Rojas, Teorica y practica de fortificacion, conforme a las medidas y defensas destos tiempos, repartida en tres partes<\/a><\/h2>\n            <\/div>\n        <\/div>\n    <\/figcaption>\n            <\/figure>\n                    <\/div>\n        \n        <div class=\"vp-portfolio__item-wrap vp-portfolio__item-uid-74fe42bb\" data-vp-filter=\"\">\n                        <div class=\"vp-portfolio__item-popup\"\n                style=\"display: none;\"\n                data-vp-popup-img=\"https:\/\/grupo.us.es\/encrucijada\/wp-content\/uploads\/2022\/11\/vientos4.jpg\"\n                data-vp-popup-img-srcset=\"\"\n                data-vp-popup-img-size=\"2635x2991\"\n                data-vp-popup-md-img=\"https:\/\/grupo.us.es\/encrucijada\/wp-content\/uploads\/2022\/11\/vientos4.jpg\"\n                data-vp-popup-md-img-size=\"2635x2991\"\n                data-vp-popup-sm-img=\"https:\/\/grupo.us.es\/encrucijada\/wp-content\/uploads\/2022\/11\/vientos4.jpg\"\n                data-vp-popup-sm-img-size=\"2635x2991\"\n            >\n                                    <h3 class=\"vp-portfolio__item-popup-title\">Detalles de rosas de los vientos de 32 rumbos<\/h3>\n                                        <div class=\"vp-portfolio__item-popup-description\">Detalles de rosas de los vientos de 32 rumbos de los siguientes mapas: Provincia Andalvsiae (1712) de Giovanni Battista Cassini (fuente: Institut Cartogr\u00e0fic i Geol\u00f2gic de Catalunya, https:\/\/cartotecadigital.icgc.cat\/digital\/collection\/espanya\/id\/1089\/rec\/19). Andaluzia continens Sevillam et Cordubam (1643) de Willem Jans Blaeu (fuente: Institut Cartogr\u00e0fic i Geol\u00f2gic de Catalunya, https:\/\/cartotecadigital.icgc.cat\/digital\/collection\/espanya\/id\/1962). A new chart of the coast of the Mediterranean sea (1764) de J. Giacomo Alagna (fuente: Biblioteca C\u00e1novas del Castillo, M\u00e1laga, http:\/\/bibliotecavirtual.malaga.es\/i18n\/consulta\/registro.cmd?id=13343). Zee Custen van Andaluzien&#8230; (1586) de Lucas Iansz. Wagenaer (fuente: Institut Cartogr\u00e0fic de Catalunya, https:\/\/cartotecadigital.icgc.cat\/digital\/collection\/espanya\/id\/1011\/rec\/3)<\/div>\n                                <\/div>\n                                    <figure class=\"vp-portfolio__item\">\n                \n<div class=\"vp-portfolio__item-img-wrap\">\n    <div class=\"vp-portfolio__item-img\">\n        <a  href=\"https:\/\/grupo.us.es\/encrucijada\/wp-content\/uploads\/2022\/11\/vientos4.jpg\" >\n        <img loading=\"lazy\" decoding=\"async\" width=\"2635\" height=\"2991\" src=\"https:\/\/grupo.us.es\/encrucijada\/wp-content\/uploads\/2022\/11\/vientos4.jpg\" class=\"wp-image-3444\" alt=\"\" \/>\n        <div class=\"vp-portfolio__item-img-overlay\"><\/div>\n\n        <\/a>    <\/div>\n<\/div>\n\n<figcaption class=\"vp-portfolio__item-overlay vp-portfolio__item-align-center\">\n            <div class=\"vp-portfolio__item-meta-wrap vp-portfolio__custom-scrollbar\">\n            <div class=\"vp-portfolio__item-meta\">\n                \n<h2 class=\"vp-portfolio__item-meta-title\">\n    <a  href=\"https:\/\/grupo.us.es\/encrucijada\/wp-content\/uploads\/2022\/11\/vientos4.jpg\" >Detalles de rosas de los vientos de 32 rumbos<\/a><\/h2>\n            <\/div>\n        <\/div>\n    <\/figcaption>\n            <\/figure>\n                    <\/div>\n        \n        <div class=\"vp-portfolio__item-wrap vp-portfolio__item-uid-a0fdce3e\" data-vp-filter=\"\">\n                        <div class=\"vp-portfolio__item-popup\"\n                style=\"display: none;\"\n                data-vp-popup-img=\"https:\/\/grupo.us.es\/encrucijada\/wp-content\/uploads\/2022\/11\/monstruos4.jpg\"\n                data-vp-popup-img-srcset=\"\"\n                data-vp-popup-img-size=\"6032x2424\"\n                data-vp-popup-md-img=\"https:\/\/grupo.us.es\/encrucijada\/wp-content\/uploads\/2022\/11\/monstruos4.jpg\"\n                data-vp-popup-md-img-size=\"6032x2424\"\n                data-vp-popup-sm-img=\"https:\/\/grupo.us.es\/encrucijada\/wp-content\/uploads\/2022\/11\/monstruos4.jpg\"\n                data-vp-popup-sm-img-size=\"6032x2424\"\n            >\n                                    <h3 class=\"vp-portfolio__item-popup-title\">Detalle de monstruos marinos<\/h3>\n                                        <div class=\"vp-portfolio__item-popup-description\">Detalle de monstruos marinos de Hydrographica descriptio maris Mediterran.in qua orae maritimae Hispaniae a Charidemo\u2026 (fuente: Gallica, Biblioteca Nacional de Francia, GED-7805, https:\/\/gallica.bnf.fr\/ark:\/12148\/btv1b84466003#) y Hydrographica descriptio maris Mediterranei \u00e0 freto Gaditano, usque ad C. dictum, de Gates\u2026 (fuente: Gallica, Biblioteca Nacional de Grancia, GED-7802, https:\/\/gallica.bnf.fr\/ark:\/12148\/btv1b84465972#)<\/div>\n                                <\/div>\n                                    <figure class=\"vp-portfolio__item\">\n                \n<div class=\"vp-portfolio__item-img-wrap\">\n    <div class=\"vp-portfolio__item-img\">\n        <a  href=\"https:\/\/grupo.us.es\/encrucijada\/wp-content\/uploads\/2022\/11\/monstruos4.jpg\" >\n        <img loading=\"lazy\" decoding=\"async\" width=\"6032\" height=\"2424\" src=\"https:\/\/grupo.us.es\/encrucijada\/wp-content\/uploads\/2022\/11\/monstruos4.jpg\" class=\"wp-image-3442\" alt=\"\" \/>\n        <div class=\"vp-portfolio__item-img-overlay\"><\/div>\n\n        <\/a>    <\/div>\n<\/div>\n\n<figcaption class=\"vp-portfolio__item-overlay vp-portfolio__item-align-center\">\n            <div class=\"vp-portfolio__item-meta-wrap vp-portfolio__custom-scrollbar\">\n            <div class=\"vp-portfolio__item-meta\">\n                \n<h2 class=\"vp-portfolio__item-meta-title\">\n    <a  href=\"https:\/\/grupo.us.es\/encrucijada\/wp-content\/uploads\/2022\/11\/monstruos4.jpg\" >Detalle de monstruos marinos<\/a><\/h2>\n            <\/div>\n        <\/div>\n    <\/figcaption>\n            <\/figure>\n                    <\/div>\n        \n        <div class=\"vp-portfolio__item-wrap vp-portfolio__item-uid-8bd44394\" data-vp-filter=\"\">\n                        <div class=\"vp-portfolio__item-popup\"\n                style=\"display: none;\"\n                data-vp-popup-img=\"https:\/\/grupo.us.es\/encrucijada\/wp-content\/uploads\/2022\/11\/monstruos3.jpg\"\n                data-vp-popup-img-srcset=\"\"\n                data-vp-popup-img-size=\"5255x2399\"\n                data-vp-popup-md-img=\"https:\/\/grupo.us.es\/encrucijada\/wp-content\/uploads\/2022\/11\/monstruos3.jpg\"\n                data-vp-popup-md-img-size=\"5255x2399\"\n                data-vp-popup-sm-img=\"https:\/\/grupo.us.es\/encrucijada\/wp-content\/uploads\/2022\/11\/monstruos3.jpg\"\n                data-vp-popup-sm-img-size=\"5255x2399\"\n            >\n                                    <h3 class=\"vp-portfolio__item-popup-title\">Detalle de los monstruos marinos de Description des costes marines de Andalusie y Description de la Condade et Andalousie, del Thresoor der zeevaert (1592) de Lucas Janszoon Waghenaer<\/h3>\n                                        <div class=\"vp-portfolio__item-popup-description\">Detalle de los monstruos marinos de Description des costes marines de Andalusie y Description de la Condade et Andalousie, del Thresoor der zeevaert (1592) de Lucas Janszoon Waghenaer. Fuente: Vilnius Universiy Library (https:\/\/kolekcijos.biblioteka.vu.lt\/en\/islandora\/object\/atmintis:VUB01_000496164#00021)<\/div>\n                                <\/div>\n                                    <figure class=\"vp-portfolio__item\">\n                \n<div class=\"vp-portfolio__item-img-wrap\">\n    <div class=\"vp-portfolio__item-img\">\n        <a  href=\"https:\/\/grupo.us.es\/encrucijada\/wp-content\/uploads\/2022\/11\/monstruos3.jpg\" >\n        <img loading=\"lazy\" decoding=\"async\" width=\"5255\" height=\"2399\" src=\"https:\/\/grupo.us.es\/encrucijada\/wp-content\/uploads\/2022\/11\/monstruos3.jpg\" class=\"wp-image-3441\" alt=\"\" \/>\n        <div class=\"vp-portfolio__item-img-overlay\"><\/div>\n\n        <\/a>    <\/div>\n<\/div>\n\n<figcaption class=\"vp-portfolio__item-overlay vp-portfolio__item-align-center\">\n            <div class=\"vp-portfolio__item-meta-wrap vp-portfolio__custom-scrollbar\">\n            <div class=\"vp-portfolio__item-meta\">\n                \n<h2 class=\"vp-portfolio__item-meta-title\">\n    <a  href=\"https:\/\/grupo.us.es\/encrucijada\/wp-content\/uploads\/2022\/11\/monstruos3.jpg\" >Detalle de los monstruos marinos de Description des costes marines de Andalusie y Description de la Condade et Andalousie, del Thresoor der zeevaert (1592) de Lucas Janszoon Waghenaer<\/a><\/h2>\n            <\/div>\n        <\/div>\n    <\/figcaption>\n            <\/figure>\n                    <\/div>\n        \n        <div class=\"vp-portfolio__item-wrap vp-portfolio__item-uid-c1b35ab2\" data-vp-filter=\"\">\n                        <div class=\"vp-portfolio__item-popup\"\n                style=\"display: none;\"\n                data-vp-popup-img=\"https:\/\/grupo.us.es\/encrucijada\/wp-content\/uploads\/2022\/11\/monstruos2.jpg\"\n                data-vp-popup-img-srcset=\"\"\n                data-vp-popup-img-size=\"5969x1181\"\n                data-vp-popup-md-img=\"https:\/\/grupo.us.es\/encrucijada\/wp-content\/uploads\/2022\/11\/monstruos2.jpg\"\n                data-vp-popup-md-img-size=\"5969x1181\"\n                data-vp-popup-sm-img=\"https:\/\/grupo.us.es\/encrucijada\/wp-content\/uploads\/2022\/11\/monstruos2.jpg\"\n                data-vp-popup-sm-img-size=\"5969x1181\"\n            >\n                                    <h3 class=\"vp-portfolio__item-popup-title\">Detalle de monstruos marinos de Algarbae orae maritimae, et partis Condadae accurata descriptio y Andaluziae orae maritimae una cum fluiis et portubus at vivum delineato del Spieghel der zeevaerdt (1584-1585)<\/h3>\n                                        <div class=\"vp-portfolio__item-popup-description\">Detalle de monstruos marinos de Algarbae orae maritimae, et partis Condadae accurata descriptio y Andaluziae orae maritimae una cum fluiis et portubus at vivum delineato del Spieghel der zeevaerdt (1584-1585). Fuente: Biblioteca Nacional de Espa\u00f1a, GMG\/1025 (http:\/\/bdh-rd.bne.es\/viewer.vm?id=0000001642)<\/div>\n                                <\/div>\n                                    <figure class=\"vp-portfolio__item\">\n                \n<div class=\"vp-portfolio__item-img-wrap\">\n    <div class=\"vp-portfolio__item-img\">\n        <a  href=\"https:\/\/grupo.us.es\/encrucijada\/wp-content\/uploads\/2022\/11\/monstruos2.jpg\" >\n        <img loading=\"lazy\" decoding=\"async\" width=\"5969\" height=\"1181\" src=\"https:\/\/grupo.us.es\/encrucijada\/wp-content\/uploads\/2022\/11\/monstruos2.jpg\" class=\"wp-image-3440\" alt=\"\" \/>\n        <div class=\"vp-portfolio__item-img-overlay\"><\/div>\n\n        <\/a>    <\/div>\n<\/div>\n\n<figcaption class=\"vp-portfolio__item-overlay vp-portfolio__item-align-center\">\n            <div class=\"vp-portfolio__item-meta-wrap vp-portfolio__custom-scrollbar\">\n            <div class=\"vp-portfolio__item-meta\">\n                \n<h2 class=\"vp-portfolio__item-meta-title\">\n    <a  href=\"https:\/\/grupo.us.es\/encrucijada\/wp-content\/uploads\/2022\/11\/monstruos2.jpg\" >Detalle de monstruos marinos de Algarbae orae maritimae, et partis Condadae accurata descriptio y Andaluziae orae maritimae una cum fluiis et portubus at vivum delineato del Spieghel der zeevaerdt (1584-1585)<\/a><\/h2>\n            <\/div>\n        <\/div>\n    <\/figcaption>\n            <\/figure>\n                    <\/div>\n        \n        <div class=\"vp-portfolio__item-wrap vp-portfolio__item-uid-b08e0e01\" data-vp-filter=\"\">\n                        <div class=\"vp-portfolio__item-popup\"\n                style=\"display: none;\"\n                data-vp-popup-img=\"https:\/\/grupo.us.es\/encrucijada\/wp-content\/uploads\/2022\/11\/monstruos1.jpg\"\n                data-vp-popup-img-srcset=\"\"\n                data-vp-popup-img-size=\"2942x1985\"\n                data-vp-popup-md-img=\"https:\/\/grupo.us.es\/encrucijada\/wp-content\/uploads\/2022\/11\/monstruos1.jpg\"\n                data-vp-popup-md-img-size=\"2942x1985\"\n                data-vp-popup-sm-img=\"https:\/\/grupo.us.es\/encrucijada\/wp-content\/uploads\/2022\/11\/monstruos1.jpg\"\n                data-vp-popup-sm-img-size=\"2942x1985\"\n            >\n                                    <h3 class=\"vp-portfolio__item-popup-title\">Detalle del ataque de un steipereidur a otro monstruo marino. Hispalensis conventus delineatio (1579)<\/h3>\n                                        <div class=\"vp-portfolio__item-popup-description\">Detalle del ataque de un steipereidur a otro monstruo marino. Hispalensis conventus delineatio (1579). Fuente: Biblioteca Nacional de Espa\u00f1a, MR\/34\/795\/2 (http:\/\/bdh.bne.es\/bnesearch\/detalle\/bdh0000033661)<\/div>\n                                <\/div>\n                                    <figure class=\"vp-portfolio__item\">\n                \n<div class=\"vp-portfolio__item-img-wrap\">\n    <div class=\"vp-portfolio__item-img\">\n        <a  href=\"https:\/\/grupo.us.es\/encrucijada\/wp-content\/uploads\/2022\/11\/monstruos1.jpg\" >\n        <img loading=\"lazy\" decoding=\"async\" width=\"2942\" height=\"1985\" src=\"https:\/\/grupo.us.es\/encrucijada\/wp-content\/uploads\/2022\/11\/monstruos1.jpg\" class=\"wp-image-3439\" alt=\"\" \/>\n        <div class=\"vp-portfolio__item-img-overlay\"><\/div>\n\n        <\/a>    <\/div>\n<\/div>\n\n<figcaption class=\"vp-portfolio__item-overlay vp-portfolio__item-align-center\">\n            <div class=\"vp-portfolio__item-meta-wrap vp-portfolio__custom-scrollbar\">\n            <div class=\"vp-portfolio__item-meta\">\n                \n<h2 class=\"vp-portfolio__item-meta-title\">\n    <a  href=\"https:\/\/grupo.us.es\/encrucijada\/wp-content\/uploads\/2022\/11\/monstruos1.jpg\" >Detalle del ataque de un steipereidur a otro monstruo marino. Hispalensis conventus delineatio (1579)<\/a><\/h2>\n            <\/div>\n        <\/div>\n    <\/figcaption>\n            <\/figure>\n                    <\/div>\n        \n        <div class=\"vp-portfolio__item-wrap vp-portfolio__item-uid-f35f5b0c\" data-vp-filter=\"\">\n                        <div class=\"vp-portfolio__item-popup\"\n                style=\"display: none;\"\n                data-vp-popup-img=\"https:\/\/grupo.us.es\/encrucijada\/wp-content\/uploads\/2022\/11\/vistamalaga5.jpg\"\n                data-vp-popup-img-srcset=\"\"\n                data-vp-popup-img-size=\"2000x1542\"\n                data-vp-popup-md-img=\"https:\/\/grupo.us.es\/encrucijada\/wp-content\/uploads\/2022\/11\/vistamalaga5.jpg\"\n                data-vp-popup-md-img-size=\"2000x1542\"\n                data-vp-popup-sm-img=\"https:\/\/grupo.us.es\/encrucijada\/wp-content\/uploads\/2022\/11\/vistamalaga5.jpg\"\n                data-vp-popup-sm-img-size=\"2000x1542\"\n            >\n                                    <h3 class=\"vp-portfolio__item-popup-title\">Ardales y C\u00e1rtama. Braun &amp; Hogenberg (eds.), 1564<\/h3>\n                                        <div class=\"vp-portfolio__item-popup-description\">Ardales y C\u00e1rtama. Braun &amp; Hogenberg (eds.), 1564.  Fuente: Biblioteca Nacional de Espa\u00f1a, GM\/1178, f. 11 (https:\/\/www.juntadeandalucia.es\/institutodeestadisticaycartografia\/cartoteca\/buscar\/getisbn\/query\/archidona\/autor\/titulo\/lugargeo\/materias\/fechadesde\/fechahasta\/buscar\/Buscar\/orderid\/fecha_ASC\/id\/20422)<\/div>\n                                <\/div>\n                                    <figure class=\"vp-portfolio__item\">\n                \n<div class=\"vp-portfolio__item-img-wrap\">\n    <div class=\"vp-portfolio__item-img\">\n        <a  href=\"https:\/\/grupo.us.es\/encrucijada\/wp-content\/uploads\/2022\/11\/vistamalaga5.jpg\" >\n        <img loading=\"lazy\" decoding=\"async\" width=\"2000\" height=\"1542\" src=\"https:\/\/grupo.us.es\/encrucijada\/wp-content\/uploads\/2022\/11\/vistamalaga5.jpg\" class=\"wp-image-3434\" alt=\"\" \/>\n        <div class=\"vp-portfolio__item-img-overlay\"><\/div>\n\n        <\/a>    <\/div>\n<\/div>\n\n<figcaption class=\"vp-portfolio__item-overlay vp-portfolio__item-align-center\">\n            <div class=\"vp-portfolio__item-meta-wrap vp-portfolio__custom-scrollbar\">\n            <div class=\"vp-portfolio__item-meta\">\n                \n<h2 class=\"vp-portfolio__item-meta-title\">\n    <a  href=\"https:\/\/grupo.us.es\/encrucijada\/wp-content\/uploads\/2022\/11\/vistamalaga5.jpg\" >Ardales y C\u00e1rtama. Braun &amp; Hogenberg (eds.), 1564<\/a><\/h2>\n            <\/div>\n        <\/div>\n    <\/figcaption>\n            <\/figure>\n                    <\/div>\n        \n        <div class=\"vp-portfolio__item-wrap vp-portfolio__item-uid-ab777f7b\" data-vp-filter=\"\">\n                        <div class=\"vp-portfolio__item-popup\"\n                style=\"display: none;\"\n                data-vp-popup-img=\"https:\/\/grupo.us.es\/encrucijada\/wp-content\/uploads\/2022\/11\/vistamalaga4.jpg\"\n                data-vp-popup-img-srcset=\"\"\n                data-vp-popup-img-size=\"2800x1937\"\n                data-vp-popup-md-img=\"https:\/\/grupo.us.es\/encrucijada\/wp-content\/uploads\/2022\/11\/vistamalaga4.jpg\"\n                data-vp-popup-md-img-size=\"2800x1937\"\n                data-vp-popup-sm-img=\"https:\/\/grupo.us.es\/encrucijada\/wp-content\/uploads\/2022\/11\/vistamalaga4.jpg\"\n                data-vp-popup-sm-img-size=\"2800x1937\"\n            >\n                                    <h3 class=\"vp-portfolio__item-popup-title\">Archidona. Braun &amp; Hogenberg (eds), 1564<\/h3>\n                                        <div class=\"vp-portfolio__item-popup-description\">Archidona. Braun &amp; Hogenberg (eds), 1564. Fuente: Biblioteca Nacional de Espa\u00f1a, GM\/1178, f. 9 (https:\/\/www.juntadeandalucia.es\/institutodeestadisticaycartografia\/cartoteca\/buscar\/getisbn\/query\/archidona\/autor\/titulo\/lugargeo\/materias\/fechadesde\/fechahasta\/buscar\/Buscar\/orderid\/fecha_ASC\/id\/20422)<\/div>\n                                <\/div>\n                                    <figure class=\"vp-portfolio__item\">\n                \n<div class=\"vp-portfolio__item-img-wrap\">\n    <div class=\"vp-portfolio__item-img\">\n        <a  href=\"https:\/\/grupo.us.es\/encrucijada\/wp-content\/uploads\/2022\/11\/vistamalaga4.jpg\" >\n        <img loading=\"lazy\" decoding=\"async\" width=\"2800\" height=\"1937\" src=\"https:\/\/grupo.us.es\/encrucijada\/wp-content\/uploads\/2022\/11\/vistamalaga4.jpg\" class=\"wp-image-3433\" alt=\"\" \/>\n        <div class=\"vp-portfolio__item-img-overlay\"><\/div>\n\n        <\/a>    <\/div>\n<\/div>\n\n<figcaption class=\"vp-portfolio__item-overlay vp-portfolio__item-align-center\">\n            <div class=\"vp-portfolio__item-meta-wrap vp-portfolio__custom-scrollbar\">\n            <div class=\"vp-portfolio__item-meta\">\n                \n<h2 class=\"vp-portfolio__item-meta-title\">\n    <a  href=\"https:\/\/grupo.us.es\/encrucijada\/wp-content\/uploads\/2022\/11\/vistamalaga4.jpg\" >Archidona. Braun &amp; Hogenberg (eds), 1564<\/a><\/h2>\n            <\/div>\n        <\/div>\n    <\/figcaption>\n            <\/figure>\n                    <\/div>\n        \n        <div class=\"vp-portfolio__item-wrap vp-portfolio__item-uid-e110665d\" data-vp-filter=\"\">\n                        <div class=\"vp-portfolio__item-popup\"\n                style=\"display: none;\"\n                data-vp-popup-img=\"https:\/\/grupo.us.es\/encrucijada\/wp-content\/uploads\/2022\/11\/vistamalaga3.jpg\"\n                data-vp-popup-img-srcset=\"\"\n                data-vp-popup-img-size=\"2864x2085\"\n                data-vp-popup-md-img=\"https:\/\/grupo.us.es\/encrucijada\/wp-content\/uploads\/2022\/11\/vistamalaga3.jpg\"\n                data-vp-popup-md-img-size=\"2864x2085\"\n                data-vp-popup-sm-img=\"https:\/\/grupo.us.es\/encrucijada\/wp-content\/uploads\/2022\/11\/vistamalaga3.jpg\"\n                data-vp-popup-sm-img-size=\"2864x2085\"\n            >\n                                    <h3 class=\"vp-portfolio__item-popup-title\">Antequera. Braun &amp; Hogenberg (eds.), 1575<\/h3>\n                                        <div class=\"vp-portfolio__item-popup-description\">Antequera. Braun &amp; Hogenberg (eds.), 1575. Fuente: The Hebrew University of Jerusalem and The Jewish National and University Library (http:\/\/historic-cities.huji.ac.il\/spain\/antequera\/maps\/braun_hogenberg_II_4_b.jpg)<\/div>\n                                <\/div>\n                                    <figure class=\"vp-portfolio__item\">\n                \n<div class=\"vp-portfolio__item-img-wrap\">\n    <div class=\"vp-portfolio__item-img\">\n        <a  href=\"https:\/\/grupo.us.es\/encrucijada\/wp-content\/uploads\/2022\/11\/vistamalaga3.jpg\" >\n        <img loading=\"lazy\" decoding=\"async\" width=\"2864\" height=\"2085\" src=\"https:\/\/grupo.us.es\/encrucijada\/wp-content\/uploads\/2022\/11\/vistamalaga3.jpg\" class=\"wp-image-3432\" alt=\"\" \/>\n        <div class=\"vp-portfolio__item-img-overlay\"><\/div>\n\n        <\/a>    <\/div>\n<\/div>\n\n<figcaption class=\"vp-portfolio__item-overlay vp-portfolio__item-align-center\">\n            <div class=\"vp-portfolio__item-meta-wrap vp-portfolio__custom-scrollbar\">\n            <div class=\"vp-portfolio__item-meta\">\n                \n<h2 class=\"vp-portfolio__item-meta-title\">\n    <a  href=\"https:\/\/grupo.us.es\/encrucijada\/wp-content\/uploads\/2022\/11\/vistamalaga3.jpg\" >Antequera. Braun &amp; Hogenberg (eds.), 1575<\/a><\/h2>\n            <\/div>\n        <\/div>\n    <\/figcaption>\n            <\/figure>\n                    <\/div>\n        \n        <div class=\"vp-portfolio__item-wrap vp-portfolio__item-uid-fa49a036\" data-vp-filter=\"\">\n                        <div class=\"vp-portfolio__item-popup\"\n                style=\"display: none;\"\n                data-vp-popup-img=\"https:\/\/grupo.us.es\/encrucijada\/wp-content\/uploads\/2022\/11\/vistamalaga2.jpg\"\n                data-vp-popup-img-srcset=\"\"\n                data-vp-popup-img-size=\"3986x1395\"\n                data-vp-popup-md-img=\"https:\/\/grupo.us.es\/encrucijada\/wp-content\/uploads\/2022\/11\/vistamalaga2.jpg\"\n                data-vp-popup-md-img-size=\"3986x1395\"\n                data-vp-popup-sm-img=\"https:\/\/grupo.us.es\/encrucijada\/wp-content\/uploads\/2022\/11\/vistamalaga2.jpg\"\n                data-vp-popup-sm-img-size=\"3986x1395\"\n            >\n                                    <h3 class=\"vp-portfolio__item-popup-title\">V\u00e9lez-M\u00e1laga. Braun &amp; Hogenberg (eds.), 1575<\/h3>\n                                        <div class=\"vp-portfolio__item-popup-description\">V\u00e9lez-M\u00e1laga. Braun &amp; Hogenberg (eds.), 1575. Fuente: The Hebrew University of Jerusalem and The Jewish National and University Library (http:\/\/historic-cities.huji.ac.il\/spain\/velez_malaga\/maps\/braun_hogenberg_II_5_2_b.jpg)<\/div>\n                                <\/div>\n                                    <figure class=\"vp-portfolio__item\">\n                \n<div class=\"vp-portfolio__item-img-wrap\">\n    <div class=\"vp-portfolio__item-img\">\n        <a  href=\"https:\/\/grupo.us.es\/encrucijada\/wp-content\/uploads\/2022\/11\/vistamalaga2.jpg\" >\n        <img loading=\"lazy\" decoding=\"async\" width=\"3986\" height=\"1395\" src=\"https:\/\/grupo.us.es\/encrucijada\/wp-content\/uploads\/2022\/11\/vistamalaga2.jpg\" class=\"wp-image-3431\" alt=\"\" \/>\n        <div class=\"vp-portfolio__item-img-overlay\"><\/div>\n\n        <\/a>    <\/div>\n<\/div>\n\n<figcaption class=\"vp-portfolio__item-overlay vp-portfolio__item-align-center\">\n            <div class=\"vp-portfolio__item-meta-wrap vp-portfolio__custom-scrollbar\">\n            <div class=\"vp-portfolio__item-meta\">\n                \n<h2 class=\"vp-portfolio__item-meta-title\">\n    <a  href=\"https:\/\/grupo.us.es\/encrucijada\/wp-content\/uploads\/2022\/11\/vistamalaga2.jpg\" >V\u00e9lez-M\u00e1laga. Braun &amp; Hogenberg (eds.), 1575<\/a><\/h2>\n            <\/div>\n        <\/div>\n    <\/figcaption>\n            <\/figure>\n                    <\/div>\n        \n        <div class=\"vp-portfolio__item-wrap vp-portfolio__item-uid-b02eb910\" data-vp-filter=\"\">\n                        <div class=\"vp-portfolio__item-popup\"\n                style=\"display: none;\"\n                data-vp-popup-img=\"https:\/\/grupo.us.es\/encrucijada\/wp-content\/uploads\/2022\/11\/vistamalaga1.jpg\"\n                data-vp-popup-img-srcset=\"\"\n                data-vp-popup-img-size=\"4843x1280\"\n                data-vp-popup-md-img=\"https:\/\/grupo.us.es\/encrucijada\/wp-content\/uploads\/2022\/11\/vistamalaga1.jpg\"\n                data-vp-popup-md-img-size=\"4843x1280\"\n                data-vp-popup-sm-img=\"https:\/\/grupo.us.es\/encrucijada\/wp-content\/uploads\/2022\/11\/vistamalaga1.jpg\"\n                data-vp-popup-sm-img-size=\"4843x1280\"\n            >\n                                    <h3 class=\"vp-portfolio__item-popup-title\">M\u00e1laga. Hoefnagel. Braun &amp; Hogenberg (eds.), 1572<\/h3>\n                                        <div class=\"vp-portfolio__item-popup-description\">M\u00e1laga. Hoefnagel. Braun &amp; Hogenberg (eds.), 1572. Fuente: The Hebrew University of Jerusalem and The Jewish National and University Library (http:\/\/historic-cities.huji.ac.il\/spain\/malaga\/maps\/braun_hogenberg_I_2_3_b.jpg)<\/div>\n                                <\/div>\n                                    <figure class=\"vp-portfolio__item\">\n                \n<div class=\"vp-portfolio__item-img-wrap\">\n    <div class=\"vp-portfolio__item-img\">\n        <a  href=\"https:\/\/grupo.us.es\/encrucijada\/wp-content\/uploads\/2022\/11\/vistamalaga1.jpg\" >\n        <img loading=\"lazy\" decoding=\"async\" width=\"4843\" height=\"1280\" src=\"https:\/\/grupo.us.es\/encrucijada\/wp-content\/uploads\/2022\/11\/vistamalaga1.jpg\" class=\"wp-image-3430\" alt=\"\" \/>\n        <div class=\"vp-portfolio__item-img-overlay\"><\/div>\n\n        <\/a>    <\/div>\n<\/div>\n\n<figcaption class=\"vp-portfolio__item-overlay vp-portfolio__item-align-center\">\n            <div class=\"vp-portfolio__item-meta-wrap vp-portfolio__custom-scrollbar\">\n            <div class=\"vp-portfolio__item-meta\">\n                \n<h2 class=\"vp-portfolio__item-meta-title\">\n    <a  href=\"https:\/\/grupo.us.es\/encrucijada\/wp-content\/uploads\/2022\/11\/vistamalaga1.jpg\" >M\u00e1laga. Hoefnagel. Braun &amp; Hogenberg (eds.), 1572<\/a><\/h2>\n            <\/div>\n        <\/div>\n    <\/figcaption>\n            <\/figure>\n                    <\/div>\n        \n        <div class=\"vp-portfolio__item-wrap vp-portfolio__item-uid-07f657b4\" data-vp-filter=\"\">\n                        <div class=\"vp-portfolio__item-popup\"\n                style=\"display: none;\"\n                data-vp-popup-img=\"https:\/\/grupo.us.es\/encrucijada\/wp-content\/uploads\/2022\/11\/tomares.jpg\"\n                data-vp-popup-img-srcset=\"\"\n                data-vp-popup-img-size=\"2820x2313\"\n                data-vp-popup-md-img=\"https:\/\/grupo.us.es\/encrucijada\/wp-content\/uploads\/2022\/11\/tomares.jpg\"\n                data-vp-popup-md-img-size=\"2820x2313\"\n                data-vp-popup-sm-img=\"https:\/\/grupo.us.es\/encrucijada\/wp-content\/uploads\/2022\/11\/tomares.jpg\"\n                data-vp-popup-sm-img-size=\"2820x2313\"\n            >\n                                    <h3 class=\"vp-portfolio__item-popup-title\">Planta de la villa de Tomares, y de San Iuan de Alfarache suanejo, y Alquerias de su t\u00e9rmino cuya Iurisdicion se\u00f1orio y vasallaje compr\u00f3 El Sor. Conde de Olivares Duque de San Lucar la mayor en tierra de la ciudad de Sevilla a\u00f1o 1628. Miguel de Obando<\/h3>\n                                        <div class=\"vp-portfolio__item-popup-description\">Planta de la villa de Tomares, y de San Iuan de Alfarache suanejo, y Alquerias de su t\u00e9rmino cuya Iurisdicion se\u00f1orio y vasallaje compr\u00f3 El Sor. Conde de Olivares Duque de San Lucar la mayor en tierra de la ciudad de Sevilla a\u00f1o 1628. Miguel de Obando. Fuente: Biblioteca Nacional de Espa\u00f1a, MR\/43\/44 (http:\/\/bdh-rd.bne.es\/viewer.vm?id=0000033717)<\/div>\n                                <\/div>\n                                    <figure class=\"vp-portfolio__item\">\n                \n<div class=\"vp-portfolio__item-img-wrap\">\n    <div class=\"vp-portfolio__item-img\">\n        <a  href=\"https:\/\/grupo.us.es\/encrucijada\/wp-content\/uploads\/2022\/11\/tomares.jpg\" >\n        <img loading=\"lazy\" decoding=\"async\" width=\"2820\" height=\"2313\" src=\"https:\/\/grupo.us.es\/encrucijada\/wp-content\/uploads\/2022\/11\/tomares.jpg\" class=\"wp-image-3426\" alt=\"\" \/>\n        <div class=\"vp-portfolio__item-img-overlay\"><\/div>\n\n        <\/a>    <\/div>\n<\/div>\n\n<figcaption class=\"vp-portfolio__item-overlay vp-portfolio__item-align-center\">\n            <div class=\"vp-portfolio__item-meta-wrap vp-portfolio__custom-scrollbar\">\n            <div class=\"vp-portfolio__item-meta\">\n                \n<h2 class=\"vp-portfolio__item-meta-title\">\n    <a  href=\"https:\/\/grupo.us.es\/encrucijada\/wp-content\/uploads\/2022\/11\/tomares.jpg\" >Planta de la villa de Tomares, y de San Iuan de Alfarache suanejo, y Alquerias de su t\u00e9rmino cuya Iurisdicion se\u00f1orio y vasallaje compr\u00f3 El Sor. Conde de Olivares Duque de San Lucar la mayor en tierra de la ciudad de Sevilla a\u00f1o 1628. Miguel de Obando<\/a><\/h2>\n            <\/div>\n        <\/div>\n    <\/figcaption>\n            <\/figure>\n                    <\/div>\n        \n        <div class=\"vp-portfolio__item-wrap vp-portfolio__item-uid-4afc8a8b\" data-vp-filter=\"\">\n                        <div class=\"vp-portfolio__item-popup\"\n                style=\"display: none;\"\n                data-vp-popup-img=\"https:\/\/grupo.us.es\/encrucijada\/wp-content\/uploads\/2022\/11\/nieuwe3.jpeg\"\n                data-vp-popup-img-srcset=\"\"\n                data-vp-popup-img-size=\"1536x1052\"\n                data-vp-popup-md-img=\"https:\/\/grupo.us.es\/encrucijada\/wp-content\/uploads\/2022\/11\/nieuwe3.jpeg\"\n                data-vp-popup-md-img-size=\"1536x1052\"\n                data-vp-popup-sm-img=\"https:\/\/grupo.us.es\/encrucijada\/wp-content\/uploads\/2022\/11\/nieuwe3.jpeg\"\n                data-vp-popup-sm-img-size=\"1536x1052\"\n            >\n                                    <h3 class=\"vp-portfolio__item-popup-title\">Hydrographica descriptio maris Mediterranei \u00e0 freto Gaditano, usque ad C. dictum, de Gates: In qua orae maritimae Hispaniae et Barbariae, Portus item et promontoria, insulae, vada, brevia, necnon loca in quibus tuto anchoras figere liceat, evidenter et summa diligentia designantur, \/ \u00e0 peritissimo nauclero Guilielmo Barensono, 1595<\/h3>\n                                        <div class=\"vp-portfolio__item-popup-description\">Hydrographica descriptio maris Mediterranei \u00e0 freto Gaditano, usque ad C. dictum, de Gates: In qua orae maritimae Hispaniae et Barbariae, Portus item et promontoria, insulae, vada, brevia, necnon loca in quibus tuto anchoras figere liceat, evidenter et summa diligentia designantur, \/ \u00e0 peritissimo nauclero Guilielmo Barensono. 1595. Fuente: Gallica, Biblioteca Nacional de Grancia, GED-7802 (https:\/\/gallica.bnf.fr\/ark:\/12148\/btv1b84465972#)<\/div>\n                                <\/div>\n                                    <figure class=\"vp-portfolio__item\">\n                \n<div class=\"vp-portfolio__item-img-wrap\">\n    <div class=\"vp-portfolio__item-img\">\n        <a  href=\"https:\/\/grupo.us.es\/encrucijada\/wp-content\/uploads\/2022\/11\/nieuwe3.jpeg\" >\n        <img loading=\"lazy\" decoding=\"async\" width=\"1536\" height=\"1052\" src=\"https:\/\/grupo.us.es\/encrucijada\/wp-content\/uploads\/2022\/11\/nieuwe3.jpeg\" class=\"wp-image-3423\" alt=\"\" \/>\n        <div class=\"vp-portfolio__item-img-overlay\"><\/div>\n\n        <\/a>    <\/div>\n<\/div>\n\n<figcaption class=\"vp-portfolio__item-overlay vp-portfolio__item-align-center\">\n            <div class=\"vp-portfolio__item-meta-wrap vp-portfolio__custom-scrollbar\">\n            <div class=\"vp-portfolio__item-meta\">\n                \n<h2 class=\"vp-portfolio__item-meta-title\">\n    <a  href=\"https:\/\/grupo.us.es\/encrucijada\/wp-content\/uploads\/2022\/11\/nieuwe3.jpeg\" >Hydrographica descriptio maris Mediterranei \u00e0 freto Gaditano, usque ad C. dictum, de Gates: In qua orae maritimae Hispaniae et Barbariae, Portus item et promontoria, insulae, vada, brevia, necnon loca in quibus tuto anchoras figere liceat, evidenter et summa diligentia designantur, \/ \u00e0 peritissimo nauclero Guilielmo Barensono, 1595<\/a><\/h2>\n            <\/div>\n        <\/div>\n    <\/figcaption>\n            <\/figure>\n                    <\/div>\n        \n        <div class=\"vp-portfolio__item-wrap vp-portfolio__item-uid-8fdb660d\" data-vp-filter=\"\">\n                        <div class=\"vp-portfolio__item-popup\"\n                style=\"display: none;\"\n                data-vp-popup-img=\"https:\/\/grupo.us.es\/encrucijada\/wp-content\/uploads\/2022\/11\/nieuwe2.jpeg\"\n                data-vp-popup-img-srcset=\"\"\n                data-vp-popup-img-size=\"1389x1054\"\n                data-vp-popup-md-img=\"https:\/\/grupo.us.es\/encrucijada\/wp-content\/uploads\/2022\/11\/nieuwe2.jpeg\"\n                data-vp-popup-md-img-size=\"1389x1054\"\n                data-vp-popup-sm-img=\"https:\/\/grupo.us.es\/encrucijada\/wp-content\/uploads\/2022\/11\/nieuwe2.jpeg\"\n                data-vp-popup-sm-img-size=\"1389x1054\"\n            >\n                                    <h3 class=\"vp-portfolio__item-popup-title\">Hydrographica descriptio maris Mediterran.in qua orae maritimae Hispaniae a Charidemo, usque ad Artemisium promontorium, Ebusus item insula, et Barbariae orae a promont. (quod dicitz, Cap. de Hone) Iuli\u00e3 Caesaream usque, necnon et portus, promontoria, ins. adjacentes, vada, brevia et syrtes accuratissime describuntur, 1593<\/h3>\n                                        <div class=\"vp-portfolio__item-popup-description\">Hydrographica descriptio maris Mediterran.in qua orae maritimae Hispaniae a Charidemo, usque ad Artemisium promontorium, Ebusus item insula, et Barbariae orae a promont. (quod dicitz, Cap. de Hone) Iuli\u00e3 Caesaream usque, necnon et portus, promontoria, ins. adjacentes, vada, brevia et syrtes accuratissime describuntur, 1593. Fuente: Gallica, Biblioteca Nacional de Francia, GED-7805 (https:\/\/gallica.bnf.fr\/ark:\/12148\/btv1b84466003#)<\/div>\n                                <\/div>\n                                    <figure class=\"vp-portfolio__item\">\n                \n<div class=\"vp-portfolio__item-img-wrap\">\n    <div class=\"vp-portfolio__item-img\">\n        <a  href=\"https:\/\/grupo.us.es\/encrucijada\/wp-content\/uploads\/2022\/11\/nieuwe2.jpeg\" >\n        <img loading=\"lazy\" decoding=\"async\" width=\"1389\" height=\"1054\" src=\"https:\/\/grupo.us.es\/encrucijada\/wp-content\/uploads\/2022\/11\/nieuwe2.jpeg\" class=\"wp-image-3422\" alt=\"\" \/>\n        <div class=\"vp-portfolio__item-img-overlay\"><\/div>\n\n        <\/a>    <\/div>\n<\/div>\n\n<figcaption class=\"vp-portfolio__item-overlay vp-portfolio__item-align-center\">\n            <div class=\"vp-portfolio__item-meta-wrap vp-portfolio__custom-scrollbar\">\n            <div class=\"vp-portfolio__item-meta\">\n                \n<h2 class=\"vp-portfolio__item-meta-title\">\n    <a  href=\"https:\/\/grupo.us.es\/encrucijada\/wp-content\/uploads\/2022\/11\/nieuwe2.jpeg\" >Hydrographica descriptio maris Mediterran.in qua orae maritimae Hispaniae a Charidemo, usque ad Artemisium promontorium, Ebusus item insula, et Barbariae orae a promont. (quod dicitz, Cap. de Hone) Iuli\u00e3 Caesaream usque, necnon et portus, promontoria, ins. adjacentes, vada, brevia et syrtes accuratissime describuntur, 1593<\/a><\/h2>\n            <\/div>\n        <\/div>\n    <\/figcaption>\n            <\/figure>\n                    <\/div>\n        \n        <div class=\"vp-portfolio__item-wrap vp-portfolio__item-uid-2bb21e07\" data-vp-filter=\"\">\n                        <div class=\"vp-portfolio__item-popup\"\n                style=\"display: none;\"\n                data-vp-popup-img=\"https:\/\/grupo.us.es\/encrucijada\/wp-content\/uploads\/2022\/11\/nieuwe1.jpeg\"\n                data-vp-popup-img-srcset=\"\"\n                data-vp-popup-img-size=\"1405x1054\"\n                data-vp-popup-md-img=\"https:\/\/grupo.us.es\/encrucijada\/wp-content\/uploads\/2022\/11\/nieuwe1.jpeg\"\n                data-vp-popup-md-img-size=\"1405x1054\"\n                data-vp-popup-sm-img=\"https:\/\/grupo.us.es\/encrucijada\/wp-content\/uploads\/2022\/11\/nieuwe1.jpeg\"\n                data-vp-popup-sm-img-size=\"1405x1054\"\n            >\n                                    <h3 class=\"vp-portfolio__item-popup-title\">Tabula Hydrographica, in qua Hispaniae ora maritima a Civitate Setubal usque ad promontorium S. Vicentii et hinc ad Fretum Gaditanum, notantur, a quo usque ad promontorium Bojador dictum, insularum item Canariarum ora maritima, portus, etiam promontoria, brevia et Syrtes accurate summag, diligentia describuntur, 1594<\/h3>\n                                        <div class=\"vp-portfolio__item-popup-description\">Tabula Hydrographica, in qua Hispaniae ora maritima a Civitate Setubal usque ad promontorium S. Vicentii et hinc ad Fretum Gaditanum, notantur, a quo usque ad promontorium Bojador dictum, insularum item Canariarum ora maritima, portus, etiam promontoria, brevia et Syrtes accurate summag, diligentia describuntur, 1594. Fuente: Gallica, Biblioteca Nacional de Francia, GED-7797 (https:\/\/gallica.bnf.fr\/ark:\/12148\/btv1b84465920#)<\/div>\n                                <\/div>\n                                    <figure class=\"vp-portfolio__item\">\n                \n<div class=\"vp-portfolio__item-img-wrap\">\n    <div class=\"vp-portfolio__item-img\">\n        <a  href=\"https:\/\/grupo.us.es\/encrucijada\/wp-content\/uploads\/2022\/11\/nieuwe1.jpeg\" >\n        <img loading=\"lazy\" decoding=\"async\" width=\"1405\" height=\"1054\" src=\"https:\/\/grupo.us.es\/encrucijada\/wp-content\/uploads\/2022\/11\/nieuwe1.jpeg\" class=\"wp-image-3421\" alt=\"\" \/>\n        <div class=\"vp-portfolio__item-img-overlay\"><\/div>\n\n        <\/a>    <\/div>\n<\/div>\n\n<figcaption class=\"vp-portfolio__item-overlay vp-portfolio__item-align-center\">\n            <div class=\"vp-portfolio__item-meta-wrap vp-portfolio__custom-scrollbar\">\n            <div class=\"vp-portfolio__item-meta\">\n                \n<h2 class=\"vp-portfolio__item-meta-title\">\n    <a  href=\"https:\/\/grupo.us.es\/encrucijada\/wp-content\/uploads\/2022\/11\/nieuwe1.jpeg\" >Tabula Hydrographica, in qua Hispaniae ora maritima a Civitate Setubal usque ad promontorium S. Vicentii et hinc ad Fretum Gaditanum, notantur, a quo usque ad promontorium Bojador dictum, insularum item Canariarum ora maritima, portus, etiam promontoria, brevia et Syrtes accurate summag, diligentia describuntur, 1594<\/a><\/h2>\n            <\/div>\n        <\/div>\n    <\/figcaption>\n            <\/figure>\n                    <\/div>\n        \n        <div class=\"vp-portfolio__item-wrap vp-portfolio__item-uid-ae5c9221\" data-vp-filter=\"\">\n                        <div class=\"vp-portfolio__item-popup\"\n                style=\"display: none;\"\n                data-vp-popup-img=\"https:\/\/grupo.us.es\/encrucijada\/wp-content\/uploads\/2022\/11\/Fig.-2.8-vientos.jpg\"\n                data-vp-popup-img-srcset=\"\"\n                data-vp-popup-img-size=\"2713x3102\"\n                data-vp-popup-md-img=\"https:\/\/grupo.us.es\/encrucijada\/wp-content\/uploads\/2022\/11\/Fig.-2.8-vientos.jpg\"\n                data-vp-popup-md-img-size=\"2713x3102\"\n                data-vp-popup-sm-img=\"https:\/\/grupo.us.es\/encrucijada\/wp-content\/uploads\/2022\/11\/Fig.-2.8-vientos.jpg\"\n                data-vp-popup-sm-img-size=\"2713x3102\"\n            >\n                                    <h3 class=\"vp-portfolio__item-popup-title\">Detalles de rosas de los vientos de 8 rumbos<\/h3>\n                                        <div class=\"vp-portfolio__item-popup-description\">Detalles de las rosas de los vientos de 8 rumbos de los siguientes mapas: L&#8217;Andalousie, les royaumes de Grenade, et de Murcie, et grande partie de ceux de Leon, de Castille, et de Valence (1705) de N. de Fer (fuente: Institut Cartogr\u00e0fic i Geol\u00f2gic de Catalunya, https:\/\/cartotecadigital.icgc.cat\/digital\/collection\/espanya\/id\/932\/). Nueva Mapa de Andaluc\u00eda y Granada. con los caminos reales (1714) de Pierter Van der Aa (fuente: Instituto Geogr\u00e1fico Nacional, https:\/\/www.ign.es\/web\/catalogo-cartoteca\/resources\/html\/023658.html). Mapa del Reynado de Sevilla (1748) de Francisco Llobet (fuente: Biblioteca Nacional de Espa\u00f1a, MV\/10 http:\/\/bdh-rd.bne.es\/viewer.vm?id=0000033663). Plano Geom\u00e9trico de la Ciudad de Sevilla (1788) de Tom\u00e1s L\u00f3pez (fuente: Wikipedia, Dominio p\u00fablico)<\/div>\n                                <\/div>\n                                    <figure class=\"vp-portfolio__item\">\n                \n<div class=\"vp-portfolio__item-img-wrap\">\n    <div class=\"vp-portfolio__item-img\">\n        <a  href=\"https:\/\/grupo.us.es\/encrucijada\/wp-content\/uploads\/2022\/11\/Fig.-2.8-vientos.jpg\" >\n        <img loading=\"lazy\" decoding=\"async\" width=\"2713\" height=\"3102\" src=\"https:\/\/grupo.us.es\/encrucijada\/wp-content\/uploads\/2022\/11\/Fig.-2.8-vientos.jpg\" class=\"wp-image-3417\" alt=\"\" \/>\n        <div class=\"vp-portfolio__item-img-overlay\"><\/div>\n\n        <\/a>    <\/div>\n<\/div>\n\n<figcaption class=\"vp-portfolio__item-overlay vp-portfolio__item-align-center\">\n            <div class=\"vp-portfolio__item-meta-wrap vp-portfolio__custom-scrollbar\">\n            <div class=\"vp-portfolio__item-meta\">\n                \n<h2 class=\"vp-portfolio__item-meta-title\">\n    <a  href=\"https:\/\/grupo.us.es\/encrucijada\/wp-content\/uploads\/2022\/11\/Fig.-2.8-vientos.jpg\" >Detalles de rosas de los vientos de 8 rumbos<\/a><\/h2>\n            <\/div>\n        <\/div>\n    <\/figcaption>\n            <\/figure>\n                    <\/div>\n        \n        <div class=\"vp-portfolio__item-wrap vp-portfolio__item-uid-e43b8b07\" data-vp-filter=\"\">\n                        <div class=\"vp-portfolio__item-popup\"\n                style=\"display: none;\"\n                data-vp-popup-img=\"https:\/\/grupo.us.es\/encrucijada\/wp-content\/uploads\/2022\/11\/Fig.1.4-vientos-1.jpg\"\n                data-vp-popup-img-srcset=\"\"\n                data-vp-popup-img-size=\"2613x3014\"\n                data-vp-popup-md-img=\"https:\/\/grupo.us.es\/encrucijada\/wp-content\/uploads\/2022\/11\/Fig.1.4-vientos-1.jpg\"\n                data-vp-popup-md-img-size=\"2613x3014\"\n                data-vp-popup-sm-img=\"https:\/\/grupo.us.es\/encrucijada\/wp-content\/uploads\/2022\/11\/Fig.1.4-vientos-1.jpg\"\n                data-vp-popup-sm-img-size=\"2613x3014\"\n            >\n                                    <h3 class=\"vp-portfolio__item-popup-title\">Detalles de rosas de los vientos de 4 rumbos<\/h3>\n                                        <div class=\"vp-portfolio__item-popup-description\">Detalles de las rosas de los vientos de 4 rumbos de los siguientes mapas: Kaart van Andalusien en Granade (1636) de Kaerius Celavit (fuente: Instituto Geogr\u00e1fico Nacional, http:\/\/www.ign.es\/fondoscartograficos\/Cartografias G\/0630 12-D-7.jpg). Regnum Castellae Novae, Andalusiae, Granadae et Algarbiae, nec non maxime partis Portugalliae&#8230; (1680) de I. [Justus] Danckerts (fuente: Instituto Geogr\u00e1fico Nacional, https:\/\/www.ign.es\/web\/catalogo-cartoteca\/resources\/html\/027159.html). Regnorum Castellae Novae, Andalusiae, Granadae, Valentiae et Murciae, in Episcopatus, etc. Divisorum (1670) de Fredericum de Wit (fuente: Instituto Geogr\u00e1fico Nacional, https:\/\/www.ign.es\/web\/catalogo-cartoteca\/resources\/pdfcards\/card023450.pdf). Regnorum Castellae Novae Andalusiae Granadae Valentiae et Murciae (1705) de Nicolaum Visser (fuente: Instituto Geogr\u00e1fico Nacional, https:\/\/www.ign.es\/web\/catalogo-cartoteca\/resources\/html\/023470.html)<\/div>\n                                <\/div>\n                                    <figure class=\"vp-portfolio__item\">\n                \n<div class=\"vp-portfolio__item-img-wrap\">\n    <div class=\"vp-portfolio__item-img\">\n        <a  href=\"https:\/\/grupo.us.es\/encrucijada\/wp-content\/uploads\/2022\/11\/Fig.1.4-vientos-1.jpg\" >\n        <img loading=\"lazy\" decoding=\"async\" width=\"2613\" height=\"3014\" src=\"https:\/\/grupo.us.es\/encrucijada\/wp-content\/uploads\/2022\/11\/Fig.1.4-vientos-1.jpg\" class=\"wp-image-3416\" alt=\"\" \/>\n        <div class=\"vp-portfolio__item-img-overlay\"><\/div>\n\n        <\/a>    <\/div>\n<\/div>\n\n<figcaption class=\"vp-portfolio__item-overlay vp-portfolio__item-align-center\">\n            <div class=\"vp-portfolio__item-meta-wrap vp-portfolio__custom-scrollbar\">\n            <div class=\"vp-portfolio__item-meta\">\n                \n<h2 class=\"vp-portfolio__item-meta-title\">\n    <a  href=\"https:\/\/grupo.us.es\/encrucijada\/wp-content\/uploads\/2022\/11\/Fig.1.4-vientos-1.jpg\" >Detalles de rosas de los vientos de 4 rumbos<\/a><\/h2>\n            <\/div>\n        <\/div>\n    <\/figcaption>\n            <\/figure>\n                    <\/div>\n        \n        <div class=\"vp-portfolio__item-wrap vp-portfolio__item-uid-87d4bdd5\" data-vp-filter=\"\">\n                        <div class=\"vp-portfolio__item-popup\"\n                style=\"display: none;\"\n                data-vp-popup-img=\"https:\/\/grupo.us.es\/encrucijada\/wp-content\/uploads\/2022\/08\/pitipies1.jpg\"\n                data-vp-popup-img-srcset=\"\"\n                data-vp-popup-img-size=\"811x950\"\n                data-vp-popup-md-img=\"https:\/\/grupo.us.es\/encrucijada\/wp-content\/uploads\/2022\/08\/pitipies1.jpg\"\n                data-vp-popup-md-img-size=\"811x950\"\n                data-vp-popup-sm-img=\"https:\/\/grupo.us.es\/encrucijada\/wp-content\/uploads\/2022\/08\/pitipies1.jpg\"\n                data-vp-popup-sm-img-size=\"811x950\"\n            >\n                                    <h3 class=\"vp-portfolio__item-popup-title\">Detalle de pitipi\u00e9s<\/h3>\n                                        <div class=\"vp-portfolio__item-popup-description\">Detalle de pitipi\u00e9s. Fuentes: Hispalensis conventus deliniatio (1579) de Jer\u00f3nimo Chaves (Biblioteca de Andaluc\u00eda. Copia digital: Biblioteca Virtual de Andaluc\u00eda, http:\/\/www.bibliotecavirtualdeandalucia.es\/catalogo\/es\/consulta\/registro.cmd?id=6360), Isla de C\u00e1diz del Islario general de todas las islas del mundo de Alonso de Santa Cruz (BNE, RES\/38, https:\/\/bdh-rd.bne.es\/viewer.vm?id=0000149359&amp;page=179), mapamundi incluido en la Suma de Cosmographia (1550) de Pedro de Medina (BNE, RES\/215, http:\/\/bdh-rd.bne.es\/viewer.vm?id=0000051798&amp;page=3) <\/div>\n                                <\/div>\n                                    <figure class=\"vp-portfolio__item\">\n                \n<div class=\"vp-portfolio__item-img-wrap\">\n    <div class=\"vp-portfolio__item-img\">\n        <a  href=\"https:\/\/grupo.us.es\/encrucijada\/wp-content\/uploads\/2022\/08\/pitipies1.jpg\" >\n        <img loading=\"lazy\" decoding=\"async\" width=\"811\" height=\"950\" src=\"https:\/\/grupo.us.es\/encrucijada\/wp-content\/uploads\/2022\/08\/pitipies1.jpg\" class=\"wp-image-2594\" alt=\"\" \/>\n        <div class=\"vp-portfolio__item-img-overlay\"><\/div>\n\n        <\/a>    <\/div>\n<\/div>\n\n<figcaption class=\"vp-portfolio__item-overlay vp-portfolio__item-align-center\">\n            <div class=\"vp-portfolio__item-meta-wrap vp-portfolio__custom-scrollbar\">\n            <div class=\"vp-portfolio__item-meta\">\n                \n<h2 class=\"vp-portfolio__item-meta-title\">\n    <a  href=\"https:\/\/grupo.us.es\/encrucijada\/wp-content\/uploads\/2022\/08\/pitipies1.jpg\" >Detalle de pitipi\u00e9s<\/a><\/h2>\n            <\/div>\n        <\/div>\n    <\/figcaption>\n            <\/figure>\n                    <\/div>\n        \n        <div class=\"vp-portfolio__item-wrap vp-portfolio__item-uid-733442eb\" data-vp-filter=\"\">\n                        <div class=\"vp-portfolio__item-popup\"\n                style=\"display: none;\"\n                data-vp-popup-img=\"https:\/\/grupo.us.es\/encrucijada\/wp-content\/uploads\/2022\/07\/keere2.jpg\"\n                data-vp-popup-img-srcset=\"\"\n                data-vp-popup-img-size=\"1100x762\"\n                data-vp-popup-md-img=\"https:\/\/grupo.us.es\/encrucijada\/wp-content\/uploads\/2022\/07\/keere2.jpg\"\n                data-vp-popup-md-img-size=\"1100x762\"\n                data-vp-popup-sm-img=\"https:\/\/grupo.us.es\/encrucijada\/wp-content\/uploads\/2022\/07\/keere2.jpg\"\n                data-vp-popup-sm-img-size=\"1100x762\"\n            >\n                                    <h3 class=\"vp-portfolio__item-popup-title\">Andalvzia = Andalusie. 1598. Pieter van den Keere<\/h3>\n                                        <div class=\"vp-portfolio__item-popup-description\">Andalvzia = Andalusie. 1598. Pieter van den Keere. Fuente: Instituto de Estad\u00edstica y Cartograf\u00eda de Andaluc\u00eda (https:\/\/www.juntadeandalucia.es\/institutodeestadisticaycartografia\/cartoteca\/buscar\/getisbn\/id\/119937)<\/div>\n                                <\/div>\n                                    <figure class=\"vp-portfolio__item\">\n                \n<div class=\"vp-portfolio__item-img-wrap\">\n    <div class=\"vp-portfolio__item-img\">\n        <a  href=\"https:\/\/grupo.us.es\/encrucijada\/wp-content\/uploads\/2022\/07\/keere2.jpg\" >\n        <img loading=\"lazy\" decoding=\"async\" width=\"1100\" height=\"762\" src=\"https:\/\/grupo.us.es\/encrucijada\/wp-content\/uploads\/2022\/07\/keere2.jpg\" class=\"wp-image-2036\" alt=\"\" \/>\n        <div class=\"vp-portfolio__item-img-overlay\"><\/div>\n\n        <\/a>    <\/div>\n<\/div>\n\n<figcaption class=\"vp-portfolio__item-overlay vp-portfolio__item-align-center\">\n            <div class=\"vp-portfolio__item-meta-wrap vp-portfolio__custom-scrollbar\">\n            <div class=\"vp-portfolio__item-meta\">\n                \n<h2 class=\"vp-portfolio__item-meta-title\">\n    <a  href=\"https:\/\/grupo.us.es\/encrucijada\/wp-content\/uploads\/2022\/07\/keere2.jpg\" >Andalvzia = Andalusie. 1598. Pieter van den Keere<\/a><\/h2>\n            <\/div>\n        <\/div>\n    <\/figcaption>\n            <\/figure>\n                    <\/div>\n        \n        <div class=\"vp-portfolio__item-wrap vp-portfolio__item-uid-d75d3ae1\" data-vp-filter=\"\">\n                        <div class=\"vp-portfolio__item-popup\"\n                style=\"display: none;\"\n                data-vp-popup-img=\"https:\/\/grupo.us.es\/encrucijada\/wp-content\/uploads\/2022\/07\/keere3.jpg\"\n                data-vp-popup-img-srcset=\"\"\n                data-vp-popup-img-size=\"2000x1449\"\n                data-vp-popup-md-img=\"https:\/\/grupo.us.es\/encrucijada\/wp-content\/uploads\/2022\/07\/keere3.jpg\"\n                data-vp-popup-md-img-size=\"2000x1449\"\n                data-vp-popup-sm-img=\"https:\/\/grupo.us.es\/encrucijada\/wp-content\/uploads\/2022\/07\/keere3.jpg\"\n                data-vp-popup-sm-img-size=\"2000x1449\"\n            >\n                                    <h3 class=\"vp-portfolio__item-popup-title\">Andalusia et Granada = Andaluzia, Sibilia und Gades. 1628. Pieter van den Keere<\/h3>\n                                        <div class=\"vp-portfolio__item-popup-description\">Andalusia et Granada = Andaluzia, Sibilia und Gades. 1628. Pieter van den Keere. Fuente: Instituto de Estad\u00edstica y Cartograf\u00eda de Andaluc\u00eda (https:\/\/www.juntadeandalucia.es\/institutodeestadisticaycartografia\/cartoteca\/buscar\/getisbn\/id\/47694)<\/div>\n                                <\/div>\n                                    <figure class=\"vp-portfolio__item\">\n                \n<div class=\"vp-portfolio__item-img-wrap\">\n    <div class=\"vp-portfolio__item-img\">\n        <a  href=\"https:\/\/grupo.us.es\/encrucijada\/wp-content\/uploads\/2022\/07\/keere3.jpg\" >\n        <img loading=\"lazy\" decoding=\"async\" width=\"2000\" height=\"1449\" src=\"https:\/\/grupo.us.es\/encrucijada\/wp-content\/uploads\/2022\/07\/keere3.jpg\" class=\"wp-image-2035\" alt=\"\" \/>\n        <div class=\"vp-portfolio__item-img-overlay\"><\/div>\n\n        <\/a>    <\/div>\n<\/div>\n\n<figcaption class=\"vp-portfolio__item-overlay vp-portfolio__item-align-center\">\n            <div class=\"vp-portfolio__item-meta-wrap vp-portfolio__custom-scrollbar\">\n            <div class=\"vp-portfolio__item-meta\">\n                \n<h2 class=\"vp-portfolio__item-meta-title\">\n    <a  href=\"https:\/\/grupo.us.es\/encrucijada\/wp-content\/uploads\/2022\/07\/keere3.jpg\" >Andalusia et Granada = Andaluzia, Sibilia und Gades. 1628. Pieter van den Keere<\/a><\/h2>\n            <\/div>\n        <\/div>\n    <\/figcaption>\n            <\/figure>\n                    <\/div>\n        \n        <div class=\"vp-portfolio__item-wrap vp-portfolio__item-uid-e7fa70a7\" data-vp-filter=\"\">\n                        <div class=\"vp-portfolio__item-popup\"\n                style=\"display: none;\"\n                data-vp-popup-img=\"https:\/\/grupo.us.es\/encrucijada\/wp-content\/uploads\/2022\/07\/keere4.jpg\"\n                data-vp-popup-img-srcset=\"\"\n                data-vp-popup-img-size=\"800x600\"\n                data-vp-popup-md-img=\"https:\/\/grupo.us.es\/encrucijada\/wp-content\/uploads\/2022\/07\/keere4.jpg\"\n                data-vp-popup-md-img-size=\"800x600\"\n                data-vp-popup-sm-img=\"https:\/\/grupo.us.es\/encrucijada\/wp-content\/uploads\/2022\/07\/keere4.jpg\"\n                data-vp-popup-sm-img-size=\"800x600\"\n            >\n                                    <h3 class=\"vp-portfolio__item-popup-title\">Andaluzia. 1630. Petrus K\u00e6rius C\u00e6lavit<\/h3>\n                                        <div class=\"vp-portfolio__item-popup-description\">Andaluzia. 1630. Petrus K\u00e6rius C\u00e6lavit. Fuente: Instituto de Estad\u00edstica y Cartograf\u00eda de Andaluc\u00eda (https:\/\/www.juntadeandalucia.es\/institutodeestadisticaycartografia\/cartoteca\/buscar\/getisbn\/id\/119854)<\/div>\n                                <\/div>\n                                    <figure class=\"vp-portfolio__item\">\n                \n<div class=\"vp-portfolio__item-img-wrap\">\n    <div class=\"vp-portfolio__item-img\">\n        <a  href=\"https:\/\/grupo.us.es\/encrucijada\/wp-content\/uploads\/2022\/07\/keere4.jpg\" >\n        <img loading=\"lazy\" decoding=\"async\" width=\"800\" height=\"600\" src=\"https:\/\/grupo.us.es\/encrucijada\/wp-content\/uploads\/2022\/07\/keere4.jpg\" class=\"wp-image-2034\" alt=\"\" \/>\n        <div class=\"vp-portfolio__item-img-overlay\"><\/div>\n\n        <\/a>    <\/div>\n<\/div>\n\n<figcaption class=\"vp-portfolio__item-overlay vp-portfolio__item-align-center\">\n            <div class=\"vp-portfolio__item-meta-wrap vp-portfolio__custom-scrollbar\">\n            <div class=\"vp-portfolio__item-meta\">\n                \n<h2 class=\"vp-portfolio__item-meta-title\">\n    <a  href=\"https:\/\/grupo.us.es\/encrucijada\/wp-content\/uploads\/2022\/07\/keere4.jpg\" >Andaluzia. 1630. Petrus K\u00e6rius C\u00e6lavit<\/a><\/h2>\n            <\/div>\n        <\/div>\n    <\/figcaption>\n            <\/figure>\n                    <\/div>\n        \n        <div class=\"vp-portfolio__item-wrap vp-portfolio__item-uid-52b768ae\" data-vp-filter=\"\">\n                        <div class=\"vp-portfolio__item-popup\"\n                style=\"display: none;\"\n                data-vp-popup-img=\"https:\/\/grupo.us.es\/encrucijada\/wp-content\/uploads\/2022\/07\/thresoor3.jpg\"\n                data-vp-popup-img-srcset=\"\"\n                data-vp-popup-img-size=\"1200x847\"\n                data-vp-popup-md-img=\"https:\/\/grupo.us.es\/encrucijada\/wp-content\/uploads\/2022\/07\/thresoor3.jpg\"\n                data-vp-popup-md-img-size=\"1200x847\"\n                data-vp-popup-sm-img=\"https:\/\/grupo.us.es\/encrucijada\/wp-content\/uploads\/2022\/07\/thresoor3.jpg\"\n                data-vp-popup-sm-img-size=\"1200x847\"\n            >\n                                    <h3 class=\"vp-portfolio__item-popup-title\">Perfiles en los que aparecen la poblaci\u00f3n de Tarifa y la zona costera de Gibraltar. Thresoor der zeevaert, inhondende de geheele navigatie ende schipvaert. Lucas Janszoon Waghenaer. Grabado en madera. Lucas Janszoon Waghenaer. Thresoor der zeevaert, inhondende de geheele navigatie ende schipvaert. Amsterdam, 1596. Universiteitsbibliotheek Utrecht. Thresoor der zeevaert, inhoudende de geheele na&#8230; (p\u00e1gina 139)<\/h3>\n                                        <div class=\"vp-portfolio__item-popup-description\">Perfiles en los que aparecen la poblaci\u00f3n de Tarifa y la zona costera de Gibraltar. Thresoor der zeevaert, inhondende de geheele navigatie ende schipvaert. Lucas Janszoon Waghenaer. Grabado en madera. Lucas Janszoon Waghenaer. Thresoor der zeevaert, inhondende de geheele navigatie ende schipvaert. Amsterdam, 1596. Universiteitsbibliotheek Utrecht. Thresoor der zeevaert, inhoudende de geheele na&#8230; (p\u00e1gina 139). Fuente: Utrecht University Library (https:\/\/objects.library.uu.nl\/reader\/index.php?obj=1874-284749&amp;lan=nl&amp;_ga=2.45779428.1967382477.1593069813-1000039895.1530258143#page\/\/74\/42\/74\/7442742418180533954713299675860137145.jpg\/mode\/1up)<\/div>\n                                <\/div>\n                                    <figure class=\"vp-portfolio__item\">\n                \n<div class=\"vp-portfolio__item-img-wrap\">\n    <div class=\"vp-portfolio__item-img\">\n        <a  href=\"https:\/\/grupo.us.es\/encrucijada\/wp-content\/uploads\/2022\/07\/thresoor3.jpg\" >\n        <img loading=\"lazy\" decoding=\"async\" width=\"1200\" height=\"847\" src=\"https:\/\/grupo.us.es\/encrucijada\/wp-content\/uploads\/2022\/07\/thresoor3.jpg\" class=\"wp-image-2030\" alt=\"\" \/>\n        <div class=\"vp-portfolio__item-img-overlay\"><\/div>\n\n        <\/a>    <\/div>\n<\/div>\n\n<figcaption class=\"vp-portfolio__item-overlay vp-portfolio__item-align-center\">\n            <div class=\"vp-portfolio__item-meta-wrap vp-portfolio__custom-scrollbar\">\n            <div class=\"vp-portfolio__item-meta\">\n                \n<h2 class=\"vp-portfolio__item-meta-title\">\n    <a  href=\"https:\/\/grupo.us.es\/encrucijada\/wp-content\/uploads\/2022\/07\/thresoor3.jpg\" >Perfiles en los que aparecen la poblaci\u00f3n de Tarifa y la zona costera de Gibraltar. Thresoor der zeevaert, inhondende de geheele navigatie ende schipvaert. Lucas Janszoon Waghenaer. Grabado en madera. Lucas Janszoon Waghenaer. Thresoor der zeevaert, inhondende de geheele navigatie ende schipvaert. Amsterdam, 1596. Universiteitsbibliotheek Utrecht. Thresoor der zeevaert, inhoudende de geheele na&#8230; (p\u00e1gina 139)<\/a><\/h2>\n            <\/div>\n        <\/div>\n    <\/figcaption>\n            <\/figure>\n                    <\/div>\n        \n        <div class=\"vp-portfolio__item-wrap vp-portfolio__item-uid-0f10c8fb\" data-vp-filter=\"\">\n                        <div class=\"vp-portfolio__item-popup\"\n                style=\"display: none;\"\n                data-vp-popup-img=\"https:\/\/grupo.us.es\/encrucijada\/wp-content\/uploads\/2022\/07\/thresoor2.jpg\"\n                data-vp-popup-img-srcset=\"\"\n                data-vp-popup-img-size=\"2500x893\"\n                data-vp-popup-md-img=\"https:\/\/grupo.us.es\/encrucijada\/wp-content\/uploads\/2022\/07\/thresoor2.jpg\"\n                data-vp-popup-md-img-size=\"2500x893\"\n                data-vp-popup-sm-img=\"https:\/\/grupo.us.es\/encrucijada\/wp-content\/uploads\/2022\/07\/thresoor2.jpg\"\n                data-vp-popup-sm-img-size=\"2500x893\"\n            >\n                                    <h3 class=\"vp-portfolio__item-popup-title\">Beschrivinge vande C[o]ndaet ende Andalusien = Description de la Condade et Andalousie. Grabado en cobre. Lucas Janszoon Waghenaer. Thresoor der zeevaert, inhondende de geheele navigatie ende schipvaert. Leiden, 1592<\/h3>\n                                        <div class=\"vp-portfolio__item-popup-description\">Beschrivinge vande C[o]ndaet ende Andalusien = Description de la Condade et Andalousie. Grabado en cobre. Lucas Janszoon Waghenaer. Thresoor der zeevaert, inhondende de geheele navigatie ende schipvaert. Leiden, 1592. Fuente: Vilnius University Library. (https:\/\/kolekcijos.biblioteka.vu.lt\/en\/islandora\/object\/atmintis:VUB01_000496164#00021 p\u00e1gina 21)<\/div>\n                                <\/div>\n                                    <figure class=\"vp-portfolio__item\">\n                \n<div class=\"vp-portfolio__item-img-wrap\">\n    <div class=\"vp-portfolio__item-img\">\n        <a  href=\"https:\/\/grupo.us.es\/encrucijada\/wp-content\/uploads\/2022\/07\/thresoor2.jpg\" >\n        <img loading=\"lazy\" decoding=\"async\" width=\"2500\" height=\"893\" src=\"https:\/\/grupo.us.es\/encrucijada\/wp-content\/uploads\/2022\/07\/thresoor2.jpg\" class=\"wp-image-2029\" alt=\"\" \/>\n        <div class=\"vp-portfolio__item-img-overlay\"><\/div>\n\n        <\/a>    <\/div>\n<\/div>\n\n<figcaption class=\"vp-portfolio__item-overlay vp-portfolio__item-align-center\">\n            <div class=\"vp-portfolio__item-meta-wrap vp-portfolio__custom-scrollbar\">\n            <div class=\"vp-portfolio__item-meta\">\n                \n<h2 class=\"vp-portfolio__item-meta-title\">\n    <a  href=\"https:\/\/grupo.us.es\/encrucijada\/wp-content\/uploads\/2022\/07\/thresoor2.jpg\" >Beschrivinge vande C[o]ndaet ende Andalusien = Description de la Condade et Andalousie. Grabado en cobre. Lucas Janszoon Waghenaer. Thresoor der zeevaert, inhondende de geheele navigatie ende schipvaert. Leiden, 1592<\/a><\/h2>\n            <\/div>\n        <\/div>\n    <\/figcaption>\n            <\/figure>\n                    <\/div>\n        \n        <div class=\"vp-portfolio__item-wrap vp-portfolio__item-uid-ca37247d\" data-vp-filter=\"\">\n                        <div class=\"vp-portfolio__item-popup\"\n                style=\"display: none;\"\n                data-vp-popup-img=\"https:\/\/grupo.us.es\/encrucijada\/wp-content\/uploads\/2022\/07\/thresoor1.jpg\"\n                data-vp-popup-img-srcset=\"\"\n                data-vp-popup-img-size=\"1920x1080\"\n                data-vp-popup-md-img=\"https:\/\/grupo.us.es\/encrucijada\/wp-content\/uploads\/2022\/07\/thresoor1.jpg\"\n                data-vp-popup-md-img-size=\"1920x1080\"\n                data-vp-popup-sm-img=\"https:\/\/grupo.us.es\/encrucijada\/wp-content\/uploads\/2022\/07\/thresoor1.jpg\"\n                data-vp-popup-sm-img-size=\"1920x1080\"\n            >\n                                    <h3 class=\"vp-portfolio__item-popup-title\">Beschryvinge vande zee-custen van Andaluzien = Description des costes marines de Andalusie. Grabado en cobre. Lucas Janszoon Waghenaer. Thresoor der zeevaert, inhondende de geheele navigatie ende schipvaert. Amsterdam, 1602-1609<\/h3>\n                                        <div class=\"vp-portfolio__item-popup-description\">Beschryvinge vande zee-custen van Andaluzien = Description des costes marines de Andalusie. Grabado en cobre. Lucas Janszoon Waghenaer. Thresoor der zeevaert, inhondende de geheele navigatie ende schipvaert. Amsterdam, 1602-1609. Fuente: Vilnius University Library (https:\/\/kolekcijos.biblioteka.vu.lt\/en\/islandora\/object\/atmintis:VUB01_000496164#00021 p\u00e1gina 23)<\/div>\n                                <\/div>\n                                    <figure class=\"vp-portfolio__item\">\n                \n<div class=\"vp-portfolio__item-img-wrap\">\n    <div class=\"vp-portfolio__item-img\">\n        <a  href=\"https:\/\/grupo.us.es\/encrucijada\/wp-content\/uploads\/2022\/07\/thresoor1.jpg\" >\n        <img loading=\"lazy\" decoding=\"async\" width=\"1920\" height=\"1080\" src=\"https:\/\/grupo.us.es\/encrucijada\/wp-content\/uploads\/2022\/07\/thresoor1.jpg\" class=\"wp-image-2028\" alt=\"\" \/>\n        <div class=\"vp-portfolio__item-img-overlay\"><\/div>\n\n        <\/a>    <\/div>\n<\/div>\n\n<figcaption class=\"vp-portfolio__item-overlay vp-portfolio__item-align-center\">\n            <div class=\"vp-portfolio__item-meta-wrap vp-portfolio__custom-scrollbar\">\n            <div class=\"vp-portfolio__item-meta\">\n                \n<h2 class=\"vp-portfolio__item-meta-title\">\n    <a  href=\"https:\/\/grupo.us.es\/encrucijada\/wp-content\/uploads\/2022\/07\/thresoor1.jpg\" >Beschryvinge vande zee-custen van Andaluzien = Description des costes marines de Andalusie. Grabado en cobre. Lucas Janszoon Waghenaer. Thresoor der zeevaert, inhondende de geheele navigatie ende schipvaert. Amsterdam, 1602-1609<\/a><\/h2>\n            <\/div>\n        <\/div>\n    <\/figcaption>\n            <\/figure>\n                    <\/div>\n        \n        <div class=\"vp-portfolio__item-wrap vp-portfolio__item-uid-7c66d7b0\" data-vp-filter=\"\">\n                        <div class=\"vp-portfolio__item-popup\"\n                style=\"display: none;\"\n                data-vp-popup-img=\"https:\/\/grupo.us.es\/encrucijada\/wp-content\/uploads\/2022\/07\/cartas_nauticas3.jpg\"\n                data-vp-popup-img-srcset=\"\"\n                data-vp-popup-img-size=\"1293x1098\"\n                data-vp-popup-md-img=\"https:\/\/grupo.us.es\/encrucijada\/wp-content\/uploads\/2022\/07\/cartas_nauticas3.jpg\"\n                data-vp-popup-md-img-size=\"1293x1098\"\n                data-vp-popup-sm-img=\"https:\/\/grupo.us.es\/encrucijada\/wp-content\/uploads\/2022\/07\/cartas_nauticas3.jpg\"\n                data-vp-popup-sm-img-size=\"1293x1098\"\n            >\n                                    <h3 class=\"vp-portfolio__item-popup-title\">Pascaart van de Zee Kusten van Granada en Murcia Tusschen Velez Malaga en C.S Martin Als meede de Barbarische Zee-Kusten tusschen Penon de Veles en C. Ivy. Seer Naukeurig Opgestelt en van veel Fouten verbeetert. Autor: Claes Jansz. Vooght. Grabador: Jan Luyken. 1682<\/h3>\n                                        <div class=\"vp-portfolio__item-popup-description\">Pascaart van de Zee Kusten van Granada en Murcia Tusschen Velez Malaga en C.S Martin Als meede de Barbarische Zee-Kusten tusschen Penon de Veles en C. Ivy. Seer Naukeurig Opgestelt en van veel Fouten verbeetert. Autor: Claes Jansz. Vooght. Grabador: Jan Luyken. 1682. Fuente: Instituto de Estad\u00edstica y Cartograf\u00eda de Andaluc\u00eda (https:\/\/www.juntadeandalucia.es\/institutodeestadisticaycartografia\/cartoteca\/buscar\/getisbn\/orderid\/fecha_ASC\/id\/20867)<\/div>\n                                <\/div>\n                                    <figure class=\"vp-portfolio__item\">\n                \n<div class=\"vp-portfolio__item-img-wrap\">\n    <div class=\"vp-portfolio__item-img\">\n        <a  href=\"https:\/\/grupo.us.es\/encrucijada\/wp-content\/uploads\/2022\/07\/cartas_nauticas3.jpg\" >\n        <img loading=\"lazy\" decoding=\"async\" width=\"1293\" height=\"1098\" src=\"https:\/\/grupo.us.es\/encrucijada\/wp-content\/uploads\/2022\/07\/cartas_nauticas3.jpg\" class=\"wp-image-2025\" alt=\"\" \/>\n        <div class=\"vp-portfolio__item-img-overlay\"><\/div>\n\n        <\/a>    <\/div>\n<\/div>\n\n<figcaption class=\"vp-portfolio__item-overlay vp-portfolio__item-align-center\">\n            <div class=\"vp-portfolio__item-meta-wrap vp-portfolio__custom-scrollbar\">\n            <div class=\"vp-portfolio__item-meta\">\n                \n<h2 class=\"vp-portfolio__item-meta-title\">\n    <a  href=\"https:\/\/grupo.us.es\/encrucijada\/wp-content\/uploads\/2022\/07\/cartas_nauticas3.jpg\" >Pascaart van de Zee Kusten van Granada en Murcia Tusschen Velez Malaga en C.S Martin Als meede de Barbarische Zee-Kusten tusschen Penon de Veles en C. Ivy. Seer Naukeurig Opgestelt en van veel Fouten verbeetert. Autor: Claes Jansz. Vooght. Grabador: Jan Luyken. 1682<\/a><\/h2>\n            <\/div>\n        <\/div>\n    <\/figcaption>\n            <\/figure>\n                    <\/div>\n        \n        <div class=\"vp-portfolio__item-wrap vp-portfolio__item-uid-3601ce96\" data-vp-filter=\"\">\n                        <div class=\"vp-portfolio__item-popup\"\n                style=\"display: none;\"\n                data-vp-popup-img=\"https:\/\/grupo.us.es\/encrucijada\/wp-content\/uploads\/2022\/07\/cartas_nauticas2.jpg\"\n                data-vp-popup-img-srcset=\"\"\n                data-vp-popup-img-size=\"2000x1734\"\n                data-vp-popup-md-img=\"https:\/\/grupo.us.es\/encrucijada\/wp-content\/uploads\/2022\/07\/cartas_nauticas2.jpg\"\n                data-vp-popup-md-img-size=\"2000x1734\"\n                data-vp-popup-sm-img=\"https:\/\/grupo.us.es\/encrucijada\/wp-content\/uploads\/2022\/07\/cartas_nauticas2.jpg\"\n                data-vp-popup-sm-img-size=\"2000x1734\"\n            >\n                                    <h3 class=\"vp-portfolio__item-popup-title\">Nieuwe Paskaart van de Kust van Hispania van &#039;t Klif tot aan Velez Malaga. als mede de Kust van Barbaria van Larache tot Belis Met al zyn Diepte en Doogte Naaukeurigh Opgestelt door Lieshebbers der Zee Vaart. Autor: Claes Jansz. Vooght. Grabador: Jan Luyken. 1682<\/h3>\n                                        <div class=\"vp-portfolio__item-popup-description\">Nieuwe Paskaart van de Kust van Hispania van &#8216;t Klif tot aan Velez Malaga. als mede de Kust van Barbaria van Larache tot Belis Met al zyn Diepte en Doogte Naaukeurigh Opgestelt door Lieshebbers der Zee Vaart. Autor: Claes Jansz. Vooght. Grabador: Jan Luyken. 1682. Fuente: Instituto de Estad\u00edstica y Cartograf\u00eda de Andaluc\u00eda (https:\/\/www.juntadeandalucia.es\/institutodeestadisticaycartografia\/cartoteca\/buscar\/getisbn\/orderid\/fecha_ASC\/id\/5206)<\/div>\n                                <\/div>\n                                    <figure class=\"vp-portfolio__item\">\n                \n<div class=\"vp-portfolio__item-img-wrap\">\n    <div class=\"vp-portfolio__item-img\">\n        <a  href=\"https:\/\/grupo.us.es\/encrucijada\/wp-content\/uploads\/2022\/07\/cartas_nauticas2.jpg\" >\n        <img loading=\"lazy\" decoding=\"async\" width=\"2000\" height=\"1734\" src=\"https:\/\/grupo.us.es\/encrucijada\/wp-content\/uploads\/2022\/07\/cartas_nauticas2.jpg\" class=\"wp-image-2024\" alt=\"\" \/>\n        <div class=\"vp-portfolio__item-img-overlay\"><\/div>\n\n        <\/a>    <\/div>\n<\/div>\n\n<figcaption class=\"vp-portfolio__item-overlay vp-portfolio__item-align-center\">\n            <div class=\"vp-portfolio__item-meta-wrap vp-portfolio__custom-scrollbar\">\n            <div class=\"vp-portfolio__item-meta\">\n                \n<h2 class=\"vp-portfolio__item-meta-title\">\n    <a  href=\"https:\/\/grupo.us.es\/encrucijada\/wp-content\/uploads\/2022\/07\/cartas_nauticas2.jpg\" >Nieuwe Paskaart van de Kust van Hispania van &#8216;t Klif tot aan Velez Malaga. als mede de Kust van Barbaria van Larache tot Belis Met al zyn Diepte en Doogte Naaukeurigh Opgestelt door Lieshebbers der Zee Vaart. Autor: Claes Jansz. Vooght. Grabador: Jan Luyken. 1682<\/a><\/h2>\n            <\/div>\n        <\/div>\n    <\/figcaption>\n            <\/figure>\n                    <\/div>\n        \n        <div class=\"vp-portfolio__item-wrap vp-portfolio__item-uid-2a35cce4\" data-vp-filter=\"\">\n                        <div class=\"vp-portfolio__item-popup\"\n                style=\"display: none;\"\n                data-vp-popup-img=\"https:\/\/grupo.us.es\/encrucijada\/wp-content\/uploads\/2022\/07\/cartas_nauticas1.jpg\"\n                data-vp-popup-img-srcset=\"\"\n                data-vp-popup-img-size=\"2500x1831\"\n                data-vp-popup-md-img=\"https:\/\/grupo.us.es\/encrucijada\/wp-content\/uploads\/2022\/07\/cartas_nauticas1.jpg\"\n                data-vp-popup-md-img-size=\"2500x1831\"\n                data-vp-popup-sm-img=\"https:\/\/grupo.us.es\/encrucijada\/wp-content\/uploads\/2022\/07\/cartas_nauticas1.jpg\"\n                data-vp-popup-sm-img-size=\"2500x1831\"\n            >\n                                    <h3 class=\"vp-portfolio__item-popup-title\">Nieuwe Paskaart van de Kust van Reino do Algarve als mede een gedeelte van de Kust van Andaluzia. Beginnende van C.d.S. Vincent tot aen&#039;t Klif met al syn Diepte en Droogt dus ver Naaukeurigh opgesoght. Autor: Claes Jansz. Vooght. Grabador: Jan Luyken. 1681<\/h3>\n                                        <div class=\"vp-portfolio__item-popup-description\">Nieuwe Paskaart van de Kust van Reino do Algarve als mede een gedeelte van de Kust van Andaluzia. Beginnende van C.d.S. Vincent tot aen&#8217;t Klif met al syn Diepte en Droogt dus ver Naaukeurigh opgesoght. Autor: Claes Jansz. Vooght. Grabador: Jan Luyken. 1681. Fuente: Instituto de Estad\u00edstica y Cartograf\u00eda de Andaluc\u00eda (https:\/\/www.juntadeandalucia.es\/institutodeestadisticaycartografia\/cartoteca\/buscar\/getisbn\/orderid\/fecha_ASC\/id\/20861)<\/div>\n                                <\/div>\n                                    <figure class=\"vp-portfolio__item\">\n                \n<div class=\"vp-portfolio__item-img-wrap\">\n    <div class=\"vp-portfolio__item-img\">\n        <a  href=\"https:\/\/grupo.us.es\/encrucijada\/wp-content\/uploads\/2022\/07\/cartas_nauticas1.jpg\" >\n        <img loading=\"lazy\" decoding=\"async\" width=\"2500\" height=\"1831\" src=\"https:\/\/grupo.us.es\/encrucijada\/wp-content\/uploads\/2022\/07\/cartas_nauticas1.jpg\" class=\"wp-image-2023\" alt=\"\" \/>\n        <div class=\"vp-portfolio__item-img-overlay\"><\/div>\n\n        <\/a>    <\/div>\n<\/div>\n\n<figcaption class=\"vp-portfolio__item-overlay vp-portfolio__item-align-center\">\n            <div class=\"vp-portfolio__item-meta-wrap vp-portfolio__custom-scrollbar\">\n            <div class=\"vp-portfolio__item-meta\">\n                \n<h2 class=\"vp-portfolio__item-meta-title\">\n    <a  href=\"https:\/\/grupo.us.es\/encrucijada\/wp-content\/uploads\/2022\/07\/cartas_nauticas1.jpg\" >Nieuwe Paskaart van de Kust van Reino do Algarve als mede een gedeelte van de Kust van Andaluzia. Beginnende van C.d.S. Vincent tot aen&#8217;t Klif met al syn Diepte en Droogt dus ver Naaukeurigh opgesoght. Autor: Claes Jansz. Vooght. Grabador: Jan Luyken. 1681<\/a><\/h2>\n            <\/div>\n        <\/div>\n    <\/figcaption>\n            <\/figure>\n                    <\/div>\n        \n        <div class=\"vp-portfolio__item-wrap vp-portfolio__item-uid-4c124218\" data-vp-filter=\"\">\n                        <div class=\"vp-portfolio__item-popup\"\n                style=\"display: none;\"\n                data-vp-popup-img=\"https:\/\/grupo.us.es\/encrucijada\/wp-content\/uploads\/2022\/07\/enrique2.jpg\"\n                data-vp-popup-img-srcset=\"\"\n                data-vp-popup-img-size=\"1776x2547\"\n                data-vp-popup-md-img=\"https:\/\/grupo.us.es\/encrucijada\/wp-content\/uploads\/2022\/07\/enrique2.jpg\"\n                data-vp-popup-md-img-size=\"1776x2547\"\n                data-vp-popup-sm-img=\"https:\/\/grupo.us.es\/encrucijada\/wp-content\/uploads\/2022\/07\/enrique2.jpg\"\n                data-vp-popup-sm-img-size=\"1776x2547\"\n            >\n                                    <h3 class=\"vp-portfolio__item-popup-title\">Detalle de la cartela de la B\u00e9tica antigua, con sus montes, r\u00edos, i pueblos conocidos Enrique Fl\u00f3rez<\/h3>\n                                        <div class=\"vp-portfolio__item-popup-description\">Detalle de la cartela de la B\u00e9tica antigua, con sus montes, r\u00edos, i pueblos conocidos Enrique Fl\u00f3rez. En la imagen de arriba se puede comprobar que la reutilizaci\u00f3n de las planchas de cobre en sucesivas impresiones produc\u00eda desgaste. Grabador: Juan de la Pe\u00f1a. (Fuente: Instituto de Estad\u00edstica y Cartograf\u00eda de Andaluc\u00eda, https:\/\/www.juntadeandalucia.es\/institutodeestadisticaycartografia\/cartoteca\/buscar\/getisbn\/id\/19885). Abajo, mismo mapa, placa sin desgaste. Grabador Manuel Navarro (Fuente: BNE, MV\/10, http:\/\/bdh-rd.bne.es\/viewer.vm?id=0000035557)<\/div>\n                                <\/div>\n                                    <figure class=\"vp-portfolio__item\">\n                \n<div class=\"vp-portfolio__item-img-wrap\">\n    <div class=\"vp-portfolio__item-img\">\n        <a  href=\"https:\/\/grupo.us.es\/encrucijada\/wp-content\/uploads\/2022\/07\/enrique2.jpg\" >\n        <img loading=\"lazy\" decoding=\"async\" width=\"1776\" height=\"2547\" src=\"https:\/\/grupo.us.es\/encrucijada\/wp-content\/uploads\/2022\/07\/enrique2.jpg\" class=\"wp-image-2016\" alt=\"\" \/>\n        <div class=\"vp-portfolio__item-img-overlay\"><\/div>\n\n        <\/a>    <\/div>\n<\/div>\n\n<figcaption class=\"vp-portfolio__item-overlay vp-portfolio__item-align-center\">\n            <div class=\"vp-portfolio__item-meta-wrap vp-portfolio__custom-scrollbar\">\n            <div class=\"vp-portfolio__item-meta\">\n                \n<h2 class=\"vp-portfolio__item-meta-title\">\n    <a  href=\"https:\/\/grupo.us.es\/encrucijada\/wp-content\/uploads\/2022\/07\/enrique2.jpg\" >Detalle de la cartela de la B\u00e9tica antigua, con sus montes, r\u00edos, i pueblos conocidos Enrique Fl\u00f3rez<\/a><\/h2>\n            <\/div>\n        <\/div>\n    <\/figcaption>\n            <\/figure>\n                    <\/div>\n        \n        <div class=\"vp-portfolio__item-wrap vp-portfolio__item-uid-e58844cc\" data-vp-filter=\"\">\n                        <div class=\"vp-portfolio__item-popup\"\n                style=\"display: none;\"\n                data-vp-popup-img=\"https:\/\/grupo.us.es\/encrucijada\/wp-content\/uploads\/2022\/07\/enrique1.jpg\"\n                data-vp-popup-img-srcset=\"\"\n                data-vp-popup-img-size=\"1940x1376\"\n                data-vp-popup-md-img=\"https:\/\/grupo.us.es\/encrucijada\/wp-content\/uploads\/2022\/07\/enrique1.jpg\"\n                data-vp-popup-md-img-size=\"1940x1376\"\n                data-vp-popup-sm-img=\"https:\/\/grupo.us.es\/encrucijada\/wp-content\/uploads\/2022\/07\/enrique1.jpg\"\n                data-vp-popup-sm-img-size=\"1940x1376\"\n            >\n                                    <h3 class=\"vp-portfolio__item-popup-title\">B\u00e9tica antigua, con sus montes, r\u00edos, i pueblos conocidos. Espa\u00f1a Sagrada. Tomo IX: De la provincia antigua de la B\u00e9tica en com\u00fan, y de la Iglesia de Sevilla en particular. Enrique Fl\u00f3rez. P\u00e1g. 48<\/h3>\n                                        <div class=\"vp-portfolio__item-popup-description\">B\u00e9tica antigua, con sus montes, r\u00edos, i pueblos conocidos. Espa\u00f1a Sagrada. Tomo IX: De la provincia antigua de la B\u00e9tica en com\u00fan, y de la Iglesia de Sevilla en particular. Enrique Fl\u00f3rez. P\u00e1g. 48. Fuente: Instituto de Estad\u00edstica y Cartograf\u00eda de Andaluc\u00eda (https:\/\/www.juntadeandalucia.es\/institutodeestadisticaycartografia\/cartoteca\/buscar\/getisbn\/id\/19885)<\/div>\n                                <\/div>\n                                    <figure class=\"vp-portfolio__item\">\n                \n<div class=\"vp-portfolio__item-img-wrap\">\n    <div class=\"vp-portfolio__item-img\">\n        <a  href=\"https:\/\/grupo.us.es\/encrucijada\/wp-content\/uploads\/2022\/07\/enrique1.jpg\" >\n        <img loading=\"lazy\" decoding=\"async\" width=\"1940\" height=\"1376\" src=\"https:\/\/grupo.us.es\/encrucijada\/wp-content\/uploads\/2022\/07\/enrique1.jpg\" class=\"wp-image-2015\" alt=\"\" \/>\n        <div class=\"vp-portfolio__item-img-overlay\"><\/div>\n\n        <\/a>    <\/div>\n<\/div>\n\n<figcaption class=\"vp-portfolio__item-overlay vp-portfolio__item-align-center\">\n            <div class=\"vp-portfolio__item-meta-wrap vp-portfolio__custom-scrollbar\">\n            <div class=\"vp-portfolio__item-meta\">\n                \n<h2 class=\"vp-portfolio__item-meta-title\">\n    <a  href=\"https:\/\/grupo.us.es\/encrucijada\/wp-content\/uploads\/2022\/07\/enrique1.jpg\" >B\u00e9tica antigua, con sus montes, r\u00edos, i pueblos conocidos. Espa\u00f1a Sagrada. Tomo IX: De la provincia antigua de la B\u00e9tica en com\u00fan, y de la Iglesia de Sevilla en particular. Enrique Fl\u00f3rez. P\u00e1g. 48<\/a><\/h2>\n            <\/div>\n        <\/div>\n    <\/figcaption>\n            <\/figure>\n                    <\/div>\n        \n        <div class=\"vp-portfolio__item-wrap vp-portfolio__item-uid-df85a965\" data-vp-filter=\"\">\n                        <div class=\"vp-portfolio__item-popup\"\n                style=\"display: none;\"\n                data-vp-popup-img=\"https:\/\/grupo.us.es\/encrucijada\/wp-content\/uploads\/2022\/07\/florez3.jpg\"\n                data-vp-popup-img-srcset=\"\"\n                data-vp-popup-img-size=\"999x763\"\n                data-vp-popup-md-img=\"https:\/\/grupo.us.es\/encrucijada\/wp-content\/uploads\/2022\/07\/florez3.jpg\"\n                data-vp-popup-md-img-size=\"999x763\"\n                data-vp-popup-sm-img=\"https:\/\/grupo.us.es\/encrucijada\/wp-content\/uploads\/2022\/07\/florez3.jpg\"\n                data-vp-popup-sm-img-size=\"999x763\"\n            >\n                                    <h3 class=\"vp-portfolio__item-popup-title\">Mapa De los Pueblos que batieron las Medallas de Espa\u00f1a. En Medallas de las colonias, municipios y pueblos antiguos de Espa\u00f1a. Colecci\u00f3n de las que se hallan en diversos autores, y de otras nunca publicadas: con explicaci\u00f3n y dibujo de cada una. (p\u00e1gina 120)<\/h3>\n                                        <div class=\"vp-portfolio__item-popup-description\">Mapa De los Pueblos que batieron las Medallas de Espa\u00f1a. En Medallas de las colonias, municipios y pueblos antiguos de Espa\u00f1a. Colecci\u00f3n de las que se hallan en diversos autores, y de otras nunca publicadas: con explicaci\u00f3n y dibujo de cada una. (p\u00e1gina 120). Fuente: Biblioteca Hist\u00f3rica del Ayuntamiento de Madrid. Copia digital: Fundaci\u00f3n Hist\u00f3rica Tavera (http:\/\/www.bibliotecavirtualdeandalucia.es\/catalogo\/es\/consulta\/registro.do?id=100027)<\/div>\n                                <\/div>\n                                    <figure class=\"vp-portfolio__item\">\n                \n<div class=\"vp-portfolio__item-img-wrap\">\n    <div class=\"vp-portfolio__item-img\">\n        <a  href=\"https:\/\/grupo.us.es\/encrucijada\/wp-content\/uploads\/2022\/07\/florez3.jpg\" >\n        <img loading=\"lazy\" decoding=\"async\" width=\"999\" height=\"763\" src=\"https:\/\/grupo.us.es\/encrucijada\/wp-content\/uploads\/2022\/07\/florez3.jpg\" class=\"wp-image-2011\" alt=\"\" \/>\n        <div class=\"vp-portfolio__item-img-overlay\"><\/div>\n\n        <\/a>    <\/div>\n<\/div>\n\n<figcaption class=\"vp-portfolio__item-overlay vp-portfolio__item-align-center\">\n            <div class=\"vp-portfolio__item-meta-wrap vp-portfolio__custom-scrollbar\">\n            <div class=\"vp-portfolio__item-meta\">\n                \n<h2 class=\"vp-portfolio__item-meta-title\">\n    <a  href=\"https:\/\/grupo.us.es\/encrucijada\/wp-content\/uploads\/2022\/07\/florez3.jpg\" >Mapa De los Pueblos que batieron las Medallas de Espa\u00f1a. En Medallas de las colonias, municipios y pueblos antiguos de Espa\u00f1a. Colecci\u00f3n de las que se hallan en diversos autores, y de otras nunca publicadas: con explicaci\u00f3n y dibujo de cada una. (p\u00e1gina 120)<\/a><\/h2>\n            <\/div>\n        <\/div>\n    <\/figcaption>\n            <\/figure>\n                    <\/div>\n        \n        <div class=\"vp-portfolio__item-wrap vp-portfolio__item-uid-ef22e323\" data-vp-filter=\"\">\n                        <div class=\"vp-portfolio__item-popup\"\n                style=\"display: none;\"\n                data-vp-popup-img=\"https:\/\/grupo.us.es\/encrucijada\/wp-content\/uploads\/2022\/07\/florez1.jpg\"\n                data-vp-popup-img-srcset=\"\"\n                data-vp-popup-img-size=\"1350x906\"\n                data-vp-popup-md-img=\"https:\/\/grupo.us.es\/encrucijada\/wp-content\/uploads\/2022\/07\/florez1.jpg\"\n                data-vp-popup-md-img-size=\"1350x906\"\n                data-vp-popup-sm-img=\"https:\/\/grupo.us.es\/encrucijada\/wp-content\/uploads\/2022\/07\/florez1.jpg\"\n                data-vp-popup-sm-img-size=\"1350x906\"\n            >\n                                    <h3 class=\"vp-portfolio__item-popup-title\">Mapa de la B\u00e9tica antigua seg\u00fan el sistema de Ptolomeo. Espa\u00f1a Sagrada. Tomo IX: De la provincia antigua de la B\u00e9tica en com\u00fan, y de la Iglesia de Sevilla en particular<\/h3>\n                                        <div class=\"vp-portfolio__item-popup-description\">Mapa de la B\u00e9tica antigua seg\u00fan el sistema de Ptolomeo. Espa\u00f1a Sagrada. Tomo IX: De la provincia antigua de la B\u00e9tica en com\u00fan, y de la Iglesia de Sevilla en particular. Fuente: Instituto de Estad\u00edstica y Cartograf\u00eda de Andaluc\u00eda (https:\/\/www.juntadeandalucia.es\/institutodeestadisticaycartografia\/cartoteca\/buscar\/getisbn\/id\/5224)<\/div>\n                                <\/div>\n                                    <figure class=\"vp-portfolio__item\">\n                \n<div class=\"vp-portfolio__item-img-wrap\">\n    <div class=\"vp-portfolio__item-img\">\n        <a  href=\"https:\/\/grupo.us.es\/encrucijada\/wp-content\/uploads\/2022\/07\/florez1.jpg\" >\n        <img loading=\"lazy\" decoding=\"async\" width=\"1350\" height=\"906\" src=\"https:\/\/grupo.us.es\/encrucijada\/wp-content\/uploads\/2022\/07\/florez1.jpg\" class=\"wp-image-2010\" alt=\"\" \/>\n        <div class=\"vp-portfolio__item-img-overlay\"><\/div>\n\n        <\/a>    <\/div>\n<\/div>\n\n<figcaption class=\"vp-portfolio__item-overlay vp-portfolio__item-align-center\">\n            <div class=\"vp-portfolio__item-meta-wrap vp-portfolio__custom-scrollbar\">\n            <div class=\"vp-portfolio__item-meta\">\n                \n<h2 class=\"vp-portfolio__item-meta-title\">\n    <a  href=\"https:\/\/grupo.us.es\/encrucijada\/wp-content\/uploads\/2022\/07\/florez1.jpg\" >Mapa de la B\u00e9tica antigua seg\u00fan el sistema de Ptolomeo. Espa\u00f1a Sagrada. Tomo IX: De la provincia antigua de la B\u00e9tica en com\u00fan, y de la Iglesia de Sevilla en particular<\/a><\/h2>\n            <\/div>\n        <\/div>\n    <\/figcaption>\n            <\/figure>\n                    <\/div>\n        \n        <div class=\"vp-portfolio__item-wrap vp-portfolio__item-uid-553d6e71\" data-vp-filter=\"\">\n                        <div class=\"vp-portfolio__item-popup\"\n                style=\"display: none;\"\n                data-vp-popup-img=\"https:\/\/grupo.us.es\/encrucijada\/wp-content\/uploads\/2022\/07\/metellus3.jpg\"\n                data-vp-popup-img-srcset=\"\"\n                data-vp-popup-img-size=\"4161x2671\"\n                data-vp-popup-md-img=\"https:\/\/grupo.us.es\/encrucijada\/wp-content\/uploads\/2022\/07\/metellus3.jpg\"\n                data-vp-popup-md-img-size=\"4161x2671\"\n                data-vp-popup-sm-img=\"https:\/\/grupo.us.es\/encrucijada\/wp-content\/uploads\/2022\/07\/metellus3.jpg\"\n                data-vp-popup-sm-img-size=\"4161x2671\"\n            >\n                                    <h3 class=\"vp-portfolio__item-popup-title\">Granatae Regn\u00fb = Re\u00ffno de Granada (1595) de Johannes Natalius Metellus y Conrad Loew<\/h3>\n                                        <div class=\"vp-portfolio__item-popup-description\">Granatae Regn\u00fb = Re\u00ffno de Granada (1595) de Johannes Natalius Metellus y Conrad Loew. Fuente: Fondo Antiguo de la Biblioteca de la Universidad de Sevilla (https:\/\/www.juntadeandalucia.es\/institutodeestadisticaycartografia\/cartoteca\/buscar\/getisbn\/query\/matal\/autor\/titulo\/lugargeo\/materias\/fechadesde\/fechahasta\/buscar\/Buscar\/orderid\/fecha_ASC\/id\/119851)<\/div>\n                                <\/div>\n                                    <figure class=\"vp-portfolio__item\">\n                \n<div class=\"vp-portfolio__item-img-wrap\">\n    <div class=\"vp-portfolio__item-img\">\n        <a  href=\"https:\/\/grupo.us.es\/encrucijada\/wp-content\/uploads\/2022\/07\/metellus3.jpg\" >\n        <img loading=\"lazy\" decoding=\"async\" width=\"4161\" height=\"2671\" src=\"https:\/\/grupo.us.es\/encrucijada\/wp-content\/uploads\/2022\/07\/metellus3.jpg\" class=\"wp-image-2007\" alt=\"\" \/>\n        <div class=\"vp-portfolio__item-img-overlay\"><\/div>\n\n        <\/a>    <\/div>\n<\/div>\n\n<figcaption class=\"vp-portfolio__item-overlay vp-portfolio__item-align-center\">\n            <div class=\"vp-portfolio__item-meta-wrap vp-portfolio__custom-scrollbar\">\n            <div class=\"vp-portfolio__item-meta\">\n                \n<h2 class=\"vp-portfolio__item-meta-title\">\n    <a  href=\"https:\/\/grupo.us.es\/encrucijada\/wp-content\/uploads\/2022\/07\/metellus3.jpg\" >Granatae Regn\u00fb = Re\u00ffno de Granada (1595) de Johannes Natalius Metellus y Conrad Loew<\/a><\/h2>\n            <\/div>\n        <\/div>\n    <\/figcaption>\n            <\/figure>\n                    <\/div>\n        \n        <div class=\"vp-portfolio__item-wrap vp-portfolio__item-uid-901a82f7\" data-vp-filter=\"\">\n                        <div class=\"vp-portfolio__item-popup\"\n                style=\"display: none;\"\n                data-vp-popup-img=\"https:\/\/grupo.us.es\/encrucijada\/wp-content\/uploads\/2022\/07\/metellus2.jpg\"\n                data-vp-popup-img-srcset=\"\"\n                data-vp-popup-img-size=\"3631x2707\"\n                data-vp-popup-md-img=\"https:\/\/grupo.us.es\/encrucijada\/wp-content\/uploads\/2022\/07\/metellus2.jpg\"\n                data-vp-popup-md-img-size=\"3631x2707\"\n                data-vp-popup-sm-img=\"https:\/\/grupo.us.es\/encrucijada\/wp-content\/uploads\/2022\/07\/metellus2.jpg\"\n                data-vp-popup-sm-img-size=\"3631x2707\"\n            >\n                                    <h3 class=\"vp-portfolio__item-popup-title\">Hispalensis Conventvs Delinatio (1595) de Johannes Natalius Metellus y Conrad Loew<\/h3>\n                                        <div class=\"vp-portfolio__item-popup-description\">Hispalensis Conventvs Delinatio (1595) de Johannes Natalius Metellus y Conrad Loew. Fuente: Fondo Antiguo de la Biblioteca de la Universidad de Sevilla (https:\/\/www.juntadeandalucia.es\/institutodeestadisticaycartografia\/cartoteca\/buscar\/getisbn\/query\/matal\/autor\/titulo\/lugargeo\/materias\/fechadesde\/fechahasta\/buscar\/Buscar\/orderid\/fecha_ASC\/id\/119852)<\/div>\n                                <\/div>\n                                    <figure class=\"vp-portfolio__item\">\n                \n<div class=\"vp-portfolio__item-img-wrap\">\n    <div class=\"vp-portfolio__item-img\">\n        <a  href=\"https:\/\/grupo.us.es\/encrucijada\/wp-content\/uploads\/2022\/07\/metellus2.jpg\" >\n        <img loading=\"lazy\" decoding=\"async\" width=\"3631\" height=\"2707\" src=\"https:\/\/grupo.us.es\/encrucijada\/wp-content\/uploads\/2022\/07\/metellus2.jpg\" class=\"wp-image-2006\" alt=\"\" \/>\n        <div class=\"vp-portfolio__item-img-overlay\"><\/div>\n\n        <\/a>    <\/div>\n<\/div>\n\n<figcaption class=\"vp-portfolio__item-overlay vp-portfolio__item-align-center\">\n            <div class=\"vp-portfolio__item-meta-wrap vp-portfolio__custom-scrollbar\">\n            <div class=\"vp-portfolio__item-meta\">\n                \n<h2 class=\"vp-portfolio__item-meta-title\">\n    <a  href=\"https:\/\/grupo.us.es\/encrucijada\/wp-content\/uploads\/2022\/07\/metellus2.jpg\" >Hispalensis Conventvs Delinatio (1595) de Johannes Natalius Metellus y Conrad Loew<\/a><\/h2>\n            <\/div>\n        <\/div>\n    <\/figcaption>\n            <\/figure>\n                    <\/div>\n        \n        <div class=\"vp-portfolio__item-wrap vp-portfolio__item-uid-3473fafd\" data-vp-filter=\"\">\n                        <div class=\"vp-portfolio__item-popup\"\n                style=\"display: none;\"\n                data-vp-popup-img=\"https:\/\/grupo.us.es\/encrucijada\/wp-content\/uploads\/2022\/07\/metellus1.jpg\"\n                data-vp-popup-img-srcset=\"\"\n                data-vp-popup-img-size=\"4216x2633\"\n                data-vp-popup-md-img=\"https:\/\/grupo.us.es\/encrucijada\/wp-content\/uploads\/2022\/07\/metellus1.jpg\"\n                data-vp-popup-md-img-size=\"4216x2633\"\n                data-vp-popup-sm-img=\"https:\/\/grupo.us.es\/encrucijada\/wp-content\/uploads\/2022\/07\/metellus1.jpg\"\n                data-vp-popup-sm-img-size=\"4216x2633\"\n            >\n                                    <h3 class=\"vp-portfolio__item-popup-title\">Andalusia = Andaluzia Hisp: (1595) de Johannes Natalius Metellus y Conrad Loew<\/h3>\n                                        <div class=\"vp-portfolio__item-popup-description\">Andalusia = Andaluzia Hisp: (1595) de Johannes Natalius Metellus y Conrad Loew. Fuente: Fondo Antiguo de la Biblioteca de la Universidad de Sevilla (https:\/\/www.juntadeandalucia.es\/institutodeestadisticaycartografia\/cartoteca\/buscar\/getisbn\/query\/matal\/autor\/titulo\/lugargeo\/materias\/fechadesde\/fechahasta\/buscar\/Buscar\/orderid\/fecha_ASC\/id\/119850)<\/div>\n                                <\/div>\n                                    <figure class=\"vp-portfolio__item\">\n                \n<div class=\"vp-portfolio__item-img-wrap\">\n    <div class=\"vp-portfolio__item-img\">\n        <a  href=\"https:\/\/grupo.us.es\/encrucijada\/wp-content\/uploads\/2022\/07\/metellus1.jpg\" >\n        <img loading=\"lazy\" decoding=\"async\" width=\"4216\" height=\"2633\" src=\"https:\/\/grupo.us.es\/encrucijada\/wp-content\/uploads\/2022\/07\/metellus1.jpg\" class=\"wp-image-2005\" alt=\"\" \/>\n        <div class=\"vp-portfolio__item-img-overlay\"><\/div>\n\n        <\/a>    <\/div>\n<\/div>\n\n<figcaption class=\"vp-portfolio__item-overlay vp-portfolio__item-align-center\">\n            <div class=\"vp-portfolio__item-meta-wrap vp-portfolio__custom-scrollbar\">\n            <div class=\"vp-portfolio__item-meta\">\n                \n<h2 class=\"vp-portfolio__item-meta-title\">\n    <a  href=\"https:\/\/grupo.us.es\/encrucijada\/wp-content\/uploads\/2022\/07\/metellus1.jpg\" >Andalusia = Andaluzia Hisp: (1595) de Johannes Natalius Metellus y Conrad Loew<\/a><\/h2>\n            <\/div>\n        <\/div>\n    <\/figcaption>\n            <\/figure>\n                    <\/div>\n        \n        <div class=\"vp-portfolio__item-wrap vp-portfolio__item-uid-5f47fe36\" data-vp-filter=\"\">\n                        <div class=\"vp-portfolio__item-popup\"\n                style=\"display: none;\"\n                data-vp-popup-img=\"https:\/\/grupo.us.es\/encrucijada\/wp-content\/uploads\/2022\/06\/1.keere_.jpg\"\n                data-vp-popup-img-srcset=\"\"\n                data-vp-popup-img-size=\"2000x1623\"\n                data-vp-popup-md-img=\"https:\/\/grupo.us.es\/encrucijada\/wp-content\/uploads\/2022\/06\/1.keere_.jpg\"\n                data-vp-popup-md-img-size=\"2000x1623\"\n                data-vp-popup-sm-img=\"https:\/\/grupo.us.es\/encrucijada\/wp-content\/uploads\/2022\/06\/1.keere_.jpg\"\n                data-vp-popup-sm-img-size=\"2000x1623\"\n            >\n                                    <h3 class=\"vp-portfolio__item-popup-title\">Hispaniae Nova Describtio [sic Descriptio], de Integro Multis in Locis, Secundum Hydrographicas, Desc. Emendata. 1606. Petrus Kaerius sculpsit ; Judocus Hondius excud<\/h3>\n                                        <div class=\"vp-portfolio__item-popup-description\">Hispaniae Nova Describtio [sic Descriptio], de Integro Multis in Locis, Secundum Hydrographicas, Desc. Emendata. 1606. Petrus Kaerius sculpsit ; Judocus Hondius excud. Fuente: Instituto Geogr\u00e1fico Nacional, CC-BY 4.0 (https:\/\/www.ign.es\/web\/catalogo-cartoteca\/resources\/html\/031311.html)<\/div>\n                                <\/div>\n                                    <figure class=\"vp-portfolio__item\">\n                \n<div class=\"vp-portfolio__item-img-wrap\">\n    <div class=\"vp-portfolio__item-img\">\n        <a  href=\"https:\/\/grupo.us.es\/encrucijada\/wp-content\/uploads\/2022\/06\/1.keere_.jpg\" >\n        <img loading=\"lazy\" decoding=\"async\" width=\"2000\" height=\"1623\" src=\"https:\/\/grupo.us.es\/encrucijada\/wp-content\/uploads\/2022\/06\/1.keere_.jpg\" class=\"wp-image-1978\" alt=\"\" \/>\n        <div class=\"vp-portfolio__item-img-overlay\"><\/div>\n\n        <\/a>    <\/div>\n<\/div>\n\n<figcaption class=\"vp-portfolio__item-overlay vp-portfolio__item-align-center\">\n            <div class=\"vp-portfolio__item-meta-wrap vp-portfolio__custom-scrollbar\">\n            <div class=\"vp-portfolio__item-meta\">\n                \n<h2 class=\"vp-portfolio__item-meta-title\">\n    <a  href=\"https:\/\/grupo.us.es\/encrucijada\/wp-content\/uploads\/2022\/06\/1.keere_.jpg\" >Hispaniae Nova Describtio [sic Descriptio], de Integro Multis in Locis, Secundum Hydrographicas, Desc. Emendata. 1606. Petrus Kaerius sculpsit ; Judocus Hondius excud<\/a><\/h2>\n            <\/div>\n        <\/div>\n    <\/figcaption>\n            <\/figure>\n                    <\/div>\n        \n        <div class=\"vp-portfolio__item-wrap vp-portfolio__item-uid-0c3bd651\" data-vp-filter=\"\">\n                        <div class=\"vp-portfolio__item-popup\"\n                style=\"display: none;\"\n                data-vp-popup-img=\"https:\/\/grupo.us.es\/encrucijada\/wp-content\/uploads\/2022\/06\/2.cartas_nauticas.jpg\"\n                data-vp-popup-img-srcset=\"\"\n                data-vp-popup-img-size=\"3219x2373\"\n                data-vp-popup-md-img=\"https:\/\/grupo.us.es\/encrucijada\/wp-content\/uploads\/2022\/06\/2.cartas_nauticas.jpg\"\n                data-vp-popup-md-img-size=\"3219x2373\"\n                data-vp-popup-sm-img=\"https:\/\/grupo.us.es\/encrucijada\/wp-content\/uploads\/2022\/06\/2.cartas_nauticas.jpg\"\n                data-vp-popup-sm-img-size=\"3219x2373\"\n            >\n                                    <h3 class=\"vp-portfolio__item-popup-title\">Zee custen von Andaluzien ghemaeckt naet wesen en ghedaente, met zijn Rivieren en Havenen = Andaluziae orae maritimae una cum fluiis et portubus at vivum delineato<\/h3>\n                                        <div class=\"vp-portfolio__item-popup-description\">Zee custen von Andaluzien ghemaeckt naet wesen en ghedaente, met zijn Rivieren en Havenen = Andaluziae orae maritimae una cum fluiis et portubus at vivum delineato. Fuente: Biblioteca Nacional de Espa\u00f1a, GMG\/1025 (http:\/\/bdh-rd.bne.es\/viewer.vm?id=0000001642)<\/div>\n                                <\/div>\n                                    <figure class=\"vp-portfolio__item\">\n                \n<div class=\"vp-portfolio__item-img-wrap\">\n    <div class=\"vp-portfolio__item-img\">\n        <a  href=\"https:\/\/grupo.us.es\/encrucijada\/wp-content\/uploads\/2022\/06\/2.cartas_nauticas.jpg\" >\n        <img loading=\"lazy\" decoding=\"async\" width=\"3219\" height=\"2373\" src=\"https:\/\/grupo.us.es\/encrucijada\/wp-content\/uploads\/2022\/06\/2.cartas_nauticas.jpg\" class=\"wp-image-1969\" alt=\"\" \/>\n        <div class=\"vp-portfolio__item-img-overlay\"><\/div>\n\n        <\/a>    <\/div>\n<\/div>\n\n<figcaption class=\"vp-portfolio__item-overlay vp-portfolio__item-align-center\">\n            <div class=\"vp-portfolio__item-meta-wrap vp-portfolio__custom-scrollbar\">\n            <div class=\"vp-portfolio__item-meta\">\n                \n<h2 class=\"vp-portfolio__item-meta-title\">\n    <a  href=\"https:\/\/grupo.us.es\/encrucijada\/wp-content\/uploads\/2022\/06\/2.cartas_nauticas.jpg\" >Zee custen von Andaluzien ghemaeckt naet wesen en ghedaente, met zijn Rivieren en Havenen = Andaluziae orae maritimae una cum fluiis et portubus at vivum delineato<\/a><\/h2>\n            <\/div>\n        <\/div>\n    <\/figcaption>\n            <\/figure>\n                    <\/div>\n        \n        <div class=\"vp-portfolio__item-wrap vp-portfolio__item-uid-f96c7116\" data-vp-filter=\"\">\n                        <div class=\"vp-portfolio__item-popup\"\n                style=\"display: none;\"\n                data-vp-popup-img=\"https:\/\/grupo.us.es\/encrucijada\/wp-content\/uploads\/2022\/06\/1.cartas_nauticas.jpg\"\n                data-vp-popup-img-srcset=\"\"\n                data-vp-popup-img-size=\"3219x2373\"\n                data-vp-popup-md-img=\"https:\/\/grupo.us.es\/encrucijada\/wp-content\/uploads\/2022\/06\/1.cartas_nauticas.jpg\"\n                data-vp-popup-md-img-size=\"3219x2373\"\n                data-vp-popup-sm-img=\"https:\/\/grupo.us.es\/encrucijada\/wp-content\/uploads\/2022\/06\/1.cartas_nauticas.jpg\"\n                data-vp-popup-sm-img-size=\"3219x2373\"\n            >\n                                    <h3 class=\"vp-portfolio__item-popup-title\">Beschriivinghe der Zee Custen vant Landt v\u00e3 Argarbe en ee deel vande Condado, soe hem tlandt aldaer verthoont en in ghedaente en roesen is = Algarbae orae maritimae, et partis Condadae accurata descriptio<\/h3>\n                                        <div class=\"vp-portfolio__item-popup-description\">Beschriivinghe der Zee Custen vant Landt v\u00e3 Argarbe en ee deel vande Condado, soe hem tlandt aldaer verthoont en in ghedaente en roesen is = Algarbae orae maritimae, et partis Condadae accurata descriptio. Fuente: Biblioteca Nacional de Espa\u00f1a, GMG\/1025 (http:\/\/bdh-rd.bne.es\/viewer.vm?id=0000001642)<\/div>\n                                <\/div>\n                                    <figure class=\"vp-portfolio__item\">\n                \n<div class=\"vp-portfolio__item-img-wrap\">\n    <div class=\"vp-portfolio__item-img\">\n        <a  href=\"https:\/\/grupo.us.es\/encrucijada\/wp-content\/uploads\/2022\/06\/1.cartas_nauticas.jpg\" >\n        <img loading=\"lazy\" decoding=\"async\" width=\"3219\" height=\"2373\" src=\"https:\/\/grupo.us.es\/encrucijada\/wp-content\/uploads\/2022\/06\/1.cartas_nauticas.jpg\" class=\"wp-image-1968\" alt=\"\" \/>\n        <div class=\"vp-portfolio__item-img-overlay\"><\/div>\n\n        <\/a>    <\/div>\n<\/div>\n\n<figcaption class=\"vp-portfolio__item-overlay vp-portfolio__item-align-center\">\n            <div class=\"vp-portfolio__item-meta-wrap vp-portfolio__custom-scrollbar\">\n            <div class=\"vp-portfolio__item-meta\">\n                \n<h2 class=\"vp-portfolio__item-meta-title\">\n    <a  href=\"https:\/\/grupo.us.es\/encrucijada\/wp-content\/uploads\/2022\/06\/1.cartas_nauticas.jpg\" >Beschriivinghe der Zee Custen vant Landt v\u00e3 Argarbe en ee deel vande Condado, soe hem tlandt aldaer verthoont en in ghedaente en roesen is = Algarbae orae maritimae, et partis Condadae accurata descriptio<\/a><\/h2>\n            <\/div>\n        <\/div>\n    <\/figcaption>\n            <\/figure>\n                    <\/div>\n        \n        <div class=\"vp-portfolio__item-wrap vp-portfolio__item-uid-23b475a1\" data-vp-filter=\"\">\n                        <div class=\"vp-portfolio__item-popup\"\n                style=\"display: none;\"\n                data-vp-popup-img=\"https:\/\/grupo.us.es\/encrucijada\/wp-content\/uploads\/2022\/06\/jerusalen2.jpg\"\n                data-vp-popup-img-srcset=\"\"\n                data-vp-popup-img-size=\"1048x954\"\n                data-vp-popup-md-img=\"https:\/\/grupo.us.es\/encrucijada\/wp-content\/uploads\/2022\/06\/jerusalen2.jpg\"\n                data-vp-popup-md-img-size=\"1048x954\"\n                data-vp-popup-sm-img=\"https:\/\/grupo.us.es\/encrucijada\/wp-content\/uploads\/2022\/06\/jerusalen2.jpg\"\n                data-vp-popup-sm-img-size=\"1048x954\"\n            >\n                                    <h3 class=\"vp-portfolio__item-popup-title\">Vera Hierosolymae Veteris Imago a Ioanne Baptista Villapando. En Tomi III. Apparatus urbis ac Templi Hierosolymitani pars I et II Ioannis Baptistae Villalpandi Cordubensis&#8230; collato studio cum H. Prado. 1604<\/h3>\n                                        <div class=\"vp-portfolio__item-popup-description\">Vera Hierosolymae Veteris Imago a Ioanne Baptista Villapando. En Tomi III. Apparatus urbis ac Templi Hierosolymitani pars I et II Ioannis Baptistae Villalpandi Cordubensis&#8230; collato studio cum H. Prado. 1604, p. 69. Fuente: DIGIBUG: Repositorio Institucional de la Universidad de Granada (https:\/\/digibug.ugr.es\/handle\/10481\/5878)<\/div>\n                                <\/div>\n                                    <figure class=\"vp-portfolio__item\">\n                \n<div class=\"vp-portfolio__item-img-wrap\">\n    <div class=\"vp-portfolio__item-img\">\n        <a  href=\"https:\/\/grupo.us.es\/encrucijada\/wp-content\/uploads\/2022\/06\/jerusalen2.jpg\" >\n        <img loading=\"lazy\" decoding=\"async\" width=\"1048\" height=\"954\" src=\"https:\/\/grupo.us.es\/encrucijada\/wp-content\/uploads\/2022\/06\/jerusalen2.jpg\" class=\"wp-image-1966\" alt=\"\" \/>\n        <div class=\"vp-portfolio__item-img-overlay\"><\/div>\n\n        <\/a>    <\/div>\n<\/div>\n\n<figcaption class=\"vp-portfolio__item-overlay vp-portfolio__item-align-center\">\n            <div class=\"vp-portfolio__item-meta-wrap vp-portfolio__custom-scrollbar\">\n            <div class=\"vp-portfolio__item-meta\">\n                \n<h2 class=\"vp-portfolio__item-meta-title\">\n    <a  href=\"https:\/\/grupo.us.es\/encrucijada\/wp-content\/uploads\/2022\/06\/jerusalen2.jpg\" >Vera Hierosolymae Veteris Imago a Ioanne Baptista Villapando. En Tomi III. Apparatus urbis ac Templi Hierosolymitani pars I et II Ioannis Baptistae Villalpandi Cordubensis&#8230; collato studio cum H. Prado. 1604<\/a><\/h2>\n            <\/div>\n        <\/div>\n    <\/figcaption>\n            <\/figure>\n                    <\/div>\n        \n        <div class=\"vp-portfolio__item-wrap vp-portfolio__item-uid-463e0452\" data-vp-filter=\"\">\n                        <div class=\"vp-portfolio__item-popup\"\n                style=\"display: none;\"\n                data-vp-popup-img=\"https:\/\/grupo.us.es\/encrucijada\/wp-content\/uploads\/2022\/06\/jerusalen3.jpg\"\n                data-vp-popup-img-srcset=\"\"\n                data-vp-popup-img-size=\"2296x2602\"\n                data-vp-popup-md-img=\"https:\/\/grupo.us.es\/encrucijada\/wp-content\/uploads\/2022\/06\/jerusalen3.jpg\"\n                data-vp-popup-md-img-size=\"2296x2602\"\n                data-vp-popup-sm-img=\"https:\/\/grupo.us.es\/encrucijada\/wp-content\/uploads\/2022\/06\/jerusalen3.jpg\"\n                data-vp-popup-sm-img-size=\"2296x2602\"\n            >\n                                    <h3 class=\"vp-portfolio__item-popup-title\">Jerusal\u00e9n despu\u00e9s de Villalpando<\/h3>\n                                        <div class=\"vp-portfolio__item-popup-description\">Jerusal\u00e9n despu\u00e9s de Villalpando. De izquierda a derecha y de arriba abajo: Beschryving van het Oude Jeruzalem volgens Villalpandus (1727) de Antoine Agust\u00edn Calmet (Fuente: The National Library of Israel, https:\/\/www.nli.org.il\/he\/maps\/NNL_ALEPH002368204\/NLI#$FL184621476). Die Statt Jerusalem alem (1610) de Johannes Piscator (Fuente: The National Library of Israel, https:\/\/www.nli.org.il\/en\/maps\/NNL_ALEPH002369665\/NLI#$FL184621742). Prospectus sanctae olim et celeberrimae urbis Hierosolymae (1730) de Matth\u00e4us Seutter (Wikipedia, https:\/\/commons.wikimedia.org\/wiki\/File:Prospectus_Sanctae_olim_et_celeberrimae_Urbis_Hierosolymae_opera_et_impensis;_Matthaei_Seutteri._Prospekt_der_vormals_Welt_Beruehmten_Stadt_Jerusalem.jpg). \tIerusalem. (1689) de Richard Blome (Fuente: The National Library of Israel, https:\/\/www.nli.org.il\/en\/maps\/NNL_ALEPH002367962\/NLI#$FL184620801). Hierusalem Veteris Imago Vera (1660) de Wenceslaus Hollar (Fuente: The Met, https:\/\/www.metmuseum.org\/art\/collection\/search\/360075).<\/div>\n                                <\/div>\n                                    <figure class=\"vp-portfolio__item\">\n                \n<div class=\"vp-portfolio__item-img-wrap\">\n    <div class=\"vp-portfolio__item-img\">\n        <a  href=\"https:\/\/grupo.us.es\/encrucijada\/wp-content\/uploads\/2022\/06\/jerusalen3.jpg\" >\n        <img loading=\"lazy\" decoding=\"async\" width=\"2296\" height=\"2602\" src=\"https:\/\/grupo.us.es\/encrucijada\/wp-content\/uploads\/2022\/06\/jerusalen3.jpg\" class=\"wp-image-1964\" alt=\"\" \/>\n        <div class=\"vp-portfolio__item-img-overlay\"><\/div>\n\n        <\/a>    <\/div>\n<\/div>\n\n<figcaption class=\"vp-portfolio__item-overlay vp-portfolio__item-align-center\">\n            <div class=\"vp-portfolio__item-meta-wrap vp-portfolio__custom-scrollbar\">\n            <div class=\"vp-portfolio__item-meta\">\n                \n<h2 class=\"vp-portfolio__item-meta-title\">\n    <a  href=\"https:\/\/grupo.us.es\/encrucijada\/wp-content\/uploads\/2022\/06\/jerusalen3.jpg\" >Jerusal\u00e9n despu\u00e9s de Villalpando<\/a><\/h2>\n            <\/div>\n        <\/div>\n    <\/figcaption>\n            <\/figure>\n                    <\/div>\n        \n        <div class=\"vp-portfolio__item-wrap vp-portfolio__item-uid-e53ab841\" data-vp-filter=\"\">\n                        <div class=\"vp-portfolio__item-popup\"\n                style=\"display: none;\"\n                data-vp-popup-img=\"https:\/\/grupo.us.es\/encrucijada\/wp-content\/uploads\/2022\/06\/jerusalen1.jpg\"\n                data-vp-popup-img-srcset=\"\"\n                data-vp-popup-img-size=\"3200x1342\"\n                data-vp-popup-md-img=\"https:\/\/grupo.us.es\/encrucijada\/wp-content\/uploads\/2022\/06\/jerusalen1.jpg\"\n                data-vp-popup-md-img-size=\"3200x1342\"\n                data-vp-popup-sm-img=\"https:\/\/grupo.us.es\/encrucijada\/wp-content\/uploads\/2022\/06\/jerusalen1.jpg\"\n                data-vp-popup-sm-img-size=\"3200x1342\"\n            >\n                                    <h3 class=\"vp-portfolio__item-popup-title\">Mapas de Jerusal\u00e9n anteriores a Villalpando<\/h3>\n                                        <div class=\"vp-portfolio__item-popup-description\">Mapas de Jerusal\u00e9n anteriores a Villalpando. A la izquierda, Antiquae Ierusalem &#8211; delineatio iuxta B. Ariaemontani P. Lacksteyn, F. Hogenbergij, &amp; aliorum placita. En Tomi III. Apparatus urbis ac Templi Hierosolymitani pars I et II Ioannis Baptistae Villalpandi Cordubensis) 1604, p\u00e1gina 17. Fuente: DIGIBUG: Repositorio Institucional de la Universidad de Granada (https:\/\/digibug.ugr.es\/handle\/10481\/5878). A la derecha, Hierosolyma Clarissima totius Orientis. Jerusalem Israel Holy Land Braun Hogenberg map Plan engraving (1575) de Frans Hogenberg und Georg Braun. Fuente: Stanford Libraries (https:\/\/exhibits.stanford.edu\/renaissance-exploration\/catalog\/xp883dw7908)<\/div>\n                                <\/div>\n                                    <figure class=\"vp-portfolio__item\">\n                \n<div class=\"vp-portfolio__item-img-wrap\">\n    <div class=\"vp-portfolio__item-img\">\n        <a  href=\"https:\/\/grupo.us.es\/encrucijada\/wp-content\/uploads\/2022\/06\/jerusalen1.jpg\" >\n        <img loading=\"lazy\" decoding=\"async\" width=\"3200\" height=\"1342\" src=\"https:\/\/grupo.us.es\/encrucijada\/wp-content\/uploads\/2022\/06\/jerusalen1.jpg\" class=\"wp-image-1963\" alt=\"\" \/>\n        <div class=\"vp-portfolio__item-img-overlay\"><\/div>\n\n        <\/a>    <\/div>\n<\/div>\n\n<figcaption class=\"vp-portfolio__item-overlay vp-portfolio__item-align-center\">\n            <div class=\"vp-portfolio__item-meta-wrap vp-portfolio__custom-scrollbar\">\n            <div class=\"vp-portfolio__item-meta\">\n                \n<h2 class=\"vp-portfolio__item-meta-title\">\n    <a  href=\"https:\/\/grupo.us.es\/encrucijada\/wp-content\/uploads\/2022\/06\/jerusalen1.jpg\" >Mapas de Jerusal\u00e9n anteriores a Villalpando<\/a><\/h2>\n            <\/div>\n        <\/div>\n    <\/figcaption>\n            <\/figure>\n                    <\/div>\n        \n        <div class=\"vp-portfolio__item-wrap vp-portfolio__item-uid-f9dd65dd\" data-vp-filter=\"\">\n                        <div class=\"vp-portfolio__item-popup\"\n                style=\"display: none;\"\n                data-vp-popup-img=\"https:\/\/grupo.us.es\/encrucijada\/wp-content\/uploads\/2022\/06\/florez2.jpg\"\n                data-vp-popup-img-srcset=\"\"\n                data-vp-popup-img-size=\"2091x1449\"\n                data-vp-popup-md-img=\"https:\/\/grupo.us.es\/encrucijada\/wp-content\/uploads\/2022\/06\/florez2.jpg\"\n                data-vp-popup-md-img-size=\"2091x1449\"\n                data-vp-popup-sm-img=\"https:\/\/grupo.us.es\/encrucijada\/wp-content\/uploads\/2022\/06\/florez2.jpg\"\n                data-vp-popup-sm-img-size=\"2091x1449\"\n            >\n                                    <h3 class=\"vp-portfolio__item-popup-title\">Mapa de todos los sitios de batallas que tuvieron los romanos en Espa\u00f1a. En Mapa de todos los sitios de batallas que tuvieron los romanos en Espa\u00f1a: con descripci\u00f3n historial y chronologica de los sucesos y nombres antiguos de todas las provincias (1774)<\/h3>\n                                        <div class=\"vp-portfolio__item-popup-description\">Mapa de todos los sitios de batallas que tuvieron los romanos en Espa\u00f1a. En Mapa de todos los sitios de batallas que tuvieron los romanos en Espa\u00f1a: con descripci\u00f3n historial y chronologica de los sucesos y nombres antiguos de todas las provincias (1774). Fuente: Biblioteca Nacional de Espa\u00f1a, VE\/684\/24 y GMm\/1594 (http:\/\/bdh-rd.bne.es\/viewer.vm?id=0000253636&amp;page=1)<\/div>\n                                <\/div>\n                                    <figure class=\"vp-portfolio__item\">\n                \n<div class=\"vp-portfolio__item-img-wrap\">\n    <div class=\"vp-portfolio__item-img\">\n        <a  href=\"https:\/\/grupo.us.es\/encrucijada\/wp-content\/uploads\/2022\/06\/florez2.jpg\" >\n        <img loading=\"lazy\" decoding=\"async\" width=\"2091\" height=\"1449\" src=\"https:\/\/grupo.us.es\/encrucijada\/wp-content\/uploads\/2022\/06\/florez2.jpg\" class=\"wp-image-1956\" alt=\"\" \/>\n        <div class=\"vp-portfolio__item-img-overlay\"><\/div>\n\n        <\/a>    <\/div>\n<\/div>\n\n<figcaption class=\"vp-portfolio__item-overlay vp-portfolio__item-align-center\">\n            <div class=\"vp-portfolio__item-meta-wrap vp-portfolio__custom-scrollbar\">\n            <div class=\"vp-portfolio__item-meta\">\n                \n<h2 class=\"vp-portfolio__item-meta-title\">\n    <a  href=\"https:\/\/grupo.us.es\/encrucijada\/wp-content\/uploads\/2022\/06\/florez2.jpg\" >Mapa de todos los sitios de batallas que tuvieron los romanos en Espa\u00f1a. En Mapa de todos los sitios de batallas que tuvieron los romanos en Espa\u00f1a: con descripci\u00f3n historial y chronologica de los sucesos y nombres antiguos de todas las provincias (1774)<\/a><\/h2>\n            <\/div>\n        <\/div>\n    <\/figcaption>\n            <\/figure>\n                    <\/div>\n        \n        <div class=\"vp-portfolio__item-wrap vp-portfolio__item-uid-adcc89a3\" data-vp-filter=\"\">\n                        <div class=\"vp-portfolio__item-popup\"\n                style=\"display: none;\"\n                data-vp-popup-img=\"https:\/\/grupo.us.es\/encrucijada\/wp-content\/uploads\/2022\/06\/luyken2.jpg\"\n                data-vp-popup-img-srcset=\"\"\n                data-vp-popup-img-size=\"1091x1701\"\n                data-vp-popup-md-img=\"https:\/\/grupo.us.es\/encrucijada\/wp-content\/uploads\/2022\/06\/luyken2.jpg\"\n                data-vp-popup-md-img-size=\"1091x1701\"\n                data-vp-popup-sm-img=\"https:\/\/grupo.us.es\/encrucijada\/wp-content\/uploads\/2022\/06\/luyken2.jpg\"\n                data-vp-popup-sm-img-size=\"1091x1701\"\n            >\n                                    <h3 class=\"vp-portfolio__item-popup-title\">Baeticae Partis Descriptio Uberior. Jan Luyken. 1692<\/h3>\n                                        <div class=\"vp-portfolio__item-popup-description\">Baeticae Partis Descriptio Uberior. Jan Luyken. 1692. Fuente: Standford Digital Repository, CC BY-NC-SA 3.0 (https:\/\/exhibits.stanford.edu\/ruderman\/catalog\/dw985jq5504)<\/div>\n                                <\/div>\n                                    <figure class=\"vp-portfolio__item\">\n                \n<div class=\"vp-portfolio__item-img-wrap\">\n    <div class=\"vp-portfolio__item-img\">\n        <a  href=\"https:\/\/grupo.us.es\/encrucijada\/wp-content\/uploads\/2022\/06\/luyken2.jpg\" >\n        <img loading=\"lazy\" decoding=\"async\" width=\"1091\" height=\"1701\" src=\"https:\/\/grupo.us.es\/encrucijada\/wp-content\/uploads\/2022\/06\/luyken2.jpg\" class=\"wp-image-1943\" alt=\"\" \/>\n        <div class=\"vp-portfolio__item-img-overlay\"><\/div>\n\n        <\/a>    <\/div>\n<\/div>\n\n<figcaption class=\"vp-portfolio__item-overlay vp-portfolio__item-align-center\">\n            <div class=\"vp-portfolio__item-meta-wrap vp-portfolio__custom-scrollbar\">\n            <div class=\"vp-portfolio__item-meta\">\n                \n<h2 class=\"vp-portfolio__item-meta-title\">\n    <a  href=\"https:\/\/grupo.us.es\/encrucijada\/wp-content\/uploads\/2022\/06\/luyken2.jpg\" >Baeticae Partis Descriptio Uberior. Jan Luyken. 1692<\/a><\/h2>\n            <\/div>\n        <\/div>\n    <\/figcaption>\n            <\/figure>\n                    <\/div>\n        \n        <div class=\"vp-portfolio__item-wrap vp-portfolio__item-uid-68eb6525\" data-vp-filter=\"\">\n                        <div class=\"vp-portfolio__item-popup\"\n                style=\"display: none;\"\n                data-vp-popup-img=\"https:\/\/grupo.us.es\/encrucijada\/wp-content\/uploads\/2022\/06\/luyken1.jpeg\"\n                data-vp-popup-img-srcset=\"\"\n                data-vp-popup-img-size=\"833x1565\"\n                data-vp-popup-md-img=\"https:\/\/grupo.us.es\/encrucijada\/wp-content\/uploads\/2022\/06\/luyken1.jpeg\"\n                data-vp-popup-md-img-size=\"833x1565\"\n                data-vp-popup-sm-img=\"https:\/\/grupo.us.es\/encrucijada\/wp-content\/uploads\/2022\/06\/luyken1.jpeg\"\n                data-vp-popup-sm-img-size=\"833x1565\"\n            >\n                                    <h3 class=\"vp-portfolio__item-popup-title\">Hispania et Africa pars occidentalis; Baeticae partis uberior descriptio. 1600-1699<\/h3>\n                                        <div class=\"vp-portfolio__item-popup-description\">Hispania et Africa pars occidentalis; Baeticae partis uberior descriptio. 1600-1699. Fuente: Biblioteca Nacional de Francia  (https:\/\/gallica.bnf.fr\/ark:\/12148\/btv1b5963789d)<\/div>\n                                <\/div>\n                                    <figure class=\"vp-portfolio__item\">\n                \n<div class=\"vp-portfolio__item-img-wrap\">\n    <div class=\"vp-portfolio__item-img\">\n        <a  href=\"https:\/\/grupo.us.es\/encrucijada\/wp-content\/uploads\/2022\/06\/luyken1.jpeg\" >\n        <img loading=\"lazy\" decoding=\"async\" width=\"833\" height=\"1565\" src=\"https:\/\/grupo.us.es\/encrucijada\/wp-content\/uploads\/2022\/06\/luyken1.jpeg\" class=\"wp-image-1942\" alt=\"\" \/>\n        <div class=\"vp-portfolio__item-img-overlay\"><\/div>\n\n        <\/a>    <\/div>\n<\/div>\n\n<figcaption class=\"vp-portfolio__item-overlay vp-portfolio__item-align-center\">\n            <div class=\"vp-portfolio__item-meta-wrap vp-portfolio__custom-scrollbar\">\n            <div class=\"vp-portfolio__item-meta\">\n                \n<h2 class=\"vp-portfolio__item-meta-title\">\n    <a  href=\"https:\/\/grupo.us.es\/encrucijada\/wp-content\/uploads\/2022\/06\/luyken1.jpeg\" >Hispania et Africa pars occidentalis; Baeticae partis uberior descriptio. 1600-1699<\/a><\/h2>\n            <\/div>\n        <\/div>\n    <\/figcaption>\n            <\/figure>\n                    <\/div>\n        \n        <div class=\"vp-portfolio__item-wrap vp-portfolio__item-uid-9403329b\" data-vp-filter=\"\">\n                        <div class=\"vp-portfolio__item-popup\"\n                style=\"display: none;\"\n                data-vp-popup-img=\"https:\/\/grupo.us.es\/encrucijada\/wp-content\/uploads\/2022\/06\/Fig.-3-Accurate-Vorstellung-der-BerA\u030ahmten-Meers-Enge-bey-Gibraltar.jpg\"\n                data-vp-popup-img-srcset=\"\"\n                data-vp-popup-img-size=\"1700x1398\"\n                data-vp-popup-md-img=\"https:\/\/grupo.us.es\/encrucijada\/wp-content\/uploads\/2022\/06\/Fig.-3-Accurate-Vorstellung-der-BerA\u030ahmten-Meers-Enge-bey-Gibraltar.jpg\"\n                data-vp-popup-md-img-size=\"1700x1398\"\n                data-vp-popup-sm-img=\"https:\/\/grupo.us.es\/encrucijada\/wp-content\/uploads\/2022\/06\/Fig.-3-Accurate-Vorstellung-der-BerA\u030ahmten-Meers-Enge-bey-Gibraltar.jpg\"\n                data-vp-popup-sm-img-size=\"1700x1398\"\n            >\n                                    <h3 class=\"vp-portfolio__item-popup-title\">Accurate Vorstellung der Ber\u00fchmten Meers-Enge bey Gibraltar: mit denen Herumliegenden See- Haefen und Vestungen fo wohl in Prospecten als Grundrifsen. Homann.  1730<\/h3>\n                                        <div class=\"vp-portfolio__item-popup-description\">Accurate Vorstellung der Ber\u00fchmten Meers-Enge bey Gibraltar: mit denen Herumliegenden See- Haefen und Vestungen fo wohl in Prospecten als Grundrifsen. Homann.  1730. Fuente: Instituto Geogr\u00e1fico Nacional, 47-C-9, CC-BY-4.0 (https:\/\/www.ign.es\/web\/catalogo-cartoteca\/resources\/html\/003850.html)<\/div>\n                                <\/div>\n                                    <figure class=\"vp-portfolio__item\">\n                \n<div class=\"vp-portfolio__item-img-wrap\">\n    <div class=\"vp-portfolio__item-img\">\n        <a  href=\"https:\/\/grupo.us.es\/encrucijada\/wp-content\/uploads\/2022\/06\/Fig.-3-Accurate-Vorstellung-der-BerA\u030ahmten-Meers-Enge-bey-Gibraltar.jpg\" >\n        <img loading=\"lazy\" decoding=\"async\" width=\"1700\" height=\"1398\" src=\"https:\/\/grupo.us.es\/encrucijada\/wp-content\/uploads\/2022\/06\/Fig.-3-Accurate-Vorstellung-der-BerA\u030ahmten-Meers-Enge-bey-Gibraltar.jpg\" class=\"wp-image-1929\" alt=\"\" \/>\n        <div class=\"vp-portfolio__item-img-overlay\"><\/div>\n\n        <\/a>    <\/div>\n<\/div>\n\n<figcaption class=\"vp-portfolio__item-overlay vp-portfolio__item-align-center\">\n            <div class=\"vp-portfolio__item-meta-wrap vp-portfolio__custom-scrollbar\">\n            <div class=\"vp-portfolio__item-meta\">\n                \n<h2 class=\"vp-portfolio__item-meta-title\">\n    <a  href=\"https:\/\/grupo.us.es\/encrucijada\/wp-content\/uploads\/2022\/06\/Fig.-3-Accurate-Vorstellung-der-BerA\u030ahmten-Meers-Enge-bey-Gibraltar.jpg\" >Accurate Vorstellung der Ber\u00fchmten Meers-Enge bey Gibraltar: mit denen Herumliegenden See- Haefen und Vestungen fo wohl in Prospecten als Grundrifsen. Homann.  1730<\/a><\/h2>\n            <\/div>\n        <\/div>\n    <\/figcaption>\n            <\/figure>\n                    <\/div>\n        \n        <div class=\"vp-portfolio__item-wrap vp-portfolio__item-uid-a4a478dd\" data-vp-filter=\"\">\n                        <div class=\"vp-portfolio__item-popup\"\n                style=\"display: none;\"\n                data-vp-popup-img=\"https:\/\/grupo.us.es\/encrucijada\/wp-content\/uploads\/2022\/06\/Fig.-2-Andalucia-en-el-Hispania-ex-archetypo-Roderici-Mendez-Sylvae-et-variis-relationibus-et-chartis-manuscriptis-et-impressis-hujus.jpg\"\n                data-vp-popup-img-srcset=\"\"\n                data-vp-popup-img-size=\"1976x1004\"\n                data-vp-popup-md-img=\"https:\/\/grupo.us.es\/encrucijada\/wp-content\/uploads\/2022\/06\/Fig.-2-Andalucia-en-el-Hispania-ex-archetypo-Roderici-Mendez-Sylvae-et-variis-relationibus-et-chartis-manuscriptis-et-impressis-hujus.jpg\"\n                data-vp-popup-md-img-size=\"1976x1004\"\n                data-vp-popup-sm-img=\"https:\/\/grupo.us.es\/encrucijada\/wp-content\/uploads\/2022\/06\/Fig.-2-Andalucia-en-el-Hispania-ex-archetypo-Roderici-Mendez-Sylvae-et-variis-relationibus-et-chartis-manuscriptis-et-impressis-hujus.jpg\"\n                data-vp-popup-sm-img-size=\"1976x1004\"\n            >\n                                    <h3 class=\"vp-portfolio__item-popup-title\">Detalle de la zona meridional de Hispania ex Archetypo Roderici Mendez Sylvae et variis relationibus manuscriptis et impressis hujus Regni, emendatis per observationes sociorum Academiae Scientiarum quae est Parisiis. Matth\u00e4us Seutter, 1730-1739<\/h3>\n                                        <div class=\"vp-portfolio__item-popup-description\">Detalle de la zona meridional de Hispania ex Archetypo Roderici Mendez Sylvae et variis relationibus manuscriptis et impressis hujus Regni, emendatis per observationes sociorum Academiae Scientiarum quae est Parisiis. Matth\u00e4us Seutter, 1730-1739. Fuente: Biblioteca de Andaluc\u00eda. Copia digital: Biblioteca Virtual de Andaluc\u00eda (http:\/\/www.bibliotecavirtualdeandalucia.es\/catalogo\/es\/consulta\/registro.cmd?id=6361) <\/div>\n                                <\/div>\n                                    <figure class=\"vp-portfolio__item\">\n                \n<div class=\"vp-portfolio__item-img-wrap\">\n    <div class=\"vp-portfolio__item-img\">\n        <a  href=\"https:\/\/grupo.us.es\/encrucijada\/wp-content\/uploads\/2022\/06\/Fig.-2-Andalucia-en-el-Hispania-ex-archetypo-Roderici-Mendez-Sylvae-et-variis-relationibus-et-chartis-manuscriptis-et-impressis-hujus.jpg\" >\n        <img loading=\"lazy\" decoding=\"async\" width=\"1976\" height=\"1004\" src=\"https:\/\/grupo.us.es\/encrucijada\/wp-content\/uploads\/2022\/06\/Fig.-2-Andalucia-en-el-Hispania-ex-archetypo-Roderici-Mendez-Sylvae-et-variis-relationibus-et-chartis-manuscriptis-et-impressis-hujus.jpg\" class=\"wp-image-1928\" alt=\"\" \/>\n        <div class=\"vp-portfolio__item-img-overlay\"><\/div>\n\n        <\/a>    <\/div>\n<\/div>\n\n<figcaption class=\"vp-portfolio__item-overlay vp-portfolio__item-align-center\">\n            <div class=\"vp-portfolio__item-meta-wrap vp-portfolio__custom-scrollbar\">\n            <div class=\"vp-portfolio__item-meta\">\n                \n<h2 class=\"vp-portfolio__item-meta-title\">\n    <a  href=\"https:\/\/grupo.us.es\/encrucijada\/wp-content\/uploads\/2022\/06\/Fig.-2-Andalucia-en-el-Hispania-ex-archetypo-Roderici-Mendez-Sylvae-et-variis-relationibus-et-chartis-manuscriptis-et-impressis-hujus.jpg\" >Detalle de la zona meridional de Hispania ex Archetypo Roderici Mendez Sylvae et variis relationibus manuscriptis et impressis hujus Regni, emendatis per observationes sociorum Academiae Scientiarum quae est Parisiis. Matth\u00e4us Seutter, 1730-1739<\/a><\/h2>\n            <\/div>\n        <\/div>\n    <\/figcaption>\n            <\/figure>\n                    <\/div>\n        \n        <div class=\"vp-portfolio__item-wrap vp-portfolio__item-uid-097b4cfc\" data-vp-filter=\"\">\n                        <div class=\"vp-portfolio__item-popup\"\n                style=\"display: none;\"\n                data-vp-popup-img=\"https:\/\/grupo.us.es\/encrucijada\/wp-content\/uploads\/2022\/06\/Fig.-1-Accurata-designatio-celebris-freti-prope-Andalusiae-Castellum-Gibraltar.jpg\"\n                data-vp-popup-img-srcset=\"\"\n                data-vp-popup-img-size=\"1800x1510\"\n                data-vp-popup-md-img=\"https:\/\/grupo.us.es\/encrucijada\/wp-content\/uploads\/2022\/06\/Fig.-1-Accurata-designatio-celebris-freti-prope-Andalusiae-Castellum-Gibraltar.jpg\"\n                data-vp-popup-md-img-size=\"1800x1510\"\n                data-vp-popup-sm-img=\"https:\/\/grupo.us.es\/encrucijada\/wp-content\/uploads\/2022\/06\/Fig.-1-Accurata-designatio-celebris-freti-prope-Andalusiae-Castellum-Gibraltar.jpg\"\n                data-vp-popup-sm-img-size=\"1800x1510\"\n            >\n                                    <h3 class=\"vp-portfolio__item-popup-title\">Accurata designatio celebris freti prope Andalusiae Castellum Gibraltar, Inter in Europam Et Africam Cum Circumjacentibus Portubus et Castellis cura Et Impensis \/ Matth\u00e4us Seutter, 1727<\/h3>\n                                        <div class=\"vp-portfolio__item-popup-description\">Accurata designatio celebris freti prope Andalusiae Castellum Gibraltar, Inter in Europam Et Africam Cum Circumjacentibus Portubus et Castellis cura Et Impensis \/ Matth\u00e4us Seutter, 1727. Fuente: Biblioteca Nacional de Francia (https:\/\/www.europeana.eu\/es\/item\/9200517\/ark__12148_btv1b84392271)<\/div>\n                                <\/div>\n                                    <figure class=\"vp-portfolio__item\">\n                \n<div class=\"vp-portfolio__item-img-wrap\">\n    <div class=\"vp-portfolio__item-img\">\n        <a  href=\"https:\/\/grupo.us.es\/encrucijada\/wp-content\/uploads\/2022\/06\/Fig.-1-Accurata-designatio-celebris-freti-prope-Andalusiae-Castellum-Gibraltar.jpg\" >\n        <img loading=\"lazy\" decoding=\"async\" width=\"1800\" height=\"1510\" src=\"https:\/\/grupo.us.es\/encrucijada\/wp-content\/uploads\/2022\/06\/Fig.-1-Accurata-designatio-celebris-freti-prope-Andalusiae-Castellum-Gibraltar.jpg\" class=\"wp-image-1927\" alt=\"\" \/>\n        <div class=\"vp-portfolio__item-img-overlay\"><\/div>\n\n        <\/a>    <\/div>\n<\/div>\n\n<figcaption class=\"vp-portfolio__item-overlay vp-portfolio__item-align-center\">\n            <div class=\"vp-portfolio__item-meta-wrap vp-portfolio__custom-scrollbar\">\n            <div class=\"vp-portfolio__item-meta\">\n                \n<h2 class=\"vp-portfolio__item-meta-title\">\n    <a  href=\"https:\/\/grupo.us.es\/encrucijada\/wp-content\/uploads\/2022\/06\/Fig.-1-Accurata-designatio-celebris-freti-prope-Andalusiae-Castellum-Gibraltar.jpg\" >Accurata designatio celebris freti prope Andalusiae Castellum Gibraltar, Inter in Europam Et Africam Cum Circumjacentibus Portubus et Castellis cura Et Impensis \/ Matth\u00e4us Seutter, 1727<\/a><\/h2>\n            <\/div>\n        <\/div>\n    <\/figcaption>\n            <\/figure>\n                    <\/div>\n        \n        <div class=\"vp-portfolio__item-wrap vp-portfolio__item-uid-507e1c9a\" data-vp-filter=\"\">\n                        <div class=\"vp-portfolio__item-popup\"\n                style=\"display: none;\"\n                data-vp-popup-img=\"https:\/\/grupo.us.es\/encrucijada\/wp-content\/uploads\/2022\/06\/don\u0303ana7.jpg\"\n                data-vp-popup-img-srcset=\"\"\n                data-vp-popup-img-size=\"3000x1989\"\n                data-vp-popup-md-img=\"https:\/\/grupo.us.es\/encrucijada\/wp-content\/uploads\/2022\/06\/don\u0303ana7.jpg\"\n                data-vp-popup-md-img-size=\"3000x1989\"\n                data-vp-popup-sm-img=\"https:\/\/grupo.us.es\/encrucijada\/wp-content\/uploads\/2022\/06\/don\u0303ana7.jpg\"\n                data-vp-popup-sm-img-size=\"3000x1989\"\n            >\n                                    <h3 class=\"vp-portfolio__item-popup-title\">Mapa Topogr\u00e1fico de los Cotos y Sitios del terreno del Roc\u00edo pertenecientes \u00e0 la Ex.ma Casa de Medina-Sidonia. 1789. Francisco D\u00edaz Pinto. Escala [ca. 1:60.500]. 64 x 98 cm<\/h3>\n                                        <div class=\"vp-portfolio__item-popup-description\">Mapa Topogr\u00e1fico de los Cotos y Sitios del terreno del Roc\u00edo pertenecientes \u00e0 la Ex.ma Casa de Medina-Sidonia. 1789. Francisco D\u00edaz Pinto. Escala [ca. 1:60.500]. 64 x 98 cm. Fuente: Archivo General de la Fundaci\u00f3n Casa Medina Sidonia, leg. 4285. <\/div>\n                                <\/div>\n                                    <figure class=\"vp-portfolio__item\">\n                \n<div class=\"vp-portfolio__item-img-wrap\">\n    <div class=\"vp-portfolio__item-img\">\n        <a  href=\"https:\/\/grupo.us.es\/encrucijada\/wp-content\/uploads\/2022\/06\/don\u0303ana7.jpg\" >\n        <img loading=\"lazy\" decoding=\"async\" width=\"3000\" height=\"1989\" src=\"https:\/\/grupo.us.es\/encrucijada\/wp-content\/uploads\/2022\/06\/don\u0303ana7.jpg\" class=\"wp-image-1901\" alt=\"\" \/>\n        <div class=\"vp-portfolio__item-img-overlay\"><\/div>\n\n        <\/a>    <\/div>\n<\/div>\n\n<figcaption class=\"vp-portfolio__item-overlay vp-portfolio__item-align-center\">\n            <div class=\"vp-portfolio__item-meta-wrap vp-portfolio__custom-scrollbar\">\n            <div class=\"vp-portfolio__item-meta\">\n                \n<h2 class=\"vp-portfolio__item-meta-title\">\n    <a  href=\"https:\/\/grupo.us.es\/encrucijada\/wp-content\/uploads\/2022\/06\/don\u0303ana7.jpg\" >Mapa Topogr\u00e1fico de los Cotos y Sitios del terreno del Roc\u00edo pertenecientes \u00e0 la Ex.ma Casa de Medina-Sidonia. 1789. Francisco D\u00edaz Pinto. Escala [ca. 1:60.500]. 64 x 98 cm<\/a><\/h2>\n            <\/div>\n        <\/div>\n    <\/figcaption>\n            <\/figure>\n                    <\/div>\n        \n        <div class=\"vp-portfolio__item-wrap vp-portfolio__item-uid-dc55b468\" data-vp-filter=\"\">\n                        <div class=\"vp-portfolio__item-popup\"\n                style=\"display: none;\"\n                data-vp-popup-img=\"https:\/\/grupo.us.es\/encrucijada\/wp-content\/uploads\/2022\/06\/don\u0303ana6.jpg\"\n                data-vp-popup-img-srcset=\"\"\n                data-vp-popup-img-size=\"1900x1403\"\n                data-vp-popup-md-img=\"https:\/\/grupo.us.es\/encrucijada\/wp-content\/uploads\/2022\/06\/don\u0303ana6.jpg\"\n                data-vp-popup-md-img-size=\"1900x1403\"\n                data-vp-popup-sm-img=\"https:\/\/grupo.us.es\/encrucijada\/wp-content\/uploads\/2022\/06\/don\u0303ana6.jpg\"\n                data-vp-popup-sm-img-size=\"1900x1403\"\n            >\n                                    <h3 class=\"vp-portfolio__item-popup-title\">Descripci\u00f3n de los campos y tierras vald\u00edas del T\u00e9rmino de Almonte: con las costas y r\u00edos y pueblos inmediatos. Escala [ca. 1:244200]. 1778<\/h3>\n                                        <div class=\"vp-portfolio__item-popup-description\">Descripci\u00f3n de los campos y tierras vald\u00edas del T\u00e9rmino de Almonte: con las costas y r\u00edos y pueblos inmediatos. Escala [ca. 1:244200]. 1778. Fuente: Archivo General de la Fundaci\u00f3n Casa Medina Sidonia, S.N. 11. Enmarcado despacho Duquesa<\/div>\n                                <\/div>\n                                    <figure class=\"vp-portfolio__item\">\n                \n<div class=\"vp-portfolio__item-img-wrap\">\n    <div class=\"vp-portfolio__item-img\">\n        <a  href=\"https:\/\/grupo.us.es\/encrucijada\/wp-content\/uploads\/2022\/06\/don\u0303ana6.jpg\" >\n        <img loading=\"lazy\" decoding=\"async\" width=\"1900\" height=\"1403\" src=\"https:\/\/grupo.us.es\/encrucijada\/wp-content\/uploads\/2022\/06\/don\u0303ana6.jpg\" class=\"wp-image-1900\" alt=\"\" \/>\n        <div class=\"vp-portfolio__item-img-overlay\"><\/div>\n\n        <\/a>    <\/div>\n<\/div>\n\n<figcaption class=\"vp-portfolio__item-overlay vp-portfolio__item-align-center\">\n            <div class=\"vp-portfolio__item-meta-wrap vp-portfolio__custom-scrollbar\">\n            <div class=\"vp-portfolio__item-meta\">\n                \n<h2 class=\"vp-portfolio__item-meta-title\">\n    <a  href=\"https:\/\/grupo.us.es\/encrucijada\/wp-content\/uploads\/2022\/06\/don\u0303ana6.jpg\" >Descripci\u00f3n de los campos y tierras vald\u00edas del T\u00e9rmino de Almonte: con las costas y r\u00edos y pueblos inmediatos. Escala [ca. 1:244200]. 1778<\/a><\/h2>\n            <\/div>\n        <\/div>\n    <\/figcaption>\n            <\/figure>\n                    <\/div>\n        \n        <div class=\"vp-portfolio__item-wrap vp-portfolio__item-uid-b3c56c66\" data-vp-filter=\"\">\n                        <div class=\"vp-portfolio__item-popup\"\n                style=\"display: none;\"\n                data-vp-popup-img=\"https:\/\/grupo.us.es\/encrucijada\/wp-content\/uploads\/2022\/06\/don\u0303ana5.jpg\"\n                data-vp-popup-img-srcset=\"\"\n                data-vp-popup-img-size=\"896x661\"\n                data-vp-popup-md-img=\"https:\/\/grupo.us.es\/encrucijada\/wp-content\/uploads\/2022\/06\/don\u0303ana5.jpg\"\n                data-vp-popup-md-img-size=\"896x661\"\n                data-vp-popup-sm-img=\"https:\/\/grupo.us.es\/encrucijada\/wp-content\/uploads\/2022\/06\/don\u0303ana5.jpg\"\n                data-vp-popup-sm-img-size=\"896x661\"\n            >\n                                    <h3 class=\"vp-portfolio__item-popup-title\">Plano de los ca\u00f1os que se pretenden hacer en el coto de Do\u00f1ana (1769). Escala [ca. 1:245098]<\/h3>\n                                        <div class=\"vp-portfolio__item-popup-description\">Plano de los ca\u00f1os que se pretenden hacer en el coto de Do\u00f1ana (1769). Escala [ca. 1:245098]. Fuente: Archivo General de la Fundaci\u00f3n Casa Medina Sidonia, leg. 705, doc. 5. <\/div>\n                                <\/div>\n                                    <figure class=\"vp-portfolio__item\">\n                \n<div class=\"vp-portfolio__item-img-wrap\">\n    <div class=\"vp-portfolio__item-img\">\n        <a  href=\"https:\/\/grupo.us.es\/encrucijada\/wp-content\/uploads\/2022\/06\/don\u0303ana5.jpg\" >\n        <img loading=\"lazy\" decoding=\"async\" width=\"896\" height=\"661\" src=\"https:\/\/grupo.us.es\/encrucijada\/wp-content\/uploads\/2022\/06\/don\u0303ana5.jpg\" class=\"wp-image-1899\" alt=\"\" \/>\n        <div class=\"vp-portfolio__item-img-overlay\"><\/div>\n\n        <\/a>    <\/div>\n<\/div>\n\n<figcaption class=\"vp-portfolio__item-overlay vp-portfolio__item-align-center\">\n            <div class=\"vp-portfolio__item-meta-wrap vp-portfolio__custom-scrollbar\">\n            <div class=\"vp-portfolio__item-meta\">\n                \n<h2 class=\"vp-portfolio__item-meta-title\">\n    <a  href=\"https:\/\/grupo.us.es\/encrucijada\/wp-content\/uploads\/2022\/06\/don\u0303ana5.jpg\" >Plano de los ca\u00f1os que se pretenden hacer en el coto de Do\u00f1ana (1769). Escala [ca. 1:245098]<\/a><\/h2>\n            <\/div>\n        <\/div>\n    <\/figcaption>\n            <\/figure>\n                    <\/div>\n        \n        <div class=\"vp-portfolio__item-wrap vp-portfolio__item-uid-3feec494\" data-vp-filter=\"\">\n                        <div class=\"vp-portfolio__item-popup\"\n                style=\"display: none;\"\n                data-vp-popup-img=\"https:\/\/grupo.us.es\/encrucijada\/wp-content\/uploads\/2022\/06\/don\u0303ana4.jpg\"\n                data-vp-popup-img-srcset=\"\"\n                data-vp-popup-img-size=\"1590x1130\"\n                data-vp-popup-md-img=\"https:\/\/grupo.us.es\/encrucijada\/wp-content\/uploads\/2022\/06\/don\u0303ana4.jpg\"\n                data-vp-popup-md-img-size=\"1590x1130\"\n                data-vp-popup-sm-img=\"https:\/\/grupo.us.es\/encrucijada\/wp-content\/uploads\/2022\/06\/don\u0303ana4.jpg\"\n                data-vp-popup-sm-img-size=\"1590x1130\"\n            >\n                                    <h3 class=\"vp-portfolio__item-popup-title\">Mapa de un terreno en la aldea de El Roc\u00edo, en Almonte, para establecer una nueva poblaci\u00f3n (1768). Sin escala<\/h3>\n                                        <div class=\"vp-portfolio__item-popup-description\">Mapa de un terreno en la aldea de El Roc\u00edo, en Almonte, para establecer una nueva poblaci\u00f3n (1768). Sin escala. Fuente: Archivo General de la Fundaci\u00f3n Casa Medina Sidonia, leg. 705<\/div>\n                                <\/div>\n                                    <figure class=\"vp-portfolio__item\">\n                \n<div class=\"vp-portfolio__item-img-wrap\">\n    <div class=\"vp-portfolio__item-img\">\n        <a  href=\"https:\/\/grupo.us.es\/encrucijada\/wp-content\/uploads\/2022\/06\/don\u0303ana4.jpg\" >\n        <img loading=\"lazy\" decoding=\"async\" width=\"1590\" height=\"1130\" src=\"https:\/\/grupo.us.es\/encrucijada\/wp-content\/uploads\/2022\/06\/don\u0303ana4.jpg\" class=\"wp-image-1898\" alt=\"\" \/>\n        <div class=\"vp-portfolio__item-img-overlay\"><\/div>\n\n        <\/a>    <\/div>\n<\/div>\n\n<figcaption class=\"vp-portfolio__item-overlay vp-portfolio__item-align-center\">\n            <div class=\"vp-portfolio__item-meta-wrap vp-portfolio__custom-scrollbar\">\n            <div class=\"vp-portfolio__item-meta\">\n                \n<h2 class=\"vp-portfolio__item-meta-title\">\n    <a  href=\"https:\/\/grupo.us.es\/encrucijada\/wp-content\/uploads\/2022\/06\/don\u0303ana4.jpg\" >Mapa de un terreno en la aldea de El Roc\u00edo, en Almonte, para establecer una nueva poblaci\u00f3n (1768). Sin escala<\/a><\/h2>\n            <\/div>\n        <\/div>\n    <\/figcaption>\n            <\/figure>\n                    <\/div>\n        \n        <div class=\"vp-portfolio__item-wrap vp-portfolio__item-uid-e8f1a3d5\" data-vp-filter=\"\">\n                        <div class=\"vp-portfolio__item-popup\"\n                style=\"display: none;\"\n                data-vp-popup-img=\"https:\/\/grupo.us.es\/encrucijada\/wp-content\/uploads\/2022\/06\/don\u0303ana3.jpg\"\n                data-vp-popup-img-srcset=\"\"\n                data-vp-popup-img-size=\"2000x2983\"\n                data-vp-popup-md-img=\"https:\/\/grupo.us.es\/encrucijada\/wp-content\/uploads\/2022\/06\/don\u0303ana3.jpg\"\n                data-vp-popup-md-img-size=\"2000x2983\"\n                data-vp-popup-sm-img=\"https:\/\/grupo.us.es\/encrucijada\/wp-content\/uploads\/2022\/06\/don\u0303ana3.jpg\"\n                data-vp-popup-sm-img-size=\"2000x2983\"\n            >\n                                    <h3 class=\"vp-portfolio__item-popup-title\">Mapa del Coto de Do\u00f1ana, que antes se llam\u00f3 dehesa del Carrizal y la Figuera, se\u00f1alando las salinas (1760)<\/h3>\n                                        <div class=\"vp-portfolio__item-popup-description\">Mapa del Coto de Do\u00f1ana, que antes se llam\u00f3 dehesa del Carrizal y la Figuera, se\u00f1alando las salinas (1760). Fuente: Archivo General de la Fundaci\u00f3n Casa Medina Sidonia, leg. 4166.<\/div>\n                                <\/div>\n                                    <figure class=\"vp-portfolio__item\">\n                \n<div class=\"vp-portfolio__item-img-wrap\">\n    <div class=\"vp-portfolio__item-img\">\n        <a  href=\"https:\/\/grupo.us.es\/encrucijada\/wp-content\/uploads\/2022\/06\/don\u0303ana3.jpg\" >\n        <img loading=\"lazy\" decoding=\"async\" width=\"2000\" height=\"2983\" src=\"https:\/\/grupo.us.es\/encrucijada\/wp-content\/uploads\/2022\/06\/don\u0303ana3.jpg\" class=\"wp-image-1897\" alt=\"\" \/>\n        <div class=\"vp-portfolio__item-img-overlay\"><\/div>\n\n        <\/a>    <\/div>\n<\/div>\n\n<figcaption class=\"vp-portfolio__item-overlay vp-portfolio__item-align-center\">\n            <div class=\"vp-portfolio__item-meta-wrap vp-portfolio__custom-scrollbar\">\n            <div class=\"vp-portfolio__item-meta\">\n                \n<h2 class=\"vp-portfolio__item-meta-title\">\n    <a  href=\"https:\/\/grupo.us.es\/encrucijada\/wp-content\/uploads\/2022\/06\/don\u0303ana3.jpg\" >Mapa del Coto de Do\u00f1ana, que antes se llam\u00f3 dehesa del Carrizal y la Figuera, se\u00f1alando las salinas (1760)<\/a><\/h2>\n            <\/div>\n        <\/div>\n    <\/figcaption>\n            <\/figure>\n                    <\/div>\n        \n        <div class=\"vp-portfolio__item-wrap vp-portfolio__item-uid-a296baf3\" data-vp-filter=\"\">\n                        <div class=\"vp-portfolio__item-popup\"\n                style=\"display: none;\"\n                data-vp-popup-img=\"https:\/\/grupo.us.es\/encrucijada\/wp-content\/uploads\/2022\/06\/don\u0303ana2.jpg\"\n                data-vp-popup-img-srcset=\"\"\n                data-vp-popup-img-size=\"1631x1080\"\n                data-vp-popup-md-img=\"https:\/\/grupo.us.es\/encrucijada\/wp-content\/uploads\/2022\/06\/don\u0303ana2.jpg\"\n                data-vp-popup-md-img-size=\"1631x1080\"\n                data-vp-popup-sm-img=\"https:\/\/grupo.us.es\/encrucijada\/wp-content\/uploads\/2022\/06\/don\u0303ana2.jpg\"\n                data-vp-popup-sm-img-size=\"1631x1080\"\n            >\n                                    <h3 class=\"vp-portfolio__item-popup-title\">Descripci\u00f3n de la costa del Coto de D\u00aa Ana: y situaci\u00f3n de la almadrava que en ella hay al sitio de la Torre de los Carboneros\/Franco. Fernz. de Sandobal. Escala [ca. 1:163399]<\/h3>\n                                        <div class=\"vp-portfolio__item-popup-description\">Descripci\u00f3n de la costa del Coto de D\u00aa Ana: y situaci\u00f3n de la almadrava que en ella hay al sitio de la Torre de los Carboneros\/Franco. Fernz. de Sandobal. Escala [ca. 1:163399]. Fuente: Archivo General de la Fundaci\u00f3n Casa Medina Sidonia, leg. 1156. <\/div>\n                                <\/div>\n                                    <figure class=\"vp-portfolio__item\">\n                \n<div class=\"vp-portfolio__item-img-wrap\">\n    <div class=\"vp-portfolio__item-img\">\n        <a  href=\"https:\/\/grupo.us.es\/encrucijada\/wp-content\/uploads\/2022\/06\/don\u0303ana2.jpg\" >\n        <img loading=\"lazy\" decoding=\"async\" width=\"1631\" height=\"1080\" src=\"https:\/\/grupo.us.es\/encrucijada\/wp-content\/uploads\/2022\/06\/don\u0303ana2.jpg\" class=\"wp-image-1896\" alt=\"\" \/>\n        <div class=\"vp-portfolio__item-img-overlay\"><\/div>\n\n        <\/a>    <\/div>\n<\/div>\n\n<figcaption class=\"vp-portfolio__item-overlay vp-portfolio__item-align-center\">\n            <div class=\"vp-portfolio__item-meta-wrap vp-portfolio__custom-scrollbar\">\n            <div class=\"vp-portfolio__item-meta\">\n                \n<h2 class=\"vp-portfolio__item-meta-title\">\n    <a  href=\"https:\/\/grupo.us.es\/encrucijada\/wp-content\/uploads\/2022\/06\/don\u0303ana2.jpg\" >Descripci\u00f3n de la costa del Coto de D\u00aa Ana: y situaci\u00f3n de la almadrava que en ella hay al sitio de la Torre de los Carboneros\/Franco. Fernz. de Sandobal. Escala [ca. 1:163399]<\/a><\/h2>\n            <\/div>\n        <\/div>\n    <\/figcaption>\n            <\/figure>\n                    <\/div>\n        \n        <div class=\"vp-portfolio__item-wrap vp-portfolio__item-uid-89bf3759\" data-vp-filter=\"\">\n                        <div class=\"vp-portfolio__item-popup\"\n                style=\"display: none;\"\n                data-vp-popup-img=\"https:\/\/grupo.us.es\/encrucijada\/wp-content\/uploads\/2022\/06\/don\u0303ana1.jpg\"\n                data-vp-popup-img-srcset=\"\"\n                data-vp-popup-img-size=\"1124x1492\"\n                data-vp-popup-md-img=\"https:\/\/grupo.us.es\/encrucijada\/wp-content\/uploads\/2022\/06\/don\u0303ana1.jpg\"\n                data-vp-popup-md-img-size=\"1124x1492\"\n                data-vp-popup-sm-img=\"https:\/\/grupo.us.es\/encrucijada\/wp-content\/uploads\/2022\/06\/don\u0303ana1.jpg\"\n                data-vp-popup-sm-img-size=\"1124x1492\"\n            >\n                                    <h3 class=\"vp-portfolio__item-popup-title\">Demostraci\u00f3n y pa\u00f1o de pintura del coto de Do\u00f1ana, que antes se nombr\u00f3 la dehesa del Carrizal y la Figuera, t\u00e9rmino de la villa de Almonte, frente a la ciudad de Sanl\u00facar de Barrameda, propia del Exmo. Sor. Duque de Medina Sidonia (1700)<\/h3>\n                                        <div class=\"vp-portfolio__item-popup-description\">Demostraci\u00f3n y pa\u00f1o de pintura del coto de Do\u00f1ana, que antes se nombr\u00f3 la dehesa del Carrizal y la Figuera, t\u00e9rmino de la villa de Almonte, frente a la ciudad de Sanl\u00facar de Barrameda, propia del Exmo. Sor. Duque de Medina Sidonia (1700). Fuente: Archivo General de la Fundaci\u00f3n Casa Medina Sidonia (ES.11031.AGFCMS\/1.1\/\/Medina Sidonia. Expuesto)<\/div>\n                                <\/div>\n                                    <figure class=\"vp-portfolio__item\">\n                \n<div class=\"vp-portfolio__item-img-wrap\">\n    <div class=\"vp-portfolio__item-img\">\n        <a  href=\"https:\/\/grupo.us.es\/encrucijada\/wp-content\/uploads\/2022\/06\/don\u0303ana1.jpg\" >\n        <img loading=\"lazy\" decoding=\"async\" width=\"1124\" height=\"1492\" src=\"https:\/\/grupo.us.es\/encrucijada\/wp-content\/uploads\/2022\/06\/don\u0303ana1.jpg\" class=\"wp-image-1895\" alt=\"\" \/>\n        <div class=\"vp-portfolio__item-img-overlay\"><\/div>\n\n        <\/a>    <\/div>\n<\/div>\n\n<figcaption class=\"vp-portfolio__item-overlay vp-portfolio__item-align-center\">\n            <div class=\"vp-portfolio__item-meta-wrap vp-portfolio__custom-scrollbar\">\n            <div class=\"vp-portfolio__item-meta\">\n                \n<h2 class=\"vp-portfolio__item-meta-title\">\n    <a  href=\"https:\/\/grupo.us.es\/encrucijada\/wp-content\/uploads\/2022\/06\/don\u0303ana1.jpg\" >Demostraci\u00f3n y pa\u00f1o de pintura del coto de Do\u00f1ana, que antes se nombr\u00f3 la dehesa del Carrizal y la Figuera, t\u00e9rmino de la villa de Almonte, frente a la ciudad de Sanl\u00facar de Barrameda, propia del Exmo. Sor. Duque de Medina Sidonia (1700)<\/a><\/h2>\n            <\/div>\n        <\/div>\n    <\/figcaption>\n            <\/figure>\n                    <\/div>\n        \n        <div class=\"vp-portfolio__item-wrap vp-portfolio__item-uid-f664b773\" data-vp-filter=\"\">\n                        <div class=\"vp-portfolio__item-popup\"\n                style=\"display: none;\"\n                data-vp-popup-img=\"https:\/\/grupo.us.es\/encrucijada\/wp-content\/uploads\/2022\/06\/1.-Todas-las-collaciones-sobre-Plano-de-Olavide.jpg\"\n                data-vp-popup-img-srcset=\"\"\n                data-vp-popup-img-size=\"1527x1080\"\n                data-vp-popup-md-img=\"https:\/\/grupo.us.es\/encrucijada\/wp-content\/uploads\/2022\/06\/1.-Todas-las-collaciones-sobre-Plano-de-Olavide.jpg\"\n                data-vp-popup-md-img-size=\"1527x1080\"\n                data-vp-popup-sm-img=\"https:\/\/grupo.us.es\/encrucijada\/wp-content\/uploads\/2022\/06\/1.-Todas-las-collaciones-sobre-Plano-de-Olavide.jpg\"\n                data-vp-popup-sm-img-size=\"1527x1080\"\n            >\n                                    <h3 class=\"vp-portfolio__item-popup-title\">Collaciones de Sevilla en la Edad Moderna<\/h3>\n                                        <div class=\"vp-portfolio__item-popup-description\">Collaciones de Sevilla en la Edad Moderna. Fuente: Elaborado por Juan Manuel Castillo Rubio sobre Plano Topographico de la M.N.Y.M.L. Ciudad de Sevilla de Olavide, Coelho y Amat, 1771, Biblioteca Digital de la Real Academia de la Historia, Dominio p\u00fablico.<\/div>\n                                <\/div>\n                                    <figure class=\"vp-portfolio__item\">\n                \n<div class=\"vp-portfolio__item-img-wrap\">\n    <div class=\"vp-portfolio__item-img\">\n        <a  href=\"https:\/\/grupo.us.es\/encrucijada\/wp-content\/uploads\/2022\/06\/1.-Todas-las-collaciones-sobre-Plano-de-Olavide.jpg\" >\n        <img loading=\"lazy\" decoding=\"async\" width=\"1527\" height=\"1080\" src=\"https:\/\/grupo.us.es\/encrucijada\/wp-content\/uploads\/2022\/06\/1.-Todas-las-collaciones-sobre-Plano-de-Olavide.jpg\" class=\"wp-image-1813\" alt=\"\" \/>\n        <div class=\"vp-portfolio__item-img-overlay\"><\/div>\n\n        <\/a>    <\/div>\n<\/div>\n\n<figcaption class=\"vp-portfolio__item-overlay vp-portfolio__item-align-center\">\n            <div class=\"vp-portfolio__item-meta-wrap vp-portfolio__custom-scrollbar\">\n            <div class=\"vp-portfolio__item-meta\">\n                \n<h2 class=\"vp-portfolio__item-meta-title\">\n    <a  href=\"https:\/\/grupo.us.es\/encrucijada\/wp-content\/uploads\/2022\/06\/1.-Todas-las-collaciones-sobre-Plano-de-Olavide.jpg\" >Collaciones de Sevilla en la Edad Moderna<\/a><\/h2>\n            <\/div>\n        <\/div>\n    <\/figcaption>\n            <\/figure>\n                    <\/div>\n        \n        <div class=\"vp-portfolio__item-wrap vp-portfolio__item-uid-e443e4b9\" data-vp-filter=\"\">\n                        <div class=\"vp-portfolio__item-popup\"\n                style=\"display: none;\"\n                data-vp-popup-img=\"https:\/\/grupo.us.es\/encrucijada\/wp-content\/uploads\/2022\/04\/atlantico4.jpg\"\n                data-vp-popup-img-srcset=\"\"\n                data-vp-popup-img-size=\"4394x969\"\n                data-vp-popup-md-img=\"https:\/\/grupo.us.es\/encrucijada\/wp-content\/uploads\/2022\/04\/atlantico4.jpg\"\n                data-vp-popup-md-img-size=\"4394x969\"\n                data-vp-popup-sm-img=\"https:\/\/grupo.us.es\/encrucijada\/wp-content\/uploads\/2022\/04\/atlantico4.jpg\"\n                data-vp-popup-sm-img-size=\"4394x969\"\n            >\n                                    <h3 class=\"vp-portfolio__item-popup-title\">Vista de El Puerto de Santa Mar\u00eda, Ant\u00f3n van Wyngaerde, hacia 1567<\/h3>\n                                        <div class=\"vp-portfolio__item-popup-description\">Vista de El Puerto de Santa Mar\u00eda, Ant\u00f3n van Wyngaerde, hacia 1567. Fuente: Dominio p\u00fablico.  <\/div>\n                                <\/div>\n                                    <figure class=\"vp-portfolio__item\">\n                \n<div class=\"vp-portfolio__item-img-wrap\">\n    <div class=\"vp-portfolio__item-img\">\n        <a  href=\"https:\/\/grupo.us.es\/encrucijada\/wp-content\/uploads\/2022\/04\/atlantico4.jpg\" >\n        <img loading=\"lazy\" decoding=\"async\" width=\"4394\" height=\"969\" src=\"https:\/\/grupo.us.es\/encrucijada\/wp-content\/uploads\/2022\/04\/atlantico4.jpg\" class=\"wp-image-1014\" alt=\"\" \/>\n        <div class=\"vp-portfolio__item-img-overlay\"><\/div>\n\n        <\/a>    <\/div>\n<\/div>\n\n<figcaption class=\"vp-portfolio__item-overlay vp-portfolio__item-align-center\">\n            <div class=\"vp-portfolio__item-meta-wrap vp-portfolio__custom-scrollbar\">\n            <div class=\"vp-portfolio__item-meta\">\n                \n<h2 class=\"vp-portfolio__item-meta-title\">\n    <a  href=\"https:\/\/grupo.us.es\/encrucijada\/wp-content\/uploads\/2022\/04\/atlantico4.jpg\" >Vista de El Puerto de Santa Mar\u00eda, Ant\u00f3n van Wyngaerde, hacia 1567<\/a><\/h2>\n            <\/div>\n        <\/div>\n    <\/figcaption>\n            <\/figure>\n                    <\/div>\n        \n        <div class=\"vp-portfolio__item-wrap vp-portfolio__item-uid-474758aa\" data-vp-filter=\"\">\n                        <div class=\"vp-portfolio__item-popup\"\n                style=\"display: none;\"\n                data-vp-popup-img=\"https:\/\/grupo.us.es\/encrucijada\/wp-content\/uploads\/2022\/04\/atlantico3.jpeg\"\n                data-vp-popup-img-srcset=\"\"\n                data-vp-popup-img-size=\"2006x1284\"\n                data-vp-popup-md-img=\"https:\/\/grupo.us.es\/encrucijada\/wp-content\/uploads\/2022\/04\/atlantico3.jpeg\"\n                data-vp-popup-md-img-size=\"2006x1284\"\n                data-vp-popup-sm-img=\"https:\/\/grupo.us.es\/encrucijada\/wp-content\/uploads\/2022\/04\/atlantico3.jpeg\"\n                data-vp-popup-sm-img-size=\"2006x1284\"\n            >\n                                    <h3 class=\"vp-portfolio__item-popup-title\">C\u00e1diz a comienzos en 1513<\/h3>\n                                        <div class=\"vp-portfolio__item-popup-description\">C\u00e1diz a comienzos en 1513. Fuente: AGS, C\u00e1mara de Castilla, Pueblos, 00004, 361 (https:\/\/www.europeana.eu\/es\/item\/2022713\/oai_rebae_mcu_es_180503)<\/div>\n                                <\/div>\n                                    <figure class=\"vp-portfolio__item\">\n                \n<div class=\"vp-portfolio__item-img-wrap\">\n    <div class=\"vp-portfolio__item-img\">\n        <a  href=\"https:\/\/grupo.us.es\/encrucijada\/wp-content\/uploads\/2022\/04\/atlantico3.jpeg\" >\n        <img loading=\"lazy\" decoding=\"async\" width=\"2006\" height=\"1284\" src=\"https:\/\/grupo.us.es\/encrucijada\/wp-content\/uploads\/2022\/04\/atlantico3.jpeg\" class=\"wp-image-1013\" alt=\"\" \/>\n        <div class=\"vp-portfolio__item-img-overlay\"><\/div>\n\n        <\/a>    <\/div>\n<\/div>\n\n<figcaption class=\"vp-portfolio__item-overlay vp-portfolio__item-align-center\">\n            <div class=\"vp-portfolio__item-meta-wrap vp-portfolio__custom-scrollbar\">\n            <div class=\"vp-portfolio__item-meta\">\n                \n<h2 class=\"vp-portfolio__item-meta-title\">\n    <a  href=\"https:\/\/grupo.us.es\/encrucijada\/wp-content\/uploads\/2022\/04\/atlantico3.jpeg\" >C\u00e1diz a comienzos en 1513<\/a><\/h2>\n            <\/div>\n        <\/div>\n    <\/figcaption>\n            <\/figure>\n                    <\/div>\n        \n        <div class=\"vp-portfolio__item-wrap vp-portfolio__item-uid-77e012ec\" data-vp-filter=\"\">\n                        <div class=\"vp-portfolio__item-popup\"\n                style=\"display: none;\"\n                data-vp-popup-img=\"https:\/\/grupo.us.es\/encrucijada\/wp-content\/uploads\/2022\/04\/atantico2.jpg\"\n                data-vp-popup-img-srcset=\"\"\n                data-vp-popup-img-size=\"1408x348\"\n                data-vp-popup-md-img=\"https:\/\/grupo.us.es\/encrucijada\/wp-content\/uploads\/2022\/04\/atantico2.jpg\"\n                data-vp-popup-md-img-size=\"1408x348\"\n                data-vp-popup-sm-img=\"https:\/\/grupo.us.es\/encrucijada\/wp-content\/uploads\/2022\/04\/atantico2.jpg\"\n                data-vp-popup-sm-img-size=\"1408x348\"\n            >\n                                    <h3 class=\"vp-portfolio__item-popup-title\">Vista de Sanl\u00facar, dibujo de Ant\u00f3n van Wyngaerde, 1567<\/h3>\n                                        <div class=\"vp-portfolio__item-popup-description\">Vista de Sanl\u00facar, dibujo de Ant\u00f3n van Wyngaerde, 1567. Fuente: Dominio p\u00fablico (https:\/\/commons.wikimedia.org\/wiki\/File:Sanlucar_barrameda_vista_panoramica_1567_Wijngaerde.jpg)<\/div>\n                                <\/div>\n                                    <figure class=\"vp-portfolio__item\">\n                \n<div class=\"vp-portfolio__item-img-wrap\">\n    <div class=\"vp-portfolio__item-img\">\n        <a  href=\"https:\/\/grupo.us.es\/encrucijada\/wp-content\/uploads\/2022\/04\/atantico2.jpg\" >\n        <img loading=\"lazy\" decoding=\"async\" width=\"1408\" height=\"348\" src=\"https:\/\/grupo.us.es\/encrucijada\/wp-content\/uploads\/2022\/04\/atantico2.jpg\" class=\"wp-image-1012\" alt=\"\" \/>\n        <div class=\"vp-portfolio__item-img-overlay\"><\/div>\n\n        <\/a>    <\/div>\n<\/div>\n\n<figcaption class=\"vp-portfolio__item-overlay vp-portfolio__item-align-center\">\n            <div class=\"vp-portfolio__item-meta-wrap vp-portfolio__custom-scrollbar\">\n            <div class=\"vp-portfolio__item-meta\">\n                \n<h2 class=\"vp-portfolio__item-meta-title\">\n    <a  href=\"https:\/\/grupo.us.es\/encrucijada\/wp-content\/uploads\/2022\/04\/atantico2.jpg\" >Vista de Sanl\u00facar, dibujo de Ant\u00f3n van Wyngaerde, 1567<\/a><\/h2>\n            <\/div>\n        <\/div>\n    <\/figcaption>\n            <\/figure>\n                    <\/div>\n        \n        <div class=\"vp-portfolio__item-wrap vp-portfolio__item-uid-0fd05f57\" data-vp-filter=\"\">\n                        <div class=\"vp-portfolio__item-popup\"\n                style=\"display: none;\"\n                data-vp-popup-img=\"https:\/\/grupo.us.es\/encrucijada\/wp-content\/uploads\/2022\/05\/armadas1.jpg\"\n                data-vp-popup-img-srcset=\"\"\n                data-vp-popup-img-size=\"1291x634\"\n                data-vp-popup-md-img=\"https:\/\/grupo.us.es\/encrucijada\/wp-content\/uploads\/2022\/05\/armadas1.jpg\"\n                data-vp-popup-md-img-size=\"1291x634\"\n                data-vp-popup-sm-img=\"https:\/\/grupo.us.es\/encrucijada\/wp-content\/uploads\/2022\/05\/armadas1.jpg\"\n                data-vp-popup-sm-img-size=\"1291x634\"\n            >\n                                    <h3 class=\"vp-portfolio__item-popup-title\">S\u00e1nchez Coello, Alonso (atribuido), Vista de la ciudad de Sevilla<\/h3>\n                                        <div class=\"vp-portfolio__item-popup-description\">S\u00e1nchez Coello, Alonso (atribuido), Vista de la ciudad de Sevilla. Fuente: Museo del Prado (https:\/\/www.museodelprado.es\/coleccion\/obra-de-arte\/vista-de-la-ciudad-de-sevilla\/df3adb65-3fbd-4438-8c06-d75e8685f117)<\/div>\n                                <\/div>\n                                    <figure class=\"vp-portfolio__item\">\n                \n<div class=\"vp-portfolio__item-img-wrap\">\n    <div class=\"vp-portfolio__item-img\">\n        <a  href=\"https:\/\/grupo.us.es\/encrucijada\/wp-content\/uploads\/2022\/05\/armadas1.jpg\" >\n        <img loading=\"lazy\" decoding=\"async\" width=\"1291\" height=\"634\" src=\"https:\/\/grupo.us.es\/encrucijada\/wp-content\/uploads\/2022\/05\/armadas1.jpg\" class=\"wp-image-965\" alt=\"\" \/>\n        <div class=\"vp-portfolio__item-img-overlay\"><\/div>\n\n        <\/a>    <\/div>\n<\/div>\n\n<figcaption class=\"vp-portfolio__item-overlay vp-portfolio__item-align-center\">\n            <div class=\"vp-portfolio__item-meta-wrap vp-portfolio__custom-scrollbar\">\n            <div class=\"vp-portfolio__item-meta\">\n                \n<h2 class=\"vp-portfolio__item-meta-title\">\n    <a  href=\"https:\/\/grupo.us.es\/encrucijada\/wp-content\/uploads\/2022\/05\/armadas1.jpg\" >S\u00e1nchez Coello, Alonso (atribuido), Vista de la ciudad de Sevilla<\/a><\/h2>\n            <\/div>\n        <\/div>\n    <\/figcaption>\n            <\/figure>\n                    <\/div>\n        \n        <div class=\"vp-portfolio__item-wrap vp-portfolio__item-uid-b09c7806\" data-vp-filter=\"\">\n                        <div class=\"vp-portfolio__item-popup\"\n                style=\"display: none;\"\n                data-vp-popup-img=\"https:\/\/grupo.us.es\/encrucijada\/wp-content\/uploads\/2022\/05\/ulloa1.jpg\"\n                data-vp-popup-img-srcset=\"\"\n                data-vp-popup-img-size=\"2433x2456\"\n                data-vp-popup-md-img=\"https:\/\/grupo.us.es\/encrucijada\/wp-content\/uploads\/2022\/05\/ulloa1.jpg\"\n                data-vp-popup-md-img-size=\"2433x2456\"\n                data-vp-popup-sm-img=\"https:\/\/grupo.us.es\/encrucijada\/wp-content\/uploads\/2022\/05\/ulloa1.jpg\"\n                data-vp-popup-sm-img-size=\"2433x2456\"\n            >\n                                    <h3 class=\"vp-portfolio__item-popup-title\">Luisiana (Estados Unidos)<\/h3>\n                                        <div class=\"vp-portfolio__item-popup-description\">Luisiana (Estados Unidos). Fuente: BNE, MR\/2\/106 (http:\/\/bdh.bne.es\/bnesearch\/detalle\/bdh0000036037)<\/div>\n                                <\/div>\n                                    <figure class=\"vp-portfolio__item\">\n                \n<div class=\"vp-portfolio__item-img-wrap\">\n    <div class=\"vp-portfolio__item-img\">\n        <a  href=\"https:\/\/grupo.us.es\/encrucijada\/wp-content\/uploads\/2022\/05\/ulloa1.jpg\" >\n        <img loading=\"lazy\" decoding=\"async\" width=\"2433\" height=\"2456\" src=\"https:\/\/grupo.us.es\/encrucijada\/wp-content\/uploads\/2022\/05\/ulloa1.jpg\" class=\"wp-image-959\" alt=\"\" \/>\n        <div class=\"vp-portfolio__item-img-overlay\"><\/div>\n\n        <\/a>    <\/div>\n<\/div>\n\n<figcaption class=\"vp-portfolio__item-overlay vp-portfolio__item-align-center\">\n            <div class=\"vp-portfolio__item-meta-wrap vp-portfolio__custom-scrollbar\">\n            <div class=\"vp-portfolio__item-meta\">\n                \n<h2 class=\"vp-portfolio__item-meta-title\">\n    <a  href=\"https:\/\/grupo.us.es\/encrucijada\/wp-content\/uploads\/2022\/05\/ulloa1.jpg\" >Luisiana (Estados Unidos)<\/a><\/h2>\n            <\/div>\n        <\/div>\n    <\/figcaption>\n            <\/figure>\n                    <\/div>\n        \n        <div class=\"vp-portfolio__item-wrap vp-portfolio__item-uid-7557eb26\" data-vp-filter=\"\">\n                        <div class=\"vp-portfolio__item-popup\"\n                style=\"display: none;\"\n                data-vp-popup-img=\"https:\/\/grupo.us.es\/encrucijada\/wp-content\/uploads\/2022\/05\/gaspar1-1.jpg\"\n                data-vp-popup-img-srcset=\"\"\n                data-vp-popup-img-size=\"1777x1294\"\n                data-vp-popup-md-img=\"https:\/\/grupo.us.es\/encrucijada\/wp-content\/uploads\/2022\/05\/gaspar1-1.jpg\"\n                data-vp-popup-md-img-size=\"1777x1294\"\n                data-vp-popup-sm-img=\"https:\/\/grupo.us.es\/encrucijada\/wp-content\/uploads\/2022\/05\/gaspar1-1.jpg\"\n                data-vp-popup-sm-img-size=\"1777x1294\"\n            >\n                                    <h3 class=\"vp-portfolio__item-popup-title\">Geographia o description nueva del obispado de Jaen. 1587<\/h3>\n                                        <div class=\"vp-portfolio__item-popup-description\">Geographia o description nueva del obispado de Jaen. 1587. Manuscrito sobre papel. 41,5 x 58 cm. Escala [ca. 1:350.000]. 25 Leguas [= 40 cm]. Gaspar Salcedo de Aguirre. Fuente: BNE, MR\/42\/639 (http:\/\/bdh-rd.bne.es\/viewer.vm?id=0000017792)<\/div>\n                                <\/div>\n                                    <figure class=\"vp-portfolio__item\">\n                \n<div class=\"vp-portfolio__item-img-wrap\">\n    <div class=\"vp-portfolio__item-img\">\n        <a  href=\"https:\/\/grupo.us.es\/encrucijada\/wp-content\/uploads\/2022\/05\/gaspar1-1.jpg\" >\n        <img loading=\"lazy\" decoding=\"async\" width=\"1777\" height=\"1294\" src=\"https:\/\/grupo.us.es\/encrucijada\/wp-content\/uploads\/2022\/05\/gaspar1-1.jpg\" class=\"wp-image-909\" alt=\"\" \/>\n        <div class=\"vp-portfolio__item-img-overlay\"><\/div>\n\n        <\/a>    <\/div>\n<\/div>\n\n<figcaption class=\"vp-portfolio__item-overlay vp-portfolio__item-align-center\">\n            <div class=\"vp-portfolio__item-meta-wrap vp-portfolio__custom-scrollbar\">\n            <div class=\"vp-portfolio__item-meta\">\n                \n<h2 class=\"vp-portfolio__item-meta-title\">\n    <a  href=\"https:\/\/grupo.us.es\/encrucijada\/wp-content\/uploads\/2022\/05\/gaspar1-1.jpg\" >Geographia o description nueva del obispado de Jaen. 1587<\/a><\/h2>\n            <\/div>\n        <\/div>\n    <\/figcaption>\n            <\/figure>\n                    <\/div>\n        \n        <div class=\"vp-portfolio__item-wrap vp-portfolio__item-uid-f75d5959\" data-vp-filter=\"\">\n                        <div class=\"vp-portfolio__item-popup\"\n                style=\"display: none;\"\n                data-vp-popup-img=\"https:\/\/grupo.us.es\/encrucijada\/wp-content\/uploads\/2022\/05\/sevillaurbana3.jpg\"\n                data-vp-popup-img-srcset=\"\"\n                data-vp-popup-img-size=\"1390x968\"\n                data-vp-popup-md-img=\"https:\/\/grupo.us.es\/encrucijada\/wp-content\/uploads\/2022\/05\/sevillaurbana3.jpg\"\n                data-vp-popup-md-img-size=\"1390x968\"\n                data-vp-popup-sm-img=\"https:\/\/grupo.us.es\/encrucijada\/wp-content\/uploads\/2022\/05\/sevillaurbana3.jpg\"\n                data-vp-popup-sm-img-size=\"1390x968\"\n            >\n                                    <h3 class=\"vp-portfolio__item-popup-title\">Plano de Olavide de la ciudad de Sevilla, 1771<\/h3>\n                                        <div class=\"vp-portfolio__item-popup-description\">Plano de Olavide de la ciudad de Sevilla, 1771. Fuente: Biblioteca Nacional de Espa\u00f1a (http:\/\/bdh.bne.es\/bnesearch\/detalle\/bdh0000033694)<\/div>\n                                <\/div>\n                                    <figure class=\"vp-portfolio__item\">\n                \n<div class=\"vp-portfolio__item-img-wrap\">\n    <div class=\"vp-portfolio__item-img\">\n        <a  href=\"https:\/\/grupo.us.es\/encrucijada\/wp-content\/uploads\/2022\/05\/sevillaurbana3.jpg\" >\n        <img loading=\"lazy\" decoding=\"async\" width=\"1390\" height=\"968\" src=\"https:\/\/grupo.us.es\/encrucijada\/wp-content\/uploads\/2022\/05\/sevillaurbana3.jpg\" class=\"wp-image-906\" alt=\"\" \/>\n        <div class=\"vp-portfolio__item-img-overlay\"><\/div>\n\n        <\/a>    <\/div>\n<\/div>\n\n<figcaption class=\"vp-portfolio__item-overlay vp-portfolio__item-align-center\">\n            <div class=\"vp-portfolio__item-meta-wrap vp-portfolio__custom-scrollbar\">\n            <div class=\"vp-portfolio__item-meta\">\n                \n<h2 class=\"vp-portfolio__item-meta-title\">\n    <a  href=\"https:\/\/grupo.us.es\/encrucijada\/wp-content\/uploads\/2022\/05\/sevillaurbana3.jpg\" >Plano de Olavide de la ciudad de Sevilla, 1771<\/a><\/h2>\n            <\/div>\n        <\/div>\n    <\/figcaption>\n            <\/figure>\n                    <\/div>\n        \n        <div class=\"vp-portfolio__item-wrap vp-portfolio__item-uid-d6e86f86\" data-vp-filter=\"\">\n                        <div class=\"vp-portfolio__item-popup\"\n                style=\"display: none;\"\n                data-vp-popup-img=\"https:\/\/grupo.us.es\/encrucijada\/wp-content\/uploads\/2022\/05\/sevillaurbana2.jpg\"\n                data-vp-popup-img-srcset=\"\"\n                data-vp-popup-img-size=\"995x666\"\n                data-vp-popup-md-img=\"https:\/\/grupo.us.es\/encrucijada\/wp-content\/uploads\/2022\/05\/sevillaurbana2.jpg\"\n                data-vp-popup-md-img-size=\"995x666\"\n                data-vp-popup-sm-img=\"https:\/\/grupo.us.es\/encrucijada\/wp-content\/uploads\/2022\/05\/sevillaurbana2.jpg\"\n                data-vp-popup-sm-img-size=\"995x666\"\n            >\n                                    <h3 class=\"vp-portfolio__item-popup-title\">Vista de Sevilla, grabado del siglo XVIII<\/h3>\n                                        <div class=\"vp-portfolio__item-popup-description\">Vista de Sevilla, grabado del siglo XVIII. Fuente: Dominio p\u00fablico<\/div>\n                                <\/div>\n                                    <figure class=\"vp-portfolio__item\">\n                \n<div class=\"vp-portfolio__item-img-wrap\">\n    <div class=\"vp-portfolio__item-img\">\n        <a  href=\"https:\/\/grupo.us.es\/encrucijada\/wp-content\/uploads\/2022\/05\/sevillaurbana2.jpg\" >\n        <img loading=\"lazy\" decoding=\"async\" width=\"995\" height=\"666\" src=\"https:\/\/grupo.us.es\/encrucijada\/wp-content\/uploads\/2022\/05\/sevillaurbana2.jpg\" class=\"wp-image-905\" alt=\"\" \/>\n        <div class=\"vp-portfolio__item-img-overlay\"><\/div>\n\n        <\/a>    <\/div>\n<\/div>\n\n<figcaption class=\"vp-portfolio__item-overlay vp-portfolio__item-align-center\">\n            <div class=\"vp-portfolio__item-meta-wrap vp-portfolio__custom-scrollbar\">\n            <div class=\"vp-portfolio__item-meta\">\n                \n<h2 class=\"vp-portfolio__item-meta-title\">\n    <a  href=\"https:\/\/grupo.us.es\/encrucijada\/wp-content\/uploads\/2022\/05\/sevillaurbana2.jpg\" >Vista de Sevilla, grabado del siglo XVIII<\/a><\/h2>\n            <\/div>\n        <\/div>\n    <\/figcaption>\n            <\/figure>\n                    <\/div>\n        \n        <div class=\"vp-portfolio__item-wrap vp-portfolio__item-uid-e187392a\" data-vp-filter=\"\">\n                        <div class=\"vp-portfolio__item-popup\"\n                style=\"display: none;\"\n                data-vp-popup-img=\"https:\/\/grupo.us.es\/encrucijada\/wp-content\/uploads\/2022\/05\/sevillaurbana1.jpg\"\n                data-vp-popup-img-srcset=\"\"\n                data-vp-popup-img-size=\"1362x1019\"\n                data-vp-popup-md-img=\"https:\/\/grupo.us.es\/encrucijada\/wp-content\/uploads\/2022\/05\/sevillaurbana1.jpg\"\n                data-vp-popup-md-img-size=\"1362x1019\"\n                data-vp-popup-sm-img=\"https:\/\/grupo.us.es\/encrucijada\/wp-content\/uploads\/2022\/05\/sevillaurbana1.jpg\"\n                data-vp-popup-sm-img-size=\"1362x1019\"\n            >\n                                    <h3 class=\"vp-portfolio__item-popup-title\">Vista de Sevilla, grabado del siglo XVI<\/h3>\n                                        <div class=\"vp-portfolio__item-popup-description\">Vista de Sevilla, grabado del siglo XVI. Fuente: Dominio p\u00fablico.<\/div>\n                                <\/div>\n                                    <figure class=\"vp-portfolio__item\">\n                \n<div class=\"vp-portfolio__item-img-wrap\">\n    <div class=\"vp-portfolio__item-img\">\n        <a  href=\"https:\/\/grupo.us.es\/encrucijada\/wp-content\/uploads\/2022\/05\/sevillaurbana1.jpg\" >\n        <img loading=\"lazy\" decoding=\"async\" width=\"1362\" height=\"1019\" src=\"https:\/\/grupo.us.es\/encrucijada\/wp-content\/uploads\/2022\/05\/sevillaurbana1.jpg\" class=\"wp-image-904\" alt=\"\" \/>\n        <div class=\"vp-portfolio__item-img-overlay\"><\/div>\n\n        <\/a>    <\/div>\n<\/div>\n\n<figcaption class=\"vp-portfolio__item-overlay vp-portfolio__item-align-center\">\n            <div class=\"vp-portfolio__item-meta-wrap vp-portfolio__custom-scrollbar\">\n            <div class=\"vp-portfolio__item-meta\">\n                \n<h2 class=\"vp-portfolio__item-meta-title\">\n    <a  href=\"https:\/\/grupo.us.es\/encrucijada\/wp-content\/uploads\/2022\/05\/sevillaurbana1.jpg\" >Vista de Sevilla, grabado del siglo XVI<\/a><\/h2>\n            <\/div>\n        <\/div>\n    <\/figcaption>\n            <\/figure>\n                    <\/div>\n        \n        <div class=\"vp-portfolio__item-wrap vp-portfolio__item-uid-c75fcbec\" data-vp-filter=\"\">\n                        <div class=\"vp-portfolio__item-popup\"\n                style=\"display: none;\"\n                data-vp-popup-img=\"https:\/\/grupo.us.es\/encrucijada\/wp-content\/uploads\/2022\/05\/giovani5.jpg\"\n                data-vp-popup-img-srcset=\"\"\n                data-vp-popup-img-size=\"1000x673\"\n                data-vp-popup-md-img=\"https:\/\/grupo.us.es\/encrucijada\/wp-content\/uploads\/2022\/05\/giovani5.jpg\"\n                data-vp-popup-md-img-size=\"1000x673\"\n                data-vp-popup-sm-img=\"https:\/\/grupo.us.es\/encrucijada\/wp-content\/uploads\/2022\/05\/giovani5.jpg\"\n                data-vp-popup-sm-img-size=\"1000x673\"\n            >\n                                    <h3 class=\"vp-portfolio__item-popup-title\">Provincia Andaluciae (1712)<\/h3>\n                                        <div class=\"vp-portfolio__item-popup-description\">Provincia Andaluciae (1712). En el Atlas \u201cChorographica descriptio provinciarum et conventuum F.F. Minorum S. Francisci Capucinorum\u201d. Giovanni Battista da Cassino, Simone Durelli. Fuente: Institut Cartogr\u00e0fic i Geol\u00f2gic de Catalunya (https:\/\/cartotecadigital.icgc.cat\/digital\/collection\/espanya\/id\/1089\/rec\/1)<\/div>\n                                <\/div>\n                                    <figure class=\"vp-portfolio__item\">\n                \n<div class=\"vp-portfolio__item-img-wrap\">\n    <div class=\"vp-portfolio__item-img\">\n        <a  href=\"https:\/\/grupo.us.es\/encrucijada\/wp-content\/uploads\/2022\/05\/giovani5.jpg\" >\n        <img loading=\"lazy\" decoding=\"async\" width=\"1000\" height=\"673\" src=\"https:\/\/grupo.us.es\/encrucijada\/wp-content\/uploads\/2022\/05\/giovani5.jpg\" class=\"wp-image-903\" alt=\"\" \/>\n        <div class=\"vp-portfolio__item-img-overlay\"><\/div>\n\n        <\/a>    <\/div>\n<\/div>\n\n<figcaption class=\"vp-portfolio__item-overlay vp-portfolio__item-align-center\">\n            <div class=\"vp-portfolio__item-meta-wrap vp-portfolio__custom-scrollbar\">\n            <div class=\"vp-portfolio__item-meta\">\n                \n<h2 class=\"vp-portfolio__item-meta-title\">\n    <a  href=\"https:\/\/grupo.us.es\/encrucijada\/wp-content\/uploads\/2022\/05\/giovani5.jpg\" >Provincia Andaluciae (1712)<\/a><\/h2>\n            <\/div>\n        <\/div>\n    <\/figcaption>\n            <\/figure>\n                    <\/div>\n        \n        <div class=\"vp-portfolio__item-wrap vp-portfolio__item-uid-e83beb2c\" data-vp-filter=\"\">\n                        <div class=\"vp-portfolio__item-popup\"\n                style=\"display: none;\"\n                data-vp-popup-img=\"https:\/\/grupo.us.es\/encrucijada\/wp-content\/uploads\/2022\/05\/giovani4.jpg\"\n                data-vp-popup-img-srcset=\"\"\n                data-vp-popup-img-size=\"4020x1382\"\n                data-vp-popup-md-img=\"https:\/\/grupo.us.es\/encrucijada\/wp-content\/uploads\/2022\/05\/giovani4.jpg\"\n                data-vp-popup-md-img-size=\"4020x1382\"\n                data-vp-popup-sm-img=\"https:\/\/grupo.us.es\/encrucijada\/wp-content\/uploads\/2022\/05\/giovani4.jpg\"\n                data-vp-popup-sm-img-size=\"4020x1382\"\n            >\n                                    <h3 class=\"vp-portfolio__item-popup-title\">Cartelas previas a los mapas de Andaluc\u00eda donde se recogen diversos datos estad\u00edsticos de la Orden de los Hermanos Menores Capuchinos<\/h3>\n                                        <div class=\"vp-portfolio__item-popup-description\">Cartelas previas a los mapas de Andaluc\u00eda donde se recogen diversos datos estad\u00edsticos de la Orden de los Hermanos Menores Capuchinos. A la izquierda la Tabla de 1649, a la derecha la de 1712. Fuente: Biblioteca Nacional de Portugal (https:\/\/purl.pt\/27045) y Franciscan Institute Library, St. Bonaventure University (http:\/\/web.sbu.edu\/friedsam\/scan\/Whole_Books\/post_200401\/e10232_post\/index.htm)<\/div>\n                                <\/div>\n                                    <figure class=\"vp-portfolio__item\">\n                \n<div class=\"vp-portfolio__item-img-wrap\">\n    <div class=\"vp-portfolio__item-img\">\n        <a  href=\"https:\/\/grupo.us.es\/encrucijada\/wp-content\/uploads\/2022\/05\/giovani4.jpg\" >\n        <img loading=\"lazy\" decoding=\"async\" width=\"4020\" height=\"1382\" src=\"https:\/\/grupo.us.es\/encrucijada\/wp-content\/uploads\/2022\/05\/giovani4.jpg\" class=\"wp-image-902\" alt=\"\" \/>\n        <div class=\"vp-portfolio__item-img-overlay\"><\/div>\n\n        <\/a>    <\/div>\n<\/div>\n\n<figcaption class=\"vp-portfolio__item-overlay vp-portfolio__item-align-center\">\n            <div class=\"vp-portfolio__item-meta-wrap vp-portfolio__custom-scrollbar\">\n            <div class=\"vp-portfolio__item-meta\">\n                \n<h2 class=\"vp-portfolio__item-meta-title\">\n    <a  href=\"https:\/\/grupo.us.es\/encrucijada\/wp-content\/uploads\/2022\/05\/giovani4.jpg\" >Cartelas previas a los mapas de Andaluc\u00eda donde se recogen diversos datos estad\u00edsticos de la Orden de los Hermanos Menores Capuchinos<\/a><\/h2>\n            <\/div>\n        <\/div>\n    <\/figcaption>\n            <\/figure>\n                    <\/div>\n        \n        <div class=\"vp-portfolio__item-wrap vp-portfolio__item-uid-c98eddf3\" data-vp-filter=\"\">\n                        <div class=\"vp-portfolio__item-popup\"\n                style=\"display: none;\"\n                data-vp-popup-img=\"https:\/\/grupo.us.es\/encrucijada\/wp-content\/uploads\/2022\/05\/giovani3.jpg\"\n                data-vp-popup-img-srcset=\"\"\n                data-vp-popup-img-size=\"3469x2462\"\n                data-vp-popup-md-img=\"https:\/\/grupo.us.es\/encrucijada\/wp-content\/uploads\/2022\/05\/giovani3.jpg\"\n                data-vp-popup-md-img-size=\"3469x2462\"\n                data-vp-popup-sm-img=\"https:\/\/grupo.us.es\/encrucijada\/wp-content\/uploads\/2022\/05\/giovani3.jpg\"\n                data-vp-popup-sm-img-size=\"3469x2462\"\n            >\n                                    <h3 class=\"vp-portfolio__item-popup-title\">\u201cProvincia d&#039;Andalusia uel Baetica cum confinys\u201d (Provincia de Andaluc\u00eda o B\u00e9tica con las fronteras) (1649)<\/h3>\n                                        <div class=\"vp-portfolio__item-popup-description\">\u201cProvincia d&#8217;Andalusia uel Baetica cum confinys\u201d (Provincia de Andaluc\u00eda o B\u00e9tica con las fronteras) (1649). Mapa del \u201cAtlante cappuccino\u201d. Obra encargada a Silvestro da Panicale. Fuente: Institut Cartogr\u00e0fic i Geol\u00f2gic de Catalunya (https:\/\/cartotecadigital.icgc.cat\/digital\/collection\/espanya\/id\/1865\/rec\/1)<\/div>\n                                <\/div>\n                                    <figure class=\"vp-portfolio__item\">\n                \n<div class=\"vp-portfolio__item-img-wrap\">\n    <div class=\"vp-portfolio__item-img\">\n        <a  href=\"https:\/\/grupo.us.es\/encrucijada\/wp-content\/uploads\/2022\/05\/giovani3.jpg\" >\n        <img loading=\"lazy\" decoding=\"async\" width=\"3469\" height=\"2462\" src=\"https:\/\/grupo.us.es\/encrucijada\/wp-content\/uploads\/2022\/05\/giovani3.jpg\" class=\"wp-image-901\" alt=\"\" \/>\n        <div class=\"vp-portfolio__item-img-overlay\"><\/div>\n\n        <\/a>    <\/div>\n<\/div>\n\n<figcaption class=\"vp-portfolio__item-overlay vp-portfolio__item-align-center\">\n            <div class=\"vp-portfolio__item-meta-wrap vp-portfolio__custom-scrollbar\">\n            <div class=\"vp-portfolio__item-meta\">\n                \n<h2 class=\"vp-portfolio__item-meta-title\">\n    <a  href=\"https:\/\/grupo.us.es\/encrucijada\/wp-content\/uploads\/2022\/05\/giovani3.jpg\" >\u201cProvincia d&#8217;Andalusia uel Baetica cum confinys\u201d (Provincia de Andaluc\u00eda o B\u00e9tica con las fronteras) (1649)<\/a><\/h2>\n            <\/div>\n        <\/div>\n    <\/figcaption>\n            <\/figure>\n                    <\/div>\n        \n        <div class=\"vp-portfolio__item-wrap vp-portfolio__item-uid-ac3c428b\" data-vp-filter=\"\">\n                        <div class=\"vp-portfolio__item-popup\"\n                style=\"display: none;\"\n                data-vp-popup-img=\"https:\/\/grupo.us.es\/encrucijada\/wp-content\/uploads\/2022\/05\/giovani2.jpg\"\n                data-vp-popup-img-srcset=\"\"\n                data-vp-popup-img-size=\"3475x2383\"\n                data-vp-popup-md-img=\"https:\/\/grupo.us.es\/encrucijada\/wp-content\/uploads\/2022\/05\/giovani2.jpg\"\n                data-vp-popup-md-img-size=\"3475x2383\"\n                data-vp-popup-sm-img=\"https:\/\/grupo.us.es\/encrucijada\/wp-content\/uploads\/2022\/05\/giovani2.jpg\"\n                data-vp-popup-sm-img-size=\"3475x2383\"\n            >\n                                    <h3 class=\"vp-portfolio__item-popup-title\">\u201cTavola di tutta la Spagna\u201d. Mapa del \u201cAtlante cappuccino\u201d (1640)<\/h3>\n                                        <div class=\"vp-portfolio__item-popup-description\">\u201cTavola di tutta la Spagna\u201d. Mapa del \u201cAtlante cappuccino\u201d (1640). Obra encargada a Silvestro da Panicale. Fuente: Institut Cartogr\u00e0fic i Geol\u00f2gic de Catalunya (https:\/\/cartotecadigital.icgc.cat\/digital\/collection\/espanya\/id\/1865\/rec\/1)<\/div>\n                                <\/div>\n                                    <figure class=\"vp-portfolio__item\">\n                \n<div class=\"vp-portfolio__item-img-wrap\">\n    <div class=\"vp-portfolio__item-img\">\n        <a  href=\"https:\/\/grupo.us.es\/encrucijada\/wp-content\/uploads\/2022\/05\/giovani2.jpg\" >\n        <img loading=\"lazy\" decoding=\"async\" width=\"3475\" height=\"2383\" src=\"https:\/\/grupo.us.es\/encrucijada\/wp-content\/uploads\/2022\/05\/giovani2.jpg\" class=\"wp-image-900\" alt=\"\" \/>\n        <div class=\"vp-portfolio__item-img-overlay\"><\/div>\n\n        <\/a>    <\/div>\n<\/div>\n\n<figcaption class=\"vp-portfolio__item-overlay vp-portfolio__item-align-center\">\n            <div class=\"vp-portfolio__item-meta-wrap vp-portfolio__custom-scrollbar\">\n            <div class=\"vp-portfolio__item-meta\">\n                \n<h2 class=\"vp-portfolio__item-meta-title\">\n    <a  href=\"https:\/\/grupo.us.es\/encrucijada\/wp-content\/uploads\/2022\/05\/giovani2.jpg\" >\u201cTavola di tutta la Spagna\u201d. Mapa del \u201cAtlante cappuccino\u201d (1640)<\/a><\/h2>\n            <\/div>\n        <\/div>\n    <\/figcaption>\n            <\/figure>\n                    <\/div>\n        \n        <div class=\"vp-portfolio__item-wrap vp-portfolio__item-uid-bd5c4c34\" data-vp-filter=\"\">\n                        <div class=\"vp-portfolio__item-popup\"\n                style=\"display: none;\"\n                data-vp-popup-img=\"https:\/\/grupo.us.es\/encrucijada\/wp-content\/uploads\/2022\/05\/giovani1.jpg\"\n                data-vp-popup-img-srcset=\"\"\n                data-vp-popup-img-size=\"800x568\"\n                data-vp-popup-md-img=\"https:\/\/grupo.us.es\/encrucijada\/wp-content\/uploads\/2022\/05\/giovani1.jpg\"\n                data-vp-popup-md-img-size=\"800x568\"\n                data-vp-popup-sm-img=\"https:\/\/grupo.us.es\/encrucijada\/wp-content\/uploads\/2022\/05\/giovani1.jpg\"\n                data-vp-popup-sm-img-size=\"800x568\"\n            >\n                                    <h3 class=\"vp-portfolio__item-popup-title\">P\u00e1gina del t\u00edtulo de \u201cChorographica descriptio provinciarum et conventuum\u2026\u201d de 1712<\/h3>\n                                        <div class=\"vp-portfolio__item-popup-description\">P\u00e1gina del t\u00edtulo de \u201cChorographica descriptio provinciarum et conventuum\u2026\u201d de 1712. En la parte inferior aparece San Antonio de Padua sobre un pedestal. A ambos lados aparecen un globo terr\u00e1queo y otro celeste. Fuente: Franciscan Institute Library, St. Bonaventure University (http:\/\/web.sbu.edu\/friedsam\/scan\/Whole_Books\/post_200401\/e10232_post\/index.htm)<\/div>\n                                <\/div>\n                                    <figure class=\"vp-portfolio__item\">\n                \n<div class=\"vp-portfolio__item-img-wrap\">\n    <div class=\"vp-portfolio__item-img\">\n        <a  href=\"https:\/\/grupo.us.es\/encrucijada\/wp-content\/uploads\/2022\/05\/giovani1.jpg\" >\n        <img loading=\"lazy\" decoding=\"async\" width=\"800\" height=\"568\" src=\"https:\/\/grupo.us.es\/encrucijada\/wp-content\/uploads\/2022\/05\/giovani1.jpg\" class=\"wp-image-899\" alt=\"\" \/>\n        <div class=\"vp-portfolio__item-img-overlay\"><\/div>\n\n        <\/a>    <\/div>\n<\/div>\n\n<figcaption class=\"vp-portfolio__item-overlay vp-portfolio__item-align-center\">\n            <div class=\"vp-portfolio__item-meta-wrap vp-portfolio__custom-scrollbar\">\n            <div class=\"vp-portfolio__item-meta\">\n                \n<h2 class=\"vp-portfolio__item-meta-title\">\n    <a  href=\"https:\/\/grupo.us.es\/encrucijada\/wp-content\/uploads\/2022\/05\/giovani1.jpg\" >P\u00e1gina del t\u00edtulo de \u201cChorographica descriptio provinciarum et conventuum\u2026\u201d de 1712<\/a><\/h2>\n            <\/div>\n        <\/div>\n    <\/figcaption>\n            <\/figure>\n                    <\/div>\n        \n        <div class=\"vp-portfolio__item-wrap vp-portfolio__item-uid-578c441b\" data-vp-filter=\"\">\n                        <div class=\"vp-portfolio__item-popup\"\n                style=\"display: none;\"\n                data-vp-popup-img=\"https:\/\/grupo.us.es\/encrucijada\/wp-content\/uploads\/2022\/05\/vistacadiz4.jpg\"\n                data-vp-popup-img-srcset=\"\"\n                data-vp-popup-img-size=\"780x268\"\n                data-vp-popup-md-img=\"https:\/\/grupo.us.es\/encrucijada\/wp-content\/uploads\/2022\/05\/vistacadiz4.jpg\"\n                data-vp-popup-md-img-size=\"780x268\"\n                data-vp-popup-sm-img=\"https:\/\/grupo.us.es\/encrucijada\/wp-content\/uploads\/2022\/05\/vistacadiz4.jpg\"\n                data-vp-popup-sm-img-size=\"780x268\"\n            >\n                                    <h3 class=\"vp-portfolio__item-popup-title\">Vegel (Vejer de la Frontera). Hoefnagel, G; Braun &amp; Hohenberg (editors). 1575<\/h3>\n                                        <div class=\"vp-portfolio__item-popup-description\">Vegel (Vejer de la Frontera). Hoefnagel, G; Braun &amp; Hohenberg (editors). 1575. Fuente: Hebrew University of Jerusalem. Departamento of Geography (http:\/\/historic-cities.huji.ac.il\/spain\/vejer\/maps\/braun_hogenberg_II_5_1_b.jpg)<\/div>\n                                <\/div>\n                                    <figure class=\"vp-portfolio__item\">\n                \n<div class=\"vp-portfolio__item-img-wrap\">\n    <div class=\"vp-portfolio__item-img\">\n        <a  href=\"https:\/\/grupo.us.es\/encrucijada\/wp-content\/uploads\/2022\/05\/vistacadiz4.jpg\" >\n        <img loading=\"lazy\" decoding=\"async\" width=\"780\" height=\"268\" src=\"https:\/\/grupo.us.es\/encrucijada\/wp-content\/uploads\/2022\/05\/vistacadiz4.jpg\" class=\"wp-image-898\" alt=\"\" \/>\n        <div class=\"vp-portfolio__item-img-overlay\"><\/div>\n\n        <\/a>    <\/div>\n<\/div>\n\n<figcaption class=\"vp-portfolio__item-overlay vp-portfolio__item-align-center\">\n            <div class=\"vp-portfolio__item-meta-wrap vp-portfolio__custom-scrollbar\">\n            <div class=\"vp-portfolio__item-meta\">\n                \n<h2 class=\"vp-portfolio__item-meta-title\">\n    <a  href=\"https:\/\/grupo.us.es\/encrucijada\/wp-content\/uploads\/2022\/05\/vistacadiz4.jpg\" >Vegel (Vejer de la Frontera). Hoefnagel, G; Braun &amp; Hohenberg (editors). 1575<\/a><\/h2>\n            <\/div>\n        <\/div>\n    <\/figcaption>\n            <\/figure>\n                    <\/div>\n        \n        <div class=\"vp-portfolio__item-wrap vp-portfolio__item-uid-6d3a9101\" data-vp-filter=\"\">\n                        <div class=\"vp-portfolio__item-popup\"\n                style=\"display: none;\"\n                data-vp-popup-img=\"https:\/\/grupo.us.es\/encrucijada\/wp-content\/uploads\/2022\/05\/vistacadiz3.jpg\"\n                data-vp-popup-img-srcset=\"\"\n                data-vp-popup-img-size=\"780x273\"\n                data-vp-popup-md-img=\"https:\/\/grupo.us.es\/encrucijada\/wp-content\/uploads\/2022\/05\/vistacadiz3.jpg\"\n                data-vp-popup-md-img-size=\"780x273\"\n                data-vp-popup-sm-img=\"https:\/\/grupo.us.es\/encrucijada\/wp-content\/uploads\/2022\/05\/vistacadiz3.jpg\"\n                data-vp-popup-sm-img-size=\"780x273\"\n            >\n                                    <h3 class=\"vp-portfolio__item-popup-title\">Conil, insigne hispaniae oppidum ad fretum Herculeum, questuosa, tynnorum piscatione nobile. Hoefnagel, G; Braun &amp; Hohenberg (editors). 1575<\/h3>\n                                        <div class=\"vp-portfolio__item-popup-description\">Conil, insigne hispaniae oppidum ad fretum Herculeum, questuosa, tynnorum piscatione nobile. Hoefnagel, G; Braun &amp; Hohenberg (editors). 1575. Fuente: Hebrew University of Jerusalem. Departamento of Geography (http:\/\/historic-cities.huji.ac.il\/spain\/conil\/maps\/braun_hogenberg_II_6_1_b.jpg)<\/div>\n                                <\/div>\n                                    <figure class=\"vp-portfolio__item\">\n                \n<div class=\"vp-portfolio__item-img-wrap\">\n    <div class=\"vp-portfolio__item-img\">\n        <a  href=\"https:\/\/grupo.us.es\/encrucijada\/wp-content\/uploads\/2022\/05\/vistacadiz3.jpg\" >\n        <img loading=\"lazy\" decoding=\"async\" width=\"780\" height=\"273\" src=\"https:\/\/grupo.us.es\/encrucijada\/wp-content\/uploads\/2022\/05\/vistacadiz3.jpg\" class=\"wp-image-897\" alt=\"\" \/>\n        <div class=\"vp-portfolio__item-img-overlay\"><\/div>\n\n        <\/a>    <\/div>\n<\/div>\n\n<figcaption class=\"vp-portfolio__item-overlay vp-portfolio__item-align-center\">\n            <div class=\"vp-portfolio__item-meta-wrap vp-portfolio__custom-scrollbar\">\n            <div class=\"vp-portfolio__item-meta\">\n                \n<h2 class=\"vp-portfolio__item-meta-title\">\n    <a  href=\"https:\/\/grupo.us.es\/encrucijada\/wp-content\/uploads\/2022\/05\/vistacadiz3.jpg\" >Conil, insigne hispaniae oppidum ad fretum Herculeum, questuosa, tynnorum piscatione nobile. Hoefnagel, G; Braun &amp; Hohenberg (editors). 1575<\/a><\/h2>\n            <\/div>\n        <\/div>\n    <\/figcaption>\n            <\/figure>\n                    <\/div>\n        \n        <div class=\"vp-portfolio__item-wrap vp-portfolio__item-uid-08880e79\" data-vp-filter=\"\">\n                        <div class=\"vp-portfolio__item-popup\"\n                style=\"display: none;\"\n                data-vp-popup-img=\"https:\/\/grupo.us.es\/encrucijada\/wp-content\/uploads\/2022\/05\/vistacadiz2.jpg\"\n                data-vp-popup-img-srcset=\"\"\n                data-vp-popup-img-size=\"780x269\"\n                data-vp-popup-md-img=\"https:\/\/grupo.us.es\/encrucijada\/wp-content\/uploads\/2022\/05\/vistacadiz2.jpg\"\n                data-vp-popup-md-img-size=\"780x269\"\n                data-vp-popup-sm-img=\"https:\/\/grupo.us.es\/encrucijada\/wp-content\/uploads\/2022\/05\/vistacadiz2.jpg\"\n                data-vp-popup-sm-img-size=\"780x269\"\n            >\n                                    <h3 class=\"vp-portfolio__item-popup-title\">Xeres de la Frontera. Hoefnagel, G; Braun &amp; Hohenberg (editors). 1575<\/h3>\n                                        <div class=\"vp-portfolio__item-popup-description\">Xeres de la Frontera. Hoefnagel, G; Braun &amp; Hohenberg (editors). 1575. Fuente: Hebrew University of Jerusalem. Departamento of Geography (http:\/\/historic-cities.huji.ac.il\/spain\/jerez\/maps\/braun_hogenberg_II_6_2_b.jpg)<\/div>\n                                <\/div>\n                                    <figure class=\"vp-portfolio__item\">\n                \n<div class=\"vp-portfolio__item-img-wrap\">\n    <div class=\"vp-portfolio__item-img\">\n        <a  href=\"https:\/\/grupo.us.es\/encrucijada\/wp-content\/uploads\/2022\/05\/vistacadiz2.jpg\" >\n        <img loading=\"lazy\" decoding=\"async\" width=\"780\" height=\"269\" src=\"https:\/\/grupo.us.es\/encrucijada\/wp-content\/uploads\/2022\/05\/vistacadiz2.jpg\" class=\"wp-image-896\" alt=\"\" \/>\n        <div class=\"vp-portfolio__item-img-overlay\"><\/div>\n\n        <\/a>    <\/div>\n<\/div>\n\n<figcaption class=\"vp-portfolio__item-overlay vp-portfolio__item-align-center\">\n            <div class=\"vp-portfolio__item-meta-wrap vp-portfolio__custom-scrollbar\">\n            <div class=\"vp-portfolio__item-meta\">\n                \n<h2 class=\"vp-portfolio__item-meta-title\">\n    <a  href=\"https:\/\/grupo.us.es\/encrucijada\/wp-content\/uploads\/2022\/05\/vistacadiz2.jpg\" >Xeres de la Frontera. Hoefnagel, G; Braun &amp; Hohenberg (editors). 1575<\/a><\/h2>\n            <\/div>\n        <\/div>\n    <\/figcaption>\n            <\/figure>\n                    <\/div>\n        \n        <div class=\"vp-portfolio__item-wrap vp-portfolio__item-uid-3b889748\" data-vp-filter=\"\">\n                        <div class=\"vp-portfolio__item-popup\"\n                style=\"display: none;\"\n                data-vp-popup-img=\"https:\/\/grupo.us.es\/encrucijada\/wp-content\/uploads\/2022\/05\/vistacadiz1.jpg\"\n                data-vp-popup-img-srcset=\"\"\n                data-vp-popup-img-size=\"780x185\"\n                data-vp-popup-md-img=\"https:\/\/grupo.us.es\/encrucijada\/wp-content\/uploads\/2022\/05\/vistacadiz1.jpg\"\n                data-vp-popup-md-img-size=\"780x185\"\n                data-vp-popup-sm-img=\"https:\/\/grupo.us.es\/encrucijada\/wp-content\/uploads\/2022\/05\/vistacadiz1.jpg\"\n                data-vp-popup-sm-img-size=\"780x185\"\n            >\n                                    <h3 class=\"vp-portfolio__item-popup-title\">C\u00e1diz, olim Gades, eius nominis Insulae oppidum nobile, portu maris Hercules freto, temploque memoratum. Hoefnagel, G; Braun &amp; Hohenberg (editors). 1564<\/h3>\n                                        <div class=\"vp-portfolio__item-popup-description\">C\u00e1diz, olim Gades, eius nominis Insulae oppidum nobile, portu maris Hercules freto, temploque memoratum. Hoefnagel, G; Braun &amp; Hohenberg (editors). 1564. Fuente: Hebrew University of Jerusalem. Departamento of Geography (http:\/\/historic-cities.huji.ac.il\/spain\/cadiz\/maps\/braun_hogenberg_I_2_2_b.jpg)<\/div>\n                                <\/div>\n                                    <figure class=\"vp-portfolio__item\">\n                \n<div class=\"vp-portfolio__item-img-wrap\">\n    <div class=\"vp-portfolio__item-img\">\n        <a  href=\"https:\/\/grupo.us.es\/encrucijada\/wp-content\/uploads\/2022\/05\/vistacadiz1.jpg\" >\n        <img loading=\"lazy\" decoding=\"async\" width=\"780\" height=\"185\" src=\"https:\/\/grupo.us.es\/encrucijada\/wp-content\/uploads\/2022\/05\/vistacadiz1.jpg\" class=\"wp-image-895\" alt=\"\" \/>\n        <div class=\"vp-portfolio__item-img-overlay\"><\/div>\n\n        <\/a>    <\/div>\n<\/div>\n\n<figcaption class=\"vp-portfolio__item-overlay vp-portfolio__item-align-center\">\n            <div class=\"vp-portfolio__item-meta-wrap vp-portfolio__custom-scrollbar\">\n            <div class=\"vp-portfolio__item-meta\">\n                \n<h2 class=\"vp-portfolio__item-meta-title\">\n    <a  href=\"https:\/\/grupo.us.es\/encrucijada\/wp-content\/uploads\/2022\/05\/vistacadiz1.jpg\" >C\u00e1diz, olim Gades, eius nominis Insulae oppidum nobile, portu maris Hercules freto, temploque memoratum. Hoefnagel, G; Braun &amp; Hohenberg (editors). 1564<\/a><\/h2>\n            <\/div>\n        <\/div>\n    <\/figcaption>\n            <\/figure>\n                    <\/div>\n        \n        <div class=\"vp-portfolio__item-wrap vp-portfolio__item-uid-76279284\" data-vp-filter=\"\">\n                        <div class=\"vp-portfolio__item-popup\"\n                style=\"display: none;\"\n                data-vp-popup-img=\"https:\/\/grupo.us.es\/encrucijada\/wp-content\/uploads\/2022\/05\/sevillavista6.jpg\"\n                data-vp-popup-img-srcset=\"\"\n                data-vp-popup-img-size=\"1527x1080\"\n                data-vp-popup-md-img=\"https:\/\/grupo.us.es\/encrucijada\/wp-content\/uploads\/2022\/05\/sevillavista6.jpg\"\n                data-vp-popup-md-img-size=\"1527x1080\"\n                data-vp-popup-sm-img=\"https:\/\/grupo.us.es\/encrucijada\/wp-content\/uploads\/2022\/05\/sevillavista6.jpg\"\n                data-vp-popup-sm-img-size=\"1527x1080\"\n            >\n                                    <h3 class=\"vp-portfolio__item-popup-title\">Vista de Sevilla desde Triana (1738)<\/h3>\n                                        <div class=\"vp-portfolio__item-popup-description\">Vista de Sevilla desde Triana (1738). Fondo antiguo de la U. Sevilla. 36 x 53 cm. Fuente: Internet Archive (https:\/\/archive.org\/details\/ACaj0426)\n<\/div>\n                                <\/div>\n                                    <figure class=\"vp-portfolio__item\">\n                \n<div class=\"vp-portfolio__item-img-wrap\">\n    <div class=\"vp-portfolio__item-img\">\n        <a  href=\"https:\/\/grupo.us.es\/encrucijada\/wp-content\/uploads\/2022\/05\/sevillavista6.jpg\" >\n        <img loading=\"lazy\" decoding=\"async\" width=\"1527\" height=\"1080\" src=\"https:\/\/grupo.us.es\/encrucijada\/wp-content\/uploads\/2022\/05\/sevillavista6.jpg\" class=\"wp-image-894\" alt=\"\" \/>\n        <div class=\"vp-portfolio__item-img-overlay\"><\/div>\n\n        <\/a>    <\/div>\n<\/div>\n\n<figcaption class=\"vp-portfolio__item-overlay vp-portfolio__item-align-center\">\n            <div class=\"vp-portfolio__item-meta-wrap vp-portfolio__custom-scrollbar\">\n            <div class=\"vp-portfolio__item-meta\">\n                \n<h2 class=\"vp-portfolio__item-meta-title\">\n    <a  href=\"https:\/\/grupo.us.es\/encrucijada\/wp-content\/uploads\/2022\/05\/sevillavista6.jpg\" >Vista de Sevilla desde Triana (1738)<\/a><\/h2>\n            <\/div>\n        <\/div>\n    <\/figcaption>\n            <\/figure>\n                    <\/div>\n        \n        <div class=\"vp-portfolio__item-wrap vp-portfolio__item-uid-50ff6042\" data-vp-filter=\"\">\n                        <div class=\"vp-portfolio__item-popup\"\n                style=\"display: none;\"\n                data-vp-popup-img=\"https:\/\/grupo.us.es\/encrucijada\/wp-content\/uploads\/2022\/05\/sevillavista5.jpg\"\n                data-vp-popup-img-srcset=\"\"\n                data-vp-popup-img-size=\"1897x1500\"\n                data-vp-popup-md-img=\"https:\/\/grupo.us.es\/encrucijada\/wp-content\/uploads\/2022\/05\/sevillavista5.jpg\"\n                data-vp-popup-md-img-size=\"1897x1500\"\n                data-vp-popup-sm-img=\"https:\/\/grupo.us.es\/encrucijada\/wp-content\/uploads\/2022\/05\/sevillavista5.jpg\"\n                data-vp-popup-sm-img-size=\"1897x1500\"\n            >\n                                    <h3 class=\"vp-portfolio__item-popup-title\">WIT, Frederick, Sivillia, 1690<\/h3>\n                                        <div class=\"vp-portfolio__item-popup-description\">WIT, Frederick, Sivillia, 1690. 40,5 x 51,5 cm. Fuente: Instituto Geogr\u00e1fico Nacional, SIG. 12-D-51 (http:\/\/www2.ign.es\/MapasAbsysJPG\/12-D-51_01.jpg)<\/div>\n                                <\/div>\n                                    <figure class=\"vp-portfolio__item\">\n                \n<div class=\"vp-portfolio__item-img-wrap\">\n    <div class=\"vp-portfolio__item-img\">\n        <a  href=\"https:\/\/grupo.us.es\/encrucijada\/wp-content\/uploads\/2022\/05\/sevillavista5.jpg\" >\n        <img loading=\"lazy\" decoding=\"async\" width=\"1897\" height=\"1500\" src=\"https:\/\/grupo.us.es\/encrucijada\/wp-content\/uploads\/2022\/05\/sevillavista5.jpg\" class=\"wp-image-893\" alt=\"\" \/>\n        <div class=\"vp-portfolio__item-img-overlay\"><\/div>\n\n        <\/a>    <\/div>\n<\/div>\n\n<figcaption class=\"vp-portfolio__item-overlay vp-portfolio__item-align-center\">\n            <div class=\"vp-portfolio__item-meta-wrap vp-portfolio__custom-scrollbar\">\n            <div class=\"vp-portfolio__item-meta\">\n                \n<h2 class=\"vp-portfolio__item-meta-title\">\n    <a  href=\"https:\/\/grupo.us.es\/encrucijada\/wp-content\/uploads\/2022\/05\/sevillavista5.jpg\" >WIT, Frederick, Sivillia, 1690<\/a><\/h2>\n            <\/div>\n        <\/div>\n    <\/figcaption>\n            <\/figure>\n                    <\/div>\n        \n        <div class=\"vp-portfolio__item-wrap vp-portfolio__item-uid-7f9b4082\" data-vp-filter=\"\">\n                        <div class=\"vp-portfolio__item-popup\"\n                style=\"display: none;\"\n                data-vp-popup-img=\"https:\/\/grupo.us.es\/encrucijada\/wp-content\/uploads\/2022\/05\/sevillavista4.jpg\"\n                data-vp-popup-img-srcset=\"\"\n                data-vp-popup-img-size=\"5708x4645\"\n                data-vp-popup-md-img=\"https:\/\/grupo.us.es\/encrucijada\/wp-content\/uploads\/2022\/05\/sevillavista4.jpg\"\n                data-vp-popup-md-img-size=\"5708x4645\"\n                data-vp-popup-sm-img=\"https:\/\/grupo.us.es\/encrucijada\/wp-content\/uploads\/2022\/05\/sevillavista4.jpg\"\n                data-vp-popup-sm-img-size=\"5708x4645\"\n            >\n                                    <h3 class=\"vp-portfolio__item-popup-title\">Hispalis vulgo Sevilliae urbis toto orbe celeberrimae primariae efigies Hispaniaeque de Matth\u00e4us Merian (1638)<\/h3>\n                                        <div class=\"vp-portfolio__item-popup-description\">Hispalis vulgo Sevilliae urbis toto orbe celeberrimae primariae efigies Hispaniaeque de Matth\u00e4us Merian (1638). Fuente: Biblioteca Nacional de Espa\u00f1a, MA00063162. <\/div>\n                                <\/div>\n                                    <figure class=\"vp-portfolio__item\">\n                \n<div class=\"vp-portfolio__item-img-wrap\">\n    <div class=\"vp-portfolio__item-img\">\n        <a  href=\"https:\/\/grupo.us.es\/encrucijada\/wp-content\/uploads\/2022\/05\/sevillavista4.jpg\" >\n        <img loading=\"lazy\" decoding=\"async\" width=\"5708\" height=\"4645\" src=\"https:\/\/grupo.us.es\/encrucijada\/wp-content\/uploads\/2022\/05\/sevillavista4.jpg\" class=\"wp-image-892\" alt=\"\" \/>\n        <div class=\"vp-portfolio__item-img-overlay\"><\/div>\n\n        <\/a>    <\/div>\n<\/div>\n\n<figcaption class=\"vp-portfolio__item-overlay vp-portfolio__item-align-center\">\n            <div class=\"vp-portfolio__item-meta-wrap vp-portfolio__custom-scrollbar\">\n            <div class=\"vp-portfolio__item-meta\">\n                \n<h2 class=\"vp-portfolio__item-meta-title\">\n    <a  href=\"https:\/\/grupo.us.es\/encrucijada\/wp-content\/uploads\/2022\/05\/sevillavista4.jpg\" >Hispalis vulgo Sevilliae urbis toto orbe celeberrimae primariae efigies Hispaniaeque de Matth\u00e4us Merian (1638)<\/a><\/h2>\n            <\/div>\n        <\/div>\n    <\/figcaption>\n            <\/figure>\n                    <\/div>\n        \n        <div class=\"vp-portfolio__item-wrap vp-portfolio__item-uid-5e2e765d\" data-vp-filter=\"\">\n                        <div class=\"vp-portfolio__item-popup\"\n                style=\"display: none;\"\n                data-vp-popup-img=\"https:\/\/grupo.us.es\/encrucijada\/wp-content\/uploads\/2022\/05\/sevillavista3.png\"\n                data-vp-popup-img-srcset=\"\"\n                data-vp-popup-img-size=\"1326x527\"\n                data-vp-popup-md-img=\"https:\/\/grupo.us.es\/encrucijada\/wp-content\/uploads\/2022\/05\/sevillavista3.png\"\n                data-vp-popup-md-img-size=\"1326x527\"\n                data-vp-popup-sm-img=\"https:\/\/grupo.us.es\/encrucijada\/wp-content\/uploads\/2022\/05\/sevillavista3.png\"\n                data-vp-popup-sm-img-size=\"1326x527\"\n            >\n                                    <h3 class=\"vp-portfolio__item-popup-title\">Sevillie (siglo XVII) de Philippe Huart<\/h3>\n                                        <div class=\"vp-portfolio__item-popup-description\">Sevillie (siglo XVII) de Philippe Huart. Fuente: Biblioteca Nacional de Francia (https:\/\/catalogue.bnf.fr\/ark:\/12148\/cb407224956) \u00a0<\/div>\n                                <\/div>\n                                    <figure class=\"vp-portfolio__item\">\n                \n<div class=\"vp-portfolio__item-img-wrap\">\n    <div class=\"vp-portfolio__item-img\">\n        <a  href=\"https:\/\/grupo.us.es\/encrucijada\/wp-content\/uploads\/2022\/05\/sevillavista3.png\" >\n        <img loading=\"lazy\" decoding=\"async\" width=\"1326\" height=\"527\" src=\"https:\/\/grupo.us.es\/encrucijada\/wp-content\/uploads\/2022\/05\/sevillavista3.png\" class=\"wp-image-891\" alt=\"\" \/>\n        <div class=\"vp-portfolio__item-img-overlay\"><\/div>\n\n        <\/a>    <\/div>\n<\/div>\n\n<figcaption class=\"vp-portfolio__item-overlay vp-portfolio__item-align-center\">\n            <div class=\"vp-portfolio__item-meta-wrap vp-portfolio__custom-scrollbar\">\n            <div class=\"vp-portfolio__item-meta\">\n                \n<h2 class=\"vp-portfolio__item-meta-title\">\n    <a  href=\"https:\/\/grupo.us.es\/encrucijada\/wp-content\/uploads\/2022\/05\/sevillavista3.png\" >Sevillie (siglo XVII) de Philippe Huart<\/a><\/h2>\n            <\/div>\n        <\/div>\n    <\/figcaption>\n            <\/figure>\n                    <\/div>\n        \n        <div class=\"vp-portfolio__item-wrap vp-portfolio__item-uid-3b9ce925\" data-vp-filter=\"\">\n                        <div class=\"vp-portfolio__item-popup\"\n                style=\"display: none;\"\n                data-vp-popup-img=\"https:\/\/grupo.us.es\/encrucijada\/wp-content\/uploads\/2022\/05\/sevillavista2.jpg\"\n                data-vp-popup-img-srcset=\"\"\n                data-vp-popup-img-size=\"1600x342\"\n                data-vp-popup-md-img=\"https:\/\/grupo.us.es\/encrucijada\/wp-content\/uploads\/2022\/05\/sevillavista2.jpg\"\n                data-vp-popup-md-img-size=\"1600x342\"\n                data-vp-popup-sm-img=\"https:\/\/grupo.us.es\/encrucijada\/wp-content\/uploads\/2022\/05\/sevillavista2.jpg\"\n                data-vp-popup-sm-img-size=\"1600x342\"\n            >\n                                    <h3 class=\"vp-portfolio__item-popup-title\">FRISIUS, Simon, Hispalis vulgo Sevilliae urbis toto orbe celeberrimae hispaniaeque primariae, 1617<\/h3>\n                                        <div class=\"vp-portfolio__item-popup-description\">FRISIUS, Simon, Hispalis vulgo Sevilliae urbis toto orbe celeberrimae hispaniaeque primariae, 1617. Fuente: British Library, 49 x 225 cm. Maps K. Top.72.16 (https:\/\/www.flickr.com\/photos\/britishlibrary\/50263040053)<\/div>\n                                <\/div>\n                                    <figure class=\"vp-portfolio__item\">\n                \n<div class=\"vp-portfolio__item-img-wrap\">\n    <div class=\"vp-portfolio__item-img\">\n        <a  href=\"https:\/\/grupo.us.es\/encrucijada\/wp-content\/uploads\/2022\/05\/sevillavista2.jpg\" >\n        <img loading=\"lazy\" decoding=\"async\" width=\"1600\" height=\"342\" src=\"https:\/\/grupo.us.es\/encrucijada\/wp-content\/uploads\/2022\/05\/sevillavista2.jpg\" class=\"wp-image-890\" alt=\"\" \/>\n        <div class=\"vp-portfolio__item-img-overlay\"><\/div>\n\n        <\/a>    <\/div>\n<\/div>\n\n<figcaption class=\"vp-portfolio__item-overlay vp-portfolio__item-align-center\">\n            <div class=\"vp-portfolio__item-meta-wrap vp-portfolio__custom-scrollbar\">\n            <div class=\"vp-portfolio__item-meta\">\n                \n<h2 class=\"vp-portfolio__item-meta-title\">\n    <a  href=\"https:\/\/grupo.us.es\/encrucijada\/wp-content\/uploads\/2022\/05\/sevillavista2.jpg\" >FRISIUS, Simon, Hispalis vulgo Sevilliae urbis toto orbe celeberrimae hispaniaeque primariae, 1617<\/a><\/h2>\n            <\/div>\n        <\/div>\n    <\/figcaption>\n            <\/figure>\n                    <\/div>\n        \n        <div class=\"vp-portfolio__item-wrap vp-portfolio__item-uid-e3e707a5\" data-vp-filter=\"\">\n                        <div class=\"vp-portfolio__item-popup\"\n                style=\"display: none;\"\n                data-vp-popup-img=\"https:\/\/grupo.us.es\/encrucijada\/wp-content\/uploads\/2022\/05\/sevillavista1.jpg\"\n                data-vp-popup-img-srcset=\"\"\n                data-vp-popup-img-size=\"1362x1019\"\n                data-vp-popup-md-img=\"https:\/\/grupo.us.es\/encrucijada\/wp-content\/uploads\/2022\/05\/sevillavista1.jpg\"\n                data-vp-popup-md-img-size=\"1362x1019\"\n                data-vp-popup-sm-img=\"https:\/\/grupo.us.es\/encrucijada\/wp-content\/uploads\/2022\/05\/sevillavista1.jpg\"\n                data-vp-popup-sm-img-size=\"1362x1019\"\n            >\n                                    <h3 class=\"vp-portfolio__item-popup-title\">BRAUN, George y HOGENBERG, Franz, Sevilla, 1588<\/h3>\n                                        <div class=\"vp-portfolio__item-popup-description\">BRAUN, George y HOGENBERG, Franz, Sevilla, 1588. Fuente: Instituto Geogr\u00e1fico Nacional, 31-C-16 (https:\/\/www.ign.es\/web\/catalogo-cartoteca\/resources\/html\/023677.html)<\/div>\n                                <\/div>\n                                    <figure class=\"vp-portfolio__item\">\n                \n<div class=\"vp-portfolio__item-img-wrap\">\n    <div class=\"vp-portfolio__item-img\">\n        <a  href=\"https:\/\/grupo.us.es\/encrucijada\/wp-content\/uploads\/2022\/05\/sevillavista1.jpg\" >\n        <img loading=\"lazy\" decoding=\"async\" width=\"1362\" height=\"1019\" src=\"https:\/\/grupo.us.es\/encrucijada\/wp-content\/uploads\/2022\/05\/sevillavista1.jpg\" class=\"wp-image-889\" alt=\"\" \/>\n        <div class=\"vp-portfolio__item-img-overlay\"><\/div>\n\n        <\/a>    <\/div>\n<\/div>\n\n<figcaption class=\"vp-portfolio__item-overlay vp-portfolio__item-align-center\">\n            <div class=\"vp-portfolio__item-meta-wrap vp-portfolio__custom-scrollbar\">\n            <div class=\"vp-portfolio__item-meta\">\n                \n<h2 class=\"vp-portfolio__item-meta-title\">\n    <a  href=\"https:\/\/grupo.us.es\/encrucijada\/wp-content\/uploads\/2022\/05\/sevillavista1.jpg\" >BRAUN, George y HOGENBERG, Franz, Sevilla, 1588<\/a><\/h2>\n            <\/div>\n        <\/div>\n    <\/figcaption>\n            <\/figure>\n                    <\/div>\n        \n        <div class=\"vp-portfolio__item-wrap vp-portfolio__item-uid-09370f8a\" data-vp-filter=\"\">\n                        <div class=\"vp-portfolio__item-popup\"\n                style=\"display: none;\"\n                data-vp-popup-img=\"https:\/\/grupo.us.es\/encrucijada\/wp-content\/uploads\/2022\/05\/piri4-rotated.jpg\"\n                data-vp-popup-img-srcset=\"\"\n                data-vp-popup-img-size=\"1800x1229\"\n                data-vp-popup-md-img=\"https:\/\/grupo.us.es\/encrucijada\/wp-content\/uploads\/2022\/05\/piri4-rotated.jpg\"\n                data-vp-popup-md-img-size=\"1800x1229\"\n                data-vp-popup-sm-img=\"https:\/\/grupo.us.es\/encrucijada\/wp-content\/uploads\/2022\/05\/piri4-rotated.jpg\"\n                data-vp-popup-sm-img-size=\"1800x1229\"\n            >\n                                    <h3 class=\"vp-portfolio__item-popup-title\">Piri Reis. Estrecho de Gibraltar con las ciudades de Gibraltar y Ceuta, siglo XVII (versi\u00f3n posterior ampliada)<\/h3>\n                                        <div class=\"vp-portfolio__item-popup-description\">Piri Reis. Estrecho de Gibraltar con las ciudades de Gibraltar y Ceuta, siglo XVII (versi\u00f3n posterior ampliada). Fuente: Walters Art Museum de Baltimore (http:\/\/manuscripts.thewalters.org\/viewer.php?id=W.658#page\/40\/mode\/2up) <\/div>\n                                <\/div>\n                                    <figure class=\"vp-portfolio__item\">\n                \n<div class=\"vp-portfolio__item-img-wrap\">\n    <div class=\"vp-portfolio__item-img\">\n        <a  href=\"https:\/\/grupo.us.es\/encrucijada\/wp-content\/uploads\/2022\/05\/piri4-rotated.jpg\" >\n        <img loading=\"lazy\" decoding=\"async\" width=\"1800\" height=\"1229\" src=\"https:\/\/grupo.us.es\/encrucijada\/wp-content\/uploads\/2022\/05\/piri4-rotated.jpg\" class=\"wp-image-888\" alt=\"\" \/>\n        <div class=\"vp-portfolio__item-img-overlay\"><\/div>\n\n        <\/a>    <\/div>\n<\/div>\n\n<figcaption class=\"vp-portfolio__item-overlay vp-portfolio__item-align-center\">\n            <div class=\"vp-portfolio__item-meta-wrap vp-portfolio__custom-scrollbar\">\n            <div class=\"vp-portfolio__item-meta\">\n                \n<h2 class=\"vp-portfolio__item-meta-title\">\n    <a  href=\"https:\/\/grupo.us.es\/encrucijada\/wp-content\/uploads\/2022\/05\/piri4-rotated.jpg\" >Piri Reis. Estrecho de Gibraltar con las ciudades de Gibraltar y Ceuta, siglo XVII (versi\u00f3n posterior ampliada)<\/a><\/h2>\n            <\/div>\n        <\/div>\n    <\/figcaption>\n            <\/figure>\n                    <\/div>\n        \n        <div class=\"vp-portfolio__item-wrap vp-portfolio__item-uid-2134757e\" data-vp-filter=\"\">\n                        <div class=\"vp-portfolio__item-popup\"\n                style=\"display: none;\"\n                data-vp-popup-img=\"https:\/\/grupo.us.es\/encrucijada\/wp-content\/uploads\/2022\/05\/piri3.jpg\"\n                data-vp-popup-img-srcset=\"\"\n                data-vp-popup-img-size=\"3785x1342\"\n                data-vp-popup-md-img=\"https:\/\/grupo.us.es\/encrucijada\/wp-content\/uploads\/2022\/05\/piri3.jpg\"\n                data-vp-popup-md-img-size=\"3785x1342\"\n                data-vp-popup-sm-img=\"https:\/\/grupo.us.es\/encrucijada\/wp-content\/uploads\/2022\/05\/piri3.jpg\"\n                data-vp-popup-sm-img-size=\"3785x1342\"\n            >\n                                    <h3 class=\"vp-portfolio__item-popup-title\">Piri Reis. La ciudad de Granada en dos ediciones manuscritas del Kit\u00e1b-i Bahriyye<\/h3>\n                                        <div class=\"vp-portfolio__item-popup-description\">Piri Reis. La ciudad de Granada en dos ediciones manuscritas del Kit\u00e1b-i Bahriyye. A la izquierda edici\u00f3n de finales del XVII fol. 261. A la derecha edici\u00f3n de 1526 folio 305v. Fuente:  Walters Art Museum de Baltimore (http:\/\/manuscripts.thewalters.org\/viewer.php?id=W.658#page\/40\/mode\/2up) y Biblioteca Nacional de Francia, Departamento de Manuscritos, Suppl\u00e9ment turc 956 (https:\/\/gallica.bnf.fr\/ark:\/12148\/btv1b6000438h\/f878.item.r=Piri Reis%20reis)<\/div>\n                                <\/div>\n                                    <figure class=\"vp-portfolio__item\">\n                \n<div class=\"vp-portfolio__item-img-wrap\">\n    <div class=\"vp-portfolio__item-img\">\n        <a  href=\"https:\/\/grupo.us.es\/encrucijada\/wp-content\/uploads\/2022\/05\/piri3.jpg\" >\n        <img loading=\"lazy\" decoding=\"async\" width=\"3785\" height=\"1342\" src=\"https:\/\/grupo.us.es\/encrucijada\/wp-content\/uploads\/2022\/05\/piri3.jpg\" class=\"wp-image-887\" alt=\"\" \/>\n        <div class=\"vp-portfolio__item-img-overlay\"><\/div>\n\n        <\/a>    <\/div>\n<\/div>\n\n<figcaption class=\"vp-portfolio__item-overlay vp-portfolio__item-align-center\">\n            <div class=\"vp-portfolio__item-meta-wrap vp-portfolio__custom-scrollbar\">\n            <div class=\"vp-portfolio__item-meta\">\n                \n<h2 class=\"vp-portfolio__item-meta-title\">\n    <a  href=\"https:\/\/grupo.us.es\/encrucijada\/wp-content\/uploads\/2022\/05\/piri3.jpg\" >Piri Reis. La ciudad de Granada en dos ediciones manuscritas del Kit\u00e1b-i Bahriyye<\/a><\/h2>\n            <\/div>\n        <\/div>\n    <\/figcaption>\n            <\/figure>\n                    <\/div>\n        \n        <div class=\"vp-portfolio__item-wrap vp-portfolio__item-uid-04ee8c3c\" data-vp-filter=\"\">\n                        <div class=\"vp-portfolio__item-popup\"\n                style=\"display: none;\"\n                data-vp-popup-img=\"https:\/\/grupo.us.es\/encrucijada\/wp-content\/uploads\/2022\/05\/piri2-rotated.jpg\"\n                data-vp-popup-img-srcset=\"\"\n                data-vp-popup-img-size=\"1800x1221\"\n                data-vp-popup-md-img=\"https:\/\/grupo.us.es\/encrucijada\/wp-content\/uploads\/2022\/05\/piri2-rotated.jpg\"\n                data-vp-popup-md-img-size=\"1800x1221\"\n                data-vp-popup-sm-img=\"https:\/\/grupo.us.es\/encrucijada\/wp-content\/uploads\/2022\/05\/piri2-rotated.jpg\"\n                data-vp-popup-sm-img-size=\"1800x1221\"\n            >\n                                    <h3 class=\"vp-portfolio__item-popup-title\">Piri Reis. Costa de al-Andalus con la ciudad de Granada. Kit\u00e1b-i Bahriyye, siglo XVII<\/h3>\n                                        <div class=\"vp-portfolio__item-popup-description\">Piri Reis. Costa de al-Andalus con la ciudad de Granada. Kit\u00e1b-i Bahriyye, siglo XVII. Fuente: Walters Art Museum de Baltimore (http:\/\/manuscripts.thewalters.org\/viewer.php?id=W.658#page\/40\/mode\/2up) <\/div>\n                                <\/div>\n                                    <figure class=\"vp-portfolio__item\">\n                \n<div class=\"vp-portfolio__item-img-wrap\">\n    <div class=\"vp-portfolio__item-img\">\n        <a  href=\"https:\/\/grupo.us.es\/encrucijada\/wp-content\/uploads\/2022\/05\/piri2-rotated.jpg\" >\n        <img loading=\"lazy\" decoding=\"async\" width=\"1800\" height=\"1221\" src=\"https:\/\/grupo.us.es\/encrucijada\/wp-content\/uploads\/2022\/05\/piri2-rotated.jpg\" class=\"wp-image-886\" alt=\"\" \/>\n        <div class=\"vp-portfolio__item-img-overlay\"><\/div>\n\n        <\/a>    <\/div>\n<\/div>\n\n<figcaption class=\"vp-portfolio__item-overlay vp-portfolio__item-align-center\">\n            <div class=\"vp-portfolio__item-meta-wrap vp-portfolio__custom-scrollbar\">\n            <div class=\"vp-portfolio__item-meta\">\n                \n<h2 class=\"vp-portfolio__item-meta-title\">\n    <a  href=\"https:\/\/grupo.us.es\/encrucijada\/wp-content\/uploads\/2022\/05\/piri2-rotated.jpg\" >Piri Reis. Costa de al-Andalus con la ciudad de Granada. Kit\u00e1b-i Bahriyye, siglo XVII<\/a><\/h2>\n            <\/div>\n        <\/div>\n    <\/figcaption>\n            <\/figure>\n                    <\/div>\n        \n        <div class=\"vp-portfolio__item-wrap vp-portfolio__item-uid-c584cdd0\" data-vp-filter=\"\">\n                        <div class=\"vp-portfolio__item-popup\"\n                style=\"display: none;\"\n                data-vp-popup-img=\"https:\/\/grupo.us.es\/encrucijada\/wp-content\/uploads\/2022\/05\/piri1-rotated.jpeg\"\n                data-vp-popup-img-srcset=\"\"\n                data-vp-popup-img-size=\"1505x1023\"\n                data-vp-popup-md-img=\"https:\/\/grupo.us.es\/encrucijada\/wp-content\/uploads\/2022\/05\/piri1-rotated.jpeg\"\n                data-vp-popup-md-img-size=\"1505x1023\"\n                data-vp-popup-sm-img=\"https:\/\/grupo.us.es\/encrucijada\/wp-content\/uploads\/2022\/05\/piri1-rotated.jpeg\"\n                data-vp-popup-sm-img-size=\"1505x1023\"\n            >\n                                    <h3 class=\"vp-portfolio__item-popup-title\">Piri Reis. Costa de al-Andalus con la ciudad de Granada. Kit\u00e1b-i Bahriyye, 1526<\/h3>\n                                        <div class=\"vp-portfolio__item-popup-description\">Piri Reis. Costa de al-Andalus con la ciudad de Granada. Kit\u00e1b-i Bahriyye, 1526. Fuente: Biblioteca Nacional de Francia, Departamento de Manuscritos, Suppl\u00e9ment turc 956 (https:\/\/gallica.bnf.fr\/ark:\/12148\/btv1b6000438h\/f878.item.r=Piri Reis%20reis)<\/div>\n                                <\/div>\n                                    <figure class=\"vp-portfolio__item\">\n                \n<div class=\"vp-portfolio__item-img-wrap\">\n    <div class=\"vp-portfolio__item-img\">\n        <a  href=\"https:\/\/grupo.us.es\/encrucijada\/wp-content\/uploads\/2022\/05\/piri1-rotated.jpeg\" >\n        <img loading=\"lazy\" decoding=\"async\" width=\"1505\" height=\"1023\" src=\"https:\/\/grupo.us.es\/encrucijada\/wp-content\/uploads\/2022\/05\/piri1-rotated.jpeg\" class=\"wp-image-885\" alt=\"\" \/>\n        <div class=\"vp-portfolio__item-img-overlay\"><\/div>\n\n        <\/a>    <\/div>\n<\/div>\n\n<figcaption class=\"vp-portfolio__item-overlay vp-portfolio__item-align-center\">\n            <div class=\"vp-portfolio__item-meta-wrap vp-portfolio__custom-scrollbar\">\n            <div class=\"vp-portfolio__item-meta\">\n                \n<h2 class=\"vp-portfolio__item-meta-title\">\n    <a  href=\"https:\/\/grupo.us.es\/encrucijada\/wp-content\/uploads\/2022\/05\/piri1-rotated.jpeg\" >Piri Reis. Costa de al-Andalus con la ciudad de Granada. Kit\u00e1b-i Bahriyye, 1526<\/a><\/h2>\n            <\/div>\n        <\/div>\n    <\/figcaption>\n            <\/figure>\n                    <\/div>\n        \n        <div class=\"vp-portfolio__item-wrap vp-portfolio__item-uid-0a3f9a23\" data-vp-filter=\"\">\n                        <div class=\"vp-portfolio__item-popup\"\n                style=\"display: none;\"\n                data-vp-popup-img=\"https:\/\/grupo.us.es\/encrucijada\/wp-content\/uploads\/2022\/05\/hispalensis2.jpg\"\n                data-vp-popup-img-srcset=\"\"\n                data-vp-popup-img-size=\"2529x4035\"\n                data-vp-popup-md-img=\"https:\/\/grupo.us.es\/encrucijada\/wp-content\/uploads\/2022\/05\/hispalensis2.jpg\"\n                data-vp-popup-md-img-size=\"2529x4035\"\n                data-vp-popup-sm-img=\"https:\/\/grupo.us.es\/encrucijada\/wp-content\/uploads\/2022\/05\/hispalensis2.jpg\"\n                data-vp-popup-sm-img-size=\"2529x4035\"\n            >\n                                    <h3 class=\"vp-portfolio__item-popup-title\">Retrato de Jer\u00f3nimo de Chaves<\/h3>\n                                        <div class=\"vp-portfolio__item-popup-description\">Retrato de Jer\u00f3nimo de Chaves. Fuente: BNE, IH\/2419\/2: (http:\/\/bdh.bne.es\/bnesearch\/CompleteSearch.do?showYearItems=&amp;field=todos&amp;advanced=false&amp;exact=on&amp;textH=&amp;completeText=&amp;text=Chronographia+o+reportorio+de+tiempos&amp;pageSize=1&amp;pageSizeAbrv=30&amp;pageNumber=3)<\/div>\n                                <\/div>\n                                    <figure class=\"vp-portfolio__item\">\n                \n<div class=\"vp-portfolio__item-img-wrap\">\n    <div class=\"vp-portfolio__item-img\">\n        <a  href=\"https:\/\/grupo.us.es\/encrucijada\/wp-content\/uploads\/2022\/05\/hispalensis2.jpg\" >\n        <img loading=\"lazy\" decoding=\"async\" width=\"2529\" height=\"4035\" src=\"https:\/\/grupo.us.es\/encrucijada\/wp-content\/uploads\/2022\/05\/hispalensis2.jpg\" class=\"wp-image-884\" alt=\"\" \/>\n        <div class=\"vp-portfolio__item-img-overlay\"><\/div>\n\n        <\/a>    <\/div>\n<\/div>\n\n<figcaption class=\"vp-portfolio__item-overlay vp-portfolio__item-align-center\">\n            <div class=\"vp-portfolio__item-meta-wrap vp-portfolio__custom-scrollbar\">\n            <div class=\"vp-portfolio__item-meta\">\n                \n<h2 class=\"vp-portfolio__item-meta-title\">\n    <a  href=\"https:\/\/grupo.us.es\/encrucijada\/wp-content\/uploads\/2022\/05\/hispalensis2.jpg\" >Retrato de Jer\u00f3nimo de Chaves<\/a><\/h2>\n            <\/div>\n        <\/div>\n    <\/figcaption>\n            <\/figure>\n                    <\/div>\n        \n        <div class=\"vp-portfolio__item-wrap vp-portfolio__item-uid-cc381fd6\" data-vp-filter=\"\">\n                        <div class=\"vp-portfolio__item-popup\"\n                style=\"display: none;\"\n                data-vp-popup-img=\"https:\/\/grupo.us.es\/encrucijada\/wp-content\/uploads\/2022\/05\/hispalensis1.jpg\"\n                data-vp-popup-img-srcset=\"\"\n                data-vp-popup-img-size=\"1200x907\"\n                data-vp-popup-md-img=\"https:\/\/grupo.us.es\/encrucijada\/wp-content\/uploads\/2022\/05\/hispalensis1.jpg\"\n                data-vp-popup-md-img-size=\"1200x907\"\n                data-vp-popup-sm-img=\"https:\/\/grupo.us.es\/encrucijada\/wp-content\/uploads\/2022\/05\/hispalensis1.jpg\"\n                data-vp-popup-sm-img-size=\"1200x907\"\n            >\n                                    <h3 class=\"vp-portfolio__item-popup-title\">Hispalensis conventus delineatio de Jer\u00f3nimo de Chaves. Amberes, 1579<\/h3>\n                                        <div class=\"vp-portfolio__item-popup-description\">Hispalensis conventus delineatio de Jer\u00f3nimo de Chaves. Amberes, 1579. Grabado. 35\u00d746 cm. Escala [ca. 1:640.000]. Fuente: BNE, MR\/34\/795\/2 (http:\/\/bdh.bne.es\/bnesearch\/detalle\/bdh0000033661)<\/div>\n                                <\/div>\n                                    <figure class=\"vp-portfolio__item\">\n                \n<div class=\"vp-portfolio__item-img-wrap\">\n    <div class=\"vp-portfolio__item-img\">\n        <a  href=\"https:\/\/grupo.us.es\/encrucijada\/wp-content\/uploads\/2022\/05\/hispalensis1.jpg\" >\n        <img loading=\"lazy\" decoding=\"async\" width=\"1200\" height=\"907\" src=\"https:\/\/grupo.us.es\/encrucijada\/wp-content\/uploads\/2022\/05\/hispalensis1.jpg\" class=\"wp-image-883\" alt=\"\" \/>\n        <div class=\"vp-portfolio__item-img-overlay\"><\/div>\n\n        <\/a>    <\/div>\n<\/div>\n\n<figcaption class=\"vp-portfolio__item-overlay vp-portfolio__item-align-center\">\n            <div class=\"vp-portfolio__item-meta-wrap vp-portfolio__custom-scrollbar\">\n            <div class=\"vp-portfolio__item-meta\">\n                \n<h2 class=\"vp-portfolio__item-meta-title\">\n    <a  href=\"https:\/\/grupo.us.es\/encrucijada\/wp-content\/uploads\/2022\/05\/hispalensis1.jpg\" >Hispalensis conventus delineatio de Jer\u00f3nimo de Chaves. Amberes, 1579<\/a><\/h2>\n            <\/div>\n        <\/div>\n    <\/figcaption>\n            <\/figure>\n                    <\/div>\n        \n        <div class=\"vp-portfolio__item-wrap vp-portfolio__item-uid-fb57497a\" data-vp-filter=\"\">\n                        <div class=\"vp-portfolio__item-popup\"\n                style=\"display: none;\"\n                data-vp-popup-img=\"https:\/\/grupo.us.es\/encrucijada\/wp-content\/uploads\/2022\/05\/gaspar3.jpg\"\n                data-vp-popup-img-srcset=\"\"\n                data-vp-popup-img-size=\"5490x4092\"\n                data-vp-popup-md-img=\"https:\/\/grupo.us.es\/encrucijada\/wp-content\/uploads\/2022\/05\/gaspar3.jpg\"\n                data-vp-popup-md-img-size=\"5490x4092\"\n                data-vp-popup-sm-img=\"https:\/\/grupo.us.es\/encrucijada\/wp-content\/uploads\/2022\/05\/gaspar3.jpg\"\n                data-vp-popup-sm-img-size=\"5490x4092\"\n            >\n                                    <h3 class=\"vp-portfolio__item-popup-title\">Descripcion del Reino de Jaen, antiguamente Mentisa en los Oretanos. 1678<\/h3>\n                                        <div class=\"vp-portfolio__item-popup-description\">Descripcion del Reino de Jaen, antiguamente Mentisa en los Oretanos. 1678. Manuscrito sobre papel vegetal. 30 x 21 cm. Escala sin unidad de medida. Gaspar Salcedo de Aguirre. Fuente: BNE, MSS\/7301(H.343R.) (http:\/\/bdh-rd.bne.es\/viewer.vm?id=0000028686)<\/div>\n                                <\/div>\n                                    <figure class=\"vp-portfolio__item\">\n                \n<div class=\"vp-portfolio__item-img-wrap\">\n    <div class=\"vp-portfolio__item-img\">\n        <a  href=\"https:\/\/grupo.us.es\/encrucijada\/wp-content\/uploads\/2022\/05\/gaspar3.jpg\" >\n        <img loading=\"lazy\" decoding=\"async\" width=\"5490\" height=\"4092\" src=\"https:\/\/grupo.us.es\/encrucijada\/wp-content\/uploads\/2022\/05\/gaspar3.jpg\" class=\"wp-image-882\" alt=\"\" \/>\n        <div class=\"vp-portfolio__item-img-overlay\"><\/div>\n\n        <\/a>    <\/div>\n<\/div>\n\n<figcaption class=\"vp-portfolio__item-overlay vp-portfolio__item-align-center\">\n            <div class=\"vp-portfolio__item-meta-wrap vp-portfolio__custom-scrollbar\">\n            <div class=\"vp-portfolio__item-meta\">\n                \n<h2 class=\"vp-portfolio__item-meta-title\">\n    <a  href=\"https:\/\/grupo.us.es\/encrucijada\/wp-content\/uploads\/2022\/05\/gaspar3.jpg\" >Descripcion del Reino de Jaen, antiguamente Mentisa en los Oretanos. 1678<\/a><\/h2>\n            <\/div>\n        <\/div>\n    <\/figcaption>\n            <\/figure>\n                    <\/div>\n        \n        <div class=\"vp-portfolio__item-wrap vp-portfolio__item-uid-dae27fa5\" data-vp-filter=\"\">\n                        <div class=\"vp-portfolio__item-popup\"\n                style=\"display: none;\"\n                data-vp-popup-img=\"https:\/\/grupo.us.es\/encrucijada\/wp-content\/uploads\/2022\/05\/gaspar2.jpg\"\n                data-vp-popup-img-srcset=\"\"\n                data-vp-popup-img-size=\"5604x4215\"\n                data-vp-popup-md-img=\"https:\/\/grupo.us.es\/encrucijada\/wp-content\/uploads\/2022\/05\/gaspar2.jpg\"\n                data-vp-popup-md-img-size=\"5604x4215\"\n                data-vp-popup-sm-img=\"https:\/\/grupo.us.es\/encrucijada\/wp-content\/uploads\/2022\/05\/gaspar2.jpg\"\n                data-vp-popup-sm-img-size=\"5604x4215\"\n            >\n                                    <h3 class=\"vp-portfolio__item-popup-title\">Descripci\u00f3n del Reino de Jaen Ordenada por el Doctor Gaspar Salcedo de Aguirre, natural de Baeza y Prior de Arjonilla<\/h3>\n                                        <div class=\"vp-portfolio__item-popup-description\">Descripci\u00f3n del Reino de Jaen Ordenada por el Doctor Gaspar Salcedo de Aguirre, natural de Baeza y Prior de Arjonilla. Grabado. 29 x 38 cm. Escala indeterminada. Juan Domenico de Villarroel y Gaspar Salcedo de Aguirre. Fuente: BNE, MV\/8 JA\u00c9N (http:\/\/bdh-rd.bne.es\/viewer.vm?id=0000033620)<\/div>\n                                <\/div>\n                                    <figure class=\"vp-portfolio__item\">\n                \n<div class=\"vp-portfolio__item-img-wrap\">\n    <div class=\"vp-portfolio__item-img\">\n        <a  href=\"https:\/\/grupo.us.es\/encrucijada\/wp-content\/uploads\/2022\/05\/gaspar2.jpg\" >\n        <img loading=\"lazy\" decoding=\"async\" width=\"5604\" height=\"4215\" src=\"https:\/\/grupo.us.es\/encrucijada\/wp-content\/uploads\/2022\/05\/gaspar2.jpg\" class=\"wp-image-881\" alt=\"\" \/>\n        <div class=\"vp-portfolio__item-img-overlay\"><\/div>\n\n        <\/a>    <\/div>\n<\/div>\n\n<figcaption class=\"vp-portfolio__item-overlay vp-portfolio__item-align-center\">\n            <div class=\"vp-portfolio__item-meta-wrap vp-portfolio__custom-scrollbar\">\n            <div class=\"vp-portfolio__item-meta\">\n                \n<h2 class=\"vp-portfolio__item-meta-title\">\n    <a  href=\"https:\/\/grupo.us.es\/encrucijada\/wp-content\/uploads\/2022\/05\/gaspar2.jpg\" >Descripci\u00f3n del Reino de Jaen Ordenada por el Doctor Gaspar Salcedo de Aguirre, natural de Baeza y Prior de Arjonilla<\/a><\/h2>\n            <\/div>\n        <\/div>\n    <\/figcaption>\n            <\/figure>\n                    <\/div>\n        \n        <div class=\"vp-portfolio__item-wrap vp-portfolio__item-uid-e1a355bf\" data-vp-filter=\"\">\n                        <div class=\"vp-portfolio__item-popup\"\n                style=\"display: none;\"\n                data-vp-popup-img=\"https:\/\/grupo.us.es\/encrucijada\/wp-content\/uploads\/2022\/05\/baltasar4.jpg\"\n                data-vp-popup-img-srcset=\"\"\n                data-vp-popup-img-size=\"1521x967\"\n                data-vp-popup-md-img=\"https:\/\/grupo.us.es\/encrucijada\/wp-content\/uploads\/2022\/05\/baltasar4.jpg\"\n                data-vp-popup-md-img-size=\"1521x967\"\n                data-vp-popup-sm-img=\"https:\/\/grupo.us.es\/encrucijada\/wp-content\/uploads\/2022\/05\/baltasar4.jpg\"\n                data-vp-popup-sm-img-size=\"1521x967\"\n            >\n                                    <h3 class=\"vp-portfolio__item-popup-title\">\u201cAndaluzia\u201d. Baltasar Vellerino de Villalobos, Luz de navegantes (1592)<\/h3>\n                                        <div class=\"vp-portfolio__item-popup-description\">\u201cAndaluzia\u201d. Baltasar Vellerino de Villalobos, Luz de navegantes (1592). Manuscrito sobre papel. 20,5 x 28 cm. Sin Escala. Fuente: Biblioteca Hist\u00f3rica de la Universidad de Salamanca, ms. 291, f. 175 (CXIII) https:\/\/gredos.usal.es\/handle\/10366\/129725 <\/div>\n                                <\/div>\n                                    <figure class=\"vp-portfolio__item\">\n                \n<div class=\"vp-portfolio__item-img-wrap\">\n    <div class=\"vp-portfolio__item-img\">\n        <a  href=\"https:\/\/grupo.us.es\/encrucijada\/wp-content\/uploads\/2022\/05\/baltasar4.jpg\" >\n        <img loading=\"lazy\" decoding=\"async\" width=\"1521\" height=\"967\" src=\"https:\/\/grupo.us.es\/encrucijada\/wp-content\/uploads\/2022\/05\/baltasar4.jpg\" class=\"wp-image-879\" alt=\"\" \/>\n        <div class=\"vp-portfolio__item-img-overlay\"><\/div>\n\n        <\/a>    <\/div>\n<\/div>\n\n<figcaption class=\"vp-portfolio__item-overlay vp-portfolio__item-align-center\">\n            <div class=\"vp-portfolio__item-meta-wrap vp-portfolio__custom-scrollbar\">\n            <div class=\"vp-portfolio__item-meta\">\n                \n<h2 class=\"vp-portfolio__item-meta-title\">\n    <a  href=\"https:\/\/grupo.us.es\/encrucijada\/wp-content\/uploads\/2022\/05\/baltasar4.jpg\" >\u201cAndaluzia\u201d. Baltasar Vellerino de Villalobos, Luz de navegantes (1592)<\/a><\/h2>\n            <\/div>\n        <\/div>\n    <\/figcaption>\n            <\/figure>\n                    <\/div>\n        \n        <div class=\"vp-portfolio__item-wrap vp-portfolio__item-uid-2e18024c\" data-vp-filter=\"\">\n                        <div class=\"vp-portfolio__item-popup\"\n                style=\"display: none;\"\n                data-vp-popup-img=\"https:\/\/grupo.us.es\/encrucijada\/wp-content\/uploads\/2022\/05\/baltasar3.jpg\"\n                data-vp-popup-img-srcset=\"\"\n                data-vp-popup-img-size=\"1406x891\"\n                data-vp-popup-md-img=\"https:\/\/grupo.us.es\/encrucijada\/wp-content\/uploads\/2022\/05\/baltasar3.jpg\"\n                data-vp-popup-md-img-size=\"1406x891\"\n                data-vp-popup-sm-img=\"https:\/\/grupo.us.es\/encrucijada\/wp-content\/uploads\/2022\/05\/baltasar3.jpg\"\n                data-vp-popup-sm-img-size=\"1406x891\"\n            >\n                                    <h3 class=\"vp-portfolio__item-popup-title\">\u201cEl Algarve\u201d. Baltasar Vellerino de Villalobos, Luz de navegantes (1592)<\/h3>\n                                        <div class=\"vp-portfolio__item-popup-description\">\u201cEl Algarve\u201d. Baltasar Vellerino de Villalobos, Luz de navegantes (1592). Manuscrito sobre papel. 20,5 x 28 cm. Sin Escala. Fuente: Biblioteca Hist\u00f3rica de la Universidad de Salamanca, ms. 291, f. 169 (CXII) https:\/\/gredos.usal.es\/handle\/10366\/129725 <\/div>\n                                <\/div>\n                                    <figure class=\"vp-portfolio__item\">\n                \n<div class=\"vp-portfolio__item-img-wrap\">\n    <div class=\"vp-portfolio__item-img\">\n        <a  href=\"https:\/\/grupo.us.es\/encrucijada\/wp-content\/uploads\/2022\/05\/baltasar3.jpg\" >\n        <img loading=\"lazy\" decoding=\"async\" width=\"1406\" height=\"891\" src=\"https:\/\/grupo.us.es\/encrucijada\/wp-content\/uploads\/2022\/05\/baltasar3.jpg\" class=\"wp-image-878\" alt=\"\" \/>\n        <div class=\"vp-portfolio__item-img-overlay\"><\/div>\n\n        <\/a>    <\/div>\n<\/div>\n\n<figcaption class=\"vp-portfolio__item-overlay vp-portfolio__item-align-center\">\n            <div class=\"vp-portfolio__item-meta-wrap vp-portfolio__custom-scrollbar\">\n            <div class=\"vp-portfolio__item-meta\">\n                \n<h2 class=\"vp-portfolio__item-meta-title\">\n    <a  href=\"https:\/\/grupo.us.es\/encrucijada\/wp-content\/uploads\/2022\/05\/baltasar3.jpg\" >\u201cEl Algarve\u201d. Baltasar Vellerino de Villalobos, Luz de navegantes (1592)<\/a><\/h2>\n            <\/div>\n        <\/div>\n    <\/figcaption>\n            <\/figure>\n                    <\/div>\n        \n        <div class=\"vp-portfolio__item-wrap vp-portfolio__item-uid-23702764\" data-vp-filter=\"\">\n                        <div class=\"vp-portfolio__item-popup\"\n                style=\"display: none;\"\n                data-vp-popup-img=\"https:\/\/grupo.us.es\/encrucijada\/wp-content\/uploads\/2022\/05\/baltasar2.jpg\"\n                data-vp-popup-img-srcset=\"\"\n                data-vp-popup-img-size=\"1405x920\"\n                data-vp-popup-md-img=\"https:\/\/grupo.us.es\/encrucijada\/wp-content\/uploads\/2022\/05\/baltasar2.jpg\"\n                data-vp-popup-md-img-size=\"1405x920\"\n                data-vp-popup-sm-img=\"https:\/\/grupo.us.es\/encrucijada\/wp-content\/uploads\/2022\/05\/baltasar2.jpg\"\n                data-vp-popup-sm-img-size=\"1405x920\"\n            >\n                                    <h3 class=\"vp-portfolio__item-popup-title\">\u201cLa Hauana\u201d. Baltasar Vellerino de Villalobos, Luz de navegantes (1592)<\/h3>\n                                        <div class=\"vp-portfolio__item-popup-description\">\u201cLa Hauana\u201d. Baltasar Vellerino de Villalobos, Luz de navegantes (1592). Manuscrito sobre papel. 20,5 x 28 cm. Sin Escala. Fuente: Biblioteca Hist\u00f3rica de la Universidad de Salamanca. ms. 291, f. 155 (CII) https:\/\/gredos.usal.es\/handle\/10366\/129725 <\/div>\n                                <\/div>\n                                    <figure class=\"vp-portfolio__item\">\n                \n<div class=\"vp-portfolio__item-img-wrap\">\n    <div class=\"vp-portfolio__item-img\">\n        <a  href=\"https:\/\/grupo.us.es\/encrucijada\/wp-content\/uploads\/2022\/05\/baltasar2.jpg\" >\n        <img loading=\"lazy\" decoding=\"async\" width=\"1405\" height=\"920\" src=\"https:\/\/grupo.us.es\/encrucijada\/wp-content\/uploads\/2022\/05\/baltasar2.jpg\" class=\"wp-image-877\" alt=\"\" \/>\n        <div class=\"vp-portfolio__item-img-overlay\"><\/div>\n\n        <\/a>    <\/div>\n<\/div>\n\n<figcaption class=\"vp-portfolio__item-overlay vp-portfolio__item-align-center\">\n            <div class=\"vp-portfolio__item-meta-wrap vp-portfolio__custom-scrollbar\">\n            <div class=\"vp-portfolio__item-meta\">\n                \n<h2 class=\"vp-portfolio__item-meta-title\">\n    <a  href=\"https:\/\/grupo.us.es\/encrucijada\/wp-content\/uploads\/2022\/05\/baltasar2.jpg\" >\u201cLa Hauana\u201d. Baltasar Vellerino de Villalobos, Luz de navegantes (1592)<\/a><\/h2>\n            <\/div>\n        <\/div>\n    <\/figcaption>\n            <\/figure>\n                    <\/div>\n        \n        <div class=\"vp-portfolio__item-wrap vp-portfolio__item-uid-eccb7097\" data-vp-filter=\"\">\n                        <div class=\"vp-portfolio__item-popup\"\n                style=\"display: none;\"\n                data-vp-popup-img=\"https:\/\/grupo.us.es\/encrucijada\/wp-content\/uploads\/2022\/05\/baltasar1.jpg\"\n                data-vp-popup-img-srcset=\"\"\n                data-vp-popup-img-size=\"1480x956\"\n                data-vp-popup-md-img=\"https:\/\/grupo.us.es\/encrucijada\/wp-content\/uploads\/2022\/05\/baltasar1.jpg\"\n                data-vp-popup-md-img-size=\"1480x956\"\n                data-vp-popup-sm-img=\"https:\/\/grupo.us.es\/encrucijada\/wp-content\/uploads\/2022\/05\/baltasar1.jpg\"\n                data-vp-popup-sm-img-size=\"1480x956\"\n            >\n                                    <h3 class=\"vp-portfolio__item-popup-title\">\u201cPuerto Rico\u201d. Baltasar Vellerino de Villalobos, Luz de navegantes (1592)<\/h3>\n                                        <div class=\"vp-portfolio__item-popup-description\">\u201cPuerto Rico\u201d. Baltasar Vellerino de Villalobos, Luz de navegantes (1592). Manuscrito sobre papel. 20,5 x 28 cm. Sin Escala. Fuente: Biblioteca Hist\u00f3rica de la Universidad de Salamanca, ms. 291, f. 66 (XXXI) https:\/\/gredos.usal.es\/handle\/10366\/129725 <\/div>\n                                <\/div>\n                                    <figure class=\"vp-portfolio__item\">\n                \n<div class=\"vp-portfolio__item-img-wrap\">\n    <div class=\"vp-portfolio__item-img\">\n        <a  href=\"https:\/\/grupo.us.es\/encrucijada\/wp-content\/uploads\/2022\/05\/baltasar1.jpg\" >\n        <img loading=\"lazy\" decoding=\"async\" width=\"1480\" height=\"956\" src=\"https:\/\/grupo.us.es\/encrucijada\/wp-content\/uploads\/2022\/05\/baltasar1.jpg\" class=\"wp-image-876\" alt=\"\" \/>\n        <div class=\"vp-portfolio__item-img-overlay\"><\/div>\n\n        <\/a>    <\/div>\n<\/div>\n\n<figcaption class=\"vp-portfolio__item-overlay vp-portfolio__item-align-center\">\n            <div class=\"vp-portfolio__item-meta-wrap vp-portfolio__custom-scrollbar\">\n            <div class=\"vp-portfolio__item-meta\">\n                \n<h2 class=\"vp-portfolio__item-meta-title\">\n    <a  href=\"https:\/\/grupo.us.es\/encrucijada\/wp-content\/uploads\/2022\/05\/baltasar1.jpg\" >\u201cPuerto Rico\u201d. Baltasar Vellerino de Villalobos, Luz de navegantes (1592)<\/a><\/h2>\n            <\/div>\n        <\/div>\n    <\/figcaption>\n            <\/figure>\n                    <\/div>\n        \n        <div class=\"vp-portfolio__item-wrap vp-portfolio__item-uid-67778ec3\" data-vp-filter=\"\">\n                        <div class=\"vp-portfolio__item-popup\"\n                style=\"display: none;\"\n                data-vp-popup-img=\"https:\/\/grupo.us.es\/encrucijada\/wp-content\/uploads\/2022\/05\/baetica5.jpg\"\n                data-vp-popup-img-srcset=\"\"\n                data-vp-popup-img-size=\"523x700\"\n                data-vp-popup-md-img=\"https:\/\/grupo.us.es\/encrucijada\/wp-content\/uploads\/2022\/05\/baetica5.jpg\"\n                data-vp-popup-md-img-size=\"523x700\"\n                data-vp-popup-sm-img=\"https:\/\/grupo.us.es\/encrucijada\/wp-content\/uploads\/2022\/05\/baetica5.jpg\"\n                data-vp-popup-sm-img-size=\"523x700\"\n            >\n                                    <h3 class=\"vp-portfolio__item-popup-title\">The Island City &amp; Port of Cadis, 1695<\/h3>\n                                        <div class=\"vp-portfolio__item-popup-description\">The Island City &amp; Port of Cadis, 1695. Herman Moll. Pertenece a la obra Thesaurus Geographicus. Un nuovo corpo di Geografia: o una descrizione completa della terra\u2026 Fuente: Institut Cartogr\u00e0fic i Geol\u00f2gic de Catalunya, Public Domain Mark 1.0. <\/div>\n                                <\/div>\n                                    <figure class=\"vp-portfolio__item\">\n                \n<div class=\"vp-portfolio__item-img-wrap\">\n    <div class=\"vp-portfolio__item-img\">\n        <a  href=\"https:\/\/grupo.us.es\/encrucijada\/wp-content\/uploads\/2022\/05\/baetica5.jpg\" >\n        <img loading=\"lazy\" decoding=\"async\" width=\"523\" height=\"700\" src=\"https:\/\/grupo.us.es\/encrucijada\/wp-content\/uploads\/2022\/05\/baetica5.jpg\" class=\"wp-image-875\" alt=\"\" \/>\n        <div class=\"vp-portfolio__item-img-overlay\"><\/div>\n\n        <\/a>    <\/div>\n<\/div>\n\n<figcaption class=\"vp-portfolio__item-overlay vp-portfolio__item-align-center\">\n            <div class=\"vp-portfolio__item-meta-wrap vp-portfolio__custom-scrollbar\">\n            <div class=\"vp-portfolio__item-meta\">\n                \n<h2 class=\"vp-portfolio__item-meta-title\">\n    <a  href=\"https:\/\/grupo.us.es\/encrucijada\/wp-content\/uploads\/2022\/05\/baetica5.jpg\" >The Island City &amp; Port of Cadis, 1695<\/a><\/h2>\n            <\/div>\n        <\/div>\n    <\/figcaption>\n            <\/figure>\n                    <\/div>\n        \n        <div class=\"vp-portfolio__item-wrap vp-portfolio__item-uid-a8ccd930\" data-vp-filter=\"\">\n                        <div class=\"vp-portfolio__item-popup\"\n                style=\"display: none;\"\n                data-vp-popup-img=\"https:\/\/grupo.us.es\/encrucijada\/wp-content\/uploads\/2022\/05\/baetica4.jpg\"\n                data-vp-popup-img-srcset=\"\"\n                data-vp-popup-img-size=\"1600x1017\"\n                data-vp-popup-md-img=\"https:\/\/grupo.us.es\/encrucijada\/wp-content\/uploads\/2022\/05\/baetica4.jpg\"\n                data-vp-popup-md-img-size=\"1600x1017\"\n                data-vp-popup-sm-img=\"https:\/\/grupo.us.es\/encrucijada\/wp-content\/uploads\/2022\/05\/baetica4.jpg\"\n                data-vp-popup-sm-img-size=\"1600x1017\"\n            >\n                                    <h3 class=\"vp-portfolio__item-popup-title\">Mapa de Espa\u00f1a y Portugal<\/h3>\n                                        <div class=\"vp-portfolio__item-popup-description\">Mapa de Espa\u00f1a y Portugal. \u201cA New and Exact Map of Spain &amp; Portugal: Divided into is Kingdoms and Principalities &amp; c with ye Principal Roads and considerable Improvements, the whole rectifyd according to ye Newest Observations\u201d, Herman Moll, 1711. Fuente: Wikipedia (https:\/\/commons.wikimedia.org\/wiki\/File:Spain_and_Portugal_-_Herman_Moll,_1711.jpg)<\/div>\n                                <\/div>\n                                    <figure class=\"vp-portfolio__item\">\n                \n<div class=\"vp-portfolio__item-img-wrap\">\n    <div class=\"vp-portfolio__item-img\">\n        <a  href=\"https:\/\/grupo.us.es\/encrucijada\/wp-content\/uploads\/2022\/05\/baetica4.jpg\" >\n        <img loading=\"lazy\" decoding=\"async\" width=\"1600\" height=\"1017\" src=\"https:\/\/grupo.us.es\/encrucijada\/wp-content\/uploads\/2022\/05\/baetica4.jpg\" class=\"wp-image-874\" alt=\"\" \/>\n        <div class=\"vp-portfolio__item-img-overlay\"><\/div>\n\n        <\/a>    <\/div>\n<\/div>\n\n<figcaption class=\"vp-portfolio__item-overlay vp-portfolio__item-align-center\">\n            <div class=\"vp-portfolio__item-meta-wrap vp-portfolio__custom-scrollbar\">\n            <div class=\"vp-portfolio__item-meta\">\n                \n<h2 class=\"vp-portfolio__item-meta-title\">\n    <a  href=\"https:\/\/grupo.us.es\/encrucijada\/wp-content\/uploads\/2022\/05\/baetica4.jpg\" >Mapa de Espa\u00f1a y Portugal<\/a><\/h2>\n            <\/div>\n        <\/div>\n    <\/figcaption>\n            <\/figure>\n                    <\/div>\n        \n        <div class=\"vp-portfolio__item-wrap vp-portfolio__item-uid-b35660b1\" data-vp-filter=\"\">\n                        <div class=\"vp-portfolio__item-popup\"\n                style=\"display: none;\"\n                data-vp-popup-img=\"https:\/\/grupo.us.es\/encrucijada\/wp-content\/uploads\/2022\/05\/baetica3.png\"\n                data-vp-popup-img-srcset=\"\"\n                data-vp-popup-img-size=\"400x681\"\n                data-vp-popup-md-img=\"https:\/\/grupo.us.es\/encrucijada\/wp-content\/uploads\/2022\/05\/baetica3.png\"\n                data-vp-popup-md-img-size=\"400x681\"\n                data-vp-popup-sm-img=\"https:\/\/grupo.us.es\/encrucijada\/wp-content\/uploads\/2022\/05\/baetica3.png\"\n                data-vp-popup-sm-img-size=\"400x681\"\n            >\n                                    <h3 class=\"vp-portfolio__item-popup-title\">Mapa de Lilliput de Benjamin Motte seg\u00fan el realizado por Herman Moll<\/h3>\n                                        <div class=\"vp-portfolio__item-popup-description\">Mapa de Lilliput de Benjamin Motte seg\u00fan el realizado por Herman Moll. Fuente: Swift, Jonathan, Los viajes de Gulliver, 1726<\/div>\n                                <\/div>\n                                    <figure class=\"vp-portfolio__item\">\n                \n<div class=\"vp-portfolio__item-img-wrap\">\n    <div class=\"vp-portfolio__item-img\">\n        <a  href=\"https:\/\/grupo.us.es\/encrucijada\/wp-content\/uploads\/2022\/05\/baetica3.png\" >\n        <img loading=\"lazy\" decoding=\"async\" width=\"400\" height=\"681\" src=\"https:\/\/grupo.us.es\/encrucijada\/wp-content\/uploads\/2022\/05\/baetica3.png\" class=\"wp-image-873\" alt=\"\" \/>\n        <div class=\"vp-portfolio__item-img-overlay\"><\/div>\n\n        <\/a>    <\/div>\n<\/div>\n\n<figcaption class=\"vp-portfolio__item-overlay vp-portfolio__item-align-center\">\n            <div class=\"vp-portfolio__item-meta-wrap vp-portfolio__custom-scrollbar\">\n            <div class=\"vp-portfolio__item-meta\">\n                \n<h2 class=\"vp-portfolio__item-meta-title\">\n    <a  href=\"https:\/\/grupo.us.es\/encrucijada\/wp-content\/uploads\/2022\/05\/baetica3.png\" >Mapa de Lilliput de Benjamin Motte seg\u00fan el realizado por Herman Moll<\/a><\/h2>\n            <\/div>\n        <\/div>\n    <\/figcaption>\n            <\/figure>\n                    <\/div>\n        \n        <div class=\"vp-portfolio__item-wrap vp-portfolio__item-uid-d6e4ffc9\" data-vp-filter=\"\">\n                        <div class=\"vp-portfolio__item-popup\"\n                style=\"display: none;\"\n                data-vp-popup-img=\"https:\/\/grupo.us.es\/encrucijada\/wp-content\/uploads\/2022\/05\/baetica2.jpg\"\n                data-vp-popup-img-srcset=\"\"\n                data-vp-popup-img-size=\"1345x875\"\n                data-vp-popup-md-img=\"https:\/\/grupo.us.es\/encrucijada\/wp-content\/uploads\/2022\/05\/baetica2.jpg\"\n                data-vp-popup-md-img-size=\"1345x875\"\n                data-vp-popup-sm-img=\"https:\/\/grupo.us.es\/encrucijada\/wp-content\/uploads\/2022\/05\/baetica2.jpg\"\n                data-vp-popup-sm-img-size=\"1345x875\"\n            >\n                                    <h3 class=\"vp-portfolio__item-popup-title\">Baetica or the Southern Part of Spain as it is described by Caesar de Bello Hispanico. Londres, 1717<\/h3>\n                                        <div class=\"vp-portfolio__item-popup-description\">Baetica or the Southern Part of Spain as it is described by Caesar de Bello Hispanico. Londres, 1717. Fuente: Instituto Geogr\u00e1fico Nacional, 912-39. CC-BY 4.0, https:\/\/creativecommons.org\/licenses\/by\/4.0\/ <\/div>\n                                <\/div>\n                                    <figure class=\"vp-portfolio__item\">\n                \n<div class=\"vp-portfolio__item-img-wrap\">\n    <div class=\"vp-portfolio__item-img\">\n        <a  href=\"https:\/\/grupo.us.es\/encrucijada\/wp-content\/uploads\/2022\/05\/baetica2.jpg\" >\n        <img loading=\"lazy\" decoding=\"async\" width=\"1345\" height=\"875\" src=\"https:\/\/grupo.us.es\/encrucijada\/wp-content\/uploads\/2022\/05\/baetica2.jpg\" class=\"wp-image-872\" alt=\"\" \/>\n        <div class=\"vp-portfolio__item-img-overlay\"><\/div>\n\n        <\/a>    <\/div>\n<\/div>\n\n<figcaption class=\"vp-portfolio__item-overlay vp-portfolio__item-align-center\">\n            <div class=\"vp-portfolio__item-meta-wrap vp-portfolio__custom-scrollbar\">\n            <div class=\"vp-portfolio__item-meta\">\n                \n<h2 class=\"vp-portfolio__item-meta-title\">\n    <a  href=\"https:\/\/grupo.us.es\/encrucijada\/wp-content\/uploads\/2022\/05\/baetica2.jpg\" >Baetica or the Southern Part of Spain as it is described by Caesar de Bello Hispanico. Londres, 1717<\/a><\/h2>\n            <\/div>\n        <\/div>\n    <\/figcaption>\n            <\/figure>\n                    <\/div>\n        \n        <div class=\"vp-portfolio__item-wrap vp-portfolio__item-uid-f751c916\" data-vp-filter=\"\">\n                        <div class=\"vp-portfolio__item-popup\"\n                style=\"display: none;\"\n                data-vp-popup-img=\"https:\/\/grupo.us.es\/encrucijada\/wp-content\/uploads\/2022\/05\/baetica1.jpg\"\n                data-vp-popup-img-srcset=\"\"\n                data-vp-popup-img-size=\"2500x1711\"\n                data-vp-popup-md-img=\"https:\/\/grupo.us.es\/encrucijada\/wp-content\/uploads\/2022\/05\/baetica1.jpg\"\n                data-vp-popup-md-img-size=\"2500x1711\"\n                data-vp-popup-sm-img=\"https:\/\/grupo.us.es\/encrucijada\/wp-content\/uploads\/2022\/05\/baetica1.jpg\"\n                data-vp-popup-sm-img-size=\"2500x1711\"\n            >\n                                    <h3 class=\"vp-portfolio__item-popup-title\">Frontispicio de GEOGRAPHIA CLASSICA<\/h3>\n                                        <div class=\"vp-portfolio__item-popup-description\">Frontispicio de GEOGRAPHIA CLASSICA \u2013 Emendata, ex Graecorum Latinorumq \/ Authoribus Antiquis, ubi Tabellis XXXII \/ veterum Locorum Appellationes Geographiae recentissima \/ et Accuratissimae summa cum diligentia accommodantur: \/ Doctissimo Viro \/ Whilhelmo Stukley M.D. \/ Collegii Medicorum Londinensium et Societatis \/ Regiae ibidem Socio, Humillime oblata ab \/ Hermanno Moll Geographo. Londres. 1730. Fuente: The British Museum, 1895,1031.569. CC BY-NC-SA 4.0, https:\/\/creativecommons.org\/licenses\/by-nc-sa\/4.0\/ <\/div>\n                                <\/div>\n                                    <figure class=\"vp-portfolio__item\">\n                \n<div class=\"vp-portfolio__item-img-wrap\">\n    <div class=\"vp-portfolio__item-img\">\n        <a  href=\"https:\/\/grupo.us.es\/encrucijada\/wp-content\/uploads\/2022\/05\/baetica1.jpg\" >\n        <img loading=\"lazy\" decoding=\"async\" width=\"2500\" height=\"1711\" src=\"https:\/\/grupo.us.es\/encrucijada\/wp-content\/uploads\/2022\/05\/baetica1.jpg\" class=\"wp-image-871\" alt=\"\" \/>\n        <div class=\"vp-portfolio__item-img-overlay\"><\/div>\n\n        <\/a>    <\/div>\n<\/div>\n\n<figcaption class=\"vp-portfolio__item-overlay vp-portfolio__item-align-center\">\n            <div class=\"vp-portfolio__item-meta-wrap vp-portfolio__custom-scrollbar\">\n            <div class=\"vp-portfolio__item-meta\">\n                \n<h2 class=\"vp-portfolio__item-meta-title\">\n    <a  href=\"https:\/\/grupo.us.es\/encrucijada\/wp-content\/uploads\/2022\/05\/baetica1.jpg\" >Frontispicio de GEOGRAPHIA CLASSICA<\/a><\/h2>\n            <\/div>\n        <\/div>\n    <\/figcaption>\n            <\/figure>\n                    <\/div>\n        \n        <div class=\"vp-portfolio__item-wrap vp-portfolio__item-uid-d835e9d6\" data-vp-filter=\"\">\n                        <div class=\"vp-portfolio__item-popup\"\n                style=\"display: none;\"\n                data-vp-popup-img=\"https:\/\/grupo.us.es\/encrucijada\/wp-content\/uploads\/2022\/05\/andaluziae2.jpg\"\n                data-vp-popup-img-srcset=\"\"\n                data-vp-popup-img-size=\"1352x1152\"\n                data-vp-popup-md-img=\"https:\/\/grupo.us.es\/encrucijada\/wp-content\/uploads\/2022\/05\/andaluziae2.jpg\"\n                data-vp-popup-md-img-size=\"1352x1152\"\n                data-vp-popup-sm-img=\"https:\/\/grupo.us.es\/encrucijada\/wp-content\/uploads\/2022\/05\/andaluziae2.jpg\"\n                data-vp-popup-sm-img-size=\"1352x1152\"\n            >\n                                    <h3 class=\"vp-portfolio__item-popup-title\">Retrato grabado a doble p\u00e1gina de Mercator y Hondius<\/h3>\n                                        <div class=\"vp-portfolio__item-popup-description\">Retrato grabado a doble p\u00e1gina de Mercator y Hondius. \u201cL&#8217;Atlas ou m\u00e9ditations Cosmographiques de la Fabrique du monde et la figura d&#8217;Iceluy. Commenc\u00e9 en Am\u00e9rica par le tr\u00e8s docte Gerard Mercator, parachev\u00e9 por Jodocus Hondius\u201d. Fuente: Wikipedia (https:\/\/commons.wikimedia.org\/wiki\/File:Hondius_Portrait_of_map-makers.jpg)<\/div>\n                                <\/div>\n                                    <figure class=\"vp-portfolio__item\">\n                \n<div class=\"vp-portfolio__item-img-wrap\">\n    <div class=\"vp-portfolio__item-img\">\n        <a  href=\"https:\/\/grupo.us.es\/encrucijada\/wp-content\/uploads\/2022\/05\/andaluziae2.jpg\" >\n        <img loading=\"lazy\" decoding=\"async\" width=\"1352\" height=\"1152\" src=\"https:\/\/grupo.us.es\/encrucijada\/wp-content\/uploads\/2022\/05\/andaluziae2.jpg\" class=\"wp-image-870\" alt=\"\" \/>\n        <div class=\"vp-portfolio__item-img-overlay\"><\/div>\n\n        <\/a>    <\/div>\n<\/div>\n\n<figcaption class=\"vp-portfolio__item-overlay vp-portfolio__item-align-center\">\n            <div class=\"vp-portfolio__item-meta-wrap vp-portfolio__custom-scrollbar\">\n            <div class=\"vp-portfolio__item-meta\">\n                \n<h2 class=\"vp-portfolio__item-meta-title\">\n    <a  href=\"https:\/\/grupo.us.es\/encrucijada\/wp-content\/uploads\/2022\/05\/andaluziae2.jpg\" >Retrato grabado a doble p\u00e1gina de Mercator y Hondius<\/a><\/h2>\n            <\/div>\n        <\/div>\n    <\/figcaption>\n            <\/figure>\n                    <\/div>\n        \n        <div class=\"vp-portfolio__item-wrap vp-portfolio__item-uid-004e0756\" data-vp-filter=\"\">\n                        <div class=\"vp-portfolio__item-popup\"\n                style=\"display: none;\"\n                data-vp-popup-img=\"https:\/\/grupo.us.es\/encrucijada\/wp-content\/uploads\/2022\/05\/andaluziae1.jpg\"\n                data-vp-popup-img-srcset=\"\"\n                data-vp-popup-img-size=\"1200x835\"\n                data-vp-popup-md-img=\"https:\/\/grupo.us.es\/encrucijada\/wp-content\/uploads\/2022\/05\/andaluziae1.jpg\"\n                data-vp-popup-md-img-size=\"1200x835\"\n                data-vp-popup-sm-img=\"https:\/\/grupo.us.es\/encrucijada\/wp-content\/uploads\/2022\/05\/andaluziae1.jpg\"\n                data-vp-popup-sm-img-size=\"1200x835\"\n            >\n                                    <h3 class=\"vp-portfolio__item-popup-title\">Andaluziae nova descript.[io], de Jodocus Hondius. Amsterdam, 1606<\/h3>\n                                        <div class=\"vp-portfolio__item-popup-description\">Andaluziae nova descript.[io], de Jodocus Hondius. Amsterdam, 1606. Grabado. 36 X 50 cm. Escala [ca. 1:1.360.542]. Fuente: BNE, GMG\/392 (http:\/\/bdh-rd.bne.es\/viewer.vm?id=0000001063&amp;page=100)<\/div>\n                                <\/div>\n                                    <figure class=\"vp-portfolio__item\">\n                \n<div class=\"vp-portfolio__item-img-wrap\">\n    <div class=\"vp-portfolio__item-img\">\n        <a  href=\"https:\/\/grupo.us.es\/encrucijada\/wp-content\/uploads\/2022\/05\/andaluziae1.jpg\" >\n        <img loading=\"lazy\" decoding=\"async\" width=\"1200\" height=\"835\" src=\"https:\/\/grupo.us.es\/encrucijada\/wp-content\/uploads\/2022\/05\/andaluziae1.jpg\" class=\"wp-image-869\" alt=\"\" \/>\n        <div class=\"vp-portfolio__item-img-overlay\"><\/div>\n\n        <\/a>    <\/div>\n<\/div>\n\n<figcaption class=\"vp-portfolio__item-overlay vp-portfolio__item-align-center\">\n            <div class=\"vp-portfolio__item-meta-wrap vp-portfolio__custom-scrollbar\">\n            <div class=\"vp-portfolio__item-meta\">\n                \n<h2 class=\"vp-portfolio__item-meta-title\">\n    <a  href=\"https:\/\/grupo.us.es\/encrucijada\/wp-content\/uploads\/2022\/05\/andaluziae1.jpg\" >Andaluziae nova descript.[io], de Jodocus Hondius. Amsterdam, 1606<\/a><\/h2>\n            <\/div>\n        <\/div>\n    <\/figcaption>\n            <\/figure>\n                    <\/div>\n        \n<\/div>\n        <\/div>\n        \n<\/div>\n        <\/div>\n        ","protected":false},"excerpt":{"rendered":"","protected":false},"author":1,"featured_media":888,"comment_status":"closed","ping_status":"","sticky":false,"template":"","format":"standard","meta":{"_vp_format_video_url":"","_vp_image_focal_point":{"x":"0.52","y":"0.53"},"footnotes":""},"categories":[14,186],"tags":[],"class_list":["post-2309","post","type-post","status-publish","format-standard","has-post-thumbnail","hentry","category-banco-imagenes","category-paisaje-cartografia-imagenes","entry","has-media"],"_links":{"self":[{"href":"https:\/\/grupo.us.es\/encrucijada\/wp-json\/wp\/v2\/posts\/2309","targetHints":{"allow":["GET"]}}],"collection":[{"href":"https:\/\/grupo.us.es\/encrucijada\/wp-json\/wp\/v2\/posts"}],"about":[{"href":"https:\/\/grupo.us.es\/encrucijada\/wp-json\/wp\/v2\/types\/post"}],"author":[{"embeddable":true,"href":"https:\/\/grupo.us.es\/encrucijada\/wp-json\/wp\/v2\/users\/1"}],"replies":[{"embeddable":true,"href":"https:\/\/grupo.us.es\/encrucijada\/wp-json\/wp\/v2\/comments?post=2309"}],"version-history":[{"count":12,"href":"https:\/\/grupo.us.es\/encrucijada\/wp-json\/wp\/v2\/posts\/2309\/revisions"}],"predecessor-version":[{"id":3894,"href":"https:\/\/grupo.us.es\/encrucijada\/wp-json\/wp\/v2\/posts\/2309\/revisions\/3894"}],"wp:featuredmedia":[{"embeddable":true,"href":"https:\/\/grupo.us.es\/encrucijada\/wp-json\/wp\/v2\/media\/888"}],"wp:attachment":[{"href":"https:\/\/grupo.us.es\/encrucijada\/wp-json\/wp\/v2\/media?parent=2309"}],"wp:term":[{"taxonomy":"category","embeddable":true,"href":"https:\/\/grupo.us.es\/encrucijada\/wp-json\/wp\/v2\/categories?post=2309"},{"taxonomy":"post_tag","embeddable":true,"href":"https:\/\/grupo.us.es\/encrucijada\/wp-json\/wp\/v2\/tags?post=2309"}],"curies":[{"name":"wp","href":"https:\/\/api.w.org\/{rel}","templated":true}]}}