{"id":1957,"date":"2022-06-29T14:38:51","date_gmt":"2022-06-29T14:38:51","guid":{"rendered":"https:\/\/grupo.us.es\/encrucijada\/?p=1957"},"modified":"2022-07-04T09:24:19","modified_gmt":"2022-07-04T09:24:19","slug":"betica-antigua-segun-el-sistema-de-ptolomeo-1752-de-enrique-florez","status":"publish","type":"post","link":"https:\/\/grupo.us.es\/encrucijada\/betica-antigua-segun-el-sistema-de-ptolomeo-1752-de-enrique-florez\/","title":{"rendered":"B\u00e9tica antigua seg\u00fan el sistema de Ptolomeo (1752) de Enrique Fl\u00f3rez"},"content":{"rendered":"\n<div class=\"wp-block-columns is-layout-flex wp-container-core-columns-is-layout-9d6595d7 wp-block-columns-is-layout-flex\">\n<div class=\"wp-block-column is-layout-flow wp-block-column-is-layout-flow\" style=\"flex-basis:66.66%\">\n<p style=\"text-align: justify;\">Uno de los mapas de la Edad Moderna m\u00e1s conocido de Andaluc\u00eda sobre tem\u00e1tica hist\u00f3rica, concretamente de la \u00e9poca romana, es el realizado por el historiador, te\u00f3logo, ge\u00f3grafo, arque\u00f3logo\u2026 Enrique Fl\u00f3rez. Este religioso agustino, cuyo nombre completo era Enrique Fernando Fl\u00f3rez de Seti\u00e9n Huidobro y Velasco, naci\u00f3 en la localidad de Villadiego (Burgos) en julio de 1702 y muri\u00f3 en mayo de 1773 en Madrid. Cuando todav\u00eda no hab\u00eda cumplido los 16 a\u00f1os toma el h\u00e1bito en el convento de San Agust\u00edn de Salamanca a principios de 1718. Aqu\u00ed comenz\u00f3 sus estudios de Filosof\u00eda y Artes, residiendo en el colegio agustiniano de Valladolid y posteriormente, en Salamanca, donde termin\u00f3 su aprendizaje en Teolog\u00eda en 1725. En 1729 se doctor\u00f3 y luego fue catedr\u00e1tico en la Universidad de Alcal\u00e1. Escribi\u00f3 diversas obras dedicadas principalmente a los estudios de teolog\u00eda e historia eclesi\u00e1stica.<\/p>\n<p style=\"text-align: justify;\">En 1747, con 45 a\u00f1os, public\u00f3 el primer tomo de su inmensa obra <em>Espa\u00f1a sagrada. Theatro geographico-historico de la iglesia de Espa\u00f1a<\/em>. A este primer tomo le siguieron otros 55, aunque Fl\u00f3rez \u201c\u00fanicamente\u201d escribi\u00f3 los 29 primeros. A partir del sexto tomo publicado, Fernando VI lo tom\u00f3 bajo su protecci\u00f3n para que continuara su magno cometido. Esta obra supuso un hito historiogr\u00e1fico en la Espa\u00f1a del siglo de las Luces, principalmente por su metodolog\u00eda y sistem\u00e1tica empleada, ya que se fundamenta en el estudio de documentos originales y en su an\u00e1lisis objetivo, confirmando el uso del m\u00e9todo cient\u00edfico como procedimiento y t\u00e9cnica de investigaci\u00f3n. Esto hizo que la <em>Espa\u00f1a Sagrada<\/em> se convirtiera en un referente para numerosos autores, tanto contempor\u00e1neos como posteriores. Fue la principal fuente de informaci\u00f3n para el conocimiento de la historia general de la iglesia de Espa\u00f1a. Para ello viaj\u00f3 por diferentes lugares para realizar sus estudios, precisamente en los mismos sitios donde se desarroll\u00f3 los acontecimientos que pretend\u00eda explicar. Aunque, como el propio Fl\u00f3rez dijo en el pr\u00f3logo del tomo IX que trata de la <em>Provincia Antigua de la B\u00e9tica<\/em>: \u201c<em>S\u00e9 que he revuelto libros antiguos, y modernos: <\/em><em>que he consultado dudas: que he suplido por los Mapas de Sevilla, de Cordoba, de Granada, de Jaen, de Malaga, y de otros, formados en Espa\u00f1a, lo que yo no he pisado <\/em>\u00ab. Pero lo cierto es que Enrique Fl\u00f3rez realiz\u00f3 dos viajes a la B\u00e9tica. En su primer itinerario, que tuvo lugar entre mayo y junio de 1768, se centr\u00f3 en la parte occidental de la B\u00e9tica, visitando poblaciones como Sevilla, El Arahal, Las Cabezas, C\u00f3rdoba, Montoro, C\u00e1diz, Jerez de la Frontera o El Puerto de Santa Mar\u00eda.\u00a0 En su segundo viaje, realizado entre los meses de abril y junio de 1770 se circunscribi\u00f3 a la zona oriental de la regi\u00f3n, visitando, por ejemplo, Granada, Guadix, Ja\u00e9n, And\u00fajar, Alcal\u00e1 la Real, Linares o Baeza.<\/p>\n<p style=\"text-align: justify;\">No todo el contenido de esta obra fue original y personal, sino que en considerables ocasiones documentos preexistentes fueron transcritos especialmente para este objetivo, incluso muchos de los mapas que acompa\u00f1an al texto de los diferentes tomos fueron copiados, aunque en su mayor\u00eda mejorados para determinar de forma m\u00e1s o menos exacta las localidades que conformaban las zonas cartografiadas y los l\u00edmites de los obispados. Para ello consult\u00f3 mapas tan antiguos como el <em>Hispalensis conventus delineatio<\/em> de 1579 de Jer\u00f3nimo de Chaves (1523-1574) u otros m\u00e1s recientes como el <em>Mapa del Reynado de Sevilla<\/em> de 1748 del Ingeniero Don Francisco Llobet (1705-1785). Tambi\u00e9n fue el propio Fl\u00f3rez quien dise\u00f1a varios de los mapas que aparecen en la obra, aunque la tarea art\u00edstica no s\u00f3lo se centr\u00f3 en la parte cartogr\u00e1fica, sino que tambi\u00e9n la llev\u00f3 a cabo en otros tipos de dibujos. Destacamos, como se\u00f1ala Campos y Fern\u00e1ndez de Sevilla en la <em>Iconograf\u00eda del P. Enrique Fl\u00f3rez y su obra como dibujante<\/em> las siguientes ilustraciones:<\/p>\n<ul>\n<li style=\"text-align: justify;\">Dibujos de las esferas y del globo terr\u00e1queo, pp. 97 y 121. (Tomo I).<\/li>\n<li style=\"text-align: justify;\"><em>Mapa de los Obispados y Provincias antiguas de la Iglesia de Espa\u00f1a en tiempos de los Godos<\/em>, p. 106. (Tomo IV).<\/li>\n<li style=\"text-align: justify;\"><em>Mapa de las regiones, r\u00edos, montes, promontorios y pueblos conocidos de la Provincia antigua Cartagin<\/em>ense, p. 49 y <em>Mapa de la Provincia antigua Cartaginense, seg\u00fan el sistema de Claudio Tolomeo<\/em>, p. 401. (Tomo V).<\/li>\n<li style=\"text-align: justify;\"><em>B\u00e9tica antigua, con sus montes, r\u00edos y pueblos conocidos<\/em>, p. y <em>Mapa de la B\u00e9tica antigua, seg\u00fan el sistema de Tolomeo<\/em>, p. 336. (Tomo IX).<\/li>\n<li style=\"text-align: justify;\"><em>Mapa de Lusitania Ptolomaei<\/em>, p. 388. (Tomo XIII).<\/li>\n<li style=\"text-align: justify;\"><em>Mapa de Lusitania antigua<\/em>, p. 1. (Tomo XIV).<\/li>\n<li style=\"text-align: justify;\"><em>Mapa de Gallaecia Ptolomaei<\/em>, p. 366. (Tomo XV).<\/li>\n<li style=\"text-align: justify;\"><em>Mapa de Tarraconensis Provincia secundum Claud. Ptolomeum<\/em>, p. 64. (Tomo XXIV).<\/li>\n<\/ul>\n<p style=\"text-align: justify;\">Tambi\u00e9n llev\u00f3 a cabo otras l\u00e1minas concernientes al \u00e1mbito de la geograf\u00eda como el que aparece en el <em>Mapa de todos los sitios de batallas que tuvieron los romanos en Espa\u00f1a: con descripci\u00f3n historial y chronologica de los sucesos y nombres antiguos de todas las provincias<\/em>, que es una copia del que aparece en el Tomo IV de igual nombre. Del mismo modo, aunque ya se indic\u00f3 anteriormente, queremos subrayar los dibujos de esferas y el globo terr\u00e1queo publicados en la <a href=\"https:\/\/liburutegibiltegi.bizkaia.eus\/bitstream\/handle\/20.500.11938\/77835\/b11126383.pdf?sequence=1&amp;isAllowed=y\" target=\"_blank\" rel=\"noopener\"><em>Clave geogr\u00e1fica para aprender geograf\u00eda los que no tienen maestro <\/em><\/a>(pp. 234 y 312) en 1769. Aunque \u00e9stos formaban parte de la <em>Espa\u00f1a Sagrada<\/em> se public\u00f3 de modo separado logrando un gran \u00e9xito de ventas. Posteriormente, al igual que ocurri\u00f3 con el <em>Mapa de todos los sitios de batallas\u2026 <\/em>se suprimi\u00f3 el nombre de Enrique Fl\u00f3rez en la estampa del grabado, hecho que ocurr\u00eda con cierta frecuencia en esa \u00e9poca.<\/p>\n<p style=\"text-align: justify;\">Pero para elaborar la mayor\u00eda de estos mapas, Enrique Fl\u00f3rez necesit\u00f3 de la colaboraci\u00f3n de distintos grabadores, algunos de los cuales ten\u00edan cierto renombre en el momento de su participaci\u00f3n o lo adquirieron con posterioridad como Pablo Minguet e Yrol (1733-1778) que tambi\u00e9n hizo, entre otros, el <em>Mapa de la provincia y missiones de la compa\u00f1ia de IHJ del Nuevo Reyno de Granada<\/em> o, tambi\u00e9n, el <em>mapa de Guayaquil<\/em>; Juan Fernando Palomino (m. 1793) que grab\u00f3 diferentes vistas de ciudades como las de Lucena, Bujalance, Ja\u00e9n, And\u00fajar\u2026; Manuel Salvador Carmona (1734-1820): que particip\u00f3 en la <em>Topograf\u00eda del Real Sitio de Aranjuez <\/em>y el <em>Atlas Geographico de la Am\u00e9rica Septentrional y Meridional<\/em> de Tom\u00e1s L\u00f3pez (1730-1802), o el <em>Atlas Mar\u00edtimo de Espa\u00f1a<\/em> de Vicente Tofi\u00f1o de San Miguel (1732-1795), etc.<\/p>\n<p style=\"text-align: justify;\">El <em>Mapa de la betica antigua segun el sistema de Ptolomeo<\/em> tiene una escala ca. 1:2.700.000 y sus dimensiones son 20,5 x 30,5 cm. Aparece en la p\u00e1gina 336 del Tomo IX: <em>De la provincia antigua de la B\u00e9tica en com\u00fan, y de la Iglesia de Sevilla en particular<\/em>, tal y como se puede comprobar en el \u00e1ngulo superior derecho del mapa. Fl\u00f3rez recurri\u00f3 a Tom\u00e1s Francisco Prieto (1716-1782) como grabador de este mapa. Prieto lleg\u00f3 a obtener el t\u00edtulo de Grabador General de Todas las Casas de Moneda de Espa\u00f1a e Indias en 1754 y Grabador de su Majestad Carlos III en 1761. Dirigi\u00f3 la Escuela de Grabado de Madrid desde su creaci\u00f3n en 1772, hasta su muerte en 1782, instituci\u00f3n donde se pretend\u00eda formar a grabadores para las casas de monedas.<\/p>\n<p style=\"text-align: justify;\">El mapa presenta un marco graduado cada 10 minutos con rotulaci\u00f3n en los grados exactos. Sus coordenadas est\u00e1n referidas a un meridiano que no se especifica, aunque posiblemente se refiera a las Canarias. En el \u00e1ngulo inferior izquierdo, fuera de marco, aparece el nombre de \u201c<em>Florez del.<\/em>\u201d (Fl\u00f3rez delineante) y en el inferior derecho \u201c<em>Prieto Sculp<\/em>.\u201d (Prieto grabador). El mapa est\u00e1 orientado con una rosa de los vientos esquem\u00e1tica, marcando el norte con una flor de lis. Carece de escala gr\u00e1fica al igual que la cartograf\u00eda ptolemaica. El t\u00edtulo del mapa se encuentra en un lienzo sostenido por dos figuras aleg\u00f3ricas, concretamente sirenas, que emergen del <em>Mare Ibericum <\/em>(Mar de Albor\u00e1n), en contraposici\u00f3n al <em>Mare Exterius<\/em> (Oc\u00e9ano Atl\u00e1ntico). La B\u00e9tica limita por el norte y el oeste con la <em>provincia lusitaniae <\/em>a trav\u00e9s del r\u00edo Guadiana (<em>Ana fl<\/em>.) y por el noreste y este con la provincia <em>tarreconensis quae et Citerior et cathaginensis<\/em>, y cuyos pueblos lindantes, los <em>oretani<\/em> y <em>bastitani<\/em>, tambi\u00e9n est\u00e1n rotulados. El l\u00edmite costero est\u00e1 mal cartografiado de forma intencionada, tal y como lo hubiese llevado a cabo siglos antes Ptolomeo. Este l\u00edmite est\u00e1 sombreado por medio de l\u00edneas paralelas, perfilando a\u00fan m\u00e1s la separaci\u00f3n entre mar y tierra. Destacan entre los accidentes geogr\u00e1ficos del litoral <em>Gadira Insula<\/em> (Isla de C\u00e1diz), <em>Menestei Portus<\/em> (Puerto Menesteo), <em>Junonis Pr<\/em>. (Cabo Trafalgar), <em>Calpe M. y Carteia<\/em> (nombres dados a una misma localidad situada cerca de San Roque, en la Bah\u00eda de Algeciras), y <em>Charidemi Prom<\/em>. [ontorium] (Cabo de Gata). A excepci\u00f3n del r\u00edo Guadiana, que serv\u00eda como l\u00edmite exterior de la B\u00e9tica, ning\u00fan otro r\u00edo est\u00e1 representado. S\u00f3lo se insin\u00faan, al igual que cualquier carta n\u00e1utica, las desembocaduras de los r\u00edos dibujados como el <em>Betis fl.<\/em> (Guadalquivir), <em>Belon fl.<\/em> (posiblemente el Barbate), <em>Barbesola fl.<\/em> (Guadiaro) y <em>Saduca fl.<\/em> (Guadalhorce). Esta composici\u00f3n (l\u00edmites, r\u00edos, top\u00f3nimos\u2026) es la misma que ya hiciera Ptolomeo en su <em>Hispania B\u00e6tica<\/em> en el siglo II d. C. Este mapa ptolemaico de la provincia romana de la B\u00e9tica lo conocemos por las copias que se hicieron desde el siglo XIV y es considerada como la primera imagen cartogr\u00e1fica individualizada que se conoce de Andaluc\u00eda (puede compararse el mapa de Fl\u00f3rez con el de Ptolomeo en: <em><a href=\"http:\/\/www.bl.uk\/manuscripts\/Viewer.aspx?ref=burney_ms_111_fs001r\" target=\"_blank\" rel=\"noopener\">The British Library<\/a><\/em>, Londres, Manuscripts Burney Ms. 111 map, 16v.).<\/p>\n<p style=\"text-align: justify;\">Los elementos f\u00edsicos del interior son muy escasos, s\u00f3lo dos relieves est\u00e1n representados y rotulados: <em>Mariani M.<\/em> (Sierra Morena) y <em>Illiputa M.<\/em> (Sierra de G\u00e1dor). La orograf\u00eda est\u00e1 simbolizada en perfil abatido y sombreada. Por su parte, la B\u00e9tica est\u00e1 dividida en cuatro zonas, a trav\u00e9s de l\u00edneas punteadas, identificadas con los nombres de los pueblos que las habitan: <em>celtici, turdetani, turduli <\/em>y <em>bastuli<\/em>. Conviene precisar que esta partici\u00f3n no coincide exactamente con los cuatro conventos jur\u00eddicos de la \u00e9poca romana: Gaditano, Hispalense, Astigitano y Cordubense. Los n\u00facleos est\u00e1n representados a trav\u00e9s de puntos sin especificar jerarqu\u00edas urbanas. Aunque Fl\u00f3rez establece dos categor\u00edas por el tipo de rotulaci\u00f3n: las principales poblaciones est\u00e1n en may\u00fasculas: <em>Ispalis<\/em> y <em>Corduba<\/em>. El resto en cursiva y min\u00fascula: <em>Abdera<\/em> (Adra), <em>Nebrissa<\/em> (Lebrija), <em>Asindum<\/em> (Medina Sidonia), <em>Astigi<\/em> (\u00c9cija), <em>\u00c9bora<\/em> (Sanl\u00facar de Barrameda), <em>Illiberis<\/em> (Granada), <em>Malaca<\/em> (M\u00e1laga)&#8230; siempre utilizando los top\u00f3nimos en lat\u00edn. Todo esto constituye un trabajo encomiable que Enrique Fl\u00f3rez realiz\u00f3, tanto por ubicar todas estas poblaciones de la B\u00e9tica Antigua como por los dem\u00e1s elementos cartogr\u00e1ficos, siempre, a semejanza de los mapas ptolemaicos.<\/p>\n<p>\u00a0<\/p>\n<p style=\"text-align: right;\">Autor: <a href=\"https:\/\/grupo.us.es\/encrucijada\/tag\/jose-carlos-posada-simeon\/\" target=\"_blank\" rel=\"noopener\">Jos\u00e9 Carlos Posada Sime\u00f3n<\/a><\/p>\n<hr \/>\n<h4><strong>Fuentes<\/strong><\/h4>\n<p><em>Clave geografica para aprender geografia los que no tienen maestro:<\/em><\/p>\n<ul>\n<li><a href=\"http:\/\/bdh-rd.bne.es\/viewer.vm?id=0000001324\" target=\"_blank\" rel=\"noopener\">Edici\u00f3n de 1761<\/a> (falta desde la p\u00e1gina 224 a la 241)<\/li>\n<li><a href=\"https:\/\/liburutegibiltegi.bizkaia.eus\/bitstream\/handle\/20.500.11938\/77835\/b11126383.pdf?sequence=1&amp;isAllowed=y\" target=\"_blank\" rel=\"noopener\">Edici\u00f3n de 1771<\/a>.<\/li>\n<\/ul>\n<p><a href=\"https:\/\/clasicoshistoria.blogspot.com\/2018\/12\/enrique-florez-y-otros-espana-sagrada.html\" target=\"_blank\" rel=\"noopener\"><em>La Espa\u00f1a Sagrada<\/em> <\/a>(acceso a 51 tomos).<\/p>\n<p style=\"text-align: justify;\"><em>Mapa de todos los sitios de batallas que tuvieron los romanos en Espa\u00f1a: con descripci\u00f3n historial y chronologica de los sucesos y nombres antiguos de todas las provincias<\/em>:<\/p>\n<ul>\n<li style=\"text-align: justify;\"><a href=\"http:\/\/bdh-rd.bne.es\/viewer.vm?id=0000253636&amp;page=1\" target=\"_blank\" rel=\"noopener\">La hoja de l\u00e1mina es un mapa f\u00edsico calcogr\u00e1fico de la pen\u00ednsula ib\u00e9rica<\/a>: Florez delin., Paulus Minguet sculp., 1774 (El mapa se encuentra en la p. 11).<\/li>\n<li style=\"text-align: justify;\">Este <a href=\"https:\/\/proxy.europeana.eu\/344\/https___bibliotecadigital_rah_es_es_consulta_registro_do_id_28974?view=https%3A%2F%2Fbibliotecadigital.rah.es%2Fi18n%2Fcatalogo_imagenes%2Fimagen_id.do%3FidImagen%3D10294359&amp;disposition=inline&amp;api_url=https%3A%2F%2Fapi.europeana.eu%2Fapi\" target=\"_blank\" rel=\"noopener\">mapa<\/a> tambi\u00e9n aparece en el Tomo IV de la Espa\u00f1a Sagrada. Para la tercera Edici\u00f3n se suprimi\u00f3 el nombre de Enrique Fl\u00f3rez, dejando s\u00f3lo el del grabador del mapa, Manuel Navarro.<\/li>\n<li style=\"text-align: justify;\"><a href=\"https:\/\/patrimoniodigital.ucm.es\/s\/patrimonio\/item\/322566\" target=\"_blank\" rel=\"noopener\">Edici\u00f3n impresa con texto descriptivo que rodea al mapa en una sola hoja<\/a> (1774)<\/li>\n<li style=\"text-align: justify;\"><a href=\"https:\/\/bibliotecadigital.rah.es\/es\/consulta\/registro.do?control=RAH20180000959\" target=\"_blank\" rel=\"noopener\">Mapa iluminado<\/a> (1749)<\/li>\n<\/ul>\n<p style=\"text-align: justify;\"><em><a href=\"http:\/\/www.bibliotecavirtualdeandalucia.es\/catalogo\/es\/catalogo_imagenes\/grupo.do?path=88788\" target=\"_blank\" rel=\"noopener\">Medallas de las colonias, municipios y pueblos antiguos de Espa\u00f1a. Colecci\u00f3n de las que se hallan en diversos autores, y de otras nunca publicadas: con explicaci\u00f3n y dibujo de cada una<\/a>,<\/em> 1757 (en la p. 120 se encuentra el <em>Mapa de los pueblos que batieron las medallas de Espa\u00f1a).<\/em><\/p>\n<h4><strong>Bibliograf\u00eda<\/strong><\/h4>\n<p style=\"text-align: justify;\">CAMPOS Y FERN\u00c1NDEZ DE SEVILLA, Francisco Javier, \u201cEl P. Fl\u00f3rez y los estudios de la Historia Antigua de Espa\u00f1a en el reinado de Carlos III (1759-1788)\u201d, en <em>Cuadernos de Investigaci\u00f3n Hist\u00f3rica<\/em>, 2010, pp. 23-63.<\/p>\n<p style=\"text-align: justify;\">CAMPOS Y FERN\u00c1NDEZ DE SEVILLA, Francisco Javier, \u201cEnrique Fl\u00f3rez. La pasi\u00f3n por el estudio\u201d, en <em>Revista Agustiniana<\/em> (\u00abColecci\u00f3n Perfiles\u00bb, 11), 1996, pp. 89-92.<\/p>\n<p style=\"text-align: justify;\">CAMPOS Y FERN\u00c1NDEZ DE SEVILLA, Francisco Javier, \u201clconografia del P. Enrique Fl\u00f3rez y su obra como dibujante (1702-1773)\u201d, en <em>Iconograf\u00eda Agustiniana<\/em>. XI Congreso Internacional de Historia de la Orden de San Agust\u00edn, Roma-Madrid 2001, pp. 259-284.<\/p>\n<p style=\"text-align: justify;\">SALAS \u00c1LVAREZ, Jes\u00fas, \u201cLa antig\u00fcedad cl\u00e1sica en la Espa\u00f1a Sagrada del Padre Henrique Fl\u00f3rez de Seti\u00e9n y Huidobro\u201d, <em>Geri\u00f3n<\/em>, 2009, 27\/2, pp. 57-78.<\/p>\n<\/div>\n\n\n\n<div class=\"wp-block-column is-layout-flow wp-block-column-is-layout-flow\" style=\"flex-basis:33.33%\">        <div class=\"wp-block-visual-portfolio\">\n            \n<div class=\"vp-portfolio vp-uid-e2c15d27 vp-id-BUhkV\"\n    data-vp-layout=\"masonry\" data-vp-items-style=\"emerge\" data-vp-items-click-action=\"popup_gallery\" data-vp-items-gap=\"15\" data-vp-items-gap-vertical=\"\" data-vp-pagination=\"load-more\" data-vp-next-page-url=\"\" data-vp-masonry-columns=\"1\" >\n    <div class=\"vp-portfolio__preloader-wrap\">\n        <div class=\"vp-portfolio__preloader\">\n            <img decoding=\"async\" loading=\"eager\" src=\"https:\/\/grupo.us.es\/encrucijada\/wp-content\/plugins\/visual-portfolio\/assets\/images\/logo-dark.svg\" alt=\"Visual Portfolio, Posts &amp; Image Gallery para WordPress\" width=\"20\" height=\"20\" data-skip-lazy>\n        <\/div>\n    <\/div>\n        <div class=\"vp-portfolio__items-wrap\">\n            \n<div class=\"vp-portfolio__items vp-portfolio__items-style-emerge vp-portfolio__items-show-overlay-hover vp-portfolio__items-show-img-overlay-hover\">\n\n        <div class=\"vp-portfolio__item-wrap vp-portfolio__item-uid-a861855c\" data-vp-filter=\"\">\n                        <div class=\"vp-portfolio__item-popup\"\n                style=\"display: none;\"\n                data-vp-popup-img=\"https:\/\/grupo.us.es\/encrucijada\/wp-content\/uploads\/2022\/07\/florez1.jpg\"\n                data-vp-popup-img-srcset=\"\"\n                data-vp-popup-img-size=\"1350x906\"\n                data-vp-popup-md-img=\"https:\/\/grupo.us.es\/encrucijada\/wp-content\/uploads\/2022\/07\/florez1.jpg\"\n                data-vp-popup-md-img-size=\"1350x906\"\n                data-vp-popup-sm-img=\"https:\/\/grupo.us.es\/encrucijada\/wp-content\/uploads\/2022\/07\/florez1.jpg\"\n                data-vp-popup-sm-img-size=\"1350x906\"\n            >\n                                    <h3 class=\"vp-portfolio__item-popup-title\">Mapa de la B\u00e9tica antigua seg\u00fan el sistema de Ptolomeo. Espa\u00f1a Sagrada. Tomo IX: De la provincia antigua de la B\u00e9tica en com\u00fan, y de la Iglesia de Sevilla en particular<\/h3>\n                                        <div class=\"vp-portfolio__item-popup-description\">Mapa de la B\u00e9tica antigua seg\u00fan el sistema de Ptolomeo. Espa\u00f1a Sagrada. Tomo IX: De la provincia antigua de la B\u00e9tica en com\u00fan, y de la Iglesia de Sevilla en particular. Fuente: Instituto de Estad\u00edstica y Cartograf\u00eda de Andaluc\u00eda (https:\/\/www.juntadeandalucia.es\/institutodeestadisticaycartografia\/cartoteca\/buscar\/getisbn\/id\/5224)<\/div>\n                                <\/div>\n                                    <figure class=\"vp-portfolio__item\">\n                \n<div class=\"vp-portfolio__item-img-wrap\">\n    <div class=\"vp-portfolio__item-img\">\n        <a  href=\"https:\/\/grupo.us.es\/encrucijada\/wp-content\/uploads\/2022\/07\/florez1.jpg\" >\n        <img loading=\"lazy\" decoding=\"async\" width=\"1350\" height=\"906\" src=\"https:\/\/grupo.us.es\/encrucijada\/wp-content\/uploads\/2022\/07\/florez1.jpg\" class=\"wp-image-2010\" alt=\"\" \/>\n        <div class=\"vp-portfolio__item-img-overlay\"><\/div>\n\n        <\/a>    <\/div>\n<\/div>\n\n<figcaption class=\"vp-portfolio__item-overlay vp-portfolio__item-align-center\">\n            <div class=\"vp-portfolio__item-meta-wrap vp-portfolio__custom-scrollbar\">\n            <div class=\"vp-portfolio__item-meta\">\n                \n<h2 class=\"vp-portfolio__item-meta-title\">\n    <a  href=\"https:\/\/grupo.us.es\/encrucijada\/wp-content\/uploads\/2022\/07\/florez1.jpg\" >Mapa de la B\u00e9tica antigua seg\u00fan el sistema de Ptolomeo. Espa\u00f1a Sagrada. Tomo IX: De la provincia antigua de la B\u00e9tica en com\u00fan, y de la Iglesia de Sevilla en particular<\/a><\/h2>\n            <\/div>\n        <\/div>\n    <\/figcaption>\n            <\/figure>\n                    <\/div>\n        \n        <div class=\"vp-portfolio__item-wrap vp-portfolio__item-uid-056a58bc\" data-vp-filter=\"\">\n                        <div class=\"vp-portfolio__item-popup\"\n                style=\"display: none;\"\n                data-vp-popup-img=\"https:\/\/grupo.us.es\/encrucijada\/wp-content\/uploads\/2022\/06\/florez2.jpg\"\n                data-vp-popup-img-srcset=\"\"\n                data-vp-popup-img-size=\"2091x1449\"\n                data-vp-popup-md-img=\"https:\/\/grupo.us.es\/encrucijada\/wp-content\/uploads\/2022\/06\/florez2.jpg\"\n                data-vp-popup-md-img-size=\"2091x1449\"\n                data-vp-popup-sm-img=\"https:\/\/grupo.us.es\/encrucijada\/wp-content\/uploads\/2022\/06\/florez2.jpg\"\n                data-vp-popup-sm-img-size=\"2091x1449\"\n            >\n                                    <h3 class=\"vp-portfolio__item-popup-title\">Mapa de todos los sitios de batallas que tuvieron los romanos en Espa\u00f1a. En Mapa de todos los sitios de batallas que tuvieron los romanos en Espa\u00f1a: con descripci\u00f3n historial y chronologica de los sucesos y nombres antiguos de todas las provincias (1774)<\/h3>\n                                        <div class=\"vp-portfolio__item-popup-description\">Mapa de todos los sitios de batallas que tuvieron los romanos en Espa\u00f1a. En Mapa de todos los sitios de batallas que tuvieron los romanos en Espa\u00f1a: con descripci\u00f3n historial y chronologica de los sucesos y nombres antiguos de todas las provincias (1774). Fuente: Biblioteca Nacional de Espa\u00f1a, VE\/684\/24 y GMm\/1594 (http:\/\/bdh-rd.bne.es\/viewer.vm?id=0000253636&amp;page=1)<\/div>\n                                <\/div>\n                                    <figure class=\"vp-portfolio__item\">\n                \n<div class=\"vp-portfolio__item-img-wrap\">\n    <div class=\"vp-portfolio__item-img\">\n        <a  href=\"https:\/\/grupo.us.es\/encrucijada\/wp-content\/uploads\/2022\/06\/florez2.jpg\" >\n        <img loading=\"lazy\" decoding=\"async\" width=\"2091\" height=\"1449\" src=\"https:\/\/grupo.us.es\/encrucijada\/wp-content\/uploads\/2022\/06\/florez2.jpg\" class=\"wp-image-1956\" alt=\"\" \/>\n        <div class=\"vp-portfolio__item-img-overlay\"><\/div>\n\n        <\/a>    <\/div>\n<\/div>\n\n<figcaption class=\"vp-portfolio__item-overlay vp-portfolio__item-align-center\">\n            <div class=\"vp-portfolio__item-meta-wrap vp-portfolio__custom-scrollbar\">\n            <div class=\"vp-portfolio__item-meta\">\n                \n<h2 class=\"vp-portfolio__item-meta-title\">\n    <a  href=\"https:\/\/grupo.us.es\/encrucijada\/wp-content\/uploads\/2022\/06\/florez2.jpg\" >Mapa de todos los sitios de batallas que tuvieron los romanos en Espa\u00f1a. En Mapa de todos los sitios de batallas que tuvieron los romanos en Espa\u00f1a: con descripci\u00f3n historial y chronologica de los sucesos y nombres antiguos de todas las provincias (1774)<\/a><\/h2>\n            <\/div>\n        <\/div>\n    <\/figcaption>\n            <\/figure>\n                    <\/div>\n        \n        <div class=\"vp-portfolio__item-wrap vp-portfolio__item-uid-a5a6e6aa\" data-vp-filter=\"\">\n                        <div class=\"vp-portfolio__item-popup\"\n                style=\"display: none;\"\n                data-vp-popup-img=\"https:\/\/grupo.us.es\/encrucijada\/wp-content\/uploads\/2022\/07\/florez3.jpg\"\n                data-vp-popup-img-srcset=\"\"\n                data-vp-popup-img-size=\"999x763\"\n                data-vp-popup-md-img=\"https:\/\/grupo.us.es\/encrucijada\/wp-content\/uploads\/2022\/07\/florez3.jpg\"\n                data-vp-popup-md-img-size=\"999x763\"\n                data-vp-popup-sm-img=\"https:\/\/grupo.us.es\/encrucijada\/wp-content\/uploads\/2022\/07\/florez3.jpg\"\n                data-vp-popup-sm-img-size=\"999x763\"\n            >\n                                    <h3 class=\"vp-portfolio__item-popup-title\">Mapa De los Pueblos que batieron las Medallas de Espa\u00f1a. En Medallas de las colonias, municipios y pueblos antiguos de Espa\u00f1a. Colecci\u00f3n de las que se hallan en diversos autores, y de otras nunca publicadas: con explicaci\u00f3n y dibujo de cada una. (p\u00e1gina 120)<\/h3>\n                                        <div class=\"vp-portfolio__item-popup-description\">Mapa De los Pueblos que batieron las Medallas de Espa\u00f1a. En Medallas de las colonias, municipios y pueblos antiguos de Espa\u00f1a. Colecci\u00f3n de las que se hallan en diversos autores, y de otras nunca publicadas: con explicaci\u00f3n y dibujo de cada una. (p\u00e1gina 120). Fuente: Biblioteca Hist\u00f3rica del Ayuntamiento de Madrid. Copia digital: Fundaci\u00f3n Hist\u00f3rica Tavera (http:\/\/www.bibliotecavirtualdeandalucia.es\/catalogo\/es\/consulta\/registro.do?id=100027)<\/div>\n                                <\/div>\n                                    <figure class=\"vp-portfolio__item\">\n                \n<div class=\"vp-portfolio__item-img-wrap\">\n    <div class=\"vp-portfolio__item-img\">\n        <a  href=\"https:\/\/grupo.us.es\/encrucijada\/wp-content\/uploads\/2022\/07\/florez3.jpg\" >\n        <img loading=\"lazy\" decoding=\"async\" width=\"999\" height=\"763\" src=\"https:\/\/grupo.us.es\/encrucijada\/wp-content\/uploads\/2022\/07\/florez3.jpg\" class=\"wp-image-2011\" alt=\"\" \/>\n        <div class=\"vp-portfolio__item-img-overlay\"><\/div>\n\n        <\/a>    <\/div>\n<\/div>\n\n<figcaption class=\"vp-portfolio__item-overlay vp-portfolio__item-align-center\">\n            <div class=\"vp-portfolio__item-meta-wrap vp-portfolio__custom-scrollbar\">\n            <div class=\"vp-portfolio__item-meta\">\n                \n<h2 class=\"vp-portfolio__item-meta-title\">\n    <a  href=\"https:\/\/grupo.us.es\/encrucijada\/wp-content\/uploads\/2022\/07\/florez3.jpg\" >Mapa De los Pueblos que batieron las Medallas de Espa\u00f1a. En Medallas de las colonias, municipios y pueblos antiguos de Espa\u00f1a. Colecci\u00f3n de las que se hallan en diversos autores, y de otras nunca publicadas: con explicaci\u00f3n y dibujo de cada una. (p\u00e1gina 120)<\/a><\/h2>\n            <\/div>\n        <\/div>\n    <\/figcaption>\n            <\/figure>\n                    <\/div>\n        \n<\/div>\n        <\/div>\n        \n<\/div>\n        <\/div>\n        <\/div>\n<\/div>\n","protected":false},"excerpt":{"rendered":"<p>Uno de los mapas de la Edad Moderna m\u00e1s conocido de Andaluc\u00eda sobre tem\u00e1tica hist\u00f3rica, concretamente de la \u00e9poca romana, es el realizado por el historiador, te\u00f3logo, ge\u00f3grafo, arque\u00f3logo\u2026 Enrique Fl\u00f3rez. Este religioso agustino, cuyo nombre completo era Enrique Fernando Fl\u00f3rez de Seti\u00e9n Huidobro y Velasco, naci\u00f3 en la localidad de Villadiego (Burgos) en julio [&hellip;]<\/p>\n","protected":false},"author":1,"featured_media":2010,"comment_status":"closed","ping_status":"","sticky":false,"template":"","format":"standard","meta":{"_vp_format_video_url":"","_vp_image_focal_point":{"x":"0.50","y":"0.47"},"footnotes":""},"categories":[105,8],"tags":[78],"class_list":["post-1957","post","type-post","status-publish","format-standard","has-post-thumbnail","hentry","category-cartografia-tematica","category-paisaje-cartografia","tag-jose-carlos-posada-simeon","entry","has-media"],"_links":{"self":[{"href":"https:\/\/grupo.us.es\/encrucijada\/wp-json\/wp\/v2\/posts\/1957","targetHints":{"allow":["GET"]}}],"collection":[{"href":"https:\/\/grupo.us.es\/encrucijada\/wp-json\/wp\/v2\/posts"}],"about":[{"href":"https:\/\/grupo.us.es\/encrucijada\/wp-json\/wp\/v2\/types\/post"}],"author":[{"embeddable":true,"href":"https:\/\/grupo.us.es\/encrucijada\/wp-json\/wp\/v2\/users\/1"}],"replies":[{"embeddable":true,"href":"https:\/\/grupo.us.es\/encrucijada\/wp-json\/wp\/v2\/comments?post=1957"}],"version-history":[{"count":5,"href":"https:\/\/grupo.us.es\/encrucijada\/wp-json\/wp\/v2\/posts\/1957\/revisions"}],"predecessor-version":[{"id":2014,"href":"https:\/\/grupo.us.es\/encrucijada\/wp-json\/wp\/v2\/posts\/1957\/revisions\/2014"}],"wp:featuredmedia":[{"embeddable":true,"href":"https:\/\/grupo.us.es\/encrucijada\/wp-json\/wp\/v2\/media\/2010"}],"wp:attachment":[{"href":"https:\/\/grupo.us.es\/encrucijada\/wp-json\/wp\/v2\/media?parent=1957"}],"wp:term":[{"taxonomy":"category","embeddable":true,"href":"https:\/\/grupo.us.es\/encrucijada\/wp-json\/wp\/v2\/categories?post=1957"},{"taxonomy":"post_tag","embeddable":true,"href":"https:\/\/grupo.us.es\/encrucijada\/wp-json\/wp\/v2\/tags?post=1957"}],"curies":[{"name":"wp","href":"https:\/\/api.w.org\/{rel}","templated":true}]}}